{"id":9429,"date":"2016-06-27T08:54:40","date_gmt":"2016-06-27T11:54:40","guid":{"rendered":"http:\/\/dana.com.br\/canaldana\/?p=9429"},"modified":"2016-06-27T08:54:40","modified_gmt":"2016-06-27T11:54:40","slug":"investimento-da-industria-deve-cair-pela-metade-aponta-estudo-da-fiesp","status":"publish","type":"post","link":"https:\/\/dana.com.br\/canaldana\/2016\/06\/27\/investimento-da-industria-deve-cair-pela-metade-aponta-estudo-da-fiesp\/","title":{"rendered":"Investimento da ind\u00fastria deve cair pela metade, aponta estudo da Fiesp"},"content":{"rendered":"<p><em>Portal Fiesp<\/em><\/p>\n<p>&nbsp;<\/p>\n<p>O investimento da ind\u00fastria deve somar neste ano R$ 48,4 bilh\u00f5es, um recuo de 50,4% em rela\u00e7\u00e3o ao aplicado em 2015, segundo a Pesquisa Fiesp de Inten\u00e7\u00e3o de Investimento 2016.<\/p>\n<p>&nbsp;<\/p>\n<p>De acordo com o levantamento feito pelo Decomtec, Departamento de Competitividade e Tecnologia da Fiesp, 56,6% das empresas pesquisadas declararam n\u00e3o ter realizado investimentos em 2015, e 73,2% n\u00e3o ir\u00e3o investir este ano. Com o recuo, o setor manufatureiro deve contribuir para a queda do investimento total. A forma\u00e7\u00e3o bruta de capital fixo deve cair de 18,2% para 17% do PIB de 2015 para o fim deste ano, segundo proje\u00e7\u00e3o do estudo.<\/p>\n<p>&nbsp;<\/p>\n<p>A pesquisa foi realizada com base em uma amostra de 1.120 empresas de v\u00e1rios portes e setores industriais, e seus resultados refor\u00e7am a gravidade da crise econ\u00f4mica atual, uma das piores da hist\u00f3ria brasileira. As entrevistas foram realizadas entre os dias 14 de mar\u00e7o e 22 de abril de 2016, antes da mudan\u00e7a no governo federal.<\/p>\n<p>&nbsp;<\/p>\n<p>Segundo o diretor do Decomtec, Jos\u00e9 Ricardo Roriz Coelho, a pesquisa captou os \u00e2nimos das ind\u00fastrias antes da abertura do processo de impeachment da presidente afastada Dilma Rousseff. Ele diz que h\u00e1 um otimismo maior hoje dos representantes das empresas com o governo do presidente interino Michel Temer, mas os dados conjunturais e o cen\u00e1rio que levaram aos resultados da pesquisa ainda n\u00e3o se alteraram. (Portal Fiesp)<\/p>\n","protected":false},"excerpt":{"rendered":"<p>Portal Fiesp &nbsp; O investimento da ind\u00fastria deve somar neste ano R$ 48,4 bilh\u00f5es, um recuo de 50,4% em rela\u00e7\u00e3o ao aplicado em 2015, segundo a Pesquisa Fiesp de Inten\u00e7\u00e3o de Investimento 2016. &nbsp; De acordo com o levantamento feito pelo Decomtec, Departamento de Competitividade e Tecnologia da Fiesp, 56,6% das empresas pesquisadas declararam n\u00e3o\u2026 <a class=\"readmore\" href=\"https:\/\/dana.com.br\/canaldana\/2016\/06\/27\/investimento-da-industria-deve-cair-pela-metade-aponta-estudo-da-fiesp\/\">Leia mais \u00bb<\/a><\/p>\n","protected":false},"author":3,"featured_media":0,"comment_status":"closed","ping_status":"closed","sticky":false,"template":"","format":"standard","meta":{"_acf_changed":false,"footnotes":""},"categories":[79],"tags":[],"class_list":["post-9429","post","type-post","status-publish","format-standard","hentry","category-mercado"],"acf":[],"yoast_head":"<!-- This site is optimized with the Yoast SEO plugin v27.5 - https:\/\/yoast.com\/product\/yoast-seo-wordpress\/ -->\n<title>Investimento da ind\u00fastria deve cair pela metade, aponta estudo da Fiesp - Canal Dana<\/title>\n<meta name=\"robots\" content=\"index, follow, max-snippet:-1, max-image-preview:large, max-video-preview:-1\" \/>\n<link rel=\"canonical\" href=\"https:\/\/dana.com.br\/canaldana\/2016\/06\/27\/investimento-da-industria-deve-cair-pela-metade-aponta-estudo-da-fiesp\/\" \/>\n<meta property=\"og:locale\" content=\"pt_BR\" \/>\n<meta property=\"og:type\" content=\"article\" \/>\n<meta property=\"og:title\" content=\"Investimento da ind\u00fastria deve cair pela metade, aponta estudo da Fiesp - Canal Dana\" \/>\n<meta property=\"og:description\" content=\"Portal Fiesp &nbsp; O investimento da ind\u00fastria deve somar neste ano R$ 48,4 bilh\u00f5es, um recuo de 50,4% em rela\u00e7\u00e3o ao aplicado em 2015, segundo a Pesquisa Fiesp de Inten\u00e7\u00e3o de Investimento 2016. &nbsp; De acordo com o levantamento feito pelo Decomtec, Departamento de Competitividade e Tecnologia da Fiesp, 56,6% das empresas pesquisadas declararam n\u00e3o\u2026 Leia mais \u00bb\" \/>\n<meta property=\"og:url\" content=\"https:\/\/dana.com.br\/canaldana\/2016\/06\/27\/investimento-da-industria-deve-cair-pela-metade-aponta-estudo-da-fiesp\/\" \/>\n<meta property=\"og:site_name\" content=\"Canal Dana\" \/>\n<meta property=\"article:published_time\" content=\"2016-06-27T11:54:40+00:00\" \/>\n<meta name=\"author\" content=\"Canal Dana\" \/>\n<meta name=\"twitter:card\" content=\"summary_large_image\" \/>\n<meta name=\"twitter:label1\" content=\"Escrito por\" \/>\n\t<meta name=\"twitter:data1\" content=\"Canal Dana\" \/>\n\t<meta name=\"twitter:label2\" content=\"Est. tempo de leitura\" \/>\n\t<meta name=\"twitter:data2\" content=\"1 minuto\" \/>\n<script type=\"application\/ld+json\" class=\"yoast-schema-graph\">{\"@context\":\"https:\\\/\\\/schema.org\",\"@graph\":[{\"@type\":\"Article\",\"@id\":\"https:\\\/\\\/dana.com.br\\\/canaldana\\\/2016\\\/06\\\/27\\\/investimento-da-industria-deve-cair-pela-metade-aponta-estudo-da-fiesp\\\/#article\",\"isPartOf\":{\"@id\":\"https:\\\/\\\/dana.com.br\\\/canaldana\\\/2016\\\/06\\\/27\\\/investimento-da-industria-deve-cair-pela-metade-aponta-estudo-da-fiesp\\\/\"},\"author\":{\"name\":\"Canal Dana\",\"@id\":\"https:\\\/\\\/dana.com.br\\\/canaldana\\\/#\\\/schema\\\/person\\\/3c21f22f56fcf3bc46b94bc60ea4fef6\"},\"headline\":\"Investimento da ind\u00fastria deve cair pela metade, aponta estudo da Fiesp\",\"datePublished\":\"2016-06-27T11:54:40+00:00\",\"mainEntityOfPage\":{\"@id\":\"https:\\\/\\\/dana.com.br\\\/canaldana\\\/2016\\\/06\\\/27\\\/investimento-da-industria-deve-cair-pela-metade-aponta-estudo-da-fiesp\\\/\"},\"wordCount\":247,\"articleSection\":[\"Mercado\"],\"inLanguage\":\"pt-BR\"},{\"@type\":\"WebPage\",\"@id\":\"https:\\\/\\\/dana.com.br\\\/canaldana\\\/2016\\\/06\\\/27\\\/investimento-da-industria-deve-cair-pela-metade-aponta-estudo-da-fiesp\\\/\",\"url\":\"https:\\\/\\\/dana.com.br\\\/canaldana\\\/2016\\\/06\\\/27\\\/investimento-da-industria-deve-cair-pela-metade-aponta-estudo-da-fiesp\\\/\",\"name\":\"Investimento da ind\u00fastria deve cair pela metade, aponta estudo da Fiesp - Canal Dana\",\"isPartOf\":{\"@id\":\"https:\\\/\\\/dana.com.br\\\/canaldana\\\/#website\"},\"datePublished\":\"2016-06-27T11:54:40+00:00\",\"author\":{\"@id\":\"https:\\\/\\\/dana.com.br\\\/canaldana\\\/#\\\/schema\\\/person\\\/3c21f22f56fcf3bc46b94bc60ea4fef6\"},\"breadcrumb\":{\"@id\":\"https:\\\/\\\/dana.com.br\\\/canaldana\\\/2016\\\/06\\\/27\\\/investimento-da-industria-deve-cair-pela-metade-aponta-estudo-da-fiesp\\\/#breadcrumb\"},\"inLanguage\":\"pt-BR\",\"potentialAction\":[{\"@type\":\"ReadAction\",\"target\":[\"https:\\\/\\\/dana.com.br\\\/canaldana\\\/2016\\\/06\\\/27\\\/investimento-da-industria-deve-cair-pela-metade-aponta-estudo-da-fiesp\\\/\"]}]},{\"@type\":\"BreadcrumbList\",\"@id\":\"https:\\\/\\\/dana.com.br\\\/canaldana\\\/2016\\\/06\\\/27\\\/investimento-da-industria-deve-cair-pela-metade-aponta-estudo-da-fiesp\\\/#breadcrumb\",\"itemListElement\":[{\"@type\":\"ListItem\",\"position\":1,\"name\":\"Home\",\"item\":\"https:\\\/\\\/dana.com.br\\\/canaldana\\\/\"},{\"@type\":\"ListItem\",\"position\":2,\"name\":\"Mercado\",\"item\":\"https:\\\/\\\/dana.com.br\\\/canaldana\\\/mercado\\\/\"},{\"@type\":\"ListItem\",\"position\":3,\"name\":\"Investimento da ind\u00fastria deve cair pela metade, aponta estudo da Fiesp\"}]},{\"@type\":\"WebSite\",\"@id\":\"https:\\\/\\\/dana.com.br\\\/canaldana\\\/#website\",\"url\":\"https:\\\/\\\/dana.com.br\\\/canaldana\\\/\",\"name\":\"Canal Dana\",\"description\":\"Informativo com as principais not\u00edcias da ind\u00fastria automotiva\",\"potentialAction\":[{\"@type\":\"SearchAction\",\"target\":{\"@type\":\"EntryPoint\",\"urlTemplate\":\"https:\\\/\\\/dana.com.br\\\/canaldana\\\/?s={search_term_string}\"},\"query-input\":{\"@type\":\"PropertyValueSpecification\",\"valueRequired\":true,\"valueName\":\"search_term_string\"}}],\"inLanguage\":\"pt-BR\"},{\"@type\":\"Person\",\"@id\":\"https:\\\/\\\/dana.com.br\\\/canaldana\\\/#\\\/schema\\\/person\\\/3c21f22f56fcf3bc46b94bc60ea4fef6\",\"name\":\"Canal Dana\",\"image\":{\"@type\":\"ImageObject\",\"inLanguage\":\"pt-BR\",\"@id\":\"https:\\\/\\\/secure.gravatar.com\\\/avatar\\\/420aaf9278582877d9018637c6817617705899d2858d7572ef0fe59a6b6454b4?s=96&d=mm&r=g\",\"url\":\"https:\\\/\\\/secure.gravatar.com\\\/avatar\\\/420aaf9278582877d9018637c6817617705899d2858d7572ef0fe59a6b6454b4?s=96&d=mm&r=g\",\"contentUrl\":\"https:\\\/\\\/secure.gravatar.com\\\/avatar\\\/420aaf9278582877d9018637c6817617705899d2858d7572ef0fe59a6b6454b4?s=96&d=mm&r=g\",\"caption\":\"Canal Dana\"},\"url\":\"https:\\\/\\\/dana.com.br\\\/canaldana\\\/author\\\/cdeditor\\\/\"}]}<\/script>\n<!-- \/ Yoast SEO plugin. -->","yoast_head_json":{"title":"Investimento da ind\u00fastria deve cair pela metade, aponta estudo da Fiesp - Canal Dana","robots":{"index":"index","follow":"follow","max-snippet":"max-snippet:-1","max-image-preview":"max-image-preview:large","max-video-preview":"max-video-preview:-1"},"canonical":"https:\/\/dana.com.br\/canaldana\/2016\/06\/27\/investimento-da-industria-deve-cair-pela-metade-aponta-estudo-da-fiesp\/","og_locale":"pt_BR","og_type":"article","og_title":"Investimento da ind\u00fastria deve cair pela metade, aponta estudo da Fiesp - Canal Dana","og_description":"Portal Fiesp &nbsp; O investimento da ind\u00fastria deve somar neste ano R$ 48,4 bilh\u00f5es, um recuo de 50,4% em rela\u00e7\u00e3o ao aplicado em 2015, segundo a Pesquisa Fiesp de Inten\u00e7\u00e3o de Investimento 2016. &nbsp; De acordo com o levantamento feito pelo Decomtec, Departamento de Competitividade e Tecnologia da Fiesp, 56,6% das empresas pesquisadas declararam n\u00e3o\u2026 Leia mais \u00bb","og_url":"https:\/\/dana.com.br\/canaldana\/2016\/06\/27\/investimento-da-industria-deve-cair-pela-metade-aponta-estudo-da-fiesp\/","og_site_name":"Canal Dana","article_published_time":"2016-06-27T11:54:40+00:00","author":"Canal Dana","twitter_card":"summary_large_image","twitter_misc":{"Escrito por":"Canal Dana","Est. tempo de leitura":"1 minuto"},"schema":{"@context":"https:\/\/schema.org","@graph":[{"@type":"Article","@id":"https:\/\/dana.com.br\/canaldana\/2016\/06\/27\/investimento-da-industria-deve-cair-pela-metade-aponta-estudo-da-fiesp\/#article","isPartOf":{"@id":"https:\/\/dana.com.br\/canaldana\/2016\/06\/27\/investimento-da-industria-deve-cair-pela-metade-aponta-estudo-da-fiesp\/"},"author":{"name":"Canal Dana","@id":"https:\/\/dana.com.br\/canaldana\/#\/schema\/person\/3c21f22f56fcf3bc46b94bc60ea4fef6"},"headline":"Investimento da ind\u00fastria deve cair pela metade, aponta estudo da Fiesp","datePublished":"2016-06-27T11:54:40+00:00","mainEntityOfPage":{"@id":"https:\/\/dana.com.br\/canaldana\/2016\/06\/27\/investimento-da-industria-deve-cair-pela-metade-aponta-estudo-da-fiesp\/"},"wordCount":247,"articleSection":["Mercado"],"inLanguage":"pt-BR"},{"@type":"WebPage","@id":"https:\/\/dana.com.br\/canaldana\/2016\/06\/27\/investimento-da-industria-deve-cair-pela-metade-aponta-estudo-da-fiesp\/","url":"https:\/\/dana.com.br\/canaldana\/2016\/06\/27\/investimento-da-industria-deve-cair-pela-metade-aponta-estudo-da-fiesp\/","name":"Investimento da ind\u00fastria deve cair pela metade, aponta estudo da Fiesp - Canal Dana","isPartOf":{"@id":"https:\/\/dana.com.br\/canaldana\/#website"},"datePublished":"2016-06-27T11:54:40+00:00","author":{"@id":"https:\/\/dana.com.br\/canaldana\/#\/schema\/person\/3c21f22f56fcf3bc46b94bc60ea4fef6"},"breadcrumb":{"@id":"https:\/\/dana.com.br\/canaldana\/2016\/06\/27\/investimento-da-industria-deve-cair-pela-metade-aponta-estudo-da-fiesp\/#breadcrumb"},"inLanguage":"pt-BR","potentialAction":[{"@type":"ReadAction","target":["https:\/\/dana.com.br\/canaldana\/2016\/06\/27\/investimento-da-industria-deve-cair-pela-metade-aponta-estudo-da-fiesp\/"]}]},{"@type":"BreadcrumbList","@id":"https:\/\/dana.com.br\/canaldana\/2016\/06\/27\/investimento-da-industria-deve-cair-pela-metade-aponta-estudo-da-fiesp\/#breadcrumb","itemListElement":[{"@type":"ListItem","position":1,"name":"Home","item":"https:\/\/dana.com.br\/canaldana\/"},{"@type":"ListItem","position":2,"name":"Mercado","item":"https:\/\/dana.com.br\/canaldana\/mercado\/"},{"@type":"ListItem","position":3,"name":"Investimento da ind\u00fastria deve cair pela metade, aponta estudo da Fiesp"}]},{"@type":"WebSite","@id":"https:\/\/dana.com.br\/canaldana\/#website","url":"https:\/\/dana.com.br\/canaldana\/","name":"Canal Dana","description":"Informativo com as principais not\u00edcias da ind\u00fastria automotiva","potentialAction":[{"@type":"SearchAction","target":{"@type":"EntryPoint","urlTemplate":"https:\/\/dana.com.br\/canaldana\/?s={search_term_string}"},"query-input":{"@type":"PropertyValueSpecification","valueRequired":true,"valueName":"search_term_string"}}],"inLanguage":"pt-BR"},{"@type":"Person","@id":"https:\/\/dana.com.br\/canaldana\/#\/schema\/person\/3c21f22f56fcf3bc46b94bc60ea4fef6","name":"Canal Dana","image":{"@type":"ImageObject","inLanguage":"pt-BR","@id":"https:\/\/secure.gravatar.com\/avatar\/420aaf9278582877d9018637c6817617705899d2858d7572ef0fe59a6b6454b4?s=96&d=mm&r=g","url":"https:\/\/secure.gravatar.com\/avatar\/420aaf9278582877d9018637c6817617705899d2858d7572ef0fe59a6b6454b4?s=96&d=mm&r=g","contentUrl":"https:\/\/secure.gravatar.com\/avatar\/420aaf9278582877d9018637c6817617705899d2858d7572ef0fe59a6b6454b4?s=96&d=mm&r=g","caption":"Canal Dana"},"url":"https:\/\/dana.com.br\/canaldana\/author\/cdeditor\/"}]}},"_links":{"self":[{"href":"https:\/\/dana.com.br\/canaldana\/wp-json\/wp\/v2\/posts\/9429","targetHints":{"allow":["GET"]}}],"collection":[{"href":"https:\/\/dana.com.br\/canaldana\/wp-json\/wp\/v2\/posts"}],"about":[{"href":"https:\/\/dana.com.br\/canaldana\/wp-json\/wp\/v2\/types\/post"}],"author":[{"embeddable":true,"href":"https:\/\/dana.com.br\/canaldana\/wp-json\/wp\/v2\/users\/3"}],"replies":[{"embeddable":true,"href":"https:\/\/dana.com.br\/canaldana\/wp-json\/wp\/v2\/comments?post=9429"}],"version-history":[{"count":0,"href":"https:\/\/dana.com.br\/canaldana\/wp-json\/wp\/v2\/posts\/9429\/revisions"}],"wp:attachment":[{"href":"https:\/\/dana.com.br\/canaldana\/wp-json\/wp\/v2\/media?parent=9429"}],"wp:term":[{"taxonomy":"category","embeddable":true,"href":"https:\/\/dana.com.br\/canaldana\/wp-json\/wp\/v2\/categories?post=9429"},{"taxonomy":"post_tag","embeddable":true,"href":"https:\/\/dana.com.br\/canaldana\/wp-json\/wp\/v2\/tags?post=9429"}],"curies":[{"name":"wp","href":"https:\/\/api.w.org\/{rel}","templated":true}]}}