{"id":9078,"date":"2016-06-13T08:24:45","date_gmt":"2016-06-13T11:24:45","guid":{"rendered":"http:\/\/dana.com.br\/canaldana\/?p=9078"},"modified":"2016-06-13T08:24:45","modified_gmt":"2016-06-13T11:24:45","slug":"inflacao-do-carro-precos-caem-pelo-segundo-mes-seguido","status":"publish","type":"post","link":"https:\/\/dana.com.br\/canaldana\/2016\/06\/13\/inflacao-do-carro-precos-caem-pelo-segundo-mes-seguido\/","title":{"rendered":"Infla\u00e7\u00e3o do Carro: pre\u00e7os caem pelo segundo m\u00eas seguido"},"content":{"rendered":"<p><em>O Mundo em Movimento<\/em><\/p>\n<p>&nbsp;<\/p>\n<p>E pela primeira vez em muitos anos o \u00edndice \u00e9 negativo por dois meses consecutivos. Em abril houve uma defla\u00e7\u00e3o de 1,05% e em maio os pre\u00e7os ca\u00edram 0,96%. Estamos vivendo, portanto um per\u00edodo raro de defla\u00e7\u00e3o dos pre\u00e7os.<\/p>\n<p>&nbsp;<\/p>\n<p>No acumulado do ano, a Infla\u00e7\u00e3o do Carro \u00e9 de apenas 0,8%, portanto bem abaixo da infla\u00e7\u00e3o registrada pelo IPC da Fipe, que \u00e9 de 0,57% em maio e 4,37% no acumulado do ano.<\/p>\n<p>&nbsp;<\/p>\n<p>Mais uma vez o \u00edndice negativo foi impulsionado pela queda do pre\u00e7o dos combust\u00edveis. Em maio a gasolina ficou 1,5% mais barata e o etanol teve forte recuo de 4,7%. Juntos os combust\u00edveis respondem por 31% do total dos gastos com o carro, por isso as oscila\u00e7\u00f5es de pre\u00e7o nesses itens geram forte impacto no resultado final da Infla\u00e7\u00e3o do Carro.<\/p>\n<p>&nbsp;<\/p>\n<p>Al\u00e9m dos combust\u00edveis outros itens ca\u00edram de pre\u00e7o em maio, caso do estacionamento, que ficou 0,8% mais barato e o pre\u00e7o da bateria recuou 0,5%.<\/p>\n<p>&nbsp;<\/p>\n<p>M\u00e3o de obra, revis\u00e3o do carro e \u00f3leo do motor tamb\u00e9m ficaram mais baratos em maio.<\/p>\n<p>&nbsp;<\/p>\n<p>Os demais itens que comp\u00f5em a Infla\u00e7\u00e3o do carro subiam de pre\u00e7o. As maiores altas foram da lavagem, da pastilha e a lona de freio. (O Mundo em Movimento\/Joel Leite)<\/p>\n","protected":false},"excerpt":{"rendered":"<p>O Mundo em Movimento &nbsp; E pela primeira vez em muitos anos o \u00edndice \u00e9 negativo por dois meses consecutivos. Em abril houve uma defla\u00e7\u00e3o de 1,05% e em maio os pre\u00e7os ca\u00edram 0,96%. Estamos vivendo, portanto um per\u00edodo raro de defla\u00e7\u00e3o dos pre\u00e7os. &nbsp; No acumulado do ano, a Infla\u00e7\u00e3o do Carro \u00e9 de\u2026 <a class=\"readmore\" href=\"https:\/\/dana.com.br\/canaldana\/2016\/06\/13\/inflacao-do-carro-precos-caem-pelo-segundo-mes-seguido\/\">Leia mais \u00bb<\/a><\/p>\n","protected":false},"author":3,"featured_media":0,"comment_status":"closed","ping_status":"closed","sticky":false,"template":"","format":"standard","meta":{"_acf_changed":false,"footnotes":""},"categories":[79],"tags":[],"class_list":["post-9078","post","type-post","status-publish","format-standard","hentry","category-mercado"],"acf":[],"yoast_head":"<!-- This site is optimized with the Yoast SEO plugin v27.5 - https:\/\/yoast.com\/product\/yoast-seo-wordpress\/ -->\n<title>Infla\u00e7\u00e3o do Carro: pre\u00e7os caem pelo segundo m\u00eas seguido - Canal Dana<\/title>\n<meta name=\"robots\" content=\"index, follow, max-snippet:-1, max-image-preview:large, max-video-preview:-1\" \/>\n<link rel=\"canonical\" href=\"https:\/\/dana.com.br\/canaldana\/2016\/06\/13\/inflacao-do-carro-precos-caem-pelo-segundo-mes-seguido\/\" \/>\n<meta property=\"og:locale\" content=\"pt_BR\" \/>\n<meta property=\"og:type\" content=\"article\" \/>\n<meta property=\"og:title\" content=\"Infla\u00e7\u00e3o do Carro: pre\u00e7os caem pelo segundo m\u00eas seguido - Canal Dana\" \/>\n<meta property=\"og:description\" content=\"O Mundo em Movimento &nbsp; E pela primeira vez em muitos anos o \u00edndice \u00e9 negativo por dois meses consecutivos. Em abril houve uma defla\u00e7\u00e3o de 1,05% e em maio os pre\u00e7os ca\u00edram 0,96%. Estamos vivendo, portanto um per\u00edodo raro de defla\u00e7\u00e3o dos pre\u00e7os. &nbsp; No acumulado do ano, a Infla\u00e7\u00e3o do Carro \u00e9 de\u2026 Leia mais \u00bb\" \/>\n<meta property=\"og:url\" content=\"https:\/\/dana.com.br\/canaldana\/2016\/06\/13\/inflacao-do-carro-precos-caem-pelo-segundo-mes-seguido\/\" \/>\n<meta property=\"og:site_name\" content=\"Canal Dana\" \/>\n<meta property=\"article:published_time\" content=\"2016-06-13T11:24:45+00:00\" \/>\n<meta name=\"author\" content=\"Canal Dana\" \/>\n<meta name=\"twitter:card\" content=\"summary_large_image\" \/>\n<meta name=\"twitter:label1\" content=\"Escrito por\" \/>\n\t<meta name=\"twitter:data1\" content=\"Canal Dana\" \/>\n\t<meta name=\"twitter:label2\" content=\"Est. tempo de leitura\" \/>\n\t<meta name=\"twitter:data2\" content=\"1 minuto\" \/>\n<script type=\"application\/ld+json\" class=\"yoast-schema-graph\">{\"@context\":\"https:\\\/\\\/schema.org\",\"@graph\":[{\"@type\":\"Article\",\"@id\":\"https:\\\/\\\/dana.com.br\\\/canaldana\\\/2016\\\/06\\\/13\\\/inflacao-do-carro-precos-caem-pelo-segundo-mes-seguido\\\/#article\",\"isPartOf\":{\"@id\":\"https:\\\/\\\/dana.com.br\\\/canaldana\\\/2016\\\/06\\\/13\\\/inflacao-do-carro-precos-caem-pelo-segundo-mes-seguido\\\/\"},\"author\":{\"name\":\"Canal Dana\",\"@id\":\"https:\\\/\\\/dana.com.br\\\/canaldana\\\/#\\\/schema\\\/person\\\/3c21f22f56fcf3bc46b94bc60ea4fef6\"},\"headline\":\"Infla\u00e7\u00e3o do Carro: pre\u00e7os caem pelo segundo m\u00eas seguido\",\"datePublished\":\"2016-06-13T11:24:45+00:00\",\"mainEntityOfPage\":{\"@id\":\"https:\\\/\\\/dana.com.br\\\/canaldana\\\/2016\\\/06\\\/13\\\/inflacao-do-carro-precos-caem-pelo-segundo-mes-seguido\\\/\"},\"wordCount\":240,\"articleSection\":[\"Mercado\"],\"inLanguage\":\"pt-BR\"},{\"@type\":\"WebPage\",\"@id\":\"https:\\\/\\\/dana.com.br\\\/canaldana\\\/2016\\\/06\\\/13\\\/inflacao-do-carro-precos-caem-pelo-segundo-mes-seguido\\\/\",\"url\":\"https:\\\/\\\/dana.com.br\\\/canaldana\\\/2016\\\/06\\\/13\\\/inflacao-do-carro-precos-caem-pelo-segundo-mes-seguido\\\/\",\"name\":\"Infla\u00e7\u00e3o do Carro: pre\u00e7os caem pelo segundo m\u00eas seguido - Canal Dana\",\"isPartOf\":{\"@id\":\"https:\\\/\\\/dana.com.br\\\/canaldana\\\/#website\"},\"datePublished\":\"2016-06-13T11:24:45+00:00\",\"author\":{\"@id\":\"https:\\\/\\\/dana.com.br\\\/canaldana\\\/#\\\/schema\\\/person\\\/3c21f22f56fcf3bc46b94bc60ea4fef6\"},\"breadcrumb\":{\"@id\":\"https:\\\/\\\/dana.com.br\\\/canaldana\\\/2016\\\/06\\\/13\\\/inflacao-do-carro-precos-caem-pelo-segundo-mes-seguido\\\/#breadcrumb\"},\"inLanguage\":\"pt-BR\",\"potentialAction\":[{\"@type\":\"ReadAction\",\"target\":[\"https:\\\/\\\/dana.com.br\\\/canaldana\\\/2016\\\/06\\\/13\\\/inflacao-do-carro-precos-caem-pelo-segundo-mes-seguido\\\/\"]}]},{\"@type\":\"BreadcrumbList\",\"@id\":\"https:\\\/\\\/dana.com.br\\\/canaldana\\\/2016\\\/06\\\/13\\\/inflacao-do-carro-precos-caem-pelo-segundo-mes-seguido\\\/#breadcrumb\",\"itemListElement\":[{\"@type\":\"ListItem\",\"position\":1,\"name\":\"Home\",\"item\":\"https:\\\/\\\/dana.com.br\\\/canaldana\\\/\"},{\"@type\":\"ListItem\",\"position\":2,\"name\":\"Mercado\",\"item\":\"https:\\\/\\\/dana.com.br\\\/canaldana\\\/mercado\\\/\"},{\"@type\":\"ListItem\",\"position\":3,\"name\":\"Infla\u00e7\u00e3o do Carro: pre\u00e7os caem pelo segundo m\u00eas seguido\"}]},{\"@type\":\"WebSite\",\"@id\":\"https:\\\/\\\/dana.com.br\\\/canaldana\\\/#website\",\"url\":\"https:\\\/\\\/dana.com.br\\\/canaldana\\\/\",\"name\":\"Canal Dana\",\"description\":\"Informativo com as principais not\u00edcias da ind\u00fastria automotiva\",\"potentialAction\":[{\"@type\":\"SearchAction\",\"target\":{\"@type\":\"EntryPoint\",\"urlTemplate\":\"https:\\\/\\\/dana.com.br\\\/canaldana\\\/?s={search_term_string}\"},\"query-input\":{\"@type\":\"PropertyValueSpecification\",\"valueRequired\":true,\"valueName\":\"search_term_string\"}}],\"inLanguage\":\"pt-BR\"},{\"@type\":\"Person\",\"@id\":\"https:\\\/\\\/dana.com.br\\\/canaldana\\\/#\\\/schema\\\/person\\\/3c21f22f56fcf3bc46b94bc60ea4fef6\",\"name\":\"Canal Dana\",\"image\":{\"@type\":\"ImageObject\",\"inLanguage\":\"pt-BR\",\"@id\":\"https:\\\/\\\/secure.gravatar.com\\\/avatar\\\/420aaf9278582877d9018637c6817617705899d2858d7572ef0fe59a6b6454b4?s=96&d=mm&r=g\",\"url\":\"https:\\\/\\\/secure.gravatar.com\\\/avatar\\\/420aaf9278582877d9018637c6817617705899d2858d7572ef0fe59a6b6454b4?s=96&d=mm&r=g\",\"contentUrl\":\"https:\\\/\\\/secure.gravatar.com\\\/avatar\\\/420aaf9278582877d9018637c6817617705899d2858d7572ef0fe59a6b6454b4?s=96&d=mm&r=g\",\"caption\":\"Canal Dana\"},\"url\":\"https:\\\/\\\/dana.com.br\\\/canaldana\\\/author\\\/cdeditor\\\/\"}]}<\/script>\n<!-- \/ Yoast SEO plugin. -->","yoast_head_json":{"title":"Infla\u00e7\u00e3o do Carro: pre\u00e7os caem pelo segundo m\u00eas seguido - Canal Dana","robots":{"index":"index","follow":"follow","max-snippet":"max-snippet:-1","max-image-preview":"max-image-preview:large","max-video-preview":"max-video-preview:-1"},"canonical":"https:\/\/dana.com.br\/canaldana\/2016\/06\/13\/inflacao-do-carro-precos-caem-pelo-segundo-mes-seguido\/","og_locale":"pt_BR","og_type":"article","og_title":"Infla\u00e7\u00e3o do Carro: pre\u00e7os caem pelo segundo m\u00eas seguido - Canal Dana","og_description":"O Mundo em Movimento &nbsp; E pela primeira vez em muitos anos o \u00edndice \u00e9 negativo por dois meses consecutivos. Em abril houve uma defla\u00e7\u00e3o de 1,05% e em maio os pre\u00e7os ca\u00edram 0,96%. Estamos vivendo, portanto um per\u00edodo raro de defla\u00e7\u00e3o dos pre\u00e7os. &nbsp; No acumulado do ano, a Infla\u00e7\u00e3o do Carro \u00e9 de\u2026 Leia mais \u00bb","og_url":"https:\/\/dana.com.br\/canaldana\/2016\/06\/13\/inflacao-do-carro-precos-caem-pelo-segundo-mes-seguido\/","og_site_name":"Canal Dana","article_published_time":"2016-06-13T11:24:45+00:00","author":"Canal Dana","twitter_card":"summary_large_image","twitter_misc":{"Escrito por":"Canal Dana","Est. tempo de leitura":"1 minuto"},"schema":{"@context":"https:\/\/schema.org","@graph":[{"@type":"Article","@id":"https:\/\/dana.com.br\/canaldana\/2016\/06\/13\/inflacao-do-carro-precos-caem-pelo-segundo-mes-seguido\/#article","isPartOf":{"@id":"https:\/\/dana.com.br\/canaldana\/2016\/06\/13\/inflacao-do-carro-precos-caem-pelo-segundo-mes-seguido\/"},"author":{"name":"Canal Dana","@id":"https:\/\/dana.com.br\/canaldana\/#\/schema\/person\/3c21f22f56fcf3bc46b94bc60ea4fef6"},"headline":"Infla\u00e7\u00e3o do Carro: pre\u00e7os caem pelo segundo m\u00eas seguido","datePublished":"2016-06-13T11:24:45+00:00","mainEntityOfPage":{"@id":"https:\/\/dana.com.br\/canaldana\/2016\/06\/13\/inflacao-do-carro-precos-caem-pelo-segundo-mes-seguido\/"},"wordCount":240,"articleSection":["Mercado"],"inLanguage":"pt-BR"},{"@type":"WebPage","@id":"https:\/\/dana.com.br\/canaldana\/2016\/06\/13\/inflacao-do-carro-precos-caem-pelo-segundo-mes-seguido\/","url":"https:\/\/dana.com.br\/canaldana\/2016\/06\/13\/inflacao-do-carro-precos-caem-pelo-segundo-mes-seguido\/","name":"Infla\u00e7\u00e3o do Carro: pre\u00e7os caem pelo segundo m\u00eas seguido - Canal Dana","isPartOf":{"@id":"https:\/\/dana.com.br\/canaldana\/#website"},"datePublished":"2016-06-13T11:24:45+00:00","author":{"@id":"https:\/\/dana.com.br\/canaldana\/#\/schema\/person\/3c21f22f56fcf3bc46b94bc60ea4fef6"},"breadcrumb":{"@id":"https:\/\/dana.com.br\/canaldana\/2016\/06\/13\/inflacao-do-carro-precos-caem-pelo-segundo-mes-seguido\/#breadcrumb"},"inLanguage":"pt-BR","potentialAction":[{"@type":"ReadAction","target":["https:\/\/dana.com.br\/canaldana\/2016\/06\/13\/inflacao-do-carro-precos-caem-pelo-segundo-mes-seguido\/"]}]},{"@type":"BreadcrumbList","@id":"https:\/\/dana.com.br\/canaldana\/2016\/06\/13\/inflacao-do-carro-precos-caem-pelo-segundo-mes-seguido\/#breadcrumb","itemListElement":[{"@type":"ListItem","position":1,"name":"Home","item":"https:\/\/dana.com.br\/canaldana\/"},{"@type":"ListItem","position":2,"name":"Mercado","item":"https:\/\/dana.com.br\/canaldana\/mercado\/"},{"@type":"ListItem","position":3,"name":"Infla\u00e7\u00e3o do Carro: pre\u00e7os caem pelo segundo m\u00eas seguido"}]},{"@type":"WebSite","@id":"https:\/\/dana.com.br\/canaldana\/#website","url":"https:\/\/dana.com.br\/canaldana\/","name":"Canal Dana","description":"Informativo com as principais not\u00edcias da ind\u00fastria automotiva","potentialAction":[{"@type":"SearchAction","target":{"@type":"EntryPoint","urlTemplate":"https:\/\/dana.com.br\/canaldana\/?s={search_term_string}"},"query-input":{"@type":"PropertyValueSpecification","valueRequired":true,"valueName":"search_term_string"}}],"inLanguage":"pt-BR"},{"@type":"Person","@id":"https:\/\/dana.com.br\/canaldana\/#\/schema\/person\/3c21f22f56fcf3bc46b94bc60ea4fef6","name":"Canal Dana","image":{"@type":"ImageObject","inLanguage":"pt-BR","@id":"https:\/\/secure.gravatar.com\/avatar\/420aaf9278582877d9018637c6817617705899d2858d7572ef0fe59a6b6454b4?s=96&d=mm&r=g","url":"https:\/\/secure.gravatar.com\/avatar\/420aaf9278582877d9018637c6817617705899d2858d7572ef0fe59a6b6454b4?s=96&d=mm&r=g","contentUrl":"https:\/\/secure.gravatar.com\/avatar\/420aaf9278582877d9018637c6817617705899d2858d7572ef0fe59a6b6454b4?s=96&d=mm&r=g","caption":"Canal Dana"},"url":"https:\/\/dana.com.br\/canaldana\/author\/cdeditor\/"}]}},"_links":{"self":[{"href":"https:\/\/dana.com.br\/canaldana\/wp-json\/wp\/v2\/posts\/9078","targetHints":{"allow":["GET"]}}],"collection":[{"href":"https:\/\/dana.com.br\/canaldana\/wp-json\/wp\/v2\/posts"}],"about":[{"href":"https:\/\/dana.com.br\/canaldana\/wp-json\/wp\/v2\/types\/post"}],"author":[{"embeddable":true,"href":"https:\/\/dana.com.br\/canaldana\/wp-json\/wp\/v2\/users\/3"}],"replies":[{"embeddable":true,"href":"https:\/\/dana.com.br\/canaldana\/wp-json\/wp\/v2\/comments?post=9078"}],"version-history":[{"count":0,"href":"https:\/\/dana.com.br\/canaldana\/wp-json\/wp\/v2\/posts\/9078\/revisions"}],"wp:attachment":[{"href":"https:\/\/dana.com.br\/canaldana\/wp-json\/wp\/v2\/media?parent=9078"}],"wp:term":[{"taxonomy":"category","embeddable":true,"href":"https:\/\/dana.com.br\/canaldana\/wp-json\/wp\/v2\/categories?post=9078"},{"taxonomy":"post_tag","embeddable":true,"href":"https:\/\/dana.com.br\/canaldana\/wp-json\/wp\/v2\/tags?post=9078"}],"curies":[{"name":"wp","href":"https:\/\/api.w.org\/{rel}","templated":true}]}}