{"id":8642,"date":"2016-05-27T08:29:45","date_gmt":"2016-05-27T11:29:45","guid":{"rendered":"http:\/\/dana.com.br\/canaldana\/?p=8642"},"modified":"2016-05-27T08:29:45","modified_gmt":"2016-05-27T11:29:45","slug":"alemanha-ira-refazer-testes-de-emissoes","status":"publish","type":"post","link":"https:\/\/dana.com.br\/canaldana\/2016\/05\/27\/alemanha-ira-refazer-testes-de-emissoes\/","title":{"rendered":"Alemanha ir\u00e1 refazer testes de emiss\u00f5es"},"content":{"rendered":"<p style=\"text-align: justify; background: white;\"><em><span style=\"font-family: 'Arial','sans-serif'; color: black;\">Jornal do Carro<\/span><\/em><\/p>\n<p style=\"text-align: start; background: white; orphans: auto; widows: 1; -webkit-text-stroke-width: 0px; word-spacing: 0px;\"><span style=\"font-family: 'Arial','sans-serif'; color: black;\">\u00a0<\/span><\/p>\n<p style=\"text-align: start; background: white; orphans: auto; widows: 1; -webkit-text-stroke-width: 0px; word-spacing: 0px;\"><span style=\"font-family: 'Arial','sans-serif'; color: black;\">O esc\u00e2ndalo causado pela descoberta das fraudes de testes de emiss\u00f5es em motores a diesel pela Volkswagen parece ter sido a ponta de um iceberg. O governo alem\u00e3o come\u00e7ou a testar modelos de outras marcas, tamb\u00e9m movidos ao combust\u00edvel f\u00f3ssil, para apurar a exist\u00eancia de softwares ilegais similares aos que permitiram as fraudes pela VW. E constatou que v\u00e1rios desses carros apresentavam n\u00edveis de emiss\u00e3o inexplicavelmente altos de di\u00f3xido de carbono &#8211; g\u00e1s que vem sendo culpado por mudan\u00e7as clim\u00e1ticas e pelo aumento do efeito estufa.<\/span><\/p>\n<p style=\"text-align: start; background: white; orphans: auto; widows: 1; -webkit-text-stroke-width: 0px; word-spacing: 0px;\"><span style=\"font-family: 'Arial','sans-serif'; color: black;\">\u00a0<\/span><\/p>\n<p style=\"text-align: start; background: white; orphans: auto; widows: 1; -webkit-text-stroke-width: 0px; word-spacing: 0px;\"><span style=\"font-family: 'Arial','sans-serif'; color: black;\">Diante disso, uma comiss\u00e3o do Minist\u00e9rio dos Transportes da Alemanha pediu que os testes de 30 dos 53 modelos testados fossem refeitos. As primeiras avalia\u00e7\u00f5es foram feitas em carros de marcas que inclu\u00edam n\u00e3o apenas as do grupo VW, mas tamb\u00e9m Ford, Opel (bandeira europeia da General Motors), BMW, Mercedes-Benz, Fiat, Renault, Peugeot e Toyota. Mas as autoridades n\u00e3o revelaram quais desses modelos ter\u00e3o de ser submetidos a novas medi\u00e7\u00f5es.<\/span><\/p>\n<p style=\"text-align: start; background: white; orphans: auto; widows: 1; -webkit-text-stroke-width: 0px; word-spacing: 0px;\"><span style=\"font-family: 'Arial','sans-serif'; color: black;\">\u00a0<\/span><\/p>\n<p style=\"text-align: start; background: white; orphans: auto; widows: 1; -webkit-text-stroke-width: 0px; word-spacing: 0px;\"><span style=\"font-family: 'Arial','sans-serif'; color: black;\">Na semana passada, a Opel e a Fiat foram intimadas a dar explica\u00e7\u00f5es ao governo alem\u00e3o sobre as elevadas emiss\u00f5es de \u00f3xidos de nitrog\u00eanio da minivan Zafira e do crossover 500X, respectivamente. A marca italiana n\u00e3o atendeu \u00e0 convoca\u00e7\u00e3o.<\/span><\/p>\n<p style=\"text-align: start; background: white; orphans: auto; widows: 1; -webkit-text-stroke-width: 0px; word-spacing: 0px;\"><span style=\"font-family: 'Arial','sans-serif'; color: black;\">\u00a0<\/span><\/p>\n<p style=\"text-align: start; background: white; orphans: auto; widows: 1; -webkit-text-stroke-width: 0px; word-spacing: 0px;\"><span style=\"font-family: 'Arial','sans-serif'; color: black;\">Por enquanto, a \u00fanica montadora que teve comprovado o uso de software fraudulento foi a Volkswagen. Mas a autoridade est\u00e1 investigando outras t\u00e9cnicas que os fabricantes possam estar utilizando para alterar o rendimento de seus motores e que podem ter como efeito colateral o aumento nas emiss\u00f5es de poluentes. (Jornal do Carro)<\/span><\/p>\n","protected":false},"excerpt":{"rendered":"<p>Jornal do Carro \u00a0 O esc\u00e2ndalo causado pela descoberta das fraudes de testes de emiss\u00f5es em motores a diesel pela Volkswagen parece ter sido a ponta de um iceberg. O governo alem\u00e3o come\u00e7ou a testar modelos de outras marcas, tamb\u00e9m movidos ao combust\u00edvel f\u00f3ssil, para apurar a exist\u00eancia de softwares ilegais similares aos que permitiram\u2026 <a class=\"readmore\" href=\"https:\/\/dana.com.br\/canaldana\/2016\/05\/27\/alemanha-ira-refazer-testes-de-emissoes\/\">Leia mais \u00bb<\/a><\/p>\n","protected":false},"author":3,"featured_media":0,"comment_status":"closed","ping_status":"closed","sticky":false,"template":"","format":"standard","meta":{"_acf_changed":false,"footnotes":""},"categories":[63],"tags":[],"class_list":["post-8642","post","type-post","status-publish","format-standard","hentry","category-meio-ambiente"],"acf":[],"yoast_head":"<!-- This site is optimized with the Yoast SEO plugin v27.5 - https:\/\/yoast.com\/product\/yoast-seo-wordpress\/ -->\n<title>Alemanha ir\u00e1 refazer testes de emiss\u00f5es - Canal Dana<\/title>\n<meta name=\"robots\" content=\"index, follow, max-snippet:-1, max-image-preview:large, max-video-preview:-1\" \/>\n<link rel=\"canonical\" href=\"https:\/\/dana.com.br\/canaldana\/2016\/05\/27\/alemanha-ira-refazer-testes-de-emissoes\/\" \/>\n<meta property=\"og:locale\" content=\"pt_BR\" \/>\n<meta property=\"og:type\" content=\"article\" \/>\n<meta property=\"og:title\" content=\"Alemanha ir\u00e1 refazer testes de emiss\u00f5es - Canal Dana\" \/>\n<meta property=\"og:description\" content=\"Jornal do Carro \u00a0 O esc\u00e2ndalo causado pela descoberta das fraudes de testes de emiss\u00f5es em motores a diesel pela Volkswagen parece ter sido a ponta de um iceberg. O governo alem\u00e3o come\u00e7ou a testar modelos de outras marcas, tamb\u00e9m movidos ao combust\u00edvel f\u00f3ssil, para apurar a exist\u00eancia de softwares ilegais similares aos que permitiram\u2026 Leia mais \u00bb\" \/>\n<meta property=\"og:url\" content=\"https:\/\/dana.com.br\/canaldana\/2016\/05\/27\/alemanha-ira-refazer-testes-de-emissoes\/\" \/>\n<meta property=\"og:site_name\" content=\"Canal Dana\" \/>\n<meta property=\"article:published_time\" content=\"2016-05-27T11:29:45+00:00\" \/>\n<meta name=\"author\" content=\"Canal Dana\" \/>\n<meta name=\"twitter:card\" content=\"summary_large_image\" \/>\n<meta name=\"twitter:label1\" content=\"Escrito por\" \/>\n\t<meta name=\"twitter:data1\" content=\"Canal Dana\" \/>\n\t<meta name=\"twitter:label2\" content=\"Est. tempo de leitura\" \/>\n\t<meta name=\"twitter:data2\" content=\"1 minuto\" \/>\n<script type=\"application\/ld+json\" class=\"yoast-schema-graph\">{\"@context\":\"https:\\\/\\\/schema.org\",\"@graph\":[{\"@type\":\"Article\",\"@id\":\"https:\\\/\\\/dana.com.br\\\/canaldana\\\/2016\\\/05\\\/27\\\/alemanha-ira-refazer-testes-de-emissoes\\\/#article\",\"isPartOf\":{\"@id\":\"https:\\\/\\\/dana.com.br\\\/canaldana\\\/2016\\\/05\\\/27\\\/alemanha-ira-refazer-testes-de-emissoes\\\/\"},\"author\":{\"name\":\"Canal Dana\",\"@id\":\"https:\\\/\\\/dana.com.br\\\/canaldana\\\/#\\\/schema\\\/person\\\/3c21f22f56fcf3bc46b94bc60ea4fef6\"},\"headline\":\"Alemanha ir\u00e1 refazer testes de emiss\u00f5es\",\"datePublished\":\"2016-05-27T11:29:45+00:00\",\"mainEntityOfPage\":{\"@id\":\"https:\\\/\\\/dana.com.br\\\/canaldana\\\/2016\\\/05\\\/27\\\/alemanha-ira-refazer-testes-de-emissoes\\\/\"},\"wordCount\":286,\"articleSection\":[\"Meio Ambiente\"],\"inLanguage\":\"pt-BR\"},{\"@type\":\"WebPage\",\"@id\":\"https:\\\/\\\/dana.com.br\\\/canaldana\\\/2016\\\/05\\\/27\\\/alemanha-ira-refazer-testes-de-emissoes\\\/\",\"url\":\"https:\\\/\\\/dana.com.br\\\/canaldana\\\/2016\\\/05\\\/27\\\/alemanha-ira-refazer-testes-de-emissoes\\\/\",\"name\":\"Alemanha ir\u00e1 refazer testes de emiss\u00f5es - Canal Dana\",\"isPartOf\":{\"@id\":\"https:\\\/\\\/dana.com.br\\\/canaldana\\\/#website\"},\"datePublished\":\"2016-05-27T11:29:45+00:00\",\"author\":{\"@id\":\"https:\\\/\\\/dana.com.br\\\/canaldana\\\/#\\\/schema\\\/person\\\/3c21f22f56fcf3bc46b94bc60ea4fef6\"},\"breadcrumb\":{\"@id\":\"https:\\\/\\\/dana.com.br\\\/canaldana\\\/2016\\\/05\\\/27\\\/alemanha-ira-refazer-testes-de-emissoes\\\/#breadcrumb\"},\"inLanguage\":\"pt-BR\",\"potentialAction\":[{\"@type\":\"ReadAction\",\"target\":[\"https:\\\/\\\/dana.com.br\\\/canaldana\\\/2016\\\/05\\\/27\\\/alemanha-ira-refazer-testes-de-emissoes\\\/\"]}]},{\"@type\":\"BreadcrumbList\",\"@id\":\"https:\\\/\\\/dana.com.br\\\/canaldana\\\/2016\\\/05\\\/27\\\/alemanha-ira-refazer-testes-de-emissoes\\\/#breadcrumb\",\"itemListElement\":[{\"@type\":\"ListItem\",\"position\":1,\"name\":\"Home\",\"item\":\"https:\\\/\\\/dana.com.br\\\/canaldana\\\/\"},{\"@type\":\"ListItem\",\"position\":2,\"name\":\"Meio Ambiente\",\"item\":\"https:\\\/\\\/dana.com.br\\\/canaldana\\\/meio-ambiente\\\/\"},{\"@type\":\"ListItem\",\"position\":3,\"name\":\"Alemanha ir\u00e1 refazer testes de emiss\u00f5es\"}]},{\"@type\":\"WebSite\",\"@id\":\"https:\\\/\\\/dana.com.br\\\/canaldana\\\/#website\",\"url\":\"https:\\\/\\\/dana.com.br\\\/canaldana\\\/\",\"name\":\"Canal Dana\",\"description\":\"Informativo com as principais not\u00edcias da ind\u00fastria automotiva\",\"potentialAction\":[{\"@type\":\"SearchAction\",\"target\":{\"@type\":\"EntryPoint\",\"urlTemplate\":\"https:\\\/\\\/dana.com.br\\\/canaldana\\\/?s={search_term_string}\"},\"query-input\":{\"@type\":\"PropertyValueSpecification\",\"valueRequired\":true,\"valueName\":\"search_term_string\"}}],\"inLanguage\":\"pt-BR\"},{\"@type\":\"Person\",\"@id\":\"https:\\\/\\\/dana.com.br\\\/canaldana\\\/#\\\/schema\\\/person\\\/3c21f22f56fcf3bc46b94bc60ea4fef6\",\"name\":\"Canal Dana\",\"image\":{\"@type\":\"ImageObject\",\"inLanguage\":\"pt-BR\",\"@id\":\"https:\\\/\\\/secure.gravatar.com\\\/avatar\\\/420aaf9278582877d9018637c6817617705899d2858d7572ef0fe59a6b6454b4?s=96&d=mm&r=g\",\"url\":\"https:\\\/\\\/secure.gravatar.com\\\/avatar\\\/420aaf9278582877d9018637c6817617705899d2858d7572ef0fe59a6b6454b4?s=96&d=mm&r=g\",\"contentUrl\":\"https:\\\/\\\/secure.gravatar.com\\\/avatar\\\/420aaf9278582877d9018637c6817617705899d2858d7572ef0fe59a6b6454b4?s=96&d=mm&r=g\",\"caption\":\"Canal Dana\"},\"url\":\"https:\\\/\\\/dana.com.br\\\/canaldana\\\/author\\\/cdeditor\\\/\"}]}<\/script>\n<!-- \/ Yoast SEO plugin. -->","yoast_head_json":{"title":"Alemanha ir\u00e1 refazer testes de emiss\u00f5es - Canal Dana","robots":{"index":"index","follow":"follow","max-snippet":"max-snippet:-1","max-image-preview":"max-image-preview:large","max-video-preview":"max-video-preview:-1"},"canonical":"https:\/\/dana.com.br\/canaldana\/2016\/05\/27\/alemanha-ira-refazer-testes-de-emissoes\/","og_locale":"pt_BR","og_type":"article","og_title":"Alemanha ir\u00e1 refazer testes de emiss\u00f5es - Canal Dana","og_description":"Jornal do Carro \u00a0 O esc\u00e2ndalo causado pela descoberta das fraudes de testes de emiss\u00f5es em motores a diesel pela Volkswagen parece ter sido a ponta de um iceberg. O governo alem\u00e3o come\u00e7ou a testar modelos de outras marcas, tamb\u00e9m movidos ao combust\u00edvel f\u00f3ssil, para apurar a exist\u00eancia de softwares ilegais similares aos que permitiram\u2026 Leia mais \u00bb","og_url":"https:\/\/dana.com.br\/canaldana\/2016\/05\/27\/alemanha-ira-refazer-testes-de-emissoes\/","og_site_name":"Canal Dana","article_published_time":"2016-05-27T11:29:45+00:00","author":"Canal Dana","twitter_card":"summary_large_image","twitter_misc":{"Escrito por":"Canal Dana","Est. tempo de leitura":"1 minuto"},"schema":{"@context":"https:\/\/schema.org","@graph":[{"@type":"Article","@id":"https:\/\/dana.com.br\/canaldana\/2016\/05\/27\/alemanha-ira-refazer-testes-de-emissoes\/#article","isPartOf":{"@id":"https:\/\/dana.com.br\/canaldana\/2016\/05\/27\/alemanha-ira-refazer-testes-de-emissoes\/"},"author":{"name":"Canal Dana","@id":"https:\/\/dana.com.br\/canaldana\/#\/schema\/person\/3c21f22f56fcf3bc46b94bc60ea4fef6"},"headline":"Alemanha ir\u00e1 refazer testes de emiss\u00f5es","datePublished":"2016-05-27T11:29:45+00:00","mainEntityOfPage":{"@id":"https:\/\/dana.com.br\/canaldana\/2016\/05\/27\/alemanha-ira-refazer-testes-de-emissoes\/"},"wordCount":286,"articleSection":["Meio Ambiente"],"inLanguage":"pt-BR"},{"@type":"WebPage","@id":"https:\/\/dana.com.br\/canaldana\/2016\/05\/27\/alemanha-ira-refazer-testes-de-emissoes\/","url":"https:\/\/dana.com.br\/canaldana\/2016\/05\/27\/alemanha-ira-refazer-testes-de-emissoes\/","name":"Alemanha ir\u00e1 refazer testes de emiss\u00f5es - Canal Dana","isPartOf":{"@id":"https:\/\/dana.com.br\/canaldana\/#website"},"datePublished":"2016-05-27T11:29:45+00:00","author":{"@id":"https:\/\/dana.com.br\/canaldana\/#\/schema\/person\/3c21f22f56fcf3bc46b94bc60ea4fef6"},"breadcrumb":{"@id":"https:\/\/dana.com.br\/canaldana\/2016\/05\/27\/alemanha-ira-refazer-testes-de-emissoes\/#breadcrumb"},"inLanguage":"pt-BR","potentialAction":[{"@type":"ReadAction","target":["https:\/\/dana.com.br\/canaldana\/2016\/05\/27\/alemanha-ira-refazer-testes-de-emissoes\/"]}]},{"@type":"BreadcrumbList","@id":"https:\/\/dana.com.br\/canaldana\/2016\/05\/27\/alemanha-ira-refazer-testes-de-emissoes\/#breadcrumb","itemListElement":[{"@type":"ListItem","position":1,"name":"Home","item":"https:\/\/dana.com.br\/canaldana\/"},{"@type":"ListItem","position":2,"name":"Meio Ambiente","item":"https:\/\/dana.com.br\/canaldana\/meio-ambiente\/"},{"@type":"ListItem","position":3,"name":"Alemanha ir\u00e1 refazer testes de emiss\u00f5es"}]},{"@type":"WebSite","@id":"https:\/\/dana.com.br\/canaldana\/#website","url":"https:\/\/dana.com.br\/canaldana\/","name":"Canal Dana","description":"Informativo com as principais not\u00edcias da ind\u00fastria automotiva","potentialAction":[{"@type":"SearchAction","target":{"@type":"EntryPoint","urlTemplate":"https:\/\/dana.com.br\/canaldana\/?s={search_term_string}"},"query-input":{"@type":"PropertyValueSpecification","valueRequired":true,"valueName":"search_term_string"}}],"inLanguage":"pt-BR"},{"@type":"Person","@id":"https:\/\/dana.com.br\/canaldana\/#\/schema\/person\/3c21f22f56fcf3bc46b94bc60ea4fef6","name":"Canal Dana","image":{"@type":"ImageObject","inLanguage":"pt-BR","@id":"https:\/\/secure.gravatar.com\/avatar\/420aaf9278582877d9018637c6817617705899d2858d7572ef0fe59a6b6454b4?s=96&d=mm&r=g","url":"https:\/\/secure.gravatar.com\/avatar\/420aaf9278582877d9018637c6817617705899d2858d7572ef0fe59a6b6454b4?s=96&d=mm&r=g","contentUrl":"https:\/\/secure.gravatar.com\/avatar\/420aaf9278582877d9018637c6817617705899d2858d7572ef0fe59a6b6454b4?s=96&d=mm&r=g","caption":"Canal Dana"},"url":"https:\/\/dana.com.br\/canaldana\/author\/cdeditor\/"}]}},"_links":{"self":[{"href":"https:\/\/dana.com.br\/canaldana\/wp-json\/wp\/v2\/posts\/8642","targetHints":{"allow":["GET"]}}],"collection":[{"href":"https:\/\/dana.com.br\/canaldana\/wp-json\/wp\/v2\/posts"}],"about":[{"href":"https:\/\/dana.com.br\/canaldana\/wp-json\/wp\/v2\/types\/post"}],"author":[{"embeddable":true,"href":"https:\/\/dana.com.br\/canaldana\/wp-json\/wp\/v2\/users\/3"}],"replies":[{"embeddable":true,"href":"https:\/\/dana.com.br\/canaldana\/wp-json\/wp\/v2\/comments?post=8642"}],"version-history":[{"count":0,"href":"https:\/\/dana.com.br\/canaldana\/wp-json\/wp\/v2\/posts\/8642\/revisions"}],"wp:attachment":[{"href":"https:\/\/dana.com.br\/canaldana\/wp-json\/wp\/v2\/media?parent=8642"}],"wp:term":[{"taxonomy":"category","embeddable":true,"href":"https:\/\/dana.com.br\/canaldana\/wp-json\/wp\/v2\/categories?post=8642"},{"taxonomy":"post_tag","embeddable":true,"href":"https:\/\/dana.com.br\/canaldana\/wp-json\/wp\/v2\/tags?post=8642"}],"curies":[{"name":"wp","href":"https:\/\/api.w.org\/{rel}","templated":true}]}}