{"id":8629,"date":"2016-05-25T08:39:27","date_gmt":"2016-05-25T11:39:27","guid":{"rendered":"http:\/\/dana.com.br\/canaldana\/?p=8629"},"modified":"2016-05-25T08:39:27","modified_gmt":"2016-05-25T11:39:27","slug":"pdv-da-mercedes-benz-comeca-dia-1o-e-quer-atingir-2-mil-funcionarios","status":"publish","type":"post","link":"https:\/\/dana.com.br\/canaldana\/2016\/05\/25\/pdv-da-mercedes-benz-comeca-dia-1o-e-quer-atingir-2-mil-funcionarios\/","title":{"rendered":"PDV da Mercedes-Benz come\u00e7a dia 1\u00ba e quer atingir 2 mil funcion\u00e1rios"},"content":{"rendered":"<p><em>Di\u00e1rio do Grande ABC<\/em><\/p>\n<p>&nbsp;<\/p>\n<p>A Mercedes-Benz vai abrir PDV (Programa de Demiss\u00e3o Volunt\u00e1ria) no dia 1\u00ba de junho para a f\u00e1brica de S\u00e3o Bernardo. O prazo para a ades\u00e3o vai at\u00e9 8 de julho e o programa \u00e9 destinado tanto a colaboradores do ch\u00e3o de f\u00e1brica como da \u00e1rea administrativa. O objetivo da montadora \u00e9 atingir o excedente de 2.000 profissionais, o equivalente a 20,4% do quadro de empregados da sede da empresa no Brasil, composto por 9.800 pessoas.<\/p>\n<p>&nbsp;<\/p>\n<p>Para isso, est\u00e1 sendo ofertado o equivalente a meio sal\u00e1rio adicional por ano mais um incentivo que vai variar conforme o tempo de casa de cada um, segundo informa\u00e7\u00f5es do Sindicato dos Metal\u00fargicos do ABC.<\/p>\n<p>&nbsp;<\/p>\n<p>Aos funcion\u00e1rios com doen\u00e7a profissional, embora n\u00e3o tenham sido divulgadas as condi\u00e7\u00f5es, sabe-se que eles ser\u00e3o submetidos \u00e0s mesmas regras do pacote anterior, aberto em julho de 2015 \u2013 o terceiro daquele ano. Foi oferecida avalia\u00e7\u00e3o caso a caso, j\u00e1 que, por acordo coletivo da categoria, eles t\u00eam estabilidade. \u00c0 \u00e9poca daquele PDV, o intuito era reduzir o mesmo excedente de 2.000 trabalhadores, por\u00e9m, houve apenas 40 ades\u00f5es.<\/p>\n<p>&nbsp;<\/p>\n<p>A Mercedes, desta vez, quase dobrou o teto a ser pago por colaborador. Se no ano passado o limite era de R$ 65 mil, agora estendeu a R$ 115 mil. Outra vantagem, conforme a montadora, \u00e9 que ser\u00e1 concedido suporte para atendimento m\u00e9dico at\u00e9 dezembro de 2016.<\/p>\n<p>&nbsp;<\/p>\n<p><strong>Crise<\/strong><\/p>\n<p>&nbsp;<\/p>\n<p>O Di\u00e1rio teve acesso, no in\u00edcio do m\u00eas, a comunicado exposto no interior da f\u00e1brica em que o presidente da Mercedes, Philipp Schiemer, dizia que a companhia vem sentindo, desde 2013, o impacto da redu\u00e7\u00e3o dr\u00e1stica nos volumes de venda e produ\u00e7\u00e3o. E que, de janeiro a abril, o desempenho de ve\u00edculos comerciais foi ainda mais dram\u00e1tico. \u201cChegamos ao patamar de produ\u00e7\u00e3o de 1984 e ao pior resultado de vendas desde 1999. Estamos voltando no tempo.\u201d<\/p>\n<p>&nbsp;<\/p>\n<p>O texto afirmava tamb\u00e9m que a montadora tem capacidade t\u00e9cnica de produzir 80 mil ve\u00edculos, enquanto as vendas totais no Pa\u00eds n\u00e3o devem superar a previs\u00e3o de 70 mil unidades em 2016. \u201cIsso quer dizer que s\u00f3 a capacidade produtiva da Mercedes \u00e9 superior \u00e0 demanda total do mercado brasileiro.\u201d<\/p>\n<p>&nbsp;<\/p>\n<p>Nos \u00faltimos tr\u00eas anos, a companhia lan\u00e7ou m\u00e3o de banco de horas, semanas curtas, f\u00e9rias coletivas, licen\u00e7a remunerada, PDVs e lay-offs (suspens\u00e3o tempor\u00e1ria de contrato).<\/p>\n<p>&nbsp;<\/p>\n<p>Agora, diante da decis\u00e3o de n\u00e3o renovar o PPE (Programa de Prote\u00e7\u00e3o ao Emprego), que vai at\u00e9 dia 31, um grupo entrar\u00e1 em licen\u00e7a remunerada, por\u00e9m, ainda n\u00e3o foi divulgado o n\u00famero de envolvidos. (Di\u00e1rio do Grande ABC\/Soraia Abreu Pedrozo)<\/p>\n","protected":false},"excerpt":{"rendered":"<p>Di\u00e1rio do Grande ABC &nbsp; A Mercedes-Benz vai abrir PDV (Programa de Demiss\u00e3o Volunt\u00e1ria) no dia 1\u00ba de junho para a f\u00e1brica de S\u00e3o Bernardo. O prazo para a ades\u00e3o vai at\u00e9 8 de julho e o programa \u00e9 destinado tanto a colaboradores do ch\u00e3o de f\u00e1brica como da \u00e1rea administrativa. O objetivo da montadora\u2026 <a class=\"readmore\" href=\"https:\/\/dana.com.br\/canaldana\/2016\/05\/25\/pdv-da-mercedes-benz-comeca-dia-1o-e-quer-atingir-2-mil-funcionarios\/\">Leia mais \u00bb<\/a><\/p>\n","protected":false},"author":3,"featured_media":0,"comment_status":"closed","ping_status":"closed","sticky":false,"template":"","format":"standard","meta":{"_acf_changed":false,"footnotes":""},"categories":[61],"tags":[],"class_list":["post-8629","post","type-post","status-publish","format-standard","hentry","category-destaques"],"acf":[],"yoast_head":"<!-- This site is optimized with the Yoast SEO plugin v27.3 - https:\/\/yoast.com\/product\/yoast-seo-wordpress\/ -->\n<title>PDV da Mercedes-Benz come\u00e7a dia 1\u00ba e quer atingir 2 mil funcion\u00e1rios - Canal Dana<\/title>\n<meta name=\"robots\" content=\"index, follow, max-snippet:-1, max-image-preview:large, max-video-preview:-1\" \/>\n<link rel=\"canonical\" href=\"https:\/\/dana.com.br\/canaldana\/2016\/05\/25\/pdv-da-mercedes-benz-comeca-dia-1o-e-quer-atingir-2-mil-funcionarios\/\" \/>\n<meta property=\"og:locale\" content=\"pt_BR\" \/>\n<meta property=\"og:type\" content=\"article\" \/>\n<meta property=\"og:title\" content=\"PDV da Mercedes-Benz come\u00e7a dia 1\u00ba e quer atingir 2 mil funcion\u00e1rios - Canal Dana\" \/>\n<meta property=\"og:description\" content=\"Di\u00e1rio do Grande ABC &nbsp; A Mercedes-Benz vai abrir PDV (Programa de Demiss\u00e3o Volunt\u00e1ria) no dia 1\u00ba de junho para a f\u00e1brica de S\u00e3o Bernardo. O prazo para a ades\u00e3o vai at\u00e9 8 de julho e o programa \u00e9 destinado tanto a colaboradores do ch\u00e3o de f\u00e1brica como da \u00e1rea administrativa. O objetivo da montadora\u2026 Leia mais \u00bb\" \/>\n<meta property=\"og:url\" content=\"https:\/\/dana.com.br\/canaldana\/2016\/05\/25\/pdv-da-mercedes-benz-comeca-dia-1o-e-quer-atingir-2-mil-funcionarios\/\" \/>\n<meta property=\"og:site_name\" content=\"Canal Dana\" \/>\n<meta property=\"article:published_time\" content=\"2016-05-25T11:39:27+00:00\" \/>\n<meta name=\"author\" content=\"Canal Dana\" \/>\n<meta name=\"twitter:card\" content=\"summary_large_image\" \/>\n<meta name=\"twitter:label1\" content=\"Escrito por\" \/>\n\t<meta name=\"twitter:data1\" content=\"Canal Dana\" \/>\n\t<meta name=\"twitter:label2\" content=\"Est. tempo de leitura\" \/>\n\t<meta name=\"twitter:data2\" content=\"2 minutos\" \/>\n<script type=\"application\/ld+json\" class=\"yoast-schema-graph\">{\"@context\":\"https:\\\/\\\/schema.org\",\"@graph\":[{\"@type\":\"Article\",\"@id\":\"https:\\\/\\\/dana.com.br\\\/canaldana\\\/2016\\\/05\\\/25\\\/pdv-da-mercedes-benz-comeca-dia-1o-e-quer-atingir-2-mil-funcionarios\\\/#article\",\"isPartOf\":{\"@id\":\"https:\\\/\\\/dana.com.br\\\/canaldana\\\/2016\\\/05\\\/25\\\/pdv-da-mercedes-benz-comeca-dia-1o-e-quer-atingir-2-mil-funcionarios\\\/\"},\"author\":{\"name\":\"Canal Dana\",\"@id\":\"https:\\\/\\\/dana.com.br\\\/canaldana\\\/#\\\/schema\\\/person\\\/3c21f22f56fcf3bc46b94bc60ea4fef6\"},\"headline\":\"PDV da Mercedes-Benz come\u00e7a dia 1\u00ba e quer atingir 2 mil funcion\u00e1rios\",\"datePublished\":\"2016-05-25T11:39:27+00:00\",\"mainEntityOfPage\":{\"@id\":\"https:\\\/\\\/dana.com.br\\\/canaldana\\\/2016\\\/05\\\/25\\\/pdv-da-mercedes-benz-comeca-dia-1o-e-quer-atingir-2-mil-funcionarios\\\/\"},\"wordCount\":470,\"articleSection\":[\"Destaques\"],\"inLanguage\":\"pt-BR\"},{\"@type\":\"WebPage\",\"@id\":\"https:\\\/\\\/dana.com.br\\\/canaldana\\\/2016\\\/05\\\/25\\\/pdv-da-mercedes-benz-comeca-dia-1o-e-quer-atingir-2-mil-funcionarios\\\/\",\"url\":\"https:\\\/\\\/dana.com.br\\\/canaldana\\\/2016\\\/05\\\/25\\\/pdv-da-mercedes-benz-comeca-dia-1o-e-quer-atingir-2-mil-funcionarios\\\/\",\"name\":\"PDV da Mercedes-Benz come\u00e7a dia 1\u00ba e quer atingir 2 mil funcion\u00e1rios - Canal Dana\",\"isPartOf\":{\"@id\":\"https:\\\/\\\/dana.com.br\\\/canaldana\\\/#website\"},\"datePublished\":\"2016-05-25T11:39:27+00:00\",\"author\":{\"@id\":\"https:\\\/\\\/dana.com.br\\\/canaldana\\\/#\\\/schema\\\/person\\\/3c21f22f56fcf3bc46b94bc60ea4fef6\"},\"breadcrumb\":{\"@id\":\"https:\\\/\\\/dana.com.br\\\/canaldana\\\/2016\\\/05\\\/25\\\/pdv-da-mercedes-benz-comeca-dia-1o-e-quer-atingir-2-mil-funcionarios\\\/#breadcrumb\"},\"inLanguage\":\"pt-BR\",\"potentialAction\":[{\"@type\":\"ReadAction\",\"target\":[\"https:\\\/\\\/dana.com.br\\\/canaldana\\\/2016\\\/05\\\/25\\\/pdv-da-mercedes-benz-comeca-dia-1o-e-quer-atingir-2-mil-funcionarios\\\/\"]}]},{\"@type\":\"BreadcrumbList\",\"@id\":\"https:\\\/\\\/dana.com.br\\\/canaldana\\\/2016\\\/05\\\/25\\\/pdv-da-mercedes-benz-comeca-dia-1o-e-quer-atingir-2-mil-funcionarios\\\/#breadcrumb\",\"itemListElement\":[{\"@type\":\"ListItem\",\"position\":1,\"name\":\"Home\",\"item\":\"https:\\\/\\\/dana.com.br\\\/canaldana\\\/\"},{\"@type\":\"ListItem\",\"position\":2,\"name\":\"Destaques\",\"item\":\"https:\\\/\\\/dana.com.br\\\/canaldana\\\/destaques\\\/\"},{\"@type\":\"ListItem\",\"position\":3,\"name\":\"PDV da Mercedes-Benz come\u00e7a dia 1\u00ba e quer atingir 2 mil funcion\u00e1rios\"}]},{\"@type\":\"WebSite\",\"@id\":\"https:\\\/\\\/dana.com.br\\\/canaldana\\\/#website\",\"url\":\"https:\\\/\\\/dana.com.br\\\/canaldana\\\/\",\"name\":\"Canal Dana\",\"description\":\"Informativo com as principais not\u00edcias da ind\u00fastria automotiva\",\"potentialAction\":[{\"@type\":\"SearchAction\",\"target\":{\"@type\":\"EntryPoint\",\"urlTemplate\":\"https:\\\/\\\/dana.com.br\\\/canaldana\\\/?s={search_term_string}\"},\"query-input\":{\"@type\":\"PropertyValueSpecification\",\"valueRequired\":true,\"valueName\":\"search_term_string\"}}],\"inLanguage\":\"pt-BR\"},{\"@type\":\"Person\",\"@id\":\"https:\\\/\\\/dana.com.br\\\/canaldana\\\/#\\\/schema\\\/person\\\/3c21f22f56fcf3bc46b94bc60ea4fef6\",\"name\":\"Canal Dana\",\"image\":{\"@type\":\"ImageObject\",\"inLanguage\":\"pt-BR\",\"@id\":\"https:\\\/\\\/secure.gravatar.com\\\/avatar\\\/420aaf9278582877d9018637c6817617705899d2858d7572ef0fe59a6b6454b4?s=96&d=mm&r=g\",\"url\":\"https:\\\/\\\/secure.gravatar.com\\\/avatar\\\/420aaf9278582877d9018637c6817617705899d2858d7572ef0fe59a6b6454b4?s=96&d=mm&r=g\",\"contentUrl\":\"https:\\\/\\\/secure.gravatar.com\\\/avatar\\\/420aaf9278582877d9018637c6817617705899d2858d7572ef0fe59a6b6454b4?s=96&d=mm&r=g\",\"caption\":\"Canal Dana\"},\"url\":\"https:\\\/\\\/dana.com.br\\\/canaldana\\\/author\\\/cdeditor\\\/\"}]}<\/script>\n<!-- \/ Yoast SEO plugin. -->","yoast_head_json":{"title":"PDV da Mercedes-Benz come\u00e7a dia 1\u00ba e quer atingir 2 mil funcion\u00e1rios - Canal Dana","robots":{"index":"index","follow":"follow","max-snippet":"max-snippet:-1","max-image-preview":"max-image-preview:large","max-video-preview":"max-video-preview:-1"},"canonical":"https:\/\/dana.com.br\/canaldana\/2016\/05\/25\/pdv-da-mercedes-benz-comeca-dia-1o-e-quer-atingir-2-mil-funcionarios\/","og_locale":"pt_BR","og_type":"article","og_title":"PDV da Mercedes-Benz come\u00e7a dia 1\u00ba e quer atingir 2 mil funcion\u00e1rios - Canal Dana","og_description":"Di\u00e1rio do Grande ABC &nbsp; A Mercedes-Benz vai abrir PDV (Programa de Demiss\u00e3o Volunt\u00e1ria) no dia 1\u00ba de junho para a f\u00e1brica de S\u00e3o Bernardo. O prazo para a ades\u00e3o vai at\u00e9 8 de julho e o programa \u00e9 destinado tanto a colaboradores do ch\u00e3o de f\u00e1brica como da \u00e1rea administrativa. O objetivo da montadora\u2026 Leia mais \u00bb","og_url":"https:\/\/dana.com.br\/canaldana\/2016\/05\/25\/pdv-da-mercedes-benz-comeca-dia-1o-e-quer-atingir-2-mil-funcionarios\/","og_site_name":"Canal Dana","article_published_time":"2016-05-25T11:39:27+00:00","author":"Canal Dana","twitter_card":"summary_large_image","twitter_misc":{"Escrito por":"Canal Dana","Est. tempo de leitura":"2 minutos"},"schema":{"@context":"https:\/\/schema.org","@graph":[{"@type":"Article","@id":"https:\/\/dana.com.br\/canaldana\/2016\/05\/25\/pdv-da-mercedes-benz-comeca-dia-1o-e-quer-atingir-2-mil-funcionarios\/#article","isPartOf":{"@id":"https:\/\/dana.com.br\/canaldana\/2016\/05\/25\/pdv-da-mercedes-benz-comeca-dia-1o-e-quer-atingir-2-mil-funcionarios\/"},"author":{"name":"Canal Dana","@id":"https:\/\/dana.com.br\/canaldana\/#\/schema\/person\/3c21f22f56fcf3bc46b94bc60ea4fef6"},"headline":"PDV da Mercedes-Benz come\u00e7a dia 1\u00ba e quer atingir 2 mil funcion\u00e1rios","datePublished":"2016-05-25T11:39:27+00:00","mainEntityOfPage":{"@id":"https:\/\/dana.com.br\/canaldana\/2016\/05\/25\/pdv-da-mercedes-benz-comeca-dia-1o-e-quer-atingir-2-mil-funcionarios\/"},"wordCount":470,"articleSection":["Destaques"],"inLanguage":"pt-BR"},{"@type":"WebPage","@id":"https:\/\/dana.com.br\/canaldana\/2016\/05\/25\/pdv-da-mercedes-benz-comeca-dia-1o-e-quer-atingir-2-mil-funcionarios\/","url":"https:\/\/dana.com.br\/canaldana\/2016\/05\/25\/pdv-da-mercedes-benz-comeca-dia-1o-e-quer-atingir-2-mil-funcionarios\/","name":"PDV da Mercedes-Benz come\u00e7a dia 1\u00ba e quer atingir 2 mil funcion\u00e1rios - Canal Dana","isPartOf":{"@id":"https:\/\/dana.com.br\/canaldana\/#website"},"datePublished":"2016-05-25T11:39:27+00:00","author":{"@id":"https:\/\/dana.com.br\/canaldana\/#\/schema\/person\/3c21f22f56fcf3bc46b94bc60ea4fef6"},"breadcrumb":{"@id":"https:\/\/dana.com.br\/canaldana\/2016\/05\/25\/pdv-da-mercedes-benz-comeca-dia-1o-e-quer-atingir-2-mil-funcionarios\/#breadcrumb"},"inLanguage":"pt-BR","potentialAction":[{"@type":"ReadAction","target":["https:\/\/dana.com.br\/canaldana\/2016\/05\/25\/pdv-da-mercedes-benz-comeca-dia-1o-e-quer-atingir-2-mil-funcionarios\/"]}]},{"@type":"BreadcrumbList","@id":"https:\/\/dana.com.br\/canaldana\/2016\/05\/25\/pdv-da-mercedes-benz-comeca-dia-1o-e-quer-atingir-2-mil-funcionarios\/#breadcrumb","itemListElement":[{"@type":"ListItem","position":1,"name":"Home","item":"https:\/\/dana.com.br\/canaldana\/"},{"@type":"ListItem","position":2,"name":"Destaques","item":"https:\/\/dana.com.br\/canaldana\/destaques\/"},{"@type":"ListItem","position":3,"name":"PDV da Mercedes-Benz come\u00e7a dia 1\u00ba e quer atingir 2 mil funcion\u00e1rios"}]},{"@type":"WebSite","@id":"https:\/\/dana.com.br\/canaldana\/#website","url":"https:\/\/dana.com.br\/canaldana\/","name":"Canal Dana","description":"Informativo com as principais not\u00edcias da ind\u00fastria automotiva","potentialAction":[{"@type":"SearchAction","target":{"@type":"EntryPoint","urlTemplate":"https:\/\/dana.com.br\/canaldana\/?s={search_term_string}"},"query-input":{"@type":"PropertyValueSpecification","valueRequired":true,"valueName":"search_term_string"}}],"inLanguage":"pt-BR"},{"@type":"Person","@id":"https:\/\/dana.com.br\/canaldana\/#\/schema\/person\/3c21f22f56fcf3bc46b94bc60ea4fef6","name":"Canal Dana","image":{"@type":"ImageObject","inLanguage":"pt-BR","@id":"https:\/\/secure.gravatar.com\/avatar\/420aaf9278582877d9018637c6817617705899d2858d7572ef0fe59a6b6454b4?s=96&d=mm&r=g","url":"https:\/\/secure.gravatar.com\/avatar\/420aaf9278582877d9018637c6817617705899d2858d7572ef0fe59a6b6454b4?s=96&d=mm&r=g","contentUrl":"https:\/\/secure.gravatar.com\/avatar\/420aaf9278582877d9018637c6817617705899d2858d7572ef0fe59a6b6454b4?s=96&d=mm&r=g","caption":"Canal Dana"},"url":"https:\/\/dana.com.br\/canaldana\/author\/cdeditor\/"}]}},"_links":{"self":[{"href":"https:\/\/dana.com.br\/canaldana\/wp-json\/wp\/v2\/posts\/8629","targetHints":{"allow":["GET"]}}],"collection":[{"href":"https:\/\/dana.com.br\/canaldana\/wp-json\/wp\/v2\/posts"}],"about":[{"href":"https:\/\/dana.com.br\/canaldana\/wp-json\/wp\/v2\/types\/post"}],"author":[{"embeddable":true,"href":"https:\/\/dana.com.br\/canaldana\/wp-json\/wp\/v2\/users\/3"}],"replies":[{"embeddable":true,"href":"https:\/\/dana.com.br\/canaldana\/wp-json\/wp\/v2\/comments?post=8629"}],"version-history":[{"count":0,"href":"https:\/\/dana.com.br\/canaldana\/wp-json\/wp\/v2\/posts\/8629\/revisions"}],"wp:attachment":[{"href":"https:\/\/dana.com.br\/canaldana\/wp-json\/wp\/v2\/media?parent=8629"}],"wp:term":[{"taxonomy":"category","embeddable":true,"href":"https:\/\/dana.com.br\/canaldana\/wp-json\/wp\/v2\/categories?post=8629"},{"taxonomy":"post_tag","embeddable":true,"href":"https:\/\/dana.com.br\/canaldana\/wp-json\/wp\/v2\/tags?post=8629"}],"curies":[{"name":"wp","href":"https:\/\/api.w.org\/{rel}","templated":true}]}}