{"id":8446,"date":"2016-05-18T08:45:58","date_gmt":"2016-05-18T11:45:58","guid":{"rendered":"http:\/\/dana.com.br\/canaldana\/?p=8446"},"modified":"2016-05-18T08:49:47","modified_gmt":"2016-05-18T11:49:47","slug":"depois-de-volkswagen-fiat-tambem-paralisa-producao-por-falta-de-bancos","status":"publish","type":"post","link":"https:\/\/dana.com.br\/canaldana\/2016\/05\/18\/depois-de-volkswagen-fiat-tambem-paralisa-producao-por-falta-de-bancos\/","title":{"rendered":"Depois de Volkswagen, Fiat tamb\u00e9m paralisa produ\u00e7\u00e3o por falta de bancos"},"content":{"rendered":"<p><em>O Estado de S. Paulo<\/em><\/p>\n<p>&nbsp;<\/p>\n<p>O imbr\u00f3glio comercial envolvendo a fabricante de sistemas para bancos e estruturas met\u00e1licas Keiper, do grupo Prevent, levou tamb\u00e9m \u00e0 paralisa\u00e7\u00e3o da produ\u00e7\u00e3o na Fiat em Betim (MG), onde s\u00e3o feitos cerca de dez modelos. A Volkswagen j\u00e1 havia divulgado que suas tr\u00eas f\u00e1bricas de carros no Pa\u00eds est\u00e3o sem produzir desde segunda\u00adfeira, situa\u00e7\u00e3o que ser\u00e1 mantida hoje. Na soma das duas, cerca de 20 mil trabalhadores foram colocados em licen\u00e7a remunerada ou f\u00e9rias coletivas.<\/p>\n<p>&nbsp;<\/p>\n<p>Embora tenha paralisado as atividades parcialmente na sexta\u00adfeira e totalmente a partir de segunda\u00adfeira por tempo indeterminado, s\u00f3 ontem a Fiat divulgou o problema, pois afirma que tentava negociar com a empresa, sua \u00fanica fornecedora de estruturas met\u00e1licas usadas na carroceria dos carros.<\/p>\n<p>&nbsp;<\/p>\n<p>Em nota, a Fiat informa que as empresas Tower e Mardel, da multinacional Keiper\/Prevent, \u201cinterromperam abruptamente o fornecimento de componentes e estruturas met\u00e1licas na \u00faltima quinta\u00adfeira.\u201d A montadora informa que estava em processo de negocia\u00e7\u00e3o com os fornecedores e foi surpreendida pela medida extrema.<\/p>\n<p>&nbsp;<\/p>\n<p>Segundo a Fiat, a paralisa\u00e7\u00e3o pode colocar mais de 50 mil trabalhadores sem atividade na regi\u00e3o (incluindo seus funcion\u00e1rios e os de fabricantes de autope\u00e7as que dependem de sua demanda). Afirma tamb\u00e9m que a medida poder\u00e1 acarretar em perda di\u00e1ria de arrecada\u00e7\u00e3o de R$ 30 milh\u00f5es, equivalente \u00e0s atividades que deixam de ser realizadas. At\u00e9 agora, 5 mil ve\u00edculos deixaram de ser produzidos.<\/p>\n<p>&nbsp;<\/p>\n<p>Na Volkswagen, a perda produtiva supera esse n\u00famero, mas a empresa n\u00e3o divulga dados. Com f\u00e1bricas em S\u00e3o Bernardo do Campo, Taubat\u00e9 (SP) e S\u00e3o Jos\u00e9 dos Pinhais (PR), a montadora obteve segunda\u00adfeira na Justi\u00e7a liminar estabelecendo prazo de 24 horas para que a Keiper voltasse a fornecer estruturas de bancos, sob pena de multa di\u00e1ria de R$ 500 mil. A empresa, contudo, n\u00e3o havia acatado a medida at\u00e9 a noite de ontem.<\/p>\n<p>&nbsp;<\/p>\n<p>A Fiat tamb\u00e9m entrou ontem com pedido de liminar em Minas, mas a a\u00e7\u00e3o ainda n\u00e3o havia sido julgada.<\/p>\n<p>&nbsp;<\/p>\n<p>O advogado da Keiper, C\u00e9sar Hip\u00f3lito Pereira, do escrit\u00f3rio Faragone, diz que a empresa vai recorrer das decis\u00f5es judiciais. Ele afirma que ambas montadoras exigem produ\u00e7\u00e3o m\u00ednima de pe\u00e7as, mas nem sempre adquirem o que encomendam, causando preju\u00edzos ao grupo. Ressalta ainda que as duas est\u00e3o em d\u00e9bito com a fornecedora.<\/p>\n<p>&nbsp;<\/p>\n<p>\u201cA Keiper j\u00e1 teve de demitir v\u00e1rios funcion\u00e1rios e h\u00e1 f\u00e1bricas com risco de serem fechadas, como a de S\u00e3o Jos\u00e9 dos Pinhais, Ribeir\u00e3o Pires (SP) e a de Betim (MG), em raz\u00e3o de acordos n\u00e3o cumpridos pelas montadoras\u201d.<\/p>\n<p>&nbsp;<\/p>\n<p>Volkswagen e Fiat alegam que a fornecedora \u00e9 que n\u00e3o cumpre contratos (conforme consta nas a\u00e7\u00f5es enviadas aos \u00f3rg\u00e3os de Justi\u00e7a) e que constantemente exige reajustes de pre\u00e7os sem justificativa, j\u00e1 com amea\u00e7a de suspens\u00e3o de fornecimento se n\u00e3o for atendida.<\/p>\n<p>&nbsp;<\/p>\n<p><strong>Compra<\/strong><\/p>\n<p>&nbsp;<\/p>\n<p>O grupo de investimentos Prevent, que segundo Pereira \u00e9 de origem alem\u00e3, tem seis f\u00e1bricas em S\u00e3o Paulo, Minas Gerais e Paran\u00e1, adquiridas entre in\u00edcio de 2015 e janeiro deste ano da Keiper, Mardel, Cavelagni e Tower. Essas empresas j\u00e1 eram tradicionais fornecedoras do setor e algumas operam com ferramental cedido pelas pr\u00f3prias montadoras.<\/p>\n<p>&nbsp;<\/p>\n<p>Os problemas de pre\u00e7os e suspens\u00e3o de entregas come\u00e7aram a partir da mudan\u00e7a societ\u00e1ria, informam Volkswagen e Fiat que, segundo elas, ficaram nas m\u00e3os de um \u00fanico fornecedor.<\/p>\n<p>&nbsp;<\/p>\n<p>O grupo abastece outras montadoras, entre as quais Ford, Mitsubishi e Toyota, mas nenhuma delas enfrentou at\u00e9 agora situa\u00e7\u00e3o de desabastecimento. Fiat e Volkswagen alegam que s\u00e3o alvos por serem as maiores fabricantes do Pa\u00eds. Pereira, por sua vez, contrap\u00f5e afirmando que, por serem as maiores, \u201cs\u00e3o as que mais esfolam as empresas de autope\u00e7as\u201d.<\/p>\n<p>&nbsp;<\/p>\n<p>O presidente do Sindicato dos Metal\u00fargicos de Betim, Jo\u00e3o Alves de Almeida, vai se reunir hoje com representante da Keiper para ouvir sua vers\u00e3o. Ontem ele falou com dirigente da Fiat. \u201cEstamos preocupados com os empregos dos trabalhadores\u201d, diz. A Keiper teria amea\u00e7ado fechar as duas f\u00e1bricas locais e demitir seus 400 funcion\u00e1rios caso n\u00e3o obtenha o reajuste pedido.<\/p>\n<p>&nbsp;<\/p>\n<p><strong>Chery<\/strong><\/p>\n<p>&nbsp;<\/p>\n<p>A fabricante Chery tamb\u00e9m enfrenta desabastecimento para a produ\u00e7\u00e3o dos modelos Celer e QQ em Jacare\u00ed (SP), mas em raz\u00e3o de atraso na entrega de conjuntos importados da China. Ontem, a empresa, que produz em m\u00e9dia 300 carros por m\u00eas, anunciou licen\u00e7a remunerada a 140 dos seus 400 funcion\u00e1rios de hoje at\u00e9 o dia 31. (O Estado de S. Paulo\/Cleide Silva)<\/p>\n<p>&nbsp;<\/p>\n","protected":false},"excerpt":{"rendered":"<p>O Estado de S. Paulo &nbsp; O imbr\u00f3glio comercial envolvendo a fabricante de sistemas para bancos e estruturas met\u00e1licas Keiper, do grupo Prevent, levou tamb\u00e9m \u00e0 paralisa\u00e7\u00e3o da produ\u00e7\u00e3o na Fiat em Betim (MG), onde s\u00e3o feitos cerca de dez modelos. A Volkswagen j\u00e1 havia divulgado que suas tr\u00eas f\u00e1bricas de carros no Pa\u00eds est\u00e3o\u2026 <a class=\"readmore\" href=\"https:\/\/dana.com.br\/canaldana\/2016\/05\/18\/depois-de-volkswagen-fiat-tambem-paralisa-producao-por-falta-de-bancos\/\">Leia mais \u00bb<\/a><\/p>\n","protected":false},"author":3,"featured_media":0,"comment_status":"closed","ping_status":"closed","sticky":false,"template":"","format":"standard","meta":{"_acf_changed":false,"footnotes":""},"categories":[61,1],"tags":[],"class_list":["post-8446","post","type-post","status-publish","format-standard","hentry","category-destaques","category-sin-categoria"],"acf":[],"yoast_head":"<!-- This site is optimized with the Yoast SEO plugin v27.3 - https:\/\/yoast.com\/product\/yoast-seo-wordpress\/ -->\n<title>Depois de Volkswagen, Fiat tamb\u00e9m paralisa produ\u00e7\u00e3o por falta de bancos - Canal Dana<\/title>\n<meta name=\"robots\" content=\"index, follow, max-snippet:-1, max-image-preview:large, max-video-preview:-1\" \/>\n<link rel=\"canonical\" href=\"https:\/\/dana.com.br\/canaldana\/2016\/05\/18\/depois-de-volkswagen-fiat-tambem-paralisa-producao-por-falta-de-bancos\/\" \/>\n<meta property=\"og:locale\" content=\"pt_BR\" \/>\n<meta property=\"og:type\" content=\"article\" \/>\n<meta property=\"og:title\" content=\"Depois de Volkswagen, Fiat tamb\u00e9m paralisa produ\u00e7\u00e3o por falta de bancos - Canal Dana\" \/>\n<meta property=\"og:description\" content=\"O Estado de S. Paulo &nbsp; O imbr\u00f3glio comercial envolvendo a fabricante de sistemas para bancos e estruturas met\u00e1licas Keiper, do grupo Prevent, levou tamb\u00e9m \u00e0 paralisa\u00e7\u00e3o da produ\u00e7\u00e3o na Fiat em Betim (MG), onde s\u00e3o feitos cerca de dez modelos. A Volkswagen j\u00e1 havia divulgado que suas tr\u00eas f\u00e1bricas de carros no Pa\u00eds est\u00e3o\u2026 Leia mais \u00bb\" \/>\n<meta property=\"og:url\" content=\"https:\/\/dana.com.br\/canaldana\/2016\/05\/18\/depois-de-volkswagen-fiat-tambem-paralisa-producao-por-falta-de-bancos\/\" \/>\n<meta property=\"og:site_name\" content=\"Canal Dana\" \/>\n<meta property=\"article:published_time\" content=\"2016-05-18T11:45:58+00:00\" \/>\n<meta property=\"article:modified_time\" content=\"2016-05-18T11:49:47+00:00\" \/>\n<meta name=\"author\" content=\"Canal Dana\" \/>\n<meta name=\"twitter:card\" content=\"summary_large_image\" \/>\n<meta name=\"twitter:label1\" content=\"Escrito por\" \/>\n\t<meta name=\"twitter:data1\" content=\"Canal Dana\" \/>\n\t<meta name=\"twitter:label2\" content=\"Est. tempo de leitura\" \/>\n\t<meta name=\"twitter:data2\" content=\"4 minutos\" \/>\n<script type=\"application\/ld+json\" class=\"yoast-schema-graph\">{\"@context\":\"https:\\\/\\\/schema.org\",\"@graph\":[{\"@type\":\"Article\",\"@id\":\"https:\\\/\\\/dana.com.br\\\/canaldana\\\/2016\\\/05\\\/18\\\/depois-de-volkswagen-fiat-tambem-paralisa-producao-por-falta-de-bancos\\\/#article\",\"isPartOf\":{\"@id\":\"https:\\\/\\\/dana.com.br\\\/canaldana\\\/2016\\\/05\\\/18\\\/depois-de-volkswagen-fiat-tambem-paralisa-producao-por-falta-de-bancos\\\/\"},\"author\":{\"name\":\"Canal Dana\",\"@id\":\"https:\\\/\\\/dana.com.br\\\/canaldana\\\/#\\\/schema\\\/person\\\/3c21f22f56fcf3bc46b94bc60ea4fef6\"},\"headline\":\"Depois de Volkswagen, Fiat tamb\u00e9m paralisa produ\u00e7\u00e3o por falta de bancos\",\"datePublished\":\"2016-05-18T11:45:58+00:00\",\"dateModified\":\"2016-05-18T11:49:47+00:00\",\"mainEntityOfPage\":{\"@id\":\"https:\\\/\\\/dana.com.br\\\/canaldana\\\/2016\\\/05\\\/18\\\/depois-de-volkswagen-fiat-tambem-paralisa-producao-por-falta-de-bancos\\\/\"},\"wordCount\":825,\"articleSection\":[\"Destaques\",\"Sin categor\u00eda\"],\"inLanguage\":\"pt-BR\"},{\"@type\":\"WebPage\",\"@id\":\"https:\\\/\\\/dana.com.br\\\/canaldana\\\/2016\\\/05\\\/18\\\/depois-de-volkswagen-fiat-tambem-paralisa-producao-por-falta-de-bancos\\\/\",\"url\":\"https:\\\/\\\/dana.com.br\\\/canaldana\\\/2016\\\/05\\\/18\\\/depois-de-volkswagen-fiat-tambem-paralisa-producao-por-falta-de-bancos\\\/\",\"name\":\"Depois de Volkswagen, Fiat tamb\u00e9m paralisa produ\u00e7\u00e3o por falta de bancos - Canal Dana\",\"isPartOf\":{\"@id\":\"https:\\\/\\\/dana.com.br\\\/canaldana\\\/#website\"},\"datePublished\":\"2016-05-18T11:45:58+00:00\",\"dateModified\":\"2016-05-18T11:49:47+00:00\",\"author\":{\"@id\":\"https:\\\/\\\/dana.com.br\\\/canaldana\\\/#\\\/schema\\\/person\\\/3c21f22f56fcf3bc46b94bc60ea4fef6\"},\"breadcrumb\":{\"@id\":\"https:\\\/\\\/dana.com.br\\\/canaldana\\\/2016\\\/05\\\/18\\\/depois-de-volkswagen-fiat-tambem-paralisa-producao-por-falta-de-bancos\\\/#breadcrumb\"},\"inLanguage\":\"pt-BR\",\"potentialAction\":[{\"@type\":\"ReadAction\",\"target\":[\"https:\\\/\\\/dana.com.br\\\/canaldana\\\/2016\\\/05\\\/18\\\/depois-de-volkswagen-fiat-tambem-paralisa-producao-por-falta-de-bancos\\\/\"]}]},{\"@type\":\"BreadcrumbList\",\"@id\":\"https:\\\/\\\/dana.com.br\\\/canaldana\\\/2016\\\/05\\\/18\\\/depois-de-volkswagen-fiat-tambem-paralisa-producao-por-falta-de-bancos\\\/#breadcrumb\",\"itemListElement\":[{\"@type\":\"ListItem\",\"position\":1,\"name\":\"Home\",\"item\":\"https:\\\/\\\/dana.com.br\\\/canaldana\\\/\"},{\"@type\":\"ListItem\",\"position\":2,\"name\":\"Destaques\",\"item\":\"https:\\\/\\\/dana.com.br\\\/canaldana\\\/destaques\\\/\"},{\"@type\":\"ListItem\",\"position\":3,\"name\":\"Depois de Volkswagen, Fiat tamb\u00e9m paralisa produ\u00e7\u00e3o por falta de bancos\"}]},{\"@type\":\"WebSite\",\"@id\":\"https:\\\/\\\/dana.com.br\\\/canaldana\\\/#website\",\"url\":\"https:\\\/\\\/dana.com.br\\\/canaldana\\\/\",\"name\":\"Canal Dana\",\"description\":\"Informativo com as principais not\u00edcias da ind\u00fastria automotiva\",\"potentialAction\":[{\"@type\":\"SearchAction\",\"target\":{\"@type\":\"EntryPoint\",\"urlTemplate\":\"https:\\\/\\\/dana.com.br\\\/canaldana\\\/?s={search_term_string}\"},\"query-input\":{\"@type\":\"PropertyValueSpecification\",\"valueRequired\":true,\"valueName\":\"search_term_string\"}}],\"inLanguage\":\"pt-BR\"},{\"@type\":\"Person\",\"@id\":\"https:\\\/\\\/dana.com.br\\\/canaldana\\\/#\\\/schema\\\/person\\\/3c21f22f56fcf3bc46b94bc60ea4fef6\",\"name\":\"Canal Dana\",\"image\":{\"@type\":\"ImageObject\",\"inLanguage\":\"pt-BR\",\"@id\":\"https:\\\/\\\/secure.gravatar.com\\\/avatar\\\/420aaf9278582877d9018637c6817617705899d2858d7572ef0fe59a6b6454b4?s=96&d=mm&r=g\",\"url\":\"https:\\\/\\\/secure.gravatar.com\\\/avatar\\\/420aaf9278582877d9018637c6817617705899d2858d7572ef0fe59a6b6454b4?s=96&d=mm&r=g\",\"contentUrl\":\"https:\\\/\\\/secure.gravatar.com\\\/avatar\\\/420aaf9278582877d9018637c6817617705899d2858d7572ef0fe59a6b6454b4?s=96&d=mm&r=g\",\"caption\":\"Canal Dana\"},\"url\":\"https:\\\/\\\/dana.com.br\\\/canaldana\\\/author\\\/cdeditor\\\/\"}]}<\/script>\n<!-- \/ Yoast SEO plugin. -->","yoast_head_json":{"title":"Depois de Volkswagen, Fiat tamb\u00e9m paralisa produ\u00e7\u00e3o por falta de bancos - Canal Dana","robots":{"index":"index","follow":"follow","max-snippet":"max-snippet:-1","max-image-preview":"max-image-preview:large","max-video-preview":"max-video-preview:-1"},"canonical":"https:\/\/dana.com.br\/canaldana\/2016\/05\/18\/depois-de-volkswagen-fiat-tambem-paralisa-producao-por-falta-de-bancos\/","og_locale":"pt_BR","og_type":"article","og_title":"Depois de Volkswagen, Fiat tamb\u00e9m paralisa produ\u00e7\u00e3o por falta de bancos - Canal Dana","og_description":"O Estado de S. Paulo &nbsp; O imbr\u00f3glio comercial envolvendo a fabricante de sistemas para bancos e estruturas met\u00e1licas Keiper, do grupo Prevent, levou tamb\u00e9m \u00e0 paralisa\u00e7\u00e3o da produ\u00e7\u00e3o na Fiat em Betim (MG), onde s\u00e3o feitos cerca de dez modelos. A Volkswagen j\u00e1 havia divulgado que suas tr\u00eas f\u00e1bricas de carros no Pa\u00eds est\u00e3o\u2026 Leia mais \u00bb","og_url":"https:\/\/dana.com.br\/canaldana\/2016\/05\/18\/depois-de-volkswagen-fiat-tambem-paralisa-producao-por-falta-de-bancos\/","og_site_name":"Canal Dana","article_published_time":"2016-05-18T11:45:58+00:00","article_modified_time":"2016-05-18T11:49:47+00:00","author":"Canal Dana","twitter_card":"summary_large_image","twitter_misc":{"Escrito por":"Canal Dana","Est. tempo de leitura":"4 minutos"},"schema":{"@context":"https:\/\/schema.org","@graph":[{"@type":"Article","@id":"https:\/\/dana.com.br\/canaldana\/2016\/05\/18\/depois-de-volkswagen-fiat-tambem-paralisa-producao-por-falta-de-bancos\/#article","isPartOf":{"@id":"https:\/\/dana.com.br\/canaldana\/2016\/05\/18\/depois-de-volkswagen-fiat-tambem-paralisa-producao-por-falta-de-bancos\/"},"author":{"name":"Canal Dana","@id":"https:\/\/dana.com.br\/canaldana\/#\/schema\/person\/3c21f22f56fcf3bc46b94bc60ea4fef6"},"headline":"Depois de Volkswagen, Fiat tamb\u00e9m paralisa produ\u00e7\u00e3o por falta de bancos","datePublished":"2016-05-18T11:45:58+00:00","dateModified":"2016-05-18T11:49:47+00:00","mainEntityOfPage":{"@id":"https:\/\/dana.com.br\/canaldana\/2016\/05\/18\/depois-de-volkswagen-fiat-tambem-paralisa-producao-por-falta-de-bancos\/"},"wordCount":825,"articleSection":["Destaques","Sin categor\u00eda"],"inLanguage":"pt-BR"},{"@type":"WebPage","@id":"https:\/\/dana.com.br\/canaldana\/2016\/05\/18\/depois-de-volkswagen-fiat-tambem-paralisa-producao-por-falta-de-bancos\/","url":"https:\/\/dana.com.br\/canaldana\/2016\/05\/18\/depois-de-volkswagen-fiat-tambem-paralisa-producao-por-falta-de-bancos\/","name":"Depois de Volkswagen, Fiat tamb\u00e9m paralisa produ\u00e7\u00e3o por falta de bancos - Canal Dana","isPartOf":{"@id":"https:\/\/dana.com.br\/canaldana\/#website"},"datePublished":"2016-05-18T11:45:58+00:00","dateModified":"2016-05-18T11:49:47+00:00","author":{"@id":"https:\/\/dana.com.br\/canaldana\/#\/schema\/person\/3c21f22f56fcf3bc46b94bc60ea4fef6"},"breadcrumb":{"@id":"https:\/\/dana.com.br\/canaldana\/2016\/05\/18\/depois-de-volkswagen-fiat-tambem-paralisa-producao-por-falta-de-bancos\/#breadcrumb"},"inLanguage":"pt-BR","potentialAction":[{"@type":"ReadAction","target":["https:\/\/dana.com.br\/canaldana\/2016\/05\/18\/depois-de-volkswagen-fiat-tambem-paralisa-producao-por-falta-de-bancos\/"]}]},{"@type":"BreadcrumbList","@id":"https:\/\/dana.com.br\/canaldana\/2016\/05\/18\/depois-de-volkswagen-fiat-tambem-paralisa-producao-por-falta-de-bancos\/#breadcrumb","itemListElement":[{"@type":"ListItem","position":1,"name":"Home","item":"https:\/\/dana.com.br\/canaldana\/"},{"@type":"ListItem","position":2,"name":"Destaques","item":"https:\/\/dana.com.br\/canaldana\/destaques\/"},{"@type":"ListItem","position":3,"name":"Depois de Volkswagen, Fiat tamb\u00e9m paralisa produ\u00e7\u00e3o por falta de bancos"}]},{"@type":"WebSite","@id":"https:\/\/dana.com.br\/canaldana\/#website","url":"https:\/\/dana.com.br\/canaldana\/","name":"Canal Dana","description":"Informativo com as principais not\u00edcias da ind\u00fastria automotiva","potentialAction":[{"@type":"SearchAction","target":{"@type":"EntryPoint","urlTemplate":"https:\/\/dana.com.br\/canaldana\/?s={search_term_string}"},"query-input":{"@type":"PropertyValueSpecification","valueRequired":true,"valueName":"search_term_string"}}],"inLanguage":"pt-BR"},{"@type":"Person","@id":"https:\/\/dana.com.br\/canaldana\/#\/schema\/person\/3c21f22f56fcf3bc46b94bc60ea4fef6","name":"Canal Dana","image":{"@type":"ImageObject","inLanguage":"pt-BR","@id":"https:\/\/secure.gravatar.com\/avatar\/420aaf9278582877d9018637c6817617705899d2858d7572ef0fe59a6b6454b4?s=96&d=mm&r=g","url":"https:\/\/secure.gravatar.com\/avatar\/420aaf9278582877d9018637c6817617705899d2858d7572ef0fe59a6b6454b4?s=96&d=mm&r=g","contentUrl":"https:\/\/secure.gravatar.com\/avatar\/420aaf9278582877d9018637c6817617705899d2858d7572ef0fe59a6b6454b4?s=96&d=mm&r=g","caption":"Canal Dana"},"url":"https:\/\/dana.com.br\/canaldana\/author\/cdeditor\/"}]}},"_links":{"self":[{"href":"https:\/\/dana.com.br\/canaldana\/wp-json\/wp\/v2\/posts\/8446","targetHints":{"allow":["GET"]}}],"collection":[{"href":"https:\/\/dana.com.br\/canaldana\/wp-json\/wp\/v2\/posts"}],"about":[{"href":"https:\/\/dana.com.br\/canaldana\/wp-json\/wp\/v2\/types\/post"}],"author":[{"embeddable":true,"href":"https:\/\/dana.com.br\/canaldana\/wp-json\/wp\/v2\/users\/3"}],"replies":[{"embeddable":true,"href":"https:\/\/dana.com.br\/canaldana\/wp-json\/wp\/v2\/comments?post=8446"}],"version-history":[{"count":0,"href":"https:\/\/dana.com.br\/canaldana\/wp-json\/wp\/v2\/posts\/8446\/revisions"}],"wp:attachment":[{"href":"https:\/\/dana.com.br\/canaldana\/wp-json\/wp\/v2\/media?parent=8446"}],"wp:term":[{"taxonomy":"category","embeddable":true,"href":"https:\/\/dana.com.br\/canaldana\/wp-json\/wp\/v2\/categories?post=8446"},{"taxonomy":"post_tag","embeddable":true,"href":"https:\/\/dana.com.br\/canaldana\/wp-json\/wp\/v2\/tags?post=8446"}],"curies":[{"name":"wp","href":"https:\/\/api.w.org\/{rel}","templated":true}]}}