{"id":8442,"date":"2016-05-18T08:44:35","date_gmt":"2016-05-18T11:44:35","guid":{"rendered":"http:\/\/dana.com.br\/canaldana\/?p=8442"},"modified":"2016-05-18T08:44:35","modified_gmt":"2016-05-18T11:44:35","slug":"diplomacia-e-modernizacao","status":"publish","type":"post","link":"https:\/\/dana.com.br\/canaldana\/2016\/05\/18\/diplomacia-e-modernizacao\/","title":{"rendered":"Diplomacia e moderniza\u00e7\u00e3o"},"content":{"rendered":"<p><em>O Estado de S. Paulo<\/em><\/p>\n<p>&nbsp;<\/p>\n<p>O governo brasileiro mostra disposi\u00e7\u00e3o de mudar a diplomacia comercial, depois de 13 anos de terceiro\u00admundismo requentado. Mas ter\u00e1 sentido pensar nisso neste momento, quando o discurso antiglobaliza\u00e7\u00e3o ganha import\u00e2ncia na campanha eleitoral nos Estados Unidos?<\/p>\n<p>&nbsp;<\/p>\n<p>A resposta \u00e9 positiva. A posi\u00e7\u00e3o do novo governo americano em rela\u00e7\u00e3o ao com\u00e9rcio internacional s\u00f3 ser\u00e1 definida, de fato, depois da elei\u00e7\u00e3o. De toda forma, \u00e9 dif\u00edcil imaginar um recuo no caso da parceria transpac\u00edfico ou mesmo nas negocia\u00e7\u00f5es de um ambicioso acordo com a Uni\u00e3o Europeia. Enfim, h\u00e1 argumentos mais que suficientes para defender um novo esquema de integra\u00e7\u00e3o do Brasil no mercado global, mesmo sem levar em conta oscila\u00e7\u00f5es da pol\u00edtica da maior economia do mundo.<\/p>\n<p>&nbsp;<\/p>\n<p>O terceiro\u00admundismo petista, fortemente vinculado \u00e0 estrat\u00e9gia kirchnerista, foi testado longamente e o resultado foi o previs\u00edvel. Como poderia esperar qualquer pessoa sensata e razoavelmente informada, o Brasil ficou fora de uma por\u00e7\u00e3o de acordos bilaterais e interregionais, isolou\u00adse enquanto outras economias buscavam multiplicar seus la\u00e7os de com\u00e9rcio e ficou limitado a uns poucos pactos com mercados pouco importantes.<\/p>\n<p>&nbsp;<\/p>\n<p>Brasil e Argentina perderam o passo na globaliza\u00e7\u00e3o e ficaram para tr\u00e1s, mantendo amarrados o Uruguai e o Paraguai, os outros dois s\u00f3cios originais do Mercosul. A ind\u00fastria perdeu peso nas vendas externas brasileiras. A participa\u00e7\u00e3o dos manufaturados no total das vendas externas passou de mais de 50% para menos de 40% em poucos anos. O setor automobil\u00edstico, favorecido internamente por benef\u00edcios fiscais e pouco empenhado na competi\u00e7\u00e3o internacional, acomodou\u00adse no acordo automotivo Brasil\u00adArgentina, um pacto de mediocridade.<\/p>\n<p>&nbsp;<\/p>\n<p>A pol\u00edtica industrial prometida pelo governo jamais foi al\u00e9m da distribui\u00e7\u00e3o de favores tribut\u00e1rios e financeiros \u2013 principalmente para setores e grupos favoritos \u2013 e de medidas protecionistas. A pol\u00edtica do componente nacional, anacr\u00f4nica e indefens\u00e1vel por qualquer crit\u00e9rio razo\u00e1vel, foi um custoso fiasco.<\/p>\n<p>&nbsp;<\/p>\n<p>O \u00faltimo cap\u00edtulo conhecido desse fracasso foi o pedido de recupera\u00e7\u00e3o judicial da Sete Brasil. Essa empresa, criada como parte daquela pol\u00edtica, resultou em preju\u00edzos de bilh\u00f5es para seus acionistas, inclu\u00eddos fundos de pens\u00e3o de estatais, e em problemas graves para seus credores. Parte importante das provis\u00f5es para devedores contabilizadas por grandes bancos, a come\u00e7ar pela Caixa, \u00e9 explic\u00e1vel por esse fracasso e pela devasta\u00e7\u00e3o econ\u00f4mica e financeira da Petrobr\u00e1s.<\/p>\n<p>&nbsp;<\/p>\n<p>O Mercosul acaba de retomar as negocia\u00e7\u00f5es com a Uni\u00e3o Europeia, depois de muitos anos de impasse. O entendimento parece hoje mais dif\u00edcil do que h\u00e1 alguns anos, mas isso se deve principalmente a atrasos causados pela resist\u00eancia do Mercosul, principalmente do governo argentino, mas tamb\u00e9m do brasileiro. \u00c9 necess\u00e1rio, de toda forma, continuar tentando.<\/p>\n<p>&nbsp;<\/p>\n<p>A nova diplomacia deve incluir entre suas prioridades a busca de um Mercosul mais din\u00e2mico, menos protecionista e mais voltado para a integra\u00e7\u00e3o global. Se as dificuldades forem muito s\u00e9rias, ser\u00e1 conveniente abandonar a uni\u00e3o aduaneira e retornar ao status mais modesto de \u00e1rea de livre\u00adcom\u00e9rcio, com cada pa\u00eds livre para negociar com parceiros de fora do bloco.<\/p>\n<p>&nbsp;<\/p>\n<p>Ampliar e aprofundar o acordo com o M\u00e9xico \u00e9 uma prioridade \u00f3bvia, um objetivo para ser perseguido isoladamente ou com o Mercosul.<\/p>\n<p>&nbsp;<\/p>\n<p>\u00c9 preciso aumentar os v\u00ednculos com os pa\u00edses da Alian\u00e7a do Pac\u00edfico \u2013 Chile, Col\u00f4mbia, Peru e M\u00e9xico \u2013 e inscrever no topo da agenda uma integra\u00e7\u00e3o maior com os Estados Unidos, ainda o principal e mais confi\u00e1vel mercado para a ind\u00fastria manufatureira do Brasil.<\/p>\n<p>&nbsp;<\/p>\n<p>N\u00e3o h\u00e1 como pensar a pol\u00edtica de desenvolvimento e a diplomacia comercial como assuntos separados. Abertura e integra\u00e7\u00e3o com outros mercados devem ser componentes essenciais da moderniza\u00e7\u00e3o produtiva do Brasil e da busca de efici\u00eancia. O resto \u00e9 anacronismo e retrocesso. (O Estado de S. Paulo)<\/p>\n","protected":false},"excerpt":{"rendered":"<p>O Estado de S. Paulo &nbsp; O governo brasileiro mostra disposi\u00e7\u00e3o de mudar a diplomacia comercial, depois de 13 anos de terceiro\u00admundismo requentado. Mas ter\u00e1 sentido pensar nisso neste momento, quando o discurso antiglobaliza\u00e7\u00e3o ganha import\u00e2ncia na campanha eleitoral nos Estados Unidos? &nbsp; A resposta \u00e9 positiva. A posi\u00e7\u00e3o do novo governo americano em rela\u00e7\u00e3o\u2026 <a class=\"readmore\" href=\"https:\/\/dana.com.br\/canaldana\/2016\/05\/18\/diplomacia-e-modernizacao\/\">Leia mais \u00bb<\/a><\/p>\n","protected":false},"author":3,"featured_media":0,"comment_status":"closed","ping_status":"closed","sticky":false,"template":"","format":"standard","meta":{"_acf_changed":false,"footnotes":""},"categories":[61],"tags":[],"class_list":["post-8442","post","type-post","status-publish","format-standard","hentry","category-destaques"],"acf":[],"yoast_head":"<!-- This site is optimized with the Yoast SEO plugin v27.3 - https:\/\/yoast.com\/product\/yoast-seo-wordpress\/ -->\n<title>Diplomacia e moderniza\u00e7\u00e3o - Canal Dana<\/title>\n<meta name=\"robots\" content=\"index, follow, max-snippet:-1, max-image-preview:large, max-video-preview:-1\" \/>\n<link rel=\"canonical\" href=\"https:\/\/dana.com.br\/canaldana\/2016\/05\/18\/diplomacia-e-modernizacao\/\" \/>\n<meta property=\"og:locale\" content=\"pt_BR\" \/>\n<meta property=\"og:type\" content=\"article\" \/>\n<meta property=\"og:title\" content=\"Diplomacia e moderniza\u00e7\u00e3o - Canal Dana\" \/>\n<meta property=\"og:description\" content=\"O Estado de S. Paulo &nbsp; O governo brasileiro mostra disposi\u00e7\u00e3o de mudar a diplomacia comercial, depois de 13 anos de terceiro\u00admundismo requentado. Mas ter\u00e1 sentido pensar nisso neste momento, quando o discurso antiglobaliza\u00e7\u00e3o ganha import\u00e2ncia na campanha eleitoral nos Estados Unidos? &nbsp; A resposta \u00e9 positiva. A posi\u00e7\u00e3o do novo governo americano em rela\u00e7\u00e3o\u2026 Leia mais \u00bb\" \/>\n<meta property=\"og:url\" content=\"https:\/\/dana.com.br\/canaldana\/2016\/05\/18\/diplomacia-e-modernizacao\/\" \/>\n<meta property=\"og:site_name\" content=\"Canal Dana\" \/>\n<meta property=\"article:published_time\" content=\"2016-05-18T11:44:35+00:00\" \/>\n<meta name=\"author\" content=\"Canal Dana\" \/>\n<meta name=\"twitter:card\" content=\"summary_large_image\" \/>\n<meta name=\"twitter:label1\" content=\"Escrito por\" \/>\n\t<meta name=\"twitter:data1\" content=\"Canal Dana\" \/>\n\t<meta name=\"twitter:label2\" content=\"Est. tempo de leitura\" \/>\n\t<meta name=\"twitter:data2\" content=\"3 minutos\" \/>\n<script type=\"application\/ld+json\" class=\"yoast-schema-graph\">{\"@context\":\"https:\\\/\\\/schema.org\",\"@graph\":[{\"@type\":\"Article\",\"@id\":\"https:\\\/\\\/dana.com.br\\\/canaldana\\\/2016\\\/05\\\/18\\\/diplomacia-e-modernizacao\\\/#article\",\"isPartOf\":{\"@id\":\"https:\\\/\\\/dana.com.br\\\/canaldana\\\/2016\\\/05\\\/18\\\/diplomacia-e-modernizacao\\\/\"},\"author\":{\"name\":\"Canal Dana\",\"@id\":\"https:\\\/\\\/dana.com.br\\\/canaldana\\\/#\\\/schema\\\/person\\\/3c21f22f56fcf3bc46b94bc60ea4fef6\"},\"headline\":\"Diplomacia e moderniza\u00e7\u00e3o\",\"datePublished\":\"2016-05-18T11:44:35+00:00\",\"mainEntityOfPage\":{\"@id\":\"https:\\\/\\\/dana.com.br\\\/canaldana\\\/2016\\\/05\\\/18\\\/diplomacia-e-modernizacao\\\/\"},\"wordCount\":679,\"articleSection\":[\"Destaques\"],\"inLanguage\":\"pt-BR\"},{\"@type\":\"WebPage\",\"@id\":\"https:\\\/\\\/dana.com.br\\\/canaldana\\\/2016\\\/05\\\/18\\\/diplomacia-e-modernizacao\\\/\",\"url\":\"https:\\\/\\\/dana.com.br\\\/canaldana\\\/2016\\\/05\\\/18\\\/diplomacia-e-modernizacao\\\/\",\"name\":\"Diplomacia e moderniza\u00e7\u00e3o - Canal Dana\",\"isPartOf\":{\"@id\":\"https:\\\/\\\/dana.com.br\\\/canaldana\\\/#website\"},\"datePublished\":\"2016-05-18T11:44:35+00:00\",\"author\":{\"@id\":\"https:\\\/\\\/dana.com.br\\\/canaldana\\\/#\\\/schema\\\/person\\\/3c21f22f56fcf3bc46b94bc60ea4fef6\"},\"breadcrumb\":{\"@id\":\"https:\\\/\\\/dana.com.br\\\/canaldana\\\/2016\\\/05\\\/18\\\/diplomacia-e-modernizacao\\\/#breadcrumb\"},\"inLanguage\":\"pt-BR\",\"potentialAction\":[{\"@type\":\"ReadAction\",\"target\":[\"https:\\\/\\\/dana.com.br\\\/canaldana\\\/2016\\\/05\\\/18\\\/diplomacia-e-modernizacao\\\/\"]}]},{\"@type\":\"BreadcrumbList\",\"@id\":\"https:\\\/\\\/dana.com.br\\\/canaldana\\\/2016\\\/05\\\/18\\\/diplomacia-e-modernizacao\\\/#breadcrumb\",\"itemListElement\":[{\"@type\":\"ListItem\",\"position\":1,\"name\":\"Home\",\"item\":\"https:\\\/\\\/dana.com.br\\\/canaldana\\\/\"},{\"@type\":\"ListItem\",\"position\":2,\"name\":\"Destaques\",\"item\":\"https:\\\/\\\/dana.com.br\\\/canaldana\\\/destaques\\\/\"},{\"@type\":\"ListItem\",\"position\":3,\"name\":\"Diplomacia e moderniza\u00e7\u00e3o\"}]},{\"@type\":\"WebSite\",\"@id\":\"https:\\\/\\\/dana.com.br\\\/canaldana\\\/#website\",\"url\":\"https:\\\/\\\/dana.com.br\\\/canaldana\\\/\",\"name\":\"Canal Dana\",\"description\":\"Informativo com as principais not\u00edcias da ind\u00fastria automotiva\",\"potentialAction\":[{\"@type\":\"SearchAction\",\"target\":{\"@type\":\"EntryPoint\",\"urlTemplate\":\"https:\\\/\\\/dana.com.br\\\/canaldana\\\/?s={search_term_string}\"},\"query-input\":{\"@type\":\"PropertyValueSpecification\",\"valueRequired\":true,\"valueName\":\"search_term_string\"}}],\"inLanguage\":\"pt-BR\"},{\"@type\":\"Person\",\"@id\":\"https:\\\/\\\/dana.com.br\\\/canaldana\\\/#\\\/schema\\\/person\\\/3c21f22f56fcf3bc46b94bc60ea4fef6\",\"name\":\"Canal Dana\",\"image\":{\"@type\":\"ImageObject\",\"inLanguage\":\"pt-BR\",\"@id\":\"https:\\\/\\\/secure.gravatar.com\\\/avatar\\\/420aaf9278582877d9018637c6817617705899d2858d7572ef0fe59a6b6454b4?s=96&d=mm&r=g\",\"url\":\"https:\\\/\\\/secure.gravatar.com\\\/avatar\\\/420aaf9278582877d9018637c6817617705899d2858d7572ef0fe59a6b6454b4?s=96&d=mm&r=g\",\"contentUrl\":\"https:\\\/\\\/secure.gravatar.com\\\/avatar\\\/420aaf9278582877d9018637c6817617705899d2858d7572ef0fe59a6b6454b4?s=96&d=mm&r=g\",\"caption\":\"Canal Dana\"},\"url\":\"https:\\\/\\\/dana.com.br\\\/canaldana\\\/author\\\/cdeditor\\\/\"}]}<\/script>\n<!-- \/ Yoast SEO plugin. -->","yoast_head_json":{"title":"Diplomacia e moderniza\u00e7\u00e3o - Canal Dana","robots":{"index":"index","follow":"follow","max-snippet":"max-snippet:-1","max-image-preview":"max-image-preview:large","max-video-preview":"max-video-preview:-1"},"canonical":"https:\/\/dana.com.br\/canaldana\/2016\/05\/18\/diplomacia-e-modernizacao\/","og_locale":"pt_BR","og_type":"article","og_title":"Diplomacia e moderniza\u00e7\u00e3o - Canal Dana","og_description":"O Estado de S. Paulo &nbsp; O governo brasileiro mostra disposi\u00e7\u00e3o de mudar a diplomacia comercial, depois de 13 anos de terceiro\u00admundismo requentado. Mas ter\u00e1 sentido pensar nisso neste momento, quando o discurso antiglobaliza\u00e7\u00e3o ganha import\u00e2ncia na campanha eleitoral nos Estados Unidos? &nbsp; A resposta \u00e9 positiva. A posi\u00e7\u00e3o do novo governo americano em rela\u00e7\u00e3o\u2026 Leia mais \u00bb","og_url":"https:\/\/dana.com.br\/canaldana\/2016\/05\/18\/diplomacia-e-modernizacao\/","og_site_name":"Canal Dana","article_published_time":"2016-05-18T11:44:35+00:00","author":"Canal Dana","twitter_card":"summary_large_image","twitter_misc":{"Escrito por":"Canal Dana","Est. tempo de leitura":"3 minutos"},"schema":{"@context":"https:\/\/schema.org","@graph":[{"@type":"Article","@id":"https:\/\/dana.com.br\/canaldana\/2016\/05\/18\/diplomacia-e-modernizacao\/#article","isPartOf":{"@id":"https:\/\/dana.com.br\/canaldana\/2016\/05\/18\/diplomacia-e-modernizacao\/"},"author":{"name":"Canal Dana","@id":"https:\/\/dana.com.br\/canaldana\/#\/schema\/person\/3c21f22f56fcf3bc46b94bc60ea4fef6"},"headline":"Diplomacia e moderniza\u00e7\u00e3o","datePublished":"2016-05-18T11:44:35+00:00","mainEntityOfPage":{"@id":"https:\/\/dana.com.br\/canaldana\/2016\/05\/18\/diplomacia-e-modernizacao\/"},"wordCount":679,"articleSection":["Destaques"],"inLanguage":"pt-BR"},{"@type":"WebPage","@id":"https:\/\/dana.com.br\/canaldana\/2016\/05\/18\/diplomacia-e-modernizacao\/","url":"https:\/\/dana.com.br\/canaldana\/2016\/05\/18\/diplomacia-e-modernizacao\/","name":"Diplomacia e moderniza\u00e7\u00e3o - Canal Dana","isPartOf":{"@id":"https:\/\/dana.com.br\/canaldana\/#website"},"datePublished":"2016-05-18T11:44:35+00:00","author":{"@id":"https:\/\/dana.com.br\/canaldana\/#\/schema\/person\/3c21f22f56fcf3bc46b94bc60ea4fef6"},"breadcrumb":{"@id":"https:\/\/dana.com.br\/canaldana\/2016\/05\/18\/diplomacia-e-modernizacao\/#breadcrumb"},"inLanguage":"pt-BR","potentialAction":[{"@type":"ReadAction","target":["https:\/\/dana.com.br\/canaldana\/2016\/05\/18\/diplomacia-e-modernizacao\/"]}]},{"@type":"BreadcrumbList","@id":"https:\/\/dana.com.br\/canaldana\/2016\/05\/18\/diplomacia-e-modernizacao\/#breadcrumb","itemListElement":[{"@type":"ListItem","position":1,"name":"Home","item":"https:\/\/dana.com.br\/canaldana\/"},{"@type":"ListItem","position":2,"name":"Destaques","item":"https:\/\/dana.com.br\/canaldana\/destaques\/"},{"@type":"ListItem","position":3,"name":"Diplomacia e moderniza\u00e7\u00e3o"}]},{"@type":"WebSite","@id":"https:\/\/dana.com.br\/canaldana\/#website","url":"https:\/\/dana.com.br\/canaldana\/","name":"Canal Dana","description":"Informativo com as principais not\u00edcias da ind\u00fastria automotiva","potentialAction":[{"@type":"SearchAction","target":{"@type":"EntryPoint","urlTemplate":"https:\/\/dana.com.br\/canaldana\/?s={search_term_string}"},"query-input":{"@type":"PropertyValueSpecification","valueRequired":true,"valueName":"search_term_string"}}],"inLanguage":"pt-BR"},{"@type":"Person","@id":"https:\/\/dana.com.br\/canaldana\/#\/schema\/person\/3c21f22f56fcf3bc46b94bc60ea4fef6","name":"Canal Dana","image":{"@type":"ImageObject","inLanguage":"pt-BR","@id":"https:\/\/secure.gravatar.com\/avatar\/420aaf9278582877d9018637c6817617705899d2858d7572ef0fe59a6b6454b4?s=96&d=mm&r=g","url":"https:\/\/secure.gravatar.com\/avatar\/420aaf9278582877d9018637c6817617705899d2858d7572ef0fe59a6b6454b4?s=96&d=mm&r=g","contentUrl":"https:\/\/secure.gravatar.com\/avatar\/420aaf9278582877d9018637c6817617705899d2858d7572ef0fe59a6b6454b4?s=96&d=mm&r=g","caption":"Canal Dana"},"url":"https:\/\/dana.com.br\/canaldana\/author\/cdeditor\/"}]}},"_links":{"self":[{"href":"https:\/\/dana.com.br\/canaldana\/wp-json\/wp\/v2\/posts\/8442","targetHints":{"allow":["GET"]}}],"collection":[{"href":"https:\/\/dana.com.br\/canaldana\/wp-json\/wp\/v2\/posts"}],"about":[{"href":"https:\/\/dana.com.br\/canaldana\/wp-json\/wp\/v2\/types\/post"}],"author":[{"embeddable":true,"href":"https:\/\/dana.com.br\/canaldana\/wp-json\/wp\/v2\/users\/3"}],"replies":[{"embeddable":true,"href":"https:\/\/dana.com.br\/canaldana\/wp-json\/wp\/v2\/comments?post=8442"}],"version-history":[{"count":0,"href":"https:\/\/dana.com.br\/canaldana\/wp-json\/wp\/v2\/posts\/8442\/revisions"}],"wp:attachment":[{"href":"https:\/\/dana.com.br\/canaldana\/wp-json\/wp\/v2\/media?parent=8442"}],"wp:term":[{"taxonomy":"category","embeddable":true,"href":"https:\/\/dana.com.br\/canaldana\/wp-json\/wp\/v2\/categories?post=8442"},{"taxonomy":"post_tag","embeddable":true,"href":"https:\/\/dana.com.br\/canaldana\/wp-json\/wp\/v2\/tags?post=8442"}],"curies":[{"name":"wp","href":"https:\/\/api.w.org\/{rel}","templated":true}]}}