{"id":8438,"date":"2016-05-18T08:42:36","date_gmt":"2016-05-18T11:42:36","guid":{"rendered":"http:\/\/dana.com.br\/canaldana\/?p=8438"},"modified":"2016-05-18T08:42:36","modified_gmt":"2016-05-18T11:42:36","slug":"industria-paulista-corta-4-mil-empregos-em-abril-diz-fiesp","status":"publish","type":"post","link":"https:\/\/dana.com.br\/canaldana\/2016\/05\/18\/industria-paulista-corta-4-mil-empregos-em-abril-diz-fiesp\/","title":{"rendered":"Ind\u00fastria paulista corta 4 mil empregos em abril, diz Fiesp"},"content":{"rendered":"<p><em>Ag\u00eancia Estado<\/em><\/p>\n<p>&nbsp;<\/p>\n<p>A ind\u00fastria paulista eliminou quatro mil vagas em abril, o que representa uma queda de 0,17% ante mar\u00e7o de 2016, sem ajuste sazonal, e recuo de 1,02% com ajuste sazonal. \u00c9 a primeira vez na s\u00e9rie hist\u00f3rica, que come\u00e7ou em 2006, que abril ficou com saldo negativo em empregos. Os dados s\u00e3o do Indicador de N\u00edvel de Emprego da Ind\u00fastria Paulista, divulgado nesta ter\u00e7a-feira, 17, pelo Departamento de Pesquisas e Estudos Econ\u00f4micos (Depecon), da Federa\u00e7\u00e3o e do Centro das Ind\u00fastrias do Estado de S\u00e3o Paulo (Fiesp e Ciesp).<\/p>\n<p>&nbsp;<\/p>\n<p>No ano at\u00e9 abril, a ind\u00fastria de S\u00e3o Paulo demitiu 34,5 mil trabalhadores, queda de 1,50% ante o mesmo per\u00edodo de 2015 e de abril do ano passado at\u00e9 abril de 2016, 253,5 mil postos foram fechados na ind\u00fastria do Estado (-10,06%).<\/p>\n<p>&nbsp;<\/p>\n<p>Conforme a Fiesp, apesar do saldo negativo, o ritmo de demiss\u00f5es diminuir\u00e1. &#8220;Com o forte ajuste que a ind\u00fastria tem feito desde o ano passado e as expectativas de mudan\u00e7as da condu\u00e7\u00e3o da pol\u00edtica econ\u00f4mica do pa\u00eds, nossa esperan\u00e7a \u00e9 que as demiss\u00f5es comecem a perder ritmo&#8221;, declarou, em nota. A expectativa para o fechamento do ano \u00e9 de cerca de 165 mil vagas a menos. Em 2015, esse n\u00famero ficou em 235 mil.<\/p>\n<p>&nbsp;<\/p>\n<p>Dos 22 setores pesquisados pela entidade, 16 tiveram saldo negativo de vagas, dois ficaram est\u00e1veis e quatro contrataram. O setor sucroalcooleiro foi novamente destaque de gera\u00e7\u00e3o de empregos, com alta de 7.073 postos de trabalho em abril, influenciando positivamente os setores de Produtos Aliment\u00edcios (que registrou saldo de 6.642 contrata\u00e7\u00f5es) e de Coque, Derivado de Petr\u00f3leo e Biocombust\u00edveis (cujo saldo foi de 1.129 empregos a mais).<\/p>\n<p>&nbsp;<\/p>\n<p>Por outro lado, o pior desempenho continua sendo o do segmento de ve\u00edculos automotores, reboques e carrocerias, com saldo de 2.309 demiss\u00f5es no m\u00eas.<\/p>\n<p>&nbsp;<\/p>\n<p>Na an\u00e1lise por regi\u00f5es, das 36 diretorias regionais, 20 sofreram varia\u00e7\u00e3o negativa no n\u00edvel de emprego em abril e 16 contrataram mais do que demitiram.<\/p>\n<p>&nbsp;<\/p>\n<p>Conforme a Fiesp, o destaque positivo ficou para as cidades de Sert\u00e3ozinho, com 10,04%; Ja\u00fa, 4,35%; e Santa B\u00e1rbara D&#8217;Oeste, 3,29%, enquanto o negativo ficou para S\u00e3o Caetano do Sul, com queda de 2,35% das vagas de trabalho; Guarulhos, 2,11% a menos, e Bauru, queda de 1,80%. (Ag\u00eancia Estado)<\/p>\n","protected":false},"excerpt":{"rendered":"<p>Ag\u00eancia Estado &nbsp; A ind\u00fastria paulista eliminou quatro mil vagas em abril, o que representa uma queda de 0,17% ante mar\u00e7o de 2016, sem ajuste sazonal, e recuo de 1,02% com ajuste sazonal. \u00c9 a primeira vez na s\u00e9rie hist\u00f3rica, que come\u00e7ou em 2006, que abril ficou com saldo negativo em empregos. Os dados s\u00e3o\u2026 <a class=\"readmore\" href=\"https:\/\/dana.com.br\/canaldana\/2016\/05\/18\/industria-paulista-corta-4-mil-empregos-em-abril-diz-fiesp\/\">Leia mais \u00bb<\/a><\/p>\n","protected":false},"author":3,"featured_media":0,"comment_status":"closed","ping_status":"closed","sticky":false,"template":"","format":"standard","meta":{"_acf_changed":false,"footnotes":""},"categories":[79],"tags":[],"class_list":["post-8438","post","type-post","status-publish","format-standard","hentry","category-mercado"],"acf":[],"yoast_head":"<!-- This site is optimized with the Yoast SEO plugin v27.3 - https:\/\/yoast.com\/product\/yoast-seo-wordpress\/ -->\n<title>Ind\u00fastria paulista corta 4 mil empregos em abril, diz Fiesp - Canal Dana<\/title>\n<meta name=\"robots\" content=\"index, follow, max-snippet:-1, max-image-preview:large, max-video-preview:-1\" \/>\n<link rel=\"canonical\" href=\"https:\/\/dana.com.br\/canaldana\/2016\/05\/18\/industria-paulista-corta-4-mil-empregos-em-abril-diz-fiesp\/\" \/>\n<meta property=\"og:locale\" content=\"pt_BR\" \/>\n<meta property=\"og:type\" content=\"article\" \/>\n<meta property=\"og:title\" content=\"Ind\u00fastria paulista corta 4 mil empregos em abril, diz Fiesp - Canal Dana\" \/>\n<meta property=\"og:description\" content=\"Ag\u00eancia Estado &nbsp; A ind\u00fastria paulista eliminou quatro mil vagas em abril, o que representa uma queda de 0,17% ante mar\u00e7o de 2016, sem ajuste sazonal, e recuo de 1,02% com ajuste sazonal. \u00c9 a primeira vez na s\u00e9rie hist\u00f3rica, que come\u00e7ou em 2006, que abril ficou com saldo negativo em empregos. Os dados s\u00e3o\u2026 Leia mais \u00bb\" \/>\n<meta property=\"og:url\" content=\"https:\/\/dana.com.br\/canaldana\/2016\/05\/18\/industria-paulista-corta-4-mil-empregos-em-abril-diz-fiesp\/\" \/>\n<meta property=\"og:site_name\" content=\"Canal Dana\" \/>\n<meta property=\"article:published_time\" content=\"2016-05-18T11:42:36+00:00\" \/>\n<meta name=\"author\" content=\"Canal Dana\" \/>\n<meta name=\"twitter:card\" content=\"summary_large_image\" \/>\n<meta name=\"twitter:label1\" content=\"Escrito por\" \/>\n\t<meta name=\"twitter:data1\" content=\"Canal Dana\" \/>\n\t<meta name=\"twitter:label2\" content=\"Est. tempo de leitura\" \/>\n\t<meta name=\"twitter:data2\" content=\"2 minutos\" \/>\n<script type=\"application\/ld+json\" class=\"yoast-schema-graph\">{\"@context\":\"https:\\\/\\\/schema.org\",\"@graph\":[{\"@type\":\"Article\",\"@id\":\"https:\\\/\\\/dana.com.br\\\/canaldana\\\/2016\\\/05\\\/18\\\/industria-paulista-corta-4-mil-empregos-em-abril-diz-fiesp\\\/#article\",\"isPartOf\":{\"@id\":\"https:\\\/\\\/dana.com.br\\\/canaldana\\\/2016\\\/05\\\/18\\\/industria-paulista-corta-4-mil-empregos-em-abril-diz-fiesp\\\/\"},\"author\":{\"name\":\"Canal Dana\",\"@id\":\"https:\\\/\\\/dana.com.br\\\/canaldana\\\/#\\\/schema\\\/person\\\/3c21f22f56fcf3bc46b94bc60ea4fef6\"},\"headline\":\"Ind\u00fastria paulista corta 4 mil empregos em abril, diz Fiesp\",\"datePublished\":\"2016-05-18T11:42:36+00:00\",\"mainEntityOfPage\":{\"@id\":\"https:\\\/\\\/dana.com.br\\\/canaldana\\\/2016\\\/05\\\/18\\\/industria-paulista-corta-4-mil-empregos-em-abril-diz-fiesp\\\/\"},\"wordCount\":401,\"articleSection\":[\"Mercado\"],\"inLanguage\":\"pt-BR\"},{\"@type\":\"WebPage\",\"@id\":\"https:\\\/\\\/dana.com.br\\\/canaldana\\\/2016\\\/05\\\/18\\\/industria-paulista-corta-4-mil-empregos-em-abril-diz-fiesp\\\/\",\"url\":\"https:\\\/\\\/dana.com.br\\\/canaldana\\\/2016\\\/05\\\/18\\\/industria-paulista-corta-4-mil-empregos-em-abril-diz-fiesp\\\/\",\"name\":\"Ind\u00fastria paulista corta 4 mil empregos em abril, diz Fiesp - Canal Dana\",\"isPartOf\":{\"@id\":\"https:\\\/\\\/dana.com.br\\\/canaldana\\\/#website\"},\"datePublished\":\"2016-05-18T11:42:36+00:00\",\"author\":{\"@id\":\"https:\\\/\\\/dana.com.br\\\/canaldana\\\/#\\\/schema\\\/person\\\/3c21f22f56fcf3bc46b94bc60ea4fef6\"},\"breadcrumb\":{\"@id\":\"https:\\\/\\\/dana.com.br\\\/canaldana\\\/2016\\\/05\\\/18\\\/industria-paulista-corta-4-mil-empregos-em-abril-diz-fiesp\\\/#breadcrumb\"},\"inLanguage\":\"pt-BR\",\"potentialAction\":[{\"@type\":\"ReadAction\",\"target\":[\"https:\\\/\\\/dana.com.br\\\/canaldana\\\/2016\\\/05\\\/18\\\/industria-paulista-corta-4-mil-empregos-em-abril-diz-fiesp\\\/\"]}]},{\"@type\":\"BreadcrumbList\",\"@id\":\"https:\\\/\\\/dana.com.br\\\/canaldana\\\/2016\\\/05\\\/18\\\/industria-paulista-corta-4-mil-empregos-em-abril-diz-fiesp\\\/#breadcrumb\",\"itemListElement\":[{\"@type\":\"ListItem\",\"position\":1,\"name\":\"Home\",\"item\":\"https:\\\/\\\/dana.com.br\\\/canaldana\\\/\"},{\"@type\":\"ListItem\",\"position\":2,\"name\":\"Mercado\",\"item\":\"https:\\\/\\\/dana.com.br\\\/canaldana\\\/mercado\\\/\"},{\"@type\":\"ListItem\",\"position\":3,\"name\":\"Ind\u00fastria paulista corta 4 mil empregos em abril, diz Fiesp\"}]},{\"@type\":\"WebSite\",\"@id\":\"https:\\\/\\\/dana.com.br\\\/canaldana\\\/#website\",\"url\":\"https:\\\/\\\/dana.com.br\\\/canaldana\\\/\",\"name\":\"Canal Dana\",\"description\":\"Informativo com as principais not\u00edcias da ind\u00fastria automotiva\",\"potentialAction\":[{\"@type\":\"SearchAction\",\"target\":{\"@type\":\"EntryPoint\",\"urlTemplate\":\"https:\\\/\\\/dana.com.br\\\/canaldana\\\/?s={search_term_string}\"},\"query-input\":{\"@type\":\"PropertyValueSpecification\",\"valueRequired\":true,\"valueName\":\"search_term_string\"}}],\"inLanguage\":\"pt-BR\"},{\"@type\":\"Person\",\"@id\":\"https:\\\/\\\/dana.com.br\\\/canaldana\\\/#\\\/schema\\\/person\\\/3c21f22f56fcf3bc46b94bc60ea4fef6\",\"name\":\"Canal Dana\",\"image\":{\"@type\":\"ImageObject\",\"inLanguage\":\"pt-BR\",\"@id\":\"https:\\\/\\\/secure.gravatar.com\\\/avatar\\\/420aaf9278582877d9018637c6817617705899d2858d7572ef0fe59a6b6454b4?s=96&d=mm&r=g\",\"url\":\"https:\\\/\\\/secure.gravatar.com\\\/avatar\\\/420aaf9278582877d9018637c6817617705899d2858d7572ef0fe59a6b6454b4?s=96&d=mm&r=g\",\"contentUrl\":\"https:\\\/\\\/secure.gravatar.com\\\/avatar\\\/420aaf9278582877d9018637c6817617705899d2858d7572ef0fe59a6b6454b4?s=96&d=mm&r=g\",\"caption\":\"Canal Dana\"},\"url\":\"https:\\\/\\\/dana.com.br\\\/canaldana\\\/author\\\/cdeditor\\\/\"}]}<\/script>\n<!-- \/ Yoast SEO plugin. -->","yoast_head_json":{"title":"Ind\u00fastria paulista corta 4 mil empregos em abril, diz Fiesp - Canal Dana","robots":{"index":"index","follow":"follow","max-snippet":"max-snippet:-1","max-image-preview":"max-image-preview:large","max-video-preview":"max-video-preview:-1"},"canonical":"https:\/\/dana.com.br\/canaldana\/2016\/05\/18\/industria-paulista-corta-4-mil-empregos-em-abril-diz-fiesp\/","og_locale":"pt_BR","og_type":"article","og_title":"Ind\u00fastria paulista corta 4 mil empregos em abril, diz Fiesp - Canal Dana","og_description":"Ag\u00eancia Estado &nbsp; A ind\u00fastria paulista eliminou quatro mil vagas em abril, o que representa uma queda de 0,17% ante mar\u00e7o de 2016, sem ajuste sazonal, e recuo de 1,02% com ajuste sazonal. \u00c9 a primeira vez na s\u00e9rie hist\u00f3rica, que come\u00e7ou em 2006, que abril ficou com saldo negativo em empregos. Os dados s\u00e3o\u2026 Leia mais \u00bb","og_url":"https:\/\/dana.com.br\/canaldana\/2016\/05\/18\/industria-paulista-corta-4-mil-empregos-em-abril-diz-fiesp\/","og_site_name":"Canal Dana","article_published_time":"2016-05-18T11:42:36+00:00","author":"Canal Dana","twitter_card":"summary_large_image","twitter_misc":{"Escrito por":"Canal Dana","Est. tempo de leitura":"2 minutos"},"schema":{"@context":"https:\/\/schema.org","@graph":[{"@type":"Article","@id":"https:\/\/dana.com.br\/canaldana\/2016\/05\/18\/industria-paulista-corta-4-mil-empregos-em-abril-diz-fiesp\/#article","isPartOf":{"@id":"https:\/\/dana.com.br\/canaldana\/2016\/05\/18\/industria-paulista-corta-4-mil-empregos-em-abril-diz-fiesp\/"},"author":{"name":"Canal Dana","@id":"https:\/\/dana.com.br\/canaldana\/#\/schema\/person\/3c21f22f56fcf3bc46b94bc60ea4fef6"},"headline":"Ind\u00fastria paulista corta 4 mil empregos em abril, diz Fiesp","datePublished":"2016-05-18T11:42:36+00:00","mainEntityOfPage":{"@id":"https:\/\/dana.com.br\/canaldana\/2016\/05\/18\/industria-paulista-corta-4-mil-empregos-em-abril-diz-fiesp\/"},"wordCount":401,"articleSection":["Mercado"],"inLanguage":"pt-BR"},{"@type":"WebPage","@id":"https:\/\/dana.com.br\/canaldana\/2016\/05\/18\/industria-paulista-corta-4-mil-empregos-em-abril-diz-fiesp\/","url":"https:\/\/dana.com.br\/canaldana\/2016\/05\/18\/industria-paulista-corta-4-mil-empregos-em-abril-diz-fiesp\/","name":"Ind\u00fastria paulista corta 4 mil empregos em abril, diz Fiesp - Canal Dana","isPartOf":{"@id":"https:\/\/dana.com.br\/canaldana\/#website"},"datePublished":"2016-05-18T11:42:36+00:00","author":{"@id":"https:\/\/dana.com.br\/canaldana\/#\/schema\/person\/3c21f22f56fcf3bc46b94bc60ea4fef6"},"breadcrumb":{"@id":"https:\/\/dana.com.br\/canaldana\/2016\/05\/18\/industria-paulista-corta-4-mil-empregos-em-abril-diz-fiesp\/#breadcrumb"},"inLanguage":"pt-BR","potentialAction":[{"@type":"ReadAction","target":["https:\/\/dana.com.br\/canaldana\/2016\/05\/18\/industria-paulista-corta-4-mil-empregos-em-abril-diz-fiesp\/"]}]},{"@type":"BreadcrumbList","@id":"https:\/\/dana.com.br\/canaldana\/2016\/05\/18\/industria-paulista-corta-4-mil-empregos-em-abril-diz-fiesp\/#breadcrumb","itemListElement":[{"@type":"ListItem","position":1,"name":"Home","item":"https:\/\/dana.com.br\/canaldana\/"},{"@type":"ListItem","position":2,"name":"Mercado","item":"https:\/\/dana.com.br\/canaldana\/mercado\/"},{"@type":"ListItem","position":3,"name":"Ind\u00fastria paulista corta 4 mil empregos em abril, diz Fiesp"}]},{"@type":"WebSite","@id":"https:\/\/dana.com.br\/canaldana\/#website","url":"https:\/\/dana.com.br\/canaldana\/","name":"Canal Dana","description":"Informativo com as principais not\u00edcias da ind\u00fastria automotiva","potentialAction":[{"@type":"SearchAction","target":{"@type":"EntryPoint","urlTemplate":"https:\/\/dana.com.br\/canaldana\/?s={search_term_string}"},"query-input":{"@type":"PropertyValueSpecification","valueRequired":true,"valueName":"search_term_string"}}],"inLanguage":"pt-BR"},{"@type":"Person","@id":"https:\/\/dana.com.br\/canaldana\/#\/schema\/person\/3c21f22f56fcf3bc46b94bc60ea4fef6","name":"Canal Dana","image":{"@type":"ImageObject","inLanguage":"pt-BR","@id":"https:\/\/secure.gravatar.com\/avatar\/420aaf9278582877d9018637c6817617705899d2858d7572ef0fe59a6b6454b4?s=96&d=mm&r=g","url":"https:\/\/secure.gravatar.com\/avatar\/420aaf9278582877d9018637c6817617705899d2858d7572ef0fe59a6b6454b4?s=96&d=mm&r=g","contentUrl":"https:\/\/secure.gravatar.com\/avatar\/420aaf9278582877d9018637c6817617705899d2858d7572ef0fe59a6b6454b4?s=96&d=mm&r=g","caption":"Canal Dana"},"url":"https:\/\/dana.com.br\/canaldana\/author\/cdeditor\/"}]}},"_links":{"self":[{"href":"https:\/\/dana.com.br\/canaldana\/wp-json\/wp\/v2\/posts\/8438","targetHints":{"allow":["GET"]}}],"collection":[{"href":"https:\/\/dana.com.br\/canaldana\/wp-json\/wp\/v2\/posts"}],"about":[{"href":"https:\/\/dana.com.br\/canaldana\/wp-json\/wp\/v2\/types\/post"}],"author":[{"embeddable":true,"href":"https:\/\/dana.com.br\/canaldana\/wp-json\/wp\/v2\/users\/3"}],"replies":[{"embeddable":true,"href":"https:\/\/dana.com.br\/canaldana\/wp-json\/wp\/v2\/comments?post=8438"}],"version-history":[{"count":0,"href":"https:\/\/dana.com.br\/canaldana\/wp-json\/wp\/v2\/posts\/8438\/revisions"}],"wp:attachment":[{"href":"https:\/\/dana.com.br\/canaldana\/wp-json\/wp\/v2\/media?parent=8438"}],"wp:term":[{"taxonomy":"category","embeddable":true,"href":"https:\/\/dana.com.br\/canaldana\/wp-json\/wp\/v2\/categories?post=8438"},{"taxonomy":"post_tag","embeddable":true,"href":"https:\/\/dana.com.br\/canaldana\/wp-json\/wp\/v2\/tags?post=8438"}],"curies":[{"name":"wp","href":"https:\/\/api.w.org\/{rel}","templated":true}]}}