{"id":8068,"date":"2016-05-03T08:45:57","date_gmt":"2016-05-03T11:45:57","guid":{"rendered":"http:\/\/dana.com.br\/canaldana\/?p=8068"},"modified":"2016-05-03T08:45:57","modified_gmt":"2016-05-03T11:45:57","slug":"gm-demite-300-funcionarios-na-fabrica-de-gravatai-rs-apos-fim-de-lay-off","status":"publish","type":"post","link":"https:\/\/dana.com.br\/canaldana\/2016\/05\/03\/gm-demite-300-funcionarios-na-fabrica-de-gravatai-rs-apos-fim-de-lay-off\/","title":{"rendered":"GM demite 300 funcion\u00e1rios na f\u00e1brica de Gravata\u00ed (RS) ap\u00f3s fim de lay-off"},"content":{"rendered":"<p><em>O Estado de S. Paulo<\/em><\/p>\n<p>&nbsp;<\/p>\n<p>A General Motors (GM) decidiu desligar 300 funcion\u00e1rios da f\u00e1brica de Gravata\u00ed, na regi\u00e3o metropolitana de Porto Alegre, ap\u00f3s o fim do per\u00edodo de lay\u00adoff (suspens\u00e3o tempor\u00e1ria de contratos) no \u00faltimo s\u00e1bado. A informa\u00e7\u00e3o \u00e9 do Sindicato dos Metal\u00fargicos da cidade, que vai levar o caso para a Justi\u00e7a trabalhista. A empresa tem cerca de 3,5 mil funcion\u00e1rios em Gravata\u00ed, onde produz os modelos Prisma e o Onix \u00ad este segundo foi o l\u00edder de vendas no Pa\u00eds em 2015, com 125,9 mil unidades comercializadas.<\/p>\n<p>&nbsp;<\/p>\n<p>Em novembro do ano passado, os funcion\u00e1rios da (GM) em Gravata\u00ed aprovaram proposta da montadora para que 825 pessoas fossem colocadas em lay\u00adoff por cinco meses, de 1\u00ba de dezembro a 30 de abril. A medida resultou no encerramento do terceiro turno de trabalho.<\/p>\n<p>&nbsp;<\/p>\n<p>Ao longo dos meses seguintes, parte dos colaboradores foi chamada de volta para atuar nos outros turnos. No fim da semana passada, no entanto, a companhia notificou o sindicato de que 300 pessoas seriam demitidas.<\/p>\n<p>&nbsp;<\/p>\n<p>Em nota enviada ao Broadcast, servi\u00e7o de informa\u00e7\u00f5es em tempo real da Ag\u00eancia Estado, a GM refor\u00e7ou que, em dezembro de 2015, durante o per\u00edodo do acordo de lay\u00adoff, mais da metade dos empregados retornou ao trabalho em Gravata\u00ed. A empresa tamb\u00e9m salientou que &#8220;a esperada recupera\u00e7\u00e3o do mercado, infelizmente, n\u00e3o aconteceu&#8221; e que &#8220;houve queda de mais de 26% nas vendas da ind\u00fastria apenas nos primeiros 4 meses de 2016&#8221;.<\/p>\n<p>&nbsp;<\/p>\n<p>O presidente do Sindicato dos Metal\u00fargicos de Gravata\u00ed, Valcir Ascari, disse que os trabalhadores est\u00e3o sendo comunicados da demiss\u00e3o por telegrama. Ele alega que os motivos da montadora para justificar os desligamentos s\u00e3o inconsistentes. Segundo Ascari, no primeiro trimestre deste ano a unidade de Gravata\u00ed apresentou rea\u00e7\u00e3o nas vendas, com a comercializa\u00e7\u00e3o de 32.337 unidades de Onix e Prisma, ante 27.480 unidades vendidas no mesmo per\u00edodo de 2015. &#8220;O sindicato buscou, em todo o per\u00edodo de lay\u00adoff, dialogar com a montadora e viabilizar uma solu\u00e7\u00e3o para os trabalhadores que estavam fora&#8221;, relatou.<\/p>\n<p>&nbsp;<\/p>\n<p>Ascari conta que n\u00e3o chegou a discutir com a empresa uma poss\u00edvel extens\u00e3o do per\u00edodo do lay\u00adoff, recurso que vem sendo adotado em S\u00e3o Caetano do Sul, no ABC Paulista, para evitar demiss\u00f5es. &#8220;A expectativa era de que todos os funcion\u00e1rios fossem chamados de volta ao trabalho&#8221;, afirmou. De acordo com o sindicato, os ajustes efetuados pela montadora em Gravata\u00ed nos \u00faltimos 12 meses j\u00e1 seriam suficientes para a manuten\u00e7\u00e3o do quadro atual.<\/p>\n<p>&nbsp;<\/p>\n<p>A partir de agora, conforme Ascari, a estrat\u00e9gia para tentar reverter os desligamentos passa inevitavelmente pela esfera jur\u00eddica. A entidade est\u00e1 elaborando um plano de a\u00e7\u00e3o para recorrer ao Tribunal Regional do Trabalho da 4\u00aa Regi\u00e3o. (O Estado de S. Paulo\/Gabriela Lara)<\/p>\n","protected":false},"excerpt":{"rendered":"<p>O Estado de S. Paulo &nbsp; A General Motors (GM) decidiu desligar 300 funcion\u00e1rios da f\u00e1brica de Gravata\u00ed, na regi\u00e3o metropolitana de Porto Alegre, ap\u00f3s o fim do per\u00edodo de lay\u00adoff (suspens\u00e3o tempor\u00e1ria de contratos) no \u00faltimo s\u00e1bado. A informa\u00e7\u00e3o \u00e9 do Sindicato dos Metal\u00fargicos da cidade, que vai levar o caso para a Justi\u00e7a\u2026 <a class=\"readmore\" href=\"https:\/\/dana.com.br\/canaldana\/2016\/05\/03\/gm-demite-300-funcionarios-na-fabrica-de-gravatai-rs-apos-fim-de-lay-off\/\">Leia mais \u00bb<\/a><\/p>\n","protected":false},"author":3,"featured_media":0,"comment_status":"closed","ping_status":"closed","sticky":false,"template":"","format":"standard","meta":{"_acf_changed":false,"footnotes":""},"categories":[61],"tags":[],"class_list":["post-8068","post","type-post","status-publish","format-standard","hentry","category-destaques"],"acf":[],"yoast_head":"<!-- This site is optimized with the Yoast SEO plugin v27.5 - https:\/\/yoast.com\/product\/yoast-seo-wordpress\/ -->\n<title>GM demite 300 funcion\u00e1rios na f\u00e1brica de Gravata\u00ed (RS) ap\u00f3s fim de lay-off - Canal Dana<\/title>\n<meta name=\"robots\" content=\"index, follow, max-snippet:-1, max-image-preview:large, max-video-preview:-1\" \/>\n<link rel=\"canonical\" href=\"https:\/\/dana.com.br\/canaldana\/2016\/05\/03\/gm-demite-300-funcionarios-na-fabrica-de-gravatai-rs-apos-fim-de-lay-off\/\" \/>\n<meta property=\"og:locale\" content=\"pt_BR\" \/>\n<meta property=\"og:type\" content=\"article\" \/>\n<meta property=\"og:title\" content=\"GM demite 300 funcion\u00e1rios na f\u00e1brica de Gravata\u00ed (RS) ap\u00f3s fim de lay-off - Canal Dana\" \/>\n<meta property=\"og:description\" content=\"O Estado de S. Paulo &nbsp; A General Motors (GM) decidiu desligar 300 funcion\u00e1rios da f\u00e1brica de Gravata\u00ed, na regi\u00e3o metropolitana de Porto Alegre, ap\u00f3s o fim do per\u00edodo de lay\u00adoff (suspens\u00e3o tempor\u00e1ria de contratos) no \u00faltimo s\u00e1bado. A informa\u00e7\u00e3o \u00e9 do Sindicato dos Metal\u00fargicos da cidade, que vai levar o caso para a Justi\u00e7a\u2026 Leia mais \u00bb\" \/>\n<meta property=\"og:url\" content=\"https:\/\/dana.com.br\/canaldana\/2016\/05\/03\/gm-demite-300-funcionarios-na-fabrica-de-gravatai-rs-apos-fim-de-lay-off\/\" \/>\n<meta property=\"og:site_name\" content=\"Canal Dana\" \/>\n<meta property=\"article:published_time\" content=\"2016-05-03T11:45:57+00:00\" \/>\n<meta name=\"author\" content=\"Canal Dana\" \/>\n<meta name=\"twitter:card\" content=\"summary_large_image\" \/>\n<meta name=\"twitter:label1\" content=\"Escrito por\" \/>\n\t<meta name=\"twitter:data1\" content=\"Canal Dana\" \/>\n\t<meta name=\"twitter:label2\" content=\"Est. tempo de leitura\" \/>\n\t<meta name=\"twitter:data2\" content=\"2 minutos\" \/>\n<script type=\"application\/ld+json\" class=\"yoast-schema-graph\">{\"@context\":\"https:\\\/\\\/schema.org\",\"@graph\":[{\"@type\":\"Article\",\"@id\":\"https:\\\/\\\/dana.com.br\\\/canaldana\\\/2016\\\/05\\\/03\\\/gm-demite-300-funcionarios-na-fabrica-de-gravatai-rs-apos-fim-de-lay-off\\\/#article\",\"isPartOf\":{\"@id\":\"https:\\\/\\\/dana.com.br\\\/canaldana\\\/2016\\\/05\\\/03\\\/gm-demite-300-funcionarios-na-fabrica-de-gravatai-rs-apos-fim-de-lay-off\\\/\"},\"author\":{\"name\":\"Canal Dana\",\"@id\":\"https:\\\/\\\/dana.com.br\\\/canaldana\\\/#\\\/schema\\\/person\\\/3c21f22f56fcf3bc46b94bc60ea4fef6\"},\"headline\":\"GM demite 300 funcion\u00e1rios na f\u00e1brica de Gravata\u00ed (RS) ap\u00f3s fim de lay-off\",\"datePublished\":\"2016-05-03T11:45:57+00:00\",\"mainEntityOfPage\":{\"@id\":\"https:\\\/\\\/dana.com.br\\\/canaldana\\\/2016\\\/05\\\/03\\\/gm-demite-300-funcionarios-na-fabrica-de-gravatai-rs-apos-fim-de-lay-off\\\/\"},\"wordCount\":501,\"articleSection\":[\"Destaques\"],\"inLanguage\":\"pt-BR\"},{\"@type\":\"WebPage\",\"@id\":\"https:\\\/\\\/dana.com.br\\\/canaldana\\\/2016\\\/05\\\/03\\\/gm-demite-300-funcionarios-na-fabrica-de-gravatai-rs-apos-fim-de-lay-off\\\/\",\"url\":\"https:\\\/\\\/dana.com.br\\\/canaldana\\\/2016\\\/05\\\/03\\\/gm-demite-300-funcionarios-na-fabrica-de-gravatai-rs-apos-fim-de-lay-off\\\/\",\"name\":\"GM demite 300 funcion\u00e1rios na f\u00e1brica de Gravata\u00ed (RS) ap\u00f3s fim de lay-off - Canal Dana\",\"isPartOf\":{\"@id\":\"https:\\\/\\\/dana.com.br\\\/canaldana\\\/#website\"},\"datePublished\":\"2016-05-03T11:45:57+00:00\",\"author\":{\"@id\":\"https:\\\/\\\/dana.com.br\\\/canaldana\\\/#\\\/schema\\\/person\\\/3c21f22f56fcf3bc46b94bc60ea4fef6\"},\"breadcrumb\":{\"@id\":\"https:\\\/\\\/dana.com.br\\\/canaldana\\\/2016\\\/05\\\/03\\\/gm-demite-300-funcionarios-na-fabrica-de-gravatai-rs-apos-fim-de-lay-off\\\/#breadcrumb\"},\"inLanguage\":\"pt-BR\",\"potentialAction\":[{\"@type\":\"ReadAction\",\"target\":[\"https:\\\/\\\/dana.com.br\\\/canaldana\\\/2016\\\/05\\\/03\\\/gm-demite-300-funcionarios-na-fabrica-de-gravatai-rs-apos-fim-de-lay-off\\\/\"]}]},{\"@type\":\"BreadcrumbList\",\"@id\":\"https:\\\/\\\/dana.com.br\\\/canaldana\\\/2016\\\/05\\\/03\\\/gm-demite-300-funcionarios-na-fabrica-de-gravatai-rs-apos-fim-de-lay-off\\\/#breadcrumb\",\"itemListElement\":[{\"@type\":\"ListItem\",\"position\":1,\"name\":\"Home\",\"item\":\"https:\\\/\\\/dana.com.br\\\/canaldana\\\/\"},{\"@type\":\"ListItem\",\"position\":2,\"name\":\"Destaques\",\"item\":\"https:\\\/\\\/dana.com.br\\\/canaldana\\\/destaques\\\/\"},{\"@type\":\"ListItem\",\"position\":3,\"name\":\"GM demite 300 funcion\u00e1rios na f\u00e1brica de Gravata\u00ed (RS) ap\u00f3s fim de lay-off\"}]},{\"@type\":\"WebSite\",\"@id\":\"https:\\\/\\\/dana.com.br\\\/canaldana\\\/#website\",\"url\":\"https:\\\/\\\/dana.com.br\\\/canaldana\\\/\",\"name\":\"Canal Dana\",\"description\":\"Informativo com as principais not\u00edcias da ind\u00fastria automotiva\",\"potentialAction\":[{\"@type\":\"SearchAction\",\"target\":{\"@type\":\"EntryPoint\",\"urlTemplate\":\"https:\\\/\\\/dana.com.br\\\/canaldana\\\/?s={search_term_string}\"},\"query-input\":{\"@type\":\"PropertyValueSpecification\",\"valueRequired\":true,\"valueName\":\"search_term_string\"}}],\"inLanguage\":\"pt-BR\"},{\"@type\":\"Person\",\"@id\":\"https:\\\/\\\/dana.com.br\\\/canaldana\\\/#\\\/schema\\\/person\\\/3c21f22f56fcf3bc46b94bc60ea4fef6\",\"name\":\"Canal Dana\",\"image\":{\"@type\":\"ImageObject\",\"inLanguage\":\"pt-BR\",\"@id\":\"https:\\\/\\\/secure.gravatar.com\\\/avatar\\\/420aaf9278582877d9018637c6817617705899d2858d7572ef0fe59a6b6454b4?s=96&d=mm&r=g\",\"url\":\"https:\\\/\\\/secure.gravatar.com\\\/avatar\\\/420aaf9278582877d9018637c6817617705899d2858d7572ef0fe59a6b6454b4?s=96&d=mm&r=g\",\"contentUrl\":\"https:\\\/\\\/secure.gravatar.com\\\/avatar\\\/420aaf9278582877d9018637c6817617705899d2858d7572ef0fe59a6b6454b4?s=96&d=mm&r=g\",\"caption\":\"Canal Dana\"},\"url\":\"https:\\\/\\\/dana.com.br\\\/canaldana\\\/author\\\/cdeditor\\\/\"}]}<\/script>\n<!-- \/ Yoast SEO plugin. -->","yoast_head_json":{"title":"GM demite 300 funcion\u00e1rios na f\u00e1brica de Gravata\u00ed (RS) ap\u00f3s fim de lay-off - Canal Dana","robots":{"index":"index","follow":"follow","max-snippet":"max-snippet:-1","max-image-preview":"max-image-preview:large","max-video-preview":"max-video-preview:-1"},"canonical":"https:\/\/dana.com.br\/canaldana\/2016\/05\/03\/gm-demite-300-funcionarios-na-fabrica-de-gravatai-rs-apos-fim-de-lay-off\/","og_locale":"pt_BR","og_type":"article","og_title":"GM demite 300 funcion\u00e1rios na f\u00e1brica de Gravata\u00ed (RS) ap\u00f3s fim de lay-off - Canal Dana","og_description":"O Estado de S. Paulo &nbsp; A General Motors (GM) decidiu desligar 300 funcion\u00e1rios da f\u00e1brica de Gravata\u00ed, na regi\u00e3o metropolitana de Porto Alegre, ap\u00f3s o fim do per\u00edodo de lay\u00adoff (suspens\u00e3o tempor\u00e1ria de contratos) no \u00faltimo s\u00e1bado. A informa\u00e7\u00e3o \u00e9 do Sindicato dos Metal\u00fargicos da cidade, que vai levar o caso para a Justi\u00e7a\u2026 Leia mais \u00bb","og_url":"https:\/\/dana.com.br\/canaldana\/2016\/05\/03\/gm-demite-300-funcionarios-na-fabrica-de-gravatai-rs-apos-fim-de-lay-off\/","og_site_name":"Canal Dana","article_published_time":"2016-05-03T11:45:57+00:00","author":"Canal Dana","twitter_card":"summary_large_image","twitter_misc":{"Escrito por":"Canal Dana","Est. tempo de leitura":"2 minutos"},"schema":{"@context":"https:\/\/schema.org","@graph":[{"@type":"Article","@id":"https:\/\/dana.com.br\/canaldana\/2016\/05\/03\/gm-demite-300-funcionarios-na-fabrica-de-gravatai-rs-apos-fim-de-lay-off\/#article","isPartOf":{"@id":"https:\/\/dana.com.br\/canaldana\/2016\/05\/03\/gm-demite-300-funcionarios-na-fabrica-de-gravatai-rs-apos-fim-de-lay-off\/"},"author":{"name":"Canal Dana","@id":"https:\/\/dana.com.br\/canaldana\/#\/schema\/person\/3c21f22f56fcf3bc46b94bc60ea4fef6"},"headline":"GM demite 300 funcion\u00e1rios na f\u00e1brica de Gravata\u00ed (RS) ap\u00f3s fim de lay-off","datePublished":"2016-05-03T11:45:57+00:00","mainEntityOfPage":{"@id":"https:\/\/dana.com.br\/canaldana\/2016\/05\/03\/gm-demite-300-funcionarios-na-fabrica-de-gravatai-rs-apos-fim-de-lay-off\/"},"wordCount":501,"articleSection":["Destaques"],"inLanguage":"pt-BR"},{"@type":"WebPage","@id":"https:\/\/dana.com.br\/canaldana\/2016\/05\/03\/gm-demite-300-funcionarios-na-fabrica-de-gravatai-rs-apos-fim-de-lay-off\/","url":"https:\/\/dana.com.br\/canaldana\/2016\/05\/03\/gm-demite-300-funcionarios-na-fabrica-de-gravatai-rs-apos-fim-de-lay-off\/","name":"GM demite 300 funcion\u00e1rios na f\u00e1brica de Gravata\u00ed (RS) ap\u00f3s fim de lay-off - Canal Dana","isPartOf":{"@id":"https:\/\/dana.com.br\/canaldana\/#website"},"datePublished":"2016-05-03T11:45:57+00:00","author":{"@id":"https:\/\/dana.com.br\/canaldana\/#\/schema\/person\/3c21f22f56fcf3bc46b94bc60ea4fef6"},"breadcrumb":{"@id":"https:\/\/dana.com.br\/canaldana\/2016\/05\/03\/gm-demite-300-funcionarios-na-fabrica-de-gravatai-rs-apos-fim-de-lay-off\/#breadcrumb"},"inLanguage":"pt-BR","potentialAction":[{"@type":"ReadAction","target":["https:\/\/dana.com.br\/canaldana\/2016\/05\/03\/gm-demite-300-funcionarios-na-fabrica-de-gravatai-rs-apos-fim-de-lay-off\/"]}]},{"@type":"BreadcrumbList","@id":"https:\/\/dana.com.br\/canaldana\/2016\/05\/03\/gm-demite-300-funcionarios-na-fabrica-de-gravatai-rs-apos-fim-de-lay-off\/#breadcrumb","itemListElement":[{"@type":"ListItem","position":1,"name":"Home","item":"https:\/\/dana.com.br\/canaldana\/"},{"@type":"ListItem","position":2,"name":"Destaques","item":"https:\/\/dana.com.br\/canaldana\/destaques\/"},{"@type":"ListItem","position":3,"name":"GM demite 300 funcion\u00e1rios na f\u00e1brica de Gravata\u00ed (RS) ap\u00f3s fim de lay-off"}]},{"@type":"WebSite","@id":"https:\/\/dana.com.br\/canaldana\/#website","url":"https:\/\/dana.com.br\/canaldana\/","name":"Canal Dana","description":"Informativo com as principais not\u00edcias da ind\u00fastria automotiva","potentialAction":[{"@type":"SearchAction","target":{"@type":"EntryPoint","urlTemplate":"https:\/\/dana.com.br\/canaldana\/?s={search_term_string}"},"query-input":{"@type":"PropertyValueSpecification","valueRequired":true,"valueName":"search_term_string"}}],"inLanguage":"pt-BR"},{"@type":"Person","@id":"https:\/\/dana.com.br\/canaldana\/#\/schema\/person\/3c21f22f56fcf3bc46b94bc60ea4fef6","name":"Canal Dana","image":{"@type":"ImageObject","inLanguage":"pt-BR","@id":"https:\/\/secure.gravatar.com\/avatar\/420aaf9278582877d9018637c6817617705899d2858d7572ef0fe59a6b6454b4?s=96&d=mm&r=g","url":"https:\/\/secure.gravatar.com\/avatar\/420aaf9278582877d9018637c6817617705899d2858d7572ef0fe59a6b6454b4?s=96&d=mm&r=g","contentUrl":"https:\/\/secure.gravatar.com\/avatar\/420aaf9278582877d9018637c6817617705899d2858d7572ef0fe59a6b6454b4?s=96&d=mm&r=g","caption":"Canal Dana"},"url":"https:\/\/dana.com.br\/canaldana\/author\/cdeditor\/"}]}},"_links":{"self":[{"href":"https:\/\/dana.com.br\/canaldana\/wp-json\/wp\/v2\/posts\/8068","targetHints":{"allow":["GET"]}}],"collection":[{"href":"https:\/\/dana.com.br\/canaldana\/wp-json\/wp\/v2\/posts"}],"about":[{"href":"https:\/\/dana.com.br\/canaldana\/wp-json\/wp\/v2\/types\/post"}],"author":[{"embeddable":true,"href":"https:\/\/dana.com.br\/canaldana\/wp-json\/wp\/v2\/users\/3"}],"replies":[{"embeddable":true,"href":"https:\/\/dana.com.br\/canaldana\/wp-json\/wp\/v2\/comments?post=8068"}],"version-history":[{"count":0,"href":"https:\/\/dana.com.br\/canaldana\/wp-json\/wp\/v2\/posts\/8068\/revisions"}],"wp:attachment":[{"href":"https:\/\/dana.com.br\/canaldana\/wp-json\/wp\/v2\/media?parent=8068"}],"wp:term":[{"taxonomy":"category","embeddable":true,"href":"https:\/\/dana.com.br\/canaldana\/wp-json\/wp\/v2\/categories?post=8068"},{"taxonomy":"post_tag","embeddable":true,"href":"https:\/\/dana.com.br\/canaldana\/wp-json\/wp\/v2\/tags?post=8068"}],"curies":[{"name":"wp","href":"https:\/\/api.w.org\/{rel}","templated":true}]}}