{"id":79744,"date":"2025-02-14T09:12:36","date_gmt":"2025-02-14T12:12:36","guid":{"rendered":"https:\/\/dana.com.br\/canaldana\/?p=79744"},"modified":"2025-02-14T09:12:36","modified_gmt":"2025-02-14T12:12:36","slug":"geely-negocia-com-a-renault-chegada-e-producao-local-no-brasil-diz-agencia-de-noticias","status":"publish","type":"post","link":"https:\/\/dana.com.br\/canaldana\/2025\/02\/14\/geely-negocia-com-a-renault-chegada-e-producao-local-no-brasil-diz-agencia-de-noticias\/","title":{"rendered":"Geely negocia com a Renault chegada e produ\u00e7\u00e3o local no Brasil, diz ag\u00eancia de not\u00edcias"},"content":{"rendered":"<p><em>AutoInd\u00fastria<\/em><\/p>\n<p>&nbsp;<\/p>\n<p>Com parcerias estabelecidas desde 2022 em outros mercados e parceiras na Horse Powertrain, fornecedora global de motores, a chinesa Geely e a Renault est\u00e3o prestes a anunciar acordo para colabora\u00e7\u00e3o no Brasil. At\u00e9 o fim deste m\u00eas, informa a ag\u00eancia de not\u00edcias Reuters.<\/p>\n<p>&nbsp;<\/p>\n<p>A ideia, afirmaram fontes ligadas \u00e0 empresa, \u00e9 que, em um primeiro momento, a Geely utilize parte da estrutura da opera\u00e7\u00e3o brasileira e tamb\u00e9m a rede de concession\u00e1rias da Renault no Pa\u00eds para iniciar, ainda este ano, as vendas de seus ve\u00edculos importados da China no Pa\u00eds<\/p>\n<p>&nbsp;<\/p>\n<p>Aspectos ainda mais importantes: o acordo contemplaria participa\u00e7\u00e3o minorit\u00e1ria na Geely na Renault Brasil e tamb\u00e9m a montagem de ve\u00edculos da marca chinesa na f\u00e1brica.<\/p>\n<p>&nbsp;<\/p>\n<p>Consultada por AutoInd\u00fastria, a Renault do Brasil preferiu enviar a seguinte nota oficial:<\/p>\n<p>&nbsp;<\/p>\n<p>\u201cGeely Holding Group e Renault Group t\u00eam trabalhado em coopera\u00e7\u00e3o desde janeiro de 2022 por meio da Renault Korea e Horse Powertrain Ltd lan\u00e7ada em junho de 2024.Desde ent\u00e3o, os dois grupos t\u00eam discutido oportunidades potenciais sob o esp\u00edrito de parceria aberta e inovadora. N\u00e3o temos detalhes para compartilhar sobre nenhuma nova coopera\u00e7\u00e3o neste momento.\u201d<\/p>\n<p>&nbsp;<\/p>\n<p>S\u00e3o Jos\u00e9 dos Pinhais: capacidade produtiva de sobra.<\/p>\n<p>&nbsp;<\/p>\n<p>Compartilhar produ\u00e7\u00e3o n\u00e3o seria novidade para Renault e Geely, que t\u00eam opera\u00e7\u00e3o produtiva conjunta na Coreia do Sul, onde \u00e9 fabricado o SUV Renault Koleos em plataforma origin\u00e1ria da montadora chinesa.<\/p>\n<p>&nbsp;<\/p>\n<p>O acordo no Brasil ajudaria a ocupar a capacidade produtiva da planta paranaense, inclusive com a fabrica\u00e7\u00e3o de ve\u00edculos h\u00edbridos e el\u00e9tricos da Geely, que tamb\u00e9m \u00e9 dona da Volvo Cars e a rec\u00e9m-chegada ao Brasil Zeekr, marca de luxo.<\/p>\n<p>&nbsp;<\/p>\n<p>Com a atual estrutura, a planta, que j\u00e1 superou 4 milh\u00f5es de unidades fabricadas desde sua inaugura\u00e7\u00e3o, em 1998, pode fabricar mais de 300 mil ve\u00edculos por ano potencialmente. Em 2023, por exemplo, montou somente 153 mil autom\u00f3veis e comerciais leves, inclusive para exporta\u00e7\u00e3o. (AutoInd\u00fastria)<\/p>\n","protected":false},"excerpt":{"rendered":"<p>AutoInd\u00fastria &nbsp; Com parcerias estabelecidas desde 2022 em outros mercados e parceiras na Horse Powertrain, fornecedora global de motores, a chinesa Geely e a Renault est\u00e3o prestes a anunciar acordo para colabora\u00e7\u00e3o no Brasil. At\u00e9 o fim deste m\u00eas, informa a ag\u00eancia de not\u00edcias Reuters. &nbsp; A ideia, afirmaram fontes ligadas \u00e0 empresa, \u00e9 que,\u2026 <a class=\"readmore\" href=\"https:\/\/dana.com.br\/canaldana\/2025\/02\/14\/geely-negocia-com-a-renault-chegada-e-producao-local-no-brasil-diz-agencia-de-noticias\/\">Leia mais \u00bb<\/a><\/p>\n","protected":false},"author":3,"featured_media":0,"comment_status":"closed","ping_status":"closed","sticky":false,"template":"","format":"standard","meta":{"_acf_changed":false,"footnotes":""},"categories":[61],"tags":[],"class_list":["post-79744","post","type-post","status-publish","format-standard","hentry","category-destaques"],"acf":[],"yoast_head":"<!-- This site is optimized with the Yoast SEO plugin v27.5 - https:\/\/yoast.com\/product\/yoast-seo-wordpress\/ -->\n<title>Geely negocia com a Renault chegada e produ\u00e7\u00e3o local no Brasil, diz ag\u00eancia de not\u00edcias - Canal Dana<\/title>\n<meta name=\"robots\" content=\"index, follow, max-snippet:-1, max-image-preview:large, max-video-preview:-1\" \/>\n<link rel=\"canonical\" href=\"https:\/\/dana.com.br\/canaldana\/2025\/02\/14\/geely-negocia-com-a-renault-chegada-e-producao-local-no-brasil-diz-agencia-de-noticias\/\" \/>\n<meta property=\"og:locale\" content=\"pt_BR\" \/>\n<meta property=\"og:type\" content=\"article\" \/>\n<meta property=\"og:title\" content=\"Geely negocia com a Renault chegada e produ\u00e7\u00e3o local no Brasil, diz ag\u00eancia de not\u00edcias - Canal Dana\" \/>\n<meta property=\"og:description\" content=\"AutoInd\u00fastria &nbsp; Com parcerias estabelecidas desde 2022 em outros mercados e parceiras na Horse Powertrain, fornecedora global de motores, a chinesa Geely e a Renault est\u00e3o prestes a anunciar acordo para colabora\u00e7\u00e3o no Brasil. At\u00e9 o fim deste m\u00eas, informa a ag\u00eancia de not\u00edcias Reuters. &nbsp; A ideia, afirmaram fontes ligadas \u00e0 empresa, \u00e9 que,\u2026 Leia mais \u00bb\" \/>\n<meta property=\"og:url\" content=\"https:\/\/dana.com.br\/canaldana\/2025\/02\/14\/geely-negocia-com-a-renault-chegada-e-producao-local-no-brasil-diz-agencia-de-noticias\/\" \/>\n<meta property=\"og:site_name\" content=\"Canal Dana\" \/>\n<meta property=\"article:published_time\" content=\"2025-02-14T12:12:36+00:00\" \/>\n<meta name=\"author\" content=\"Canal Dana\" \/>\n<meta name=\"twitter:card\" content=\"summary_large_image\" \/>\n<meta name=\"twitter:label1\" content=\"Escrito por\" \/>\n\t<meta name=\"twitter:data1\" content=\"Canal Dana\" \/>\n\t<meta name=\"twitter:label2\" content=\"Est. tempo de leitura\" \/>\n\t<meta name=\"twitter:data2\" content=\"2 minutos\" \/>\n<script type=\"application\/ld+json\" class=\"yoast-schema-graph\">{\"@context\":\"https:\\\/\\\/schema.org\",\"@graph\":[{\"@type\":\"Article\",\"@id\":\"https:\\\/\\\/dana.com.br\\\/canaldana\\\/2025\\\/02\\\/14\\\/geely-negocia-com-a-renault-chegada-e-producao-local-no-brasil-diz-agencia-de-noticias\\\/#article\",\"isPartOf\":{\"@id\":\"https:\\\/\\\/dana.com.br\\\/canaldana\\\/2025\\\/02\\\/14\\\/geely-negocia-com-a-renault-chegada-e-producao-local-no-brasil-diz-agencia-de-noticias\\\/\"},\"author\":{\"name\":\"Canal Dana\",\"@id\":\"https:\\\/\\\/dana.com.br\\\/canaldana\\\/#\\\/schema\\\/person\\\/3c21f22f56fcf3bc46b94bc60ea4fef6\"},\"headline\":\"Geely negocia com a Renault chegada e produ\u00e7\u00e3o local no Brasil, diz ag\u00eancia de not\u00edcias\",\"datePublished\":\"2025-02-14T12:12:36+00:00\",\"mainEntityOfPage\":{\"@id\":\"https:\\\/\\\/dana.com.br\\\/canaldana\\\/2025\\\/02\\\/14\\\/geely-negocia-com-a-renault-chegada-e-producao-local-no-brasil-diz-agencia-de-noticias\\\/\"},\"wordCount\":368,\"articleSection\":[\"Destaques\"],\"inLanguage\":\"pt-BR\"},{\"@type\":\"WebPage\",\"@id\":\"https:\\\/\\\/dana.com.br\\\/canaldana\\\/2025\\\/02\\\/14\\\/geely-negocia-com-a-renault-chegada-e-producao-local-no-brasil-diz-agencia-de-noticias\\\/\",\"url\":\"https:\\\/\\\/dana.com.br\\\/canaldana\\\/2025\\\/02\\\/14\\\/geely-negocia-com-a-renault-chegada-e-producao-local-no-brasil-diz-agencia-de-noticias\\\/\",\"name\":\"Geely negocia com a Renault chegada e produ\u00e7\u00e3o local no Brasil, diz ag\u00eancia de not\u00edcias - Canal Dana\",\"isPartOf\":{\"@id\":\"https:\\\/\\\/dana.com.br\\\/canaldana\\\/#website\"},\"datePublished\":\"2025-02-14T12:12:36+00:00\",\"author\":{\"@id\":\"https:\\\/\\\/dana.com.br\\\/canaldana\\\/#\\\/schema\\\/person\\\/3c21f22f56fcf3bc46b94bc60ea4fef6\"},\"breadcrumb\":{\"@id\":\"https:\\\/\\\/dana.com.br\\\/canaldana\\\/2025\\\/02\\\/14\\\/geely-negocia-com-a-renault-chegada-e-producao-local-no-brasil-diz-agencia-de-noticias\\\/#breadcrumb\"},\"inLanguage\":\"pt-BR\",\"potentialAction\":[{\"@type\":\"ReadAction\",\"target\":[\"https:\\\/\\\/dana.com.br\\\/canaldana\\\/2025\\\/02\\\/14\\\/geely-negocia-com-a-renault-chegada-e-producao-local-no-brasil-diz-agencia-de-noticias\\\/\"]}]},{\"@type\":\"BreadcrumbList\",\"@id\":\"https:\\\/\\\/dana.com.br\\\/canaldana\\\/2025\\\/02\\\/14\\\/geely-negocia-com-a-renault-chegada-e-producao-local-no-brasil-diz-agencia-de-noticias\\\/#breadcrumb\",\"itemListElement\":[{\"@type\":\"ListItem\",\"position\":1,\"name\":\"Home\",\"item\":\"https:\\\/\\\/dana.com.br\\\/canaldana\\\/\"},{\"@type\":\"ListItem\",\"position\":2,\"name\":\"Destaques\",\"item\":\"https:\\\/\\\/dana.com.br\\\/canaldana\\\/destaques\\\/\"},{\"@type\":\"ListItem\",\"position\":3,\"name\":\"Geely negocia com a Renault chegada e produ\u00e7\u00e3o local no Brasil, diz ag\u00eancia de not\u00edcias\"}]},{\"@type\":\"WebSite\",\"@id\":\"https:\\\/\\\/dana.com.br\\\/canaldana\\\/#website\",\"url\":\"https:\\\/\\\/dana.com.br\\\/canaldana\\\/\",\"name\":\"Canal Dana\",\"description\":\"Informativo com as principais not\u00edcias da ind\u00fastria automotiva\",\"potentialAction\":[{\"@type\":\"SearchAction\",\"target\":{\"@type\":\"EntryPoint\",\"urlTemplate\":\"https:\\\/\\\/dana.com.br\\\/canaldana\\\/?s={search_term_string}\"},\"query-input\":{\"@type\":\"PropertyValueSpecification\",\"valueRequired\":true,\"valueName\":\"search_term_string\"}}],\"inLanguage\":\"pt-BR\"},{\"@type\":\"Person\",\"@id\":\"https:\\\/\\\/dana.com.br\\\/canaldana\\\/#\\\/schema\\\/person\\\/3c21f22f56fcf3bc46b94bc60ea4fef6\",\"name\":\"Canal Dana\",\"image\":{\"@type\":\"ImageObject\",\"inLanguage\":\"pt-BR\",\"@id\":\"https:\\\/\\\/secure.gravatar.com\\\/avatar\\\/420aaf9278582877d9018637c6817617705899d2858d7572ef0fe59a6b6454b4?s=96&d=mm&r=g\",\"url\":\"https:\\\/\\\/secure.gravatar.com\\\/avatar\\\/420aaf9278582877d9018637c6817617705899d2858d7572ef0fe59a6b6454b4?s=96&d=mm&r=g\",\"contentUrl\":\"https:\\\/\\\/secure.gravatar.com\\\/avatar\\\/420aaf9278582877d9018637c6817617705899d2858d7572ef0fe59a6b6454b4?s=96&d=mm&r=g\",\"caption\":\"Canal Dana\"},\"url\":\"https:\\\/\\\/dana.com.br\\\/canaldana\\\/author\\\/cdeditor\\\/\"}]}<\/script>\n<!-- \/ Yoast SEO plugin. -->","yoast_head_json":{"title":"Geely negocia com a Renault chegada e produ\u00e7\u00e3o local no Brasil, diz ag\u00eancia de not\u00edcias - Canal Dana","robots":{"index":"index","follow":"follow","max-snippet":"max-snippet:-1","max-image-preview":"max-image-preview:large","max-video-preview":"max-video-preview:-1"},"canonical":"https:\/\/dana.com.br\/canaldana\/2025\/02\/14\/geely-negocia-com-a-renault-chegada-e-producao-local-no-brasil-diz-agencia-de-noticias\/","og_locale":"pt_BR","og_type":"article","og_title":"Geely negocia com a Renault chegada e produ\u00e7\u00e3o local no Brasil, diz ag\u00eancia de not\u00edcias - Canal Dana","og_description":"AutoInd\u00fastria &nbsp; Com parcerias estabelecidas desde 2022 em outros mercados e parceiras na Horse Powertrain, fornecedora global de motores, a chinesa Geely e a Renault est\u00e3o prestes a anunciar acordo para colabora\u00e7\u00e3o no Brasil. At\u00e9 o fim deste m\u00eas, informa a ag\u00eancia de not\u00edcias Reuters. &nbsp; A ideia, afirmaram fontes ligadas \u00e0 empresa, \u00e9 que,\u2026 Leia mais \u00bb","og_url":"https:\/\/dana.com.br\/canaldana\/2025\/02\/14\/geely-negocia-com-a-renault-chegada-e-producao-local-no-brasil-diz-agencia-de-noticias\/","og_site_name":"Canal Dana","article_published_time":"2025-02-14T12:12:36+00:00","author":"Canal Dana","twitter_card":"summary_large_image","twitter_misc":{"Escrito por":"Canal Dana","Est. tempo de leitura":"2 minutos"},"schema":{"@context":"https:\/\/schema.org","@graph":[{"@type":"Article","@id":"https:\/\/dana.com.br\/canaldana\/2025\/02\/14\/geely-negocia-com-a-renault-chegada-e-producao-local-no-brasil-diz-agencia-de-noticias\/#article","isPartOf":{"@id":"https:\/\/dana.com.br\/canaldana\/2025\/02\/14\/geely-negocia-com-a-renault-chegada-e-producao-local-no-brasil-diz-agencia-de-noticias\/"},"author":{"name":"Canal Dana","@id":"https:\/\/dana.com.br\/canaldana\/#\/schema\/person\/3c21f22f56fcf3bc46b94bc60ea4fef6"},"headline":"Geely negocia com a Renault chegada e produ\u00e7\u00e3o local no Brasil, diz ag\u00eancia de not\u00edcias","datePublished":"2025-02-14T12:12:36+00:00","mainEntityOfPage":{"@id":"https:\/\/dana.com.br\/canaldana\/2025\/02\/14\/geely-negocia-com-a-renault-chegada-e-producao-local-no-brasil-diz-agencia-de-noticias\/"},"wordCount":368,"articleSection":["Destaques"],"inLanguage":"pt-BR"},{"@type":"WebPage","@id":"https:\/\/dana.com.br\/canaldana\/2025\/02\/14\/geely-negocia-com-a-renault-chegada-e-producao-local-no-brasil-diz-agencia-de-noticias\/","url":"https:\/\/dana.com.br\/canaldana\/2025\/02\/14\/geely-negocia-com-a-renault-chegada-e-producao-local-no-brasil-diz-agencia-de-noticias\/","name":"Geely negocia com a Renault chegada e produ\u00e7\u00e3o local no Brasil, diz ag\u00eancia de not\u00edcias - Canal Dana","isPartOf":{"@id":"https:\/\/dana.com.br\/canaldana\/#website"},"datePublished":"2025-02-14T12:12:36+00:00","author":{"@id":"https:\/\/dana.com.br\/canaldana\/#\/schema\/person\/3c21f22f56fcf3bc46b94bc60ea4fef6"},"breadcrumb":{"@id":"https:\/\/dana.com.br\/canaldana\/2025\/02\/14\/geely-negocia-com-a-renault-chegada-e-producao-local-no-brasil-diz-agencia-de-noticias\/#breadcrumb"},"inLanguage":"pt-BR","potentialAction":[{"@type":"ReadAction","target":["https:\/\/dana.com.br\/canaldana\/2025\/02\/14\/geely-negocia-com-a-renault-chegada-e-producao-local-no-brasil-diz-agencia-de-noticias\/"]}]},{"@type":"BreadcrumbList","@id":"https:\/\/dana.com.br\/canaldana\/2025\/02\/14\/geely-negocia-com-a-renault-chegada-e-producao-local-no-brasil-diz-agencia-de-noticias\/#breadcrumb","itemListElement":[{"@type":"ListItem","position":1,"name":"Home","item":"https:\/\/dana.com.br\/canaldana\/"},{"@type":"ListItem","position":2,"name":"Destaques","item":"https:\/\/dana.com.br\/canaldana\/destaques\/"},{"@type":"ListItem","position":3,"name":"Geely negocia com a Renault chegada e produ\u00e7\u00e3o local no Brasil, diz ag\u00eancia de not\u00edcias"}]},{"@type":"WebSite","@id":"https:\/\/dana.com.br\/canaldana\/#website","url":"https:\/\/dana.com.br\/canaldana\/","name":"Canal Dana","description":"Informativo com as principais not\u00edcias da ind\u00fastria automotiva","potentialAction":[{"@type":"SearchAction","target":{"@type":"EntryPoint","urlTemplate":"https:\/\/dana.com.br\/canaldana\/?s={search_term_string}"},"query-input":{"@type":"PropertyValueSpecification","valueRequired":true,"valueName":"search_term_string"}}],"inLanguage":"pt-BR"},{"@type":"Person","@id":"https:\/\/dana.com.br\/canaldana\/#\/schema\/person\/3c21f22f56fcf3bc46b94bc60ea4fef6","name":"Canal Dana","image":{"@type":"ImageObject","inLanguage":"pt-BR","@id":"https:\/\/secure.gravatar.com\/avatar\/420aaf9278582877d9018637c6817617705899d2858d7572ef0fe59a6b6454b4?s=96&d=mm&r=g","url":"https:\/\/secure.gravatar.com\/avatar\/420aaf9278582877d9018637c6817617705899d2858d7572ef0fe59a6b6454b4?s=96&d=mm&r=g","contentUrl":"https:\/\/secure.gravatar.com\/avatar\/420aaf9278582877d9018637c6817617705899d2858d7572ef0fe59a6b6454b4?s=96&d=mm&r=g","caption":"Canal Dana"},"url":"https:\/\/dana.com.br\/canaldana\/author\/cdeditor\/"}]}},"_links":{"self":[{"href":"https:\/\/dana.com.br\/canaldana\/wp-json\/wp\/v2\/posts\/79744","targetHints":{"allow":["GET"]}}],"collection":[{"href":"https:\/\/dana.com.br\/canaldana\/wp-json\/wp\/v2\/posts"}],"about":[{"href":"https:\/\/dana.com.br\/canaldana\/wp-json\/wp\/v2\/types\/post"}],"author":[{"embeddable":true,"href":"https:\/\/dana.com.br\/canaldana\/wp-json\/wp\/v2\/users\/3"}],"replies":[{"embeddable":true,"href":"https:\/\/dana.com.br\/canaldana\/wp-json\/wp\/v2\/comments?post=79744"}],"version-history":[{"count":1,"href":"https:\/\/dana.com.br\/canaldana\/wp-json\/wp\/v2\/posts\/79744\/revisions"}],"predecessor-version":[{"id":79745,"href":"https:\/\/dana.com.br\/canaldana\/wp-json\/wp\/v2\/posts\/79744\/revisions\/79745"}],"wp:attachment":[{"href":"https:\/\/dana.com.br\/canaldana\/wp-json\/wp\/v2\/media?parent=79744"}],"wp:term":[{"taxonomy":"category","embeddable":true,"href":"https:\/\/dana.com.br\/canaldana\/wp-json\/wp\/v2\/categories?post=79744"},{"taxonomy":"post_tag","embeddable":true,"href":"https:\/\/dana.com.br\/canaldana\/wp-json\/wp\/v2\/tags?post=79744"}],"curies":[{"name":"wp","href":"https:\/\/api.w.org\/{rel}","templated":true}]}}