{"id":79708,"date":"2025-02-13T08:30:35","date_gmt":"2025-02-13T11:30:35","guid":{"rendered":"https:\/\/dana.com.br\/canaldana\/?p=79708"},"modified":"2025-02-13T08:30:35","modified_gmt":"2025-02-13T11:30:35","slug":"renault-negocia-producao-de-carros-chineses-da-geely-no-brasil","status":"publish","type":"post","link":"https:\/\/dana.com.br\/canaldana\/2025\/02\/13\/renault-negocia-producao-de-carros-chineses-da-geely-no-brasil\/","title":{"rendered":"Renault negocia produ\u00e7\u00e3o de carros chineses da Geely no Brasil"},"content":{"rendered":"<p><em>Motor 1<\/em><\/p>\n<p>&nbsp;<\/p>\n<p>Enquanto algumas entidades tentam convencer o governo a barrar o avan\u00e7o de marchas chinesas no mercado brasileiro, outras est\u00e3o se unindo a algumas delas para permanecerem competitivas. A Chevrolet confirmou o lan\u00e7amento do el\u00e9trico Spark EUV no Brasil em 2025. O pequeno SUV nada mais \u00e9 que um chin\u00eas Baojun Yep Plus com o emblema da marca da GM. E pode ser que a Renault pode ser a pr\u00f3xima a seguir por este caminho.<\/p>\n<p>&nbsp;<\/p>\n<p>De acordo com o site Auto Esporte, a francesa estaria negociando com a Geely uma participa\u00e7\u00e3o societ\u00e1ria na Renault do Brasil, abrindo as portas da f\u00e1brica de S\u00e3o Jos\u00e9 dos Pinhais (PR) e da rede de concession\u00e1rios para acelerar o estabelecimento da chinesa em nosso mercado. A Geely j\u00e1 \u00e9 parceira da Renault na HORSE, divis\u00e3o independente de trens de for\u00e7a. Na Coreia do Sul, a chinesa tem 34% de participa\u00e7\u00e3o na opera\u00e7\u00e3o da francesa naquele pa\u00eds.<\/p>\n<p>&nbsp;<\/p>\n<p>De acordo com a publica\u00e7\u00e3o, citando fontes ligadas \u00e0 Geely, o comunicado oficializando a sociedade com a Renault no mercado brasileiro deve ser divulgado nos pr\u00f3ximos dias. Ao Motor1.com Brasil, a Renault informou que &#8220;Geely Holding Group e Renault Group t\u00eam trabalhado em coopera\u00e7\u00e3o desde janeiro 2022, por meio da Renault Korea e Horse Powertrain Ltd, lan\u00e7ada em junho 2024. Desde ent\u00e3o, os dois grupos t\u00eam discutido oportunidades potenciais sob o esp\u00edrito de parceria aberta e inovadora. N\u00e3o temos detalhes para compartilhar sobre nenhuma nova coopera\u00e7\u00e3o neste momento.\u201d<\/p>\n<p>&nbsp;<\/p>\n<p>Segundo o site, as negocia\u00e7\u00f5es est\u00e3o envolvendo somente a Renault do Brasil e s\u00e3o parte de uma estrat\u00e9gia da Geely de aumentar em 60% suas vendas na Am\u00e9rica Latina. Aqui vale lembrar que a chinesa \u00e9 detentora da Volvo e tamb\u00e9m da Zeekr, rec\u00e9m-chegada ao mercado nacional. Mas ainda n\u00e3o se sabe nada a respeito dos carros que poder\u00e3o ser produzidos no Brasil, uma vez que f\u00e1brica paranaense n\u00e3o est\u00e1 preparada para produzir ve\u00edculos eletrificados.<\/p>\n<p>&nbsp;<\/p>\n<p>Individualmente, a Geely, j\u00e1 confirmou que retornar\u00e1 ao mercado brasileiro com uma nova estrat\u00e9gia, focando em modelos eletrificados e mais sofisticados. A marca, conhecida por fazer parte do grupo que controla a Volvo, promete oferecer ve\u00edculos com design, alto n\u00edvel de seguran\u00e7a e tecnologia, o oposto dos carros mais triviais que chegaram ao nosso mercado na d\u00e9cada passada. Esperamos por um an\u00fancio oficial no primeiro semestre de 2025, quando saberemos mais detalhes sobre a estrat\u00e9gia e os modelos.<\/p>\n<p>&nbsp;<\/p>\n<p><strong>El\u00e9trico, Geely E5 j\u00e1 foi flagrado no Brasil<\/strong><\/p>\n<p>&nbsp;<\/p>\n<p>O Geely E5, conhecido na China como Galaxy E5, estreou no mercado chin\u00eas em 3 de agosto de 2024 e rapidamente se tornou um sucesso. Em apenas 119 dias, o modelo alcan\u00e7ou a marca de 60 mil unidades entregues. O SUV el\u00e9trico foi flagrado no Brasil no m\u00eas passado.<\/p>\n<p>&nbsp;<\/p>\n<p>O SUV \u00e9 constru\u00eddo sobre a arquitetura GEA da Geely, derivada da plataforma SEA (Sustainable Experience Architecture), que \u00e9 a mesma utilizado por modelos como o Volvo EX30 e o Zeekr X. Esse design incorpora tecnologias avan\u00e7adas, como a integra\u00e7\u00e3o de bateria no chassi (CTB &#8211; Cell-to-Body), que melhora a rigidez estrutural, reduz o centro de gravidade e oferece uma distribui\u00e7\u00e3o de peso equilibrada de 50:50.<\/p>\n<p>&nbsp;<\/p>\n<p>Medindo 4,62 metros de comprimento, 1,90 metro de largura e 1,67 metro de altura, o E5 conta com uma dist\u00e2ncia entre eixos de 2,75 metros, proporcionando um espa\u00e7o interno de 4,03 metros quadrados. O modelo tamb\u00e9m oferece 33 compartimentos de armazenamento, incluindo op\u00e7\u00f5es \u00fanicas como gavetas sob os bancos traseiros.<\/p>\n<p>&nbsp;<\/p>\n<p>O sistema de propuls\u00e3o do Galaxy E5 inclui um motor el\u00e9trico de 160 kW (218 cv), permitindo uma acelera\u00e7\u00e3o de 0 a 100 km\/h em 6,9 segundos. As op\u00e7\u00f5es de bateria incluem capacidades de 49,52 kWh e 60,22 kWh, que oferecem autonomias de 440 km e 530 km, respectivamente, conforme o ciclo chin\u00eas de medi\u00e7\u00e3o. (Motor 1\/Thiago Moreno)<\/p>\n","protected":false},"excerpt":{"rendered":"<p>Motor 1 &nbsp; Enquanto algumas entidades tentam convencer o governo a barrar o avan\u00e7o de marchas chinesas no mercado brasileiro, outras est\u00e3o se unindo a algumas delas para permanecerem competitivas. A Chevrolet confirmou o lan\u00e7amento do el\u00e9trico Spark EUV no Brasil em 2025. O pequeno SUV nada mais \u00e9 que um chin\u00eas Baojun Yep Plus\u2026 <a class=\"readmore\" href=\"https:\/\/dana.com.br\/canaldana\/2025\/02\/13\/renault-negocia-producao-de-carros-chineses-da-geely-no-brasil\/\">Leia mais \u00bb<\/a><\/p>\n","protected":false},"author":3,"featured_media":0,"comment_status":"closed","ping_status":"closed","sticky":false,"template":"","format":"standard","meta":{"_acf_changed":false,"footnotes":""},"categories":[61],"tags":[],"class_list":["post-79708","post","type-post","status-publish","format-standard","hentry","category-destaques"],"acf":[],"yoast_head":"<!-- This site is optimized with the Yoast SEO plugin v27.3 - https:\/\/yoast.com\/product\/yoast-seo-wordpress\/ -->\n<title>Renault negocia produ\u00e7\u00e3o de carros chineses da Geely no Brasil - Canal Dana<\/title>\n<meta name=\"robots\" content=\"index, follow, max-snippet:-1, max-image-preview:large, max-video-preview:-1\" \/>\n<link rel=\"canonical\" href=\"https:\/\/dana.com.br\/canaldana\/2025\/02\/13\/renault-negocia-producao-de-carros-chineses-da-geely-no-brasil\/\" \/>\n<meta property=\"og:locale\" content=\"pt_BR\" \/>\n<meta property=\"og:type\" content=\"article\" \/>\n<meta property=\"og:title\" content=\"Renault negocia produ\u00e7\u00e3o de carros chineses da Geely no Brasil - Canal Dana\" \/>\n<meta property=\"og:description\" content=\"Motor 1 &nbsp; Enquanto algumas entidades tentam convencer o governo a barrar o avan\u00e7o de marchas chinesas no mercado brasileiro, outras est\u00e3o se unindo a algumas delas para permanecerem competitivas. A Chevrolet confirmou o lan\u00e7amento do el\u00e9trico Spark EUV no Brasil em 2025. O pequeno SUV nada mais \u00e9 que um chin\u00eas Baojun Yep Plus\u2026 Leia mais \u00bb\" \/>\n<meta property=\"og:url\" content=\"https:\/\/dana.com.br\/canaldana\/2025\/02\/13\/renault-negocia-producao-de-carros-chineses-da-geely-no-brasil\/\" \/>\n<meta property=\"og:site_name\" content=\"Canal Dana\" \/>\n<meta property=\"article:published_time\" content=\"2025-02-13T11:30:35+00:00\" \/>\n<meta name=\"author\" content=\"Canal Dana\" \/>\n<meta name=\"twitter:card\" content=\"summary_large_image\" \/>\n<meta name=\"twitter:label1\" content=\"Escrito por\" \/>\n\t<meta name=\"twitter:data1\" content=\"Canal Dana\" \/>\n\t<meta name=\"twitter:label2\" content=\"Est. tempo de leitura\" \/>\n\t<meta name=\"twitter:data2\" content=\"4 minutos\" \/>\n<script type=\"application\/ld+json\" class=\"yoast-schema-graph\">{\"@context\":\"https:\\\/\\\/schema.org\",\"@graph\":[{\"@type\":\"Article\",\"@id\":\"https:\\\/\\\/dana.com.br\\\/canaldana\\\/2025\\\/02\\\/13\\\/renault-negocia-producao-de-carros-chineses-da-geely-no-brasil\\\/#article\",\"isPartOf\":{\"@id\":\"https:\\\/\\\/dana.com.br\\\/canaldana\\\/2025\\\/02\\\/13\\\/renault-negocia-producao-de-carros-chineses-da-geely-no-brasil\\\/\"},\"author\":{\"name\":\"Canal Dana\",\"@id\":\"https:\\\/\\\/dana.com.br\\\/canaldana\\\/#\\\/schema\\\/person\\\/3c21f22f56fcf3bc46b94bc60ea4fef6\"},\"headline\":\"Renault negocia produ\u00e7\u00e3o de carros chineses da Geely no Brasil\",\"datePublished\":\"2025-02-13T11:30:35+00:00\",\"mainEntityOfPage\":{\"@id\":\"https:\\\/\\\/dana.com.br\\\/canaldana\\\/2025\\\/02\\\/13\\\/renault-negocia-producao-de-carros-chineses-da-geely-no-brasil\\\/\"},\"wordCount\":679,\"articleSection\":[\"Destaques\"],\"inLanguage\":\"pt-BR\"},{\"@type\":\"WebPage\",\"@id\":\"https:\\\/\\\/dana.com.br\\\/canaldana\\\/2025\\\/02\\\/13\\\/renault-negocia-producao-de-carros-chineses-da-geely-no-brasil\\\/\",\"url\":\"https:\\\/\\\/dana.com.br\\\/canaldana\\\/2025\\\/02\\\/13\\\/renault-negocia-producao-de-carros-chineses-da-geely-no-brasil\\\/\",\"name\":\"Renault negocia produ\u00e7\u00e3o de carros chineses da Geely no Brasil - Canal Dana\",\"isPartOf\":{\"@id\":\"https:\\\/\\\/dana.com.br\\\/canaldana\\\/#website\"},\"datePublished\":\"2025-02-13T11:30:35+00:00\",\"author\":{\"@id\":\"https:\\\/\\\/dana.com.br\\\/canaldana\\\/#\\\/schema\\\/person\\\/3c21f22f56fcf3bc46b94bc60ea4fef6\"},\"breadcrumb\":{\"@id\":\"https:\\\/\\\/dana.com.br\\\/canaldana\\\/2025\\\/02\\\/13\\\/renault-negocia-producao-de-carros-chineses-da-geely-no-brasil\\\/#breadcrumb\"},\"inLanguage\":\"pt-BR\",\"potentialAction\":[{\"@type\":\"ReadAction\",\"target\":[\"https:\\\/\\\/dana.com.br\\\/canaldana\\\/2025\\\/02\\\/13\\\/renault-negocia-producao-de-carros-chineses-da-geely-no-brasil\\\/\"]}]},{\"@type\":\"BreadcrumbList\",\"@id\":\"https:\\\/\\\/dana.com.br\\\/canaldana\\\/2025\\\/02\\\/13\\\/renault-negocia-producao-de-carros-chineses-da-geely-no-brasil\\\/#breadcrumb\",\"itemListElement\":[{\"@type\":\"ListItem\",\"position\":1,\"name\":\"Home\",\"item\":\"https:\\\/\\\/dana.com.br\\\/canaldana\\\/\"},{\"@type\":\"ListItem\",\"position\":2,\"name\":\"Destaques\",\"item\":\"https:\\\/\\\/dana.com.br\\\/canaldana\\\/destaques\\\/\"},{\"@type\":\"ListItem\",\"position\":3,\"name\":\"Renault negocia produ\u00e7\u00e3o de carros chineses da Geely no Brasil\"}]},{\"@type\":\"WebSite\",\"@id\":\"https:\\\/\\\/dana.com.br\\\/canaldana\\\/#website\",\"url\":\"https:\\\/\\\/dana.com.br\\\/canaldana\\\/\",\"name\":\"Canal Dana\",\"description\":\"Informativo com as principais not\u00edcias da ind\u00fastria automotiva\",\"potentialAction\":[{\"@type\":\"SearchAction\",\"target\":{\"@type\":\"EntryPoint\",\"urlTemplate\":\"https:\\\/\\\/dana.com.br\\\/canaldana\\\/?s={search_term_string}\"},\"query-input\":{\"@type\":\"PropertyValueSpecification\",\"valueRequired\":true,\"valueName\":\"search_term_string\"}}],\"inLanguage\":\"pt-BR\"},{\"@type\":\"Person\",\"@id\":\"https:\\\/\\\/dana.com.br\\\/canaldana\\\/#\\\/schema\\\/person\\\/3c21f22f56fcf3bc46b94bc60ea4fef6\",\"name\":\"Canal Dana\",\"image\":{\"@type\":\"ImageObject\",\"inLanguage\":\"pt-BR\",\"@id\":\"https:\\\/\\\/secure.gravatar.com\\\/avatar\\\/420aaf9278582877d9018637c6817617705899d2858d7572ef0fe59a6b6454b4?s=96&d=mm&r=g\",\"url\":\"https:\\\/\\\/secure.gravatar.com\\\/avatar\\\/420aaf9278582877d9018637c6817617705899d2858d7572ef0fe59a6b6454b4?s=96&d=mm&r=g\",\"contentUrl\":\"https:\\\/\\\/secure.gravatar.com\\\/avatar\\\/420aaf9278582877d9018637c6817617705899d2858d7572ef0fe59a6b6454b4?s=96&d=mm&r=g\",\"caption\":\"Canal Dana\"},\"url\":\"https:\\\/\\\/dana.com.br\\\/canaldana\\\/author\\\/cdeditor\\\/\"}]}<\/script>\n<!-- \/ Yoast SEO plugin. -->","yoast_head_json":{"title":"Renault negocia produ\u00e7\u00e3o de carros chineses da Geely no Brasil - Canal Dana","robots":{"index":"index","follow":"follow","max-snippet":"max-snippet:-1","max-image-preview":"max-image-preview:large","max-video-preview":"max-video-preview:-1"},"canonical":"https:\/\/dana.com.br\/canaldana\/2025\/02\/13\/renault-negocia-producao-de-carros-chineses-da-geely-no-brasil\/","og_locale":"pt_BR","og_type":"article","og_title":"Renault negocia produ\u00e7\u00e3o de carros chineses da Geely no Brasil - Canal Dana","og_description":"Motor 1 &nbsp; Enquanto algumas entidades tentam convencer o governo a barrar o avan\u00e7o de marchas chinesas no mercado brasileiro, outras est\u00e3o se unindo a algumas delas para permanecerem competitivas. A Chevrolet confirmou o lan\u00e7amento do el\u00e9trico Spark EUV no Brasil em 2025. O pequeno SUV nada mais \u00e9 que um chin\u00eas Baojun Yep Plus\u2026 Leia mais \u00bb","og_url":"https:\/\/dana.com.br\/canaldana\/2025\/02\/13\/renault-negocia-producao-de-carros-chineses-da-geely-no-brasil\/","og_site_name":"Canal Dana","article_published_time":"2025-02-13T11:30:35+00:00","author":"Canal Dana","twitter_card":"summary_large_image","twitter_misc":{"Escrito por":"Canal Dana","Est. tempo de leitura":"4 minutos"},"schema":{"@context":"https:\/\/schema.org","@graph":[{"@type":"Article","@id":"https:\/\/dana.com.br\/canaldana\/2025\/02\/13\/renault-negocia-producao-de-carros-chineses-da-geely-no-brasil\/#article","isPartOf":{"@id":"https:\/\/dana.com.br\/canaldana\/2025\/02\/13\/renault-negocia-producao-de-carros-chineses-da-geely-no-brasil\/"},"author":{"name":"Canal Dana","@id":"https:\/\/dana.com.br\/canaldana\/#\/schema\/person\/3c21f22f56fcf3bc46b94bc60ea4fef6"},"headline":"Renault negocia produ\u00e7\u00e3o de carros chineses da Geely no Brasil","datePublished":"2025-02-13T11:30:35+00:00","mainEntityOfPage":{"@id":"https:\/\/dana.com.br\/canaldana\/2025\/02\/13\/renault-negocia-producao-de-carros-chineses-da-geely-no-brasil\/"},"wordCount":679,"articleSection":["Destaques"],"inLanguage":"pt-BR"},{"@type":"WebPage","@id":"https:\/\/dana.com.br\/canaldana\/2025\/02\/13\/renault-negocia-producao-de-carros-chineses-da-geely-no-brasil\/","url":"https:\/\/dana.com.br\/canaldana\/2025\/02\/13\/renault-negocia-producao-de-carros-chineses-da-geely-no-brasil\/","name":"Renault negocia produ\u00e7\u00e3o de carros chineses da Geely no Brasil - Canal Dana","isPartOf":{"@id":"https:\/\/dana.com.br\/canaldana\/#website"},"datePublished":"2025-02-13T11:30:35+00:00","author":{"@id":"https:\/\/dana.com.br\/canaldana\/#\/schema\/person\/3c21f22f56fcf3bc46b94bc60ea4fef6"},"breadcrumb":{"@id":"https:\/\/dana.com.br\/canaldana\/2025\/02\/13\/renault-negocia-producao-de-carros-chineses-da-geely-no-brasil\/#breadcrumb"},"inLanguage":"pt-BR","potentialAction":[{"@type":"ReadAction","target":["https:\/\/dana.com.br\/canaldana\/2025\/02\/13\/renault-negocia-producao-de-carros-chineses-da-geely-no-brasil\/"]}]},{"@type":"BreadcrumbList","@id":"https:\/\/dana.com.br\/canaldana\/2025\/02\/13\/renault-negocia-producao-de-carros-chineses-da-geely-no-brasil\/#breadcrumb","itemListElement":[{"@type":"ListItem","position":1,"name":"Home","item":"https:\/\/dana.com.br\/canaldana\/"},{"@type":"ListItem","position":2,"name":"Destaques","item":"https:\/\/dana.com.br\/canaldana\/destaques\/"},{"@type":"ListItem","position":3,"name":"Renault negocia produ\u00e7\u00e3o de carros chineses da Geely no Brasil"}]},{"@type":"WebSite","@id":"https:\/\/dana.com.br\/canaldana\/#website","url":"https:\/\/dana.com.br\/canaldana\/","name":"Canal Dana","description":"Informativo com as principais not\u00edcias da ind\u00fastria automotiva","potentialAction":[{"@type":"SearchAction","target":{"@type":"EntryPoint","urlTemplate":"https:\/\/dana.com.br\/canaldana\/?s={search_term_string}"},"query-input":{"@type":"PropertyValueSpecification","valueRequired":true,"valueName":"search_term_string"}}],"inLanguage":"pt-BR"},{"@type":"Person","@id":"https:\/\/dana.com.br\/canaldana\/#\/schema\/person\/3c21f22f56fcf3bc46b94bc60ea4fef6","name":"Canal Dana","image":{"@type":"ImageObject","inLanguage":"pt-BR","@id":"https:\/\/secure.gravatar.com\/avatar\/420aaf9278582877d9018637c6817617705899d2858d7572ef0fe59a6b6454b4?s=96&d=mm&r=g","url":"https:\/\/secure.gravatar.com\/avatar\/420aaf9278582877d9018637c6817617705899d2858d7572ef0fe59a6b6454b4?s=96&d=mm&r=g","contentUrl":"https:\/\/secure.gravatar.com\/avatar\/420aaf9278582877d9018637c6817617705899d2858d7572ef0fe59a6b6454b4?s=96&d=mm&r=g","caption":"Canal Dana"},"url":"https:\/\/dana.com.br\/canaldana\/author\/cdeditor\/"}]}},"_links":{"self":[{"href":"https:\/\/dana.com.br\/canaldana\/wp-json\/wp\/v2\/posts\/79708","targetHints":{"allow":["GET"]}}],"collection":[{"href":"https:\/\/dana.com.br\/canaldana\/wp-json\/wp\/v2\/posts"}],"about":[{"href":"https:\/\/dana.com.br\/canaldana\/wp-json\/wp\/v2\/types\/post"}],"author":[{"embeddable":true,"href":"https:\/\/dana.com.br\/canaldana\/wp-json\/wp\/v2\/users\/3"}],"replies":[{"embeddable":true,"href":"https:\/\/dana.com.br\/canaldana\/wp-json\/wp\/v2\/comments?post=79708"}],"version-history":[{"count":1,"href":"https:\/\/dana.com.br\/canaldana\/wp-json\/wp\/v2\/posts\/79708\/revisions"}],"predecessor-version":[{"id":79709,"href":"https:\/\/dana.com.br\/canaldana\/wp-json\/wp\/v2\/posts\/79708\/revisions\/79709"}],"wp:attachment":[{"href":"https:\/\/dana.com.br\/canaldana\/wp-json\/wp\/v2\/media?parent=79708"}],"wp:term":[{"taxonomy":"category","embeddable":true,"href":"https:\/\/dana.com.br\/canaldana\/wp-json\/wp\/v2\/categories?post=79708"},{"taxonomy":"post_tag","embeddable":true,"href":"https:\/\/dana.com.br\/canaldana\/wp-json\/wp\/v2\/tags?post=79708"}],"curies":[{"name":"wp","href":"https:\/\/api.w.org\/{rel}","templated":true}]}}