{"id":79667,"date":"2025-02-12T08:42:26","date_gmt":"2025-02-12T11:42:26","guid":{"rendered":"https:\/\/dana.com.br\/canaldana\/?p=79667"},"modified":"2025-02-12T08:42:26","modified_gmt":"2025-02-12T11:42:26","slug":"daf-caminhoes-lanca-projeto-para-capacitacao-profissional-em-mecanica","status":"publish","type":"post","link":"https:\/\/dana.com.br\/canaldana\/2025\/02\/12\/daf-caminhoes-lanca-projeto-para-capacitacao-profissional-em-mecanica\/","title":{"rendered":"DAF Caminh\u00f5es lan\u00e7a projeto para capacita\u00e7\u00e3o profissional em mec\u00e2nica"},"content":{"rendered":"<p><em>Transporte Moderno<\/em><\/p>\n<p>&nbsp;<\/p>\n<p>A DAF Caminh\u00f5es anunciou o lan\u00e7amento do Projeto Horizonte DAF, uma iniciativa em parceria com suas concession\u00e1rias e o SENAI, com o objetivo de capacitar profissionais na \u00e1rea de mec\u00e2nica de ve\u00edculos rodovi\u00e1rios pesados. O projeto oferece cursos gratuitos em diversas regi\u00f5es do Brasil, com foco na qualifica\u00e7\u00e3o t\u00e9cnica e possibilidade de contrata\u00e7\u00e3o pelas concession\u00e1rias da marca.<\/p>\n<p>&nbsp;<\/p>\n<p>Os cursos, com carga hor\u00e1ria de 80 horas, combinam teoria e pr\u00e1tica, seguindo uma metodologia ativa. O projeto j\u00e1 realizou turmas piloto nas cidades de Recife (PE), Curitiba (PR) e Ponta Grossa (PR) e expandir\u00e1 para novas localidades em breve.<\/p>\n<p>&nbsp;<\/p>\n<p>Os participantes que se destacarem ter\u00e3o a oportunidade de integrar a equipe das concession\u00e1rias DAF. \u201cA forma\u00e7\u00e3o \u00e9 uma excelente oportunidade, pois os melhores alunos podem ser contratados para cargos como t\u00e9cnico, garantista e consultor de servi\u00e7os.<\/p>\n<p>&nbsp;<\/p>\n<p>Al\u00e9m do projeto de capacita\u00e7\u00e3o, a DAF tamb\u00e9m conta com a DAF Academy, plataforma de treinamento cont\u00ednuo para os profissionais j\u00e1 integrados \u00e0 rede de concession\u00e1rias, oferecendo forma\u00e7\u00e3o em diversas fun\u00e7\u00f5es essenciais para o bom funcionamento das opera\u00e7\u00f5es.<\/p>\n<p>&nbsp;<\/p>\n<p>As inscri\u00e7\u00f5es para o Projeto Horizonte DAF podem ser feitas por meio das concession\u00e1rias DAF participantes e pelo SENAI. As vagas s\u00e3o limitadas e priorizam moradores das regi\u00f5es onde os cursos s\u00e3o oferecidos, visando facilitar a inser\u00e7\u00e3o no mercado de trabalho local ap\u00f3s a conclus\u00e3o do curso. (Transporte Moderno)<\/p>\n","protected":false},"excerpt":{"rendered":"<p>Transporte Moderno &nbsp; A DAF Caminh\u00f5es anunciou o lan\u00e7amento do Projeto Horizonte DAF, uma iniciativa em parceria com suas concession\u00e1rias e o SENAI, com o objetivo de capacitar profissionais na \u00e1rea de mec\u00e2nica de ve\u00edculos rodovi\u00e1rios pesados. O projeto oferece cursos gratuitos em diversas regi\u00f5es do Brasil, com foco na qualifica\u00e7\u00e3o t\u00e9cnica e possibilidade de\u2026 <a class=\"readmore\" href=\"https:\/\/dana.com.br\/canaldana\/2025\/02\/12\/daf-caminhoes-lanca-projeto-para-capacitacao-profissional-em-mecanica\/\">Leia mais \u00bb<\/a><\/p>\n","protected":false},"author":3,"featured_media":0,"comment_status":"closed","ping_status":"closed","sticky":false,"template":"","format":"standard","meta":{"_acf_changed":false,"footnotes":""},"categories":[61],"tags":[],"class_list":["post-79667","post","type-post","status-publish","format-standard","hentry","category-destaques"],"acf":[],"yoast_head":"<!-- This site is optimized with the Yoast SEO plugin v27.3 - https:\/\/yoast.com\/product\/yoast-seo-wordpress\/ -->\n<title>DAF Caminh\u00f5es lan\u00e7a projeto para capacita\u00e7\u00e3o profissional em mec\u00e2nica - Canal Dana<\/title>\n<meta name=\"robots\" content=\"index, follow, max-snippet:-1, max-image-preview:large, max-video-preview:-1\" \/>\n<link rel=\"canonical\" href=\"https:\/\/dana.com.br\/canaldana\/2025\/02\/12\/daf-caminhoes-lanca-projeto-para-capacitacao-profissional-em-mecanica\/\" \/>\n<meta property=\"og:locale\" content=\"pt_BR\" \/>\n<meta property=\"og:type\" content=\"article\" \/>\n<meta property=\"og:title\" content=\"DAF Caminh\u00f5es lan\u00e7a projeto para capacita\u00e7\u00e3o profissional em mec\u00e2nica - Canal Dana\" \/>\n<meta property=\"og:description\" content=\"Transporte Moderno &nbsp; A DAF Caminh\u00f5es anunciou o lan\u00e7amento do Projeto Horizonte DAF, uma iniciativa em parceria com suas concession\u00e1rias e o SENAI, com o objetivo de capacitar profissionais na \u00e1rea de mec\u00e2nica de ve\u00edculos rodovi\u00e1rios pesados. O projeto oferece cursos gratuitos em diversas regi\u00f5es do Brasil, com foco na qualifica\u00e7\u00e3o t\u00e9cnica e possibilidade de\u2026 Leia mais \u00bb\" \/>\n<meta property=\"og:url\" content=\"https:\/\/dana.com.br\/canaldana\/2025\/02\/12\/daf-caminhoes-lanca-projeto-para-capacitacao-profissional-em-mecanica\/\" \/>\n<meta property=\"og:site_name\" content=\"Canal Dana\" \/>\n<meta property=\"article:published_time\" content=\"2025-02-12T11:42:26+00:00\" \/>\n<meta name=\"author\" content=\"Canal Dana\" \/>\n<meta name=\"twitter:card\" content=\"summary_large_image\" \/>\n<meta name=\"twitter:label1\" content=\"Escrito por\" \/>\n\t<meta name=\"twitter:data1\" content=\"Canal Dana\" \/>\n\t<meta name=\"twitter:label2\" content=\"Est. tempo de leitura\" \/>\n\t<meta name=\"twitter:data2\" content=\"2 minutos\" \/>\n<script type=\"application\/ld+json\" class=\"yoast-schema-graph\">{\"@context\":\"https:\\\/\\\/schema.org\",\"@graph\":[{\"@type\":\"Article\",\"@id\":\"https:\\\/\\\/dana.com.br\\\/canaldana\\\/2025\\\/02\\\/12\\\/daf-caminhoes-lanca-projeto-para-capacitacao-profissional-em-mecanica\\\/#article\",\"isPartOf\":{\"@id\":\"https:\\\/\\\/dana.com.br\\\/canaldana\\\/2025\\\/02\\\/12\\\/daf-caminhoes-lanca-projeto-para-capacitacao-profissional-em-mecanica\\\/\"},\"author\":{\"name\":\"Canal Dana\",\"@id\":\"https:\\\/\\\/dana.com.br\\\/canaldana\\\/#\\\/schema\\\/person\\\/3c21f22f56fcf3bc46b94bc60ea4fef6\"},\"headline\":\"DAF Caminh\u00f5es lan\u00e7a projeto para capacita\u00e7\u00e3o profissional em mec\u00e2nica\",\"datePublished\":\"2025-02-12T11:42:26+00:00\",\"mainEntityOfPage\":{\"@id\":\"https:\\\/\\\/dana.com.br\\\/canaldana\\\/2025\\\/02\\\/12\\\/daf-caminhoes-lanca-projeto-para-capacitacao-profissional-em-mecanica\\\/\"},\"wordCount\":272,\"articleSection\":[\"Destaques\"],\"inLanguage\":\"pt-BR\"},{\"@type\":\"WebPage\",\"@id\":\"https:\\\/\\\/dana.com.br\\\/canaldana\\\/2025\\\/02\\\/12\\\/daf-caminhoes-lanca-projeto-para-capacitacao-profissional-em-mecanica\\\/\",\"url\":\"https:\\\/\\\/dana.com.br\\\/canaldana\\\/2025\\\/02\\\/12\\\/daf-caminhoes-lanca-projeto-para-capacitacao-profissional-em-mecanica\\\/\",\"name\":\"DAF Caminh\u00f5es lan\u00e7a projeto para capacita\u00e7\u00e3o profissional em mec\u00e2nica - Canal Dana\",\"isPartOf\":{\"@id\":\"https:\\\/\\\/dana.com.br\\\/canaldana\\\/#website\"},\"datePublished\":\"2025-02-12T11:42:26+00:00\",\"author\":{\"@id\":\"https:\\\/\\\/dana.com.br\\\/canaldana\\\/#\\\/schema\\\/person\\\/3c21f22f56fcf3bc46b94bc60ea4fef6\"},\"breadcrumb\":{\"@id\":\"https:\\\/\\\/dana.com.br\\\/canaldana\\\/2025\\\/02\\\/12\\\/daf-caminhoes-lanca-projeto-para-capacitacao-profissional-em-mecanica\\\/#breadcrumb\"},\"inLanguage\":\"pt-BR\",\"potentialAction\":[{\"@type\":\"ReadAction\",\"target\":[\"https:\\\/\\\/dana.com.br\\\/canaldana\\\/2025\\\/02\\\/12\\\/daf-caminhoes-lanca-projeto-para-capacitacao-profissional-em-mecanica\\\/\"]}]},{\"@type\":\"BreadcrumbList\",\"@id\":\"https:\\\/\\\/dana.com.br\\\/canaldana\\\/2025\\\/02\\\/12\\\/daf-caminhoes-lanca-projeto-para-capacitacao-profissional-em-mecanica\\\/#breadcrumb\",\"itemListElement\":[{\"@type\":\"ListItem\",\"position\":1,\"name\":\"Home\",\"item\":\"https:\\\/\\\/dana.com.br\\\/canaldana\\\/\"},{\"@type\":\"ListItem\",\"position\":2,\"name\":\"Destaques\",\"item\":\"https:\\\/\\\/dana.com.br\\\/canaldana\\\/destaques\\\/\"},{\"@type\":\"ListItem\",\"position\":3,\"name\":\"DAF Caminh\u00f5es lan\u00e7a projeto para capacita\u00e7\u00e3o profissional em mec\u00e2nica\"}]},{\"@type\":\"WebSite\",\"@id\":\"https:\\\/\\\/dana.com.br\\\/canaldana\\\/#website\",\"url\":\"https:\\\/\\\/dana.com.br\\\/canaldana\\\/\",\"name\":\"Canal Dana\",\"description\":\"Informativo com as principais not\u00edcias da ind\u00fastria automotiva\",\"potentialAction\":[{\"@type\":\"SearchAction\",\"target\":{\"@type\":\"EntryPoint\",\"urlTemplate\":\"https:\\\/\\\/dana.com.br\\\/canaldana\\\/?s={search_term_string}\"},\"query-input\":{\"@type\":\"PropertyValueSpecification\",\"valueRequired\":true,\"valueName\":\"search_term_string\"}}],\"inLanguage\":\"pt-BR\"},{\"@type\":\"Person\",\"@id\":\"https:\\\/\\\/dana.com.br\\\/canaldana\\\/#\\\/schema\\\/person\\\/3c21f22f56fcf3bc46b94bc60ea4fef6\",\"name\":\"Canal Dana\",\"image\":{\"@type\":\"ImageObject\",\"inLanguage\":\"pt-BR\",\"@id\":\"https:\\\/\\\/secure.gravatar.com\\\/avatar\\\/420aaf9278582877d9018637c6817617705899d2858d7572ef0fe59a6b6454b4?s=96&d=mm&r=g\",\"url\":\"https:\\\/\\\/secure.gravatar.com\\\/avatar\\\/420aaf9278582877d9018637c6817617705899d2858d7572ef0fe59a6b6454b4?s=96&d=mm&r=g\",\"contentUrl\":\"https:\\\/\\\/secure.gravatar.com\\\/avatar\\\/420aaf9278582877d9018637c6817617705899d2858d7572ef0fe59a6b6454b4?s=96&d=mm&r=g\",\"caption\":\"Canal Dana\"},\"url\":\"https:\\\/\\\/dana.com.br\\\/canaldana\\\/author\\\/cdeditor\\\/\"}]}<\/script>\n<!-- \/ Yoast SEO plugin. -->","yoast_head_json":{"title":"DAF Caminh\u00f5es lan\u00e7a projeto para capacita\u00e7\u00e3o profissional em mec\u00e2nica - Canal Dana","robots":{"index":"index","follow":"follow","max-snippet":"max-snippet:-1","max-image-preview":"max-image-preview:large","max-video-preview":"max-video-preview:-1"},"canonical":"https:\/\/dana.com.br\/canaldana\/2025\/02\/12\/daf-caminhoes-lanca-projeto-para-capacitacao-profissional-em-mecanica\/","og_locale":"pt_BR","og_type":"article","og_title":"DAF Caminh\u00f5es lan\u00e7a projeto para capacita\u00e7\u00e3o profissional em mec\u00e2nica - Canal Dana","og_description":"Transporte Moderno &nbsp; A DAF Caminh\u00f5es anunciou o lan\u00e7amento do Projeto Horizonte DAF, uma iniciativa em parceria com suas concession\u00e1rias e o SENAI, com o objetivo de capacitar profissionais na \u00e1rea de mec\u00e2nica de ve\u00edculos rodovi\u00e1rios pesados. O projeto oferece cursos gratuitos em diversas regi\u00f5es do Brasil, com foco na qualifica\u00e7\u00e3o t\u00e9cnica e possibilidade de\u2026 Leia mais \u00bb","og_url":"https:\/\/dana.com.br\/canaldana\/2025\/02\/12\/daf-caminhoes-lanca-projeto-para-capacitacao-profissional-em-mecanica\/","og_site_name":"Canal Dana","article_published_time":"2025-02-12T11:42:26+00:00","author":"Canal Dana","twitter_card":"summary_large_image","twitter_misc":{"Escrito por":"Canal Dana","Est. tempo de leitura":"2 minutos"},"schema":{"@context":"https:\/\/schema.org","@graph":[{"@type":"Article","@id":"https:\/\/dana.com.br\/canaldana\/2025\/02\/12\/daf-caminhoes-lanca-projeto-para-capacitacao-profissional-em-mecanica\/#article","isPartOf":{"@id":"https:\/\/dana.com.br\/canaldana\/2025\/02\/12\/daf-caminhoes-lanca-projeto-para-capacitacao-profissional-em-mecanica\/"},"author":{"name":"Canal Dana","@id":"https:\/\/dana.com.br\/canaldana\/#\/schema\/person\/3c21f22f56fcf3bc46b94bc60ea4fef6"},"headline":"DAF Caminh\u00f5es lan\u00e7a projeto para capacita\u00e7\u00e3o profissional em mec\u00e2nica","datePublished":"2025-02-12T11:42:26+00:00","mainEntityOfPage":{"@id":"https:\/\/dana.com.br\/canaldana\/2025\/02\/12\/daf-caminhoes-lanca-projeto-para-capacitacao-profissional-em-mecanica\/"},"wordCount":272,"articleSection":["Destaques"],"inLanguage":"pt-BR"},{"@type":"WebPage","@id":"https:\/\/dana.com.br\/canaldana\/2025\/02\/12\/daf-caminhoes-lanca-projeto-para-capacitacao-profissional-em-mecanica\/","url":"https:\/\/dana.com.br\/canaldana\/2025\/02\/12\/daf-caminhoes-lanca-projeto-para-capacitacao-profissional-em-mecanica\/","name":"DAF Caminh\u00f5es lan\u00e7a projeto para capacita\u00e7\u00e3o profissional em mec\u00e2nica - Canal Dana","isPartOf":{"@id":"https:\/\/dana.com.br\/canaldana\/#website"},"datePublished":"2025-02-12T11:42:26+00:00","author":{"@id":"https:\/\/dana.com.br\/canaldana\/#\/schema\/person\/3c21f22f56fcf3bc46b94bc60ea4fef6"},"breadcrumb":{"@id":"https:\/\/dana.com.br\/canaldana\/2025\/02\/12\/daf-caminhoes-lanca-projeto-para-capacitacao-profissional-em-mecanica\/#breadcrumb"},"inLanguage":"pt-BR","potentialAction":[{"@type":"ReadAction","target":["https:\/\/dana.com.br\/canaldana\/2025\/02\/12\/daf-caminhoes-lanca-projeto-para-capacitacao-profissional-em-mecanica\/"]}]},{"@type":"BreadcrumbList","@id":"https:\/\/dana.com.br\/canaldana\/2025\/02\/12\/daf-caminhoes-lanca-projeto-para-capacitacao-profissional-em-mecanica\/#breadcrumb","itemListElement":[{"@type":"ListItem","position":1,"name":"Home","item":"https:\/\/dana.com.br\/canaldana\/"},{"@type":"ListItem","position":2,"name":"Destaques","item":"https:\/\/dana.com.br\/canaldana\/destaques\/"},{"@type":"ListItem","position":3,"name":"DAF Caminh\u00f5es lan\u00e7a projeto para capacita\u00e7\u00e3o profissional em mec\u00e2nica"}]},{"@type":"WebSite","@id":"https:\/\/dana.com.br\/canaldana\/#website","url":"https:\/\/dana.com.br\/canaldana\/","name":"Canal Dana","description":"Informativo com as principais not\u00edcias da ind\u00fastria automotiva","potentialAction":[{"@type":"SearchAction","target":{"@type":"EntryPoint","urlTemplate":"https:\/\/dana.com.br\/canaldana\/?s={search_term_string}"},"query-input":{"@type":"PropertyValueSpecification","valueRequired":true,"valueName":"search_term_string"}}],"inLanguage":"pt-BR"},{"@type":"Person","@id":"https:\/\/dana.com.br\/canaldana\/#\/schema\/person\/3c21f22f56fcf3bc46b94bc60ea4fef6","name":"Canal Dana","image":{"@type":"ImageObject","inLanguage":"pt-BR","@id":"https:\/\/secure.gravatar.com\/avatar\/420aaf9278582877d9018637c6817617705899d2858d7572ef0fe59a6b6454b4?s=96&d=mm&r=g","url":"https:\/\/secure.gravatar.com\/avatar\/420aaf9278582877d9018637c6817617705899d2858d7572ef0fe59a6b6454b4?s=96&d=mm&r=g","contentUrl":"https:\/\/secure.gravatar.com\/avatar\/420aaf9278582877d9018637c6817617705899d2858d7572ef0fe59a6b6454b4?s=96&d=mm&r=g","caption":"Canal Dana"},"url":"https:\/\/dana.com.br\/canaldana\/author\/cdeditor\/"}]}},"_links":{"self":[{"href":"https:\/\/dana.com.br\/canaldana\/wp-json\/wp\/v2\/posts\/79667","targetHints":{"allow":["GET"]}}],"collection":[{"href":"https:\/\/dana.com.br\/canaldana\/wp-json\/wp\/v2\/posts"}],"about":[{"href":"https:\/\/dana.com.br\/canaldana\/wp-json\/wp\/v2\/types\/post"}],"author":[{"embeddable":true,"href":"https:\/\/dana.com.br\/canaldana\/wp-json\/wp\/v2\/users\/3"}],"replies":[{"embeddable":true,"href":"https:\/\/dana.com.br\/canaldana\/wp-json\/wp\/v2\/comments?post=79667"}],"version-history":[{"count":1,"href":"https:\/\/dana.com.br\/canaldana\/wp-json\/wp\/v2\/posts\/79667\/revisions"}],"predecessor-version":[{"id":79668,"href":"https:\/\/dana.com.br\/canaldana\/wp-json\/wp\/v2\/posts\/79667\/revisions\/79668"}],"wp:attachment":[{"href":"https:\/\/dana.com.br\/canaldana\/wp-json\/wp\/v2\/media?parent=79667"}],"wp:term":[{"taxonomy":"category","embeddable":true,"href":"https:\/\/dana.com.br\/canaldana\/wp-json\/wp\/v2\/categories?post=79667"},{"taxonomy":"post_tag","embeddable":true,"href":"https:\/\/dana.com.br\/canaldana\/wp-json\/wp\/v2\/tags?post=79667"}],"curies":[{"name":"wp","href":"https:\/\/api.w.org\/{rel}","templated":true}]}}