{"id":79664,"date":"2025-02-12T08:41:54","date_gmt":"2025-02-12T11:41:54","guid":{"rendered":"https:\/\/dana.com.br\/canaldana\/?p=79664"},"modified":"2025-02-12T08:41:54","modified_gmt":"2025-02-12T11:41:54","slug":"venda-de-carros-chineses-cresce-307-e-fatia-dos-importados-atinge-23","status":"publish","type":"post","link":"https:\/\/dana.com.br\/canaldana\/2025\/02\/12\/venda-de-carros-chineses-cresce-307-e-fatia-dos-importados-atinge-23\/","title":{"rendered":"Venda de carros chineses cresce 30,7% e fatia dos importados atinge 23%"},"content":{"rendered":"<p><em>AutoInd\u00fastria<\/em><\/p>\n<p>&nbsp;<\/p>\n<p>Apesar de comemorar expressivo crescimento de 51,2% nas exporta\u00e7\u00f5es de ve\u00edculos leves, a ind\u00fastria automotiva iniciou 2025 com d\u00e9ficit na balan\u00e7a comercial. As importa\u00e7\u00f5es atingiram 38.797 unidades em janeiro, enquanto as vendas para outros pa\u00edses limitaram-se a 27.371.<\/p>\n<p>&nbsp;<\/p>\n<p>Ou seja, diferen\u00e7a de 11.426 a favor dos importados, refor\u00e7ando movimento iniciado no ano passado quando o setor automotivo brasileiro deixou de ser superavit\u00e1rio.<\/p>\n<p>&nbsp;<\/p>\n<p>Tamb\u00e9m \u00e9 de responsabilidade dos importados o crescimento de 5,1% no mercado de leves em janeiro, de 152,2 mil para 160 mil unidades no comparativo interanual.<\/p>\n<p>&nbsp;<\/p>\n<p>Suas vendas tiveram expressiva alta de 25%, de 31.031 para 38.797 unidades, enquanto a demanda por ve\u00edculos leves produzidos no Brasil n\u00e3o cresceu absolutamente nada, repetindo este ano as 121,2 mil unidades do primeiro m\u00eas de 2024.<\/p>\n<p>&nbsp;<\/p>\n<p>O reflexo desses n\u00fameros todos foi o aumento de participa\u00e7\u00e3o dos importados no mercado brasileiro de uma m\u00e9dia de 17,7% no ano passado para 23% no m\u00eas passado, o maior \u00edndice desde mar\u00e7o de 2012.<\/p>\n<p>&nbsp;<\/p>\n<p>Ao divulgar os n\u00fameros esta semana, o presidente da Anfavea, M\u00e1rcio de Lima Leite, comemorou o crescimento em janeiro pelo terceiro ano consecutivo, com total de 160 mil emplacamentos de ve\u00edculos leves, mas insistiu na necessidade de haver retorno imediato da al\u00edquota de importa\u00e7\u00e3o dos eletrificados para 35%, \u00fanica forma de barrar a escalada dos carros chineses por aqui.<\/p>\n<p>&nbsp;<\/p>\n<p>Ante os 25% de expans\u00e3o do mercado total de importados, a venda de carros chineses teve alta de 30,7% no comparativo interanual, passando de 7.958 unidades em janeiro do ano passado para 10.404 no primeiro m\u00eas de 2025.<\/p>\n<p>&nbsp;<\/p>\n<p>Tamb\u00e9m houve alta na compra de modelos argentinos, de 14.764 para 19.365 ve\u00edculos leves (mais 31,2%), enquanto a comercializa\u00e7\u00e3o de carros produzidos no M\u00e9xico caiu 25,7%, de 3.491 para 2.595.<\/p>\n<p>&nbsp;<\/p>\n<p>A diferen\u00e7a com rela\u00e7\u00e3o \u00e0s compras na Argentina e na China \u00e9 que no primeiro caso o Brasil exporta l\u00e1, enquanto no segundo \u00e9 uma via de m\u00e3o \u00fanica, o que vem provocando d\u00e9ficit comercial para a ind\u00fastria brasileira.<\/p>\n<p>&nbsp;<\/p>\n<p>\u201cA produ\u00e7\u00e3o poderia ter crescendo acima dos 15% registrados em janeiro se as importa\u00e7\u00f5es n\u00e3o mantivessem ritmo acelerado de expans\u00e3o\u2019, comentou Lima Leite, repetindo discurso que manteve mensalmente ao longo de todo o ano passado. (AutoInd\u00fastria\/Alzira Rodrigues)<\/p>\n","protected":false},"excerpt":{"rendered":"<p>AutoInd\u00fastria &nbsp; Apesar de comemorar expressivo crescimento de 51,2% nas exporta\u00e7\u00f5es de ve\u00edculos leves, a ind\u00fastria automotiva iniciou 2025 com d\u00e9ficit na balan\u00e7a comercial. As importa\u00e7\u00f5es atingiram 38.797 unidades em janeiro, enquanto as vendas para outros pa\u00edses limitaram-se a 27.371. &nbsp; Ou seja, diferen\u00e7a de 11.426 a favor dos importados, refor\u00e7ando movimento iniciado no ano\u2026 <a class=\"readmore\" href=\"https:\/\/dana.com.br\/canaldana\/2025\/02\/12\/venda-de-carros-chineses-cresce-307-e-fatia-dos-importados-atinge-23\/\">Leia mais \u00bb<\/a><\/p>\n","protected":false},"author":3,"featured_media":0,"comment_status":"closed","ping_status":"closed","sticky":false,"template":"","format":"standard","meta":{"_acf_changed":false,"footnotes":""},"categories":[61],"tags":[],"class_list":["post-79664","post","type-post","status-publish","format-standard","hentry","category-destaques"],"acf":[],"yoast_head":"<!-- This site is optimized with the Yoast SEO plugin v27.3 - https:\/\/yoast.com\/product\/yoast-seo-wordpress\/ -->\n<title>Venda de carros chineses cresce 30,7% e fatia dos importados atinge 23% - Canal Dana<\/title>\n<meta name=\"robots\" content=\"index, follow, max-snippet:-1, max-image-preview:large, max-video-preview:-1\" \/>\n<link rel=\"canonical\" href=\"https:\/\/dana.com.br\/canaldana\/2025\/02\/12\/venda-de-carros-chineses-cresce-307-e-fatia-dos-importados-atinge-23\/\" \/>\n<meta property=\"og:locale\" content=\"pt_BR\" \/>\n<meta property=\"og:type\" content=\"article\" \/>\n<meta property=\"og:title\" content=\"Venda de carros chineses cresce 30,7% e fatia dos importados atinge 23% - Canal Dana\" \/>\n<meta property=\"og:description\" content=\"AutoInd\u00fastria &nbsp; Apesar de comemorar expressivo crescimento de 51,2% nas exporta\u00e7\u00f5es de ve\u00edculos leves, a ind\u00fastria automotiva iniciou 2025 com d\u00e9ficit na balan\u00e7a comercial. As importa\u00e7\u00f5es atingiram 38.797 unidades em janeiro, enquanto as vendas para outros pa\u00edses limitaram-se a 27.371. &nbsp; Ou seja, diferen\u00e7a de 11.426 a favor dos importados, refor\u00e7ando movimento iniciado no ano\u2026 Leia mais \u00bb\" \/>\n<meta property=\"og:url\" content=\"https:\/\/dana.com.br\/canaldana\/2025\/02\/12\/venda-de-carros-chineses-cresce-307-e-fatia-dos-importados-atinge-23\/\" \/>\n<meta property=\"og:site_name\" content=\"Canal Dana\" \/>\n<meta property=\"article:published_time\" content=\"2025-02-12T11:41:54+00:00\" \/>\n<meta name=\"author\" content=\"Canal Dana\" \/>\n<meta name=\"twitter:card\" content=\"summary_large_image\" \/>\n<meta name=\"twitter:label1\" content=\"Escrito por\" \/>\n\t<meta name=\"twitter:data1\" content=\"Canal Dana\" \/>\n\t<meta name=\"twitter:label2\" content=\"Est. tempo de leitura\" \/>\n\t<meta name=\"twitter:data2\" content=\"3 minutos\" \/>\n<script type=\"application\/ld+json\" class=\"yoast-schema-graph\">{\"@context\":\"https:\\\/\\\/schema.org\",\"@graph\":[{\"@type\":\"Article\",\"@id\":\"https:\\\/\\\/dana.com.br\\\/canaldana\\\/2025\\\/02\\\/12\\\/venda-de-carros-chineses-cresce-307-e-fatia-dos-importados-atinge-23\\\/#article\",\"isPartOf\":{\"@id\":\"https:\\\/\\\/dana.com.br\\\/canaldana\\\/2025\\\/02\\\/12\\\/venda-de-carros-chineses-cresce-307-e-fatia-dos-importados-atinge-23\\\/\"},\"author\":{\"name\":\"Canal Dana\",\"@id\":\"https:\\\/\\\/dana.com.br\\\/canaldana\\\/#\\\/schema\\\/person\\\/3c21f22f56fcf3bc46b94bc60ea4fef6\"},\"headline\":\"Venda de carros chineses cresce 30,7% e fatia dos importados atinge 23%\",\"datePublished\":\"2025-02-12T11:41:54+00:00\",\"mainEntityOfPage\":{\"@id\":\"https:\\\/\\\/dana.com.br\\\/canaldana\\\/2025\\\/02\\\/12\\\/venda-de-carros-chineses-cresce-307-e-fatia-dos-importados-atinge-23\\\/\"},\"wordCount\":393,\"articleSection\":[\"Destaques\"],\"inLanguage\":\"pt-BR\"},{\"@type\":\"WebPage\",\"@id\":\"https:\\\/\\\/dana.com.br\\\/canaldana\\\/2025\\\/02\\\/12\\\/venda-de-carros-chineses-cresce-307-e-fatia-dos-importados-atinge-23\\\/\",\"url\":\"https:\\\/\\\/dana.com.br\\\/canaldana\\\/2025\\\/02\\\/12\\\/venda-de-carros-chineses-cresce-307-e-fatia-dos-importados-atinge-23\\\/\",\"name\":\"Venda de carros chineses cresce 30,7% e fatia dos importados atinge 23% - Canal Dana\",\"isPartOf\":{\"@id\":\"https:\\\/\\\/dana.com.br\\\/canaldana\\\/#website\"},\"datePublished\":\"2025-02-12T11:41:54+00:00\",\"author\":{\"@id\":\"https:\\\/\\\/dana.com.br\\\/canaldana\\\/#\\\/schema\\\/person\\\/3c21f22f56fcf3bc46b94bc60ea4fef6\"},\"breadcrumb\":{\"@id\":\"https:\\\/\\\/dana.com.br\\\/canaldana\\\/2025\\\/02\\\/12\\\/venda-de-carros-chineses-cresce-307-e-fatia-dos-importados-atinge-23\\\/#breadcrumb\"},\"inLanguage\":\"pt-BR\",\"potentialAction\":[{\"@type\":\"ReadAction\",\"target\":[\"https:\\\/\\\/dana.com.br\\\/canaldana\\\/2025\\\/02\\\/12\\\/venda-de-carros-chineses-cresce-307-e-fatia-dos-importados-atinge-23\\\/\"]}]},{\"@type\":\"BreadcrumbList\",\"@id\":\"https:\\\/\\\/dana.com.br\\\/canaldana\\\/2025\\\/02\\\/12\\\/venda-de-carros-chineses-cresce-307-e-fatia-dos-importados-atinge-23\\\/#breadcrumb\",\"itemListElement\":[{\"@type\":\"ListItem\",\"position\":1,\"name\":\"Home\",\"item\":\"https:\\\/\\\/dana.com.br\\\/canaldana\\\/\"},{\"@type\":\"ListItem\",\"position\":2,\"name\":\"Destaques\",\"item\":\"https:\\\/\\\/dana.com.br\\\/canaldana\\\/destaques\\\/\"},{\"@type\":\"ListItem\",\"position\":3,\"name\":\"Venda de carros chineses cresce 30,7% e fatia dos importados atinge 23%\"}]},{\"@type\":\"WebSite\",\"@id\":\"https:\\\/\\\/dana.com.br\\\/canaldana\\\/#website\",\"url\":\"https:\\\/\\\/dana.com.br\\\/canaldana\\\/\",\"name\":\"Canal Dana\",\"description\":\"Informativo com as principais not\u00edcias da ind\u00fastria automotiva\",\"potentialAction\":[{\"@type\":\"SearchAction\",\"target\":{\"@type\":\"EntryPoint\",\"urlTemplate\":\"https:\\\/\\\/dana.com.br\\\/canaldana\\\/?s={search_term_string}\"},\"query-input\":{\"@type\":\"PropertyValueSpecification\",\"valueRequired\":true,\"valueName\":\"search_term_string\"}}],\"inLanguage\":\"pt-BR\"},{\"@type\":\"Person\",\"@id\":\"https:\\\/\\\/dana.com.br\\\/canaldana\\\/#\\\/schema\\\/person\\\/3c21f22f56fcf3bc46b94bc60ea4fef6\",\"name\":\"Canal Dana\",\"image\":{\"@type\":\"ImageObject\",\"inLanguage\":\"pt-BR\",\"@id\":\"https:\\\/\\\/secure.gravatar.com\\\/avatar\\\/420aaf9278582877d9018637c6817617705899d2858d7572ef0fe59a6b6454b4?s=96&d=mm&r=g\",\"url\":\"https:\\\/\\\/secure.gravatar.com\\\/avatar\\\/420aaf9278582877d9018637c6817617705899d2858d7572ef0fe59a6b6454b4?s=96&d=mm&r=g\",\"contentUrl\":\"https:\\\/\\\/secure.gravatar.com\\\/avatar\\\/420aaf9278582877d9018637c6817617705899d2858d7572ef0fe59a6b6454b4?s=96&d=mm&r=g\",\"caption\":\"Canal Dana\"},\"url\":\"https:\\\/\\\/dana.com.br\\\/canaldana\\\/author\\\/cdeditor\\\/\"}]}<\/script>\n<!-- \/ Yoast SEO plugin. -->","yoast_head_json":{"title":"Venda de carros chineses cresce 30,7% e fatia dos importados atinge 23% - Canal Dana","robots":{"index":"index","follow":"follow","max-snippet":"max-snippet:-1","max-image-preview":"max-image-preview:large","max-video-preview":"max-video-preview:-1"},"canonical":"https:\/\/dana.com.br\/canaldana\/2025\/02\/12\/venda-de-carros-chineses-cresce-307-e-fatia-dos-importados-atinge-23\/","og_locale":"pt_BR","og_type":"article","og_title":"Venda de carros chineses cresce 30,7% e fatia dos importados atinge 23% - Canal Dana","og_description":"AutoInd\u00fastria &nbsp; Apesar de comemorar expressivo crescimento de 51,2% nas exporta\u00e7\u00f5es de ve\u00edculos leves, a ind\u00fastria automotiva iniciou 2025 com d\u00e9ficit na balan\u00e7a comercial. As importa\u00e7\u00f5es atingiram 38.797 unidades em janeiro, enquanto as vendas para outros pa\u00edses limitaram-se a 27.371. &nbsp; Ou seja, diferen\u00e7a de 11.426 a favor dos importados, refor\u00e7ando movimento iniciado no ano\u2026 Leia mais \u00bb","og_url":"https:\/\/dana.com.br\/canaldana\/2025\/02\/12\/venda-de-carros-chineses-cresce-307-e-fatia-dos-importados-atinge-23\/","og_site_name":"Canal Dana","article_published_time":"2025-02-12T11:41:54+00:00","author":"Canal Dana","twitter_card":"summary_large_image","twitter_misc":{"Escrito por":"Canal Dana","Est. tempo de leitura":"3 minutos"},"schema":{"@context":"https:\/\/schema.org","@graph":[{"@type":"Article","@id":"https:\/\/dana.com.br\/canaldana\/2025\/02\/12\/venda-de-carros-chineses-cresce-307-e-fatia-dos-importados-atinge-23\/#article","isPartOf":{"@id":"https:\/\/dana.com.br\/canaldana\/2025\/02\/12\/venda-de-carros-chineses-cresce-307-e-fatia-dos-importados-atinge-23\/"},"author":{"name":"Canal Dana","@id":"https:\/\/dana.com.br\/canaldana\/#\/schema\/person\/3c21f22f56fcf3bc46b94bc60ea4fef6"},"headline":"Venda de carros chineses cresce 30,7% e fatia dos importados atinge 23%","datePublished":"2025-02-12T11:41:54+00:00","mainEntityOfPage":{"@id":"https:\/\/dana.com.br\/canaldana\/2025\/02\/12\/venda-de-carros-chineses-cresce-307-e-fatia-dos-importados-atinge-23\/"},"wordCount":393,"articleSection":["Destaques"],"inLanguage":"pt-BR"},{"@type":"WebPage","@id":"https:\/\/dana.com.br\/canaldana\/2025\/02\/12\/venda-de-carros-chineses-cresce-307-e-fatia-dos-importados-atinge-23\/","url":"https:\/\/dana.com.br\/canaldana\/2025\/02\/12\/venda-de-carros-chineses-cresce-307-e-fatia-dos-importados-atinge-23\/","name":"Venda de carros chineses cresce 30,7% e fatia dos importados atinge 23% - Canal Dana","isPartOf":{"@id":"https:\/\/dana.com.br\/canaldana\/#website"},"datePublished":"2025-02-12T11:41:54+00:00","author":{"@id":"https:\/\/dana.com.br\/canaldana\/#\/schema\/person\/3c21f22f56fcf3bc46b94bc60ea4fef6"},"breadcrumb":{"@id":"https:\/\/dana.com.br\/canaldana\/2025\/02\/12\/venda-de-carros-chineses-cresce-307-e-fatia-dos-importados-atinge-23\/#breadcrumb"},"inLanguage":"pt-BR","potentialAction":[{"@type":"ReadAction","target":["https:\/\/dana.com.br\/canaldana\/2025\/02\/12\/venda-de-carros-chineses-cresce-307-e-fatia-dos-importados-atinge-23\/"]}]},{"@type":"BreadcrumbList","@id":"https:\/\/dana.com.br\/canaldana\/2025\/02\/12\/venda-de-carros-chineses-cresce-307-e-fatia-dos-importados-atinge-23\/#breadcrumb","itemListElement":[{"@type":"ListItem","position":1,"name":"Home","item":"https:\/\/dana.com.br\/canaldana\/"},{"@type":"ListItem","position":2,"name":"Destaques","item":"https:\/\/dana.com.br\/canaldana\/destaques\/"},{"@type":"ListItem","position":3,"name":"Venda de carros chineses cresce 30,7% e fatia dos importados atinge 23%"}]},{"@type":"WebSite","@id":"https:\/\/dana.com.br\/canaldana\/#website","url":"https:\/\/dana.com.br\/canaldana\/","name":"Canal Dana","description":"Informativo com as principais not\u00edcias da ind\u00fastria automotiva","potentialAction":[{"@type":"SearchAction","target":{"@type":"EntryPoint","urlTemplate":"https:\/\/dana.com.br\/canaldana\/?s={search_term_string}"},"query-input":{"@type":"PropertyValueSpecification","valueRequired":true,"valueName":"search_term_string"}}],"inLanguage":"pt-BR"},{"@type":"Person","@id":"https:\/\/dana.com.br\/canaldana\/#\/schema\/person\/3c21f22f56fcf3bc46b94bc60ea4fef6","name":"Canal Dana","image":{"@type":"ImageObject","inLanguage":"pt-BR","@id":"https:\/\/secure.gravatar.com\/avatar\/420aaf9278582877d9018637c6817617705899d2858d7572ef0fe59a6b6454b4?s=96&d=mm&r=g","url":"https:\/\/secure.gravatar.com\/avatar\/420aaf9278582877d9018637c6817617705899d2858d7572ef0fe59a6b6454b4?s=96&d=mm&r=g","contentUrl":"https:\/\/secure.gravatar.com\/avatar\/420aaf9278582877d9018637c6817617705899d2858d7572ef0fe59a6b6454b4?s=96&d=mm&r=g","caption":"Canal Dana"},"url":"https:\/\/dana.com.br\/canaldana\/author\/cdeditor\/"}]}},"_links":{"self":[{"href":"https:\/\/dana.com.br\/canaldana\/wp-json\/wp\/v2\/posts\/79664","targetHints":{"allow":["GET"]}}],"collection":[{"href":"https:\/\/dana.com.br\/canaldana\/wp-json\/wp\/v2\/posts"}],"about":[{"href":"https:\/\/dana.com.br\/canaldana\/wp-json\/wp\/v2\/types\/post"}],"author":[{"embeddable":true,"href":"https:\/\/dana.com.br\/canaldana\/wp-json\/wp\/v2\/users\/3"}],"replies":[{"embeddable":true,"href":"https:\/\/dana.com.br\/canaldana\/wp-json\/wp\/v2\/comments?post=79664"}],"version-history":[{"count":1,"href":"https:\/\/dana.com.br\/canaldana\/wp-json\/wp\/v2\/posts\/79664\/revisions"}],"predecessor-version":[{"id":79665,"href":"https:\/\/dana.com.br\/canaldana\/wp-json\/wp\/v2\/posts\/79664\/revisions\/79665"}],"wp:attachment":[{"href":"https:\/\/dana.com.br\/canaldana\/wp-json\/wp\/v2\/media?parent=79664"}],"wp:term":[{"taxonomy":"category","embeddable":true,"href":"https:\/\/dana.com.br\/canaldana\/wp-json\/wp\/v2\/categories?post=79664"},{"taxonomy":"post_tag","embeddable":true,"href":"https:\/\/dana.com.br\/canaldana\/wp-json\/wp\/v2\/tags?post=79664"}],"curies":[{"name":"wp","href":"https:\/\/api.w.org\/{rel}","templated":true}]}}