{"id":79661,"date":"2025-02-12T08:40:30","date_gmt":"2025-02-12T11:40:30","guid":{"rendered":"https:\/\/dana.com.br\/canaldana\/?p=79661"},"modified":"2025-02-12T08:40:30","modified_gmt":"2025-02-12T11:40:30","slug":"governo-indica-desejo-de-negociar-com-eua-excecao-para-tarifa-do-aco","status":"publish","type":"post","link":"https:\/\/dana.com.br\/canaldana\/2025\/02\/12\/governo-indica-desejo-de-negociar-com-eua-excecao-para-tarifa-do-aco\/","title":{"rendered":"Governo indica desejo de negociar com EUA exce\u00e7\u00e3o para tarifa do a\u00e7o"},"content":{"rendered":"<p><em>O Estado de S. Paulo<\/em><\/p>\n<p>&nbsp;<\/p>\n<p>Um dia depois de o presidente dos Estados Unidos, Donald Trump, formalizar a imposi\u00e7\u00e3o de tarifa de 25% sobre todas as importa\u00e7\u00f5es de a\u00e7o e alum\u00ednio do pa\u00eds, ministros sinalizaram ontem a disposi\u00e7\u00e3o do governo brasileiro de evitar a ado\u00e7\u00e3o de contramedidas e tentar avan\u00e7ar numa negocia\u00e7\u00e3o com autoridades americanas. Em 2024, o Brasil foi o segundo maior fornecedor de a\u00e7o para os EUA, atr\u00e1s apenas do Canad\u00e1. Ainda n\u00e3o houve um pronunciamento oficial do presidente Luiz In\u00e1cio Lula da Silva.<\/p>\n<p>&nbsp;<\/p>\n<p>\u201cGuerra comercial n\u00e3o faz bem para ningu\u00e9m. O Brasil n\u00e3o estimula e n\u00e3o entrar\u00e1 em nenhuma guerra comercial\u201d, disse o ministro de Rela\u00e7\u00f5es Institucionais, Alexandre Padilha. \u201cUm dos avan\u00e7os importantes dos \u00faltimos anos foi exatamente constituir um instrumento de di\u00e1logo entre os pa\u00edses e o refor\u00e7o do livre com\u00e9rcio.\u201d<\/p>\n<p>&nbsp;<\/p>\n<p>A declara\u00e7\u00e3o foi dada pela manh\u00e3, em Bras\u00edlia, depois da abertura de encontro de prefeitos. No fim do dia, foi a vez de o ministro da Fazenda, Fernando Haddad, refor\u00e7ar a indica\u00e7\u00e3o de cautela em rela\u00e7\u00e3o a uma eventual rea\u00e7\u00e3o mais firme do governo brasileiro.<\/p>\n<p>&nbsp;<\/p>\n<p>Haddad disse que o Minist\u00e9rio do Desenvolvimento, Ind\u00fastria, Com\u00e9rcio e Servi\u00e7os (Mdic) est\u00e1 organizando as informa\u00e7\u00f5es sobre o tema para apresent\u00e1-las ao presidente Lula a e que \u00e9 preciso conhecer a \u201cmin\u00facia\u201d do an\u00fancio de taxa\u00e7\u00e3o. O novo sistema de taxa\u00e7\u00e3o s\u00f3 entrar\u00e1 em vigor em 12 de mar\u00e7o.<\/p>\n<p>&nbsp;<\/p>\n<p>O ministro defendeu, contudo, que a linha brasileira \u00e9 a mesma proposta na presid\u00eancia do G-20, em que o Pa\u00eds defendeu uma \u201cglobaliza\u00e7\u00e3o sustent\u00e1vel\u201d. \u201cN\u00f3s estamos imaginando voltar para a mesa de negocia\u00e7\u00e3o com propostas nessa dire\u00e7\u00e3o\u201d, disse Haddad, ao citar a avalia\u00e7\u00e3o de que medidas unilaterais como as tomadas pelos EUA s\u00e3o contraproducentes para a melhoria da economia global.<\/p>\n<p>&nbsp;<\/p>\n<p>Ele tamb\u00e9m mencionou que o tarifa\u00e7o n\u00e3o atinge s\u00f3 o Brasil e que \u00e9 preciso acompanhar as rea\u00e7\u00f5es de pa\u00edses como M\u00e9xico, Canad\u00e1 e China. Ele lembrou ainda que, em 2018, no primeiro mandato de Trump, os EUA recuaram de impor a mesma sobretaxa sobre o a\u00e7o brasileiro ao aceitarem um sistema de cotas. \u201cEnt\u00e3o, por isso, o Mdic est\u00e1 fazendo essa avalia\u00e7\u00e3o, para levar para o presidente o quadro geral, e n\u00f3s vamos avaliar conjuntamente.\u201d<\/p>\n<p>&nbsp;<\/p>\n<p>Analistas ouvidos pelo Estad\u00e3o afirmam que o governo brasileiro deveria privilegiar a abertura de negocia\u00e7\u00e3o com os EUA. Para Rubens Barbosa, que foi embaixador do Brasil em Londres e Washington, o momento pede movimentos com \u201cpragmatismo\u201d e \u201csem ideologia\u201d ( mais informa\u00e7\u00f5es na p\u00e1g. B4).<\/p>\n<p>&nbsp;<\/p>\n<p><strong>Articula\u00e7\u00e3o<\/strong><\/p>\n<p>&nbsp;<\/p>\n<p>Sob o impacto da decis\u00e3o do presidente americano, a ind\u00fastria sider\u00fargica brasileira come\u00e7ou a se articular para buscar formas de enfrentar os efeitos das medidas. Representantes do Instituto A\u00e7o Brasil foram ontem a Bras\u00edlia, onde tiveram reuni\u00f5es com t\u00e9cnicos da Secretaria de Com\u00e9rcio Exterior (Secex) e da C\u00e2mara de Com\u00e9rcio Exterior (Camex), ambos ligados ao Mdic. Aconteceu tamb\u00e9m um encontro no Minist\u00e9rio de Rela\u00e7\u00f5es Exteriores (MRE), conforme apurou o Estad\u00e3o com uma pessoa ligada ao instituto, que representa as fabricantes de a\u00e7o no Pa\u00eds.<\/p>\n<p>&nbsp;<\/p>\n<p>A tarifa de 25% deve atingir, principalmente, as exporta\u00e7\u00f5es brasileiras de material semiacabado (placas e tarugos), que representam quase 90% das vendas. Esse item \u00e9 adquirido por empresas locais que n\u00e3o fabricam placas para transform\u00e1-las em produtos acabados voltados para diversos setores industriais do pa\u00eds.<\/p>\n<p>&nbsp;<\/p>\n<p>Entre as sider\u00fargicas que atuam no Brasil, as mais atingidas pelas medidas de Trump s\u00e3o as fabricantes de placas ArcelorMittal, com duas unidades fabris no Pa\u00eds, e a Ternium, no Rio de Janeiro. O caso da companhia do empres\u00e1rio indiano Lakshmi Mittal \u00e9 mais cr\u00edtico: as unidades brasileiras abastecem 100% das necessidades da laminadora que o grupo, com a Nippon Steel, opera no Estado de Alabama. S\u00e3o 5 milh\u00f5es de toneladas por ano que v\u00e3o para essa planta, chamada Calvert.<\/p>\n<p>&nbsp;<\/p>\n<p>Oficialmente, em nota, o Instituto A\u00e7o Brasil afirmou que as empresas do setor est\u00e3o confiantes na abertura de di\u00e1logo entre os governos para restabelecer o fluxo de produtos de a\u00e7o para o mercado americano nas bases acordadas em 2018. Por esse sistema, o Brasil manteria cota de exporta\u00e7\u00e3o de 3,5 milh\u00f5es de toneladas ao ano de placas isentas de impostos. Somando a\u00e7os acabados, o total chega a 4,2 milh\u00f5es de toneladas. \u201cEstados Unidos e Brasil det\u00eam parceria comercial de longa data, que vem sendo, historicamente, favor\u00e1vel ao primeiro\u201d, afirmou a entidade. \u2022<\/p>\n<p>&nbsp;<\/p>\n<p>Como embaixador do Brasil em Washington entre 1999 e 2004, Rubens Barbosa liderou a primeira das negocia\u00e7\u00f5es do Pa\u00eds para evitar que o a\u00e7o exportado fosse taxado pelos Estados Unidos. A amea\u00e7a retornou depois, em outros governos, como foi na primeira gest\u00e3o de Donald Trump, em 2018, e agora, no in\u00edcio do seu novo mandato.<\/p>\n<p>&nbsp;<\/p>\n<p>A partir da experi\u00eancia anterior e dos sinais que Trump vem dando, a melhor estrat\u00e9gia, para Barbosa, \u00e9 seguir como o governo vem fazendo: \u201cO Brasil tem de ir devagar e n\u00e3o reagir politicamente; n\u00e3o tem cacife (para isso)\u201d.<\/p>\n<p>&nbsp;<\/p>\n<p>O Brasil ter\u00e1 a oportunidade de negociar para que as tarifas anunciadas por Trump <strong>para importa\u00e7\u00f5es do a\u00e7o e alum\u00ednio nos EUA n\u00e3o se apliquem ao Pa\u00eds?<\/strong><\/p>\n<p>&nbsp;<\/p>\n<p>Em 2002, quando eu estava em Washington, pela primeira vez colocaram tarifas para a\u00e7o e alum\u00ednio, por causa desse problema de prote\u00e7\u00e3o da ind\u00fastria americana. O Brasil \u00e9 o segundo maior fornecedor de a\u00e7o especial, de a\u00e7o plano, beneficiado nos EUA. As empresas de l\u00e1 dependem do Brasil. Ent\u00e3o, temos de conversar com as empresas, como aconteceu em 2002, em 2018 e deve ser agora.<\/p>\n<p>&nbsp;<\/p>\n<p><strong>Ser\u00e1 mais eficiente, agora, negociar do que aplicar reciprocidade, como se falou que o governo brasileiro poderia fazer?<\/strong><\/p>\n<p>&nbsp;<\/p>\n<p>N\u00e3o adianta amea\u00e7ar retaliar. O governo est\u00e1 fazendo o certo, esperando para conversar e negociar. E isso n\u00e3o deve ser s\u00f3 com o governo, mas tamb\u00e9m com as empresas americanas, como as de autom\u00f3vel e de aparelhos de linha branca. O Brasil supre diretamente esse mercado com a\u00e7o. Eles ter\u00e3o interesse de que exista algum tipo de cota sem taxa\u00e7\u00e3o e de isen\u00e7\u00e3o. Mas tudo isso tem de ser negociado. N\u00e3o pode ficar falando pela imprensa. O importante \u00e9 negociar diretamente e discretamente.<\/p>\n<p>&nbsp;<\/p>\n<p><strong>As ind\u00fastrias americanas que importam a\u00e7o brasileiro podem ser prejudicadas pela taxa\u00e7\u00e3o, e repassar aumentos de custos?<\/strong><\/p>\n<p>&nbsp;<\/p>\n<p>Essas medidas que o Trump tem defendido ser\u00e3o negativas para o mercado americano. As empresas v\u00e3o ter de pagar 25% de acr\u00e9scimo no pre\u00e7o de compra dos insumos. Mesmo que parte da produ\u00e7\u00e3o possa ser substitu\u00edda por fornecimento interno, ningu\u00e9m vai criar uma empresa agora. A Gerdau est\u00e1 produzindo l\u00e1, e vai at\u00e9 se beneficiar, porque o pre\u00e7o vai subir nos EUA e v\u00e3o vender mais, mas outras, como a ArcelorMittal, precisam exportar. E n\u00e3o \u00e9 uma discrimina\u00e7\u00e3o contra o Brasil. \u00c9 uma discrimina\u00e7\u00e3o geral.<\/p>\n<p>&nbsp;<\/p>\n<p><strong>H\u00e1 caminhos para uma abordagem pragm\u00e1tica, para evitar que o Brasil seja prejudicado?<\/strong><\/p>\n<p>&nbsp;<\/p>\n<p>N\u00e3o se pode criar marola em torno disso. Tem de ficar tranquilo, sem radicaliza\u00e7\u00e3o, sem ideologia, e com pragmatismo. O governo vai buscar canais na \u00e1rea comercial do governo americano, e est\u00e1 abrindo negocia\u00e7\u00e3o.<\/p>\n<p>&nbsp;<\/p>\n<p>A retalia\u00e7\u00e3o n\u00e3o deve ser discutida no momento, ent\u00e3o? O ideal \u00e9 ficar quieto e n\u00e3o se meter no que n\u00e3o diz respeito ao Brasil. Chegou a sair a hist\u00f3ria de que o Brasil poderia retaliar as medidas do Trump. Mas o governo n\u00e3o deve discutir nada por princ\u00edpio. Precisa ver se afeta o interesse brasileiro. O Brasil tem de ir devagar e n\u00e3o reagir politicamente; n\u00e3o tem cacife ( para isso). Temos um com\u00e9rcio exterior de US$ 600 bilh\u00f5es, que pode crescer, e muitos interesses a preservar. (O Estado de S. Paulo\/Caio Spechoto, Amanda Pupo e Ivo Ribeiro)<\/p>\n","protected":false},"excerpt":{"rendered":"<p>O Estado de S. Paulo &nbsp; Um dia depois de o presidente dos Estados Unidos, Donald Trump, formalizar a imposi\u00e7\u00e3o de tarifa de 25% sobre todas as importa\u00e7\u00f5es de a\u00e7o e alum\u00ednio do pa\u00eds, ministros sinalizaram ontem a disposi\u00e7\u00e3o do governo brasileiro de evitar a ado\u00e7\u00e3o de contramedidas e tentar avan\u00e7ar numa negocia\u00e7\u00e3o com autoridades\u2026 <a class=\"readmore\" href=\"https:\/\/dana.com.br\/canaldana\/2025\/02\/12\/governo-indica-desejo-de-negociar-com-eua-excecao-para-tarifa-do-aco\/\">Leia mais \u00bb<\/a><\/p>\n","protected":false},"author":3,"featured_media":0,"comment_status":"closed","ping_status":"closed","sticky":false,"template":"","format":"standard","meta":{"_acf_changed":false,"footnotes":""},"categories":[79],"tags":[],"class_list":["post-79661","post","type-post","status-publish","format-standard","hentry","category-mercado"],"acf":[],"yoast_head":"<!-- This site is optimized with the Yoast SEO plugin v27.3 - https:\/\/yoast.com\/product\/yoast-seo-wordpress\/ -->\n<title>Governo indica desejo de negociar com EUA exce\u00e7\u00e3o para tarifa do a\u00e7o - Canal Dana<\/title>\n<meta name=\"robots\" content=\"index, follow, max-snippet:-1, max-image-preview:large, max-video-preview:-1\" \/>\n<link rel=\"canonical\" href=\"https:\/\/dana.com.br\/canaldana\/2025\/02\/12\/governo-indica-desejo-de-negociar-com-eua-excecao-para-tarifa-do-aco\/\" \/>\n<meta property=\"og:locale\" content=\"pt_BR\" \/>\n<meta property=\"og:type\" content=\"article\" \/>\n<meta property=\"og:title\" content=\"Governo indica desejo de negociar com EUA exce\u00e7\u00e3o para tarifa do a\u00e7o - Canal Dana\" \/>\n<meta property=\"og:description\" content=\"O Estado de S. Paulo &nbsp; Um dia depois de o presidente dos Estados Unidos, Donald Trump, formalizar a imposi\u00e7\u00e3o de tarifa de 25% sobre todas as importa\u00e7\u00f5es de a\u00e7o e alum\u00ednio do pa\u00eds, ministros sinalizaram ontem a disposi\u00e7\u00e3o do governo brasileiro de evitar a ado\u00e7\u00e3o de contramedidas e tentar avan\u00e7ar numa negocia\u00e7\u00e3o com autoridades\u2026 Leia mais \u00bb\" \/>\n<meta property=\"og:url\" content=\"https:\/\/dana.com.br\/canaldana\/2025\/02\/12\/governo-indica-desejo-de-negociar-com-eua-excecao-para-tarifa-do-aco\/\" \/>\n<meta property=\"og:site_name\" content=\"Canal Dana\" \/>\n<meta property=\"article:published_time\" content=\"2025-02-12T11:40:30+00:00\" \/>\n<meta name=\"author\" content=\"Canal Dana\" \/>\n<meta name=\"twitter:card\" content=\"summary_large_image\" \/>\n<meta name=\"twitter:label1\" content=\"Escrito por\" \/>\n\t<meta name=\"twitter:data1\" content=\"Canal Dana\" \/>\n\t<meta name=\"twitter:label2\" content=\"Est. tempo de leitura\" \/>\n\t<meta name=\"twitter:data2\" content=\"7 minutos\" \/>\n<script type=\"application\/ld+json\" class=\"yoast-schema-graph\">{\"@context\":\"https:\\\/\\\/schema.org\",\"@graph\":[{\"@type\":\"Article\",\"@id\":\"https:\\\/\\\/dana.com.br\\\/canaldana\\\/2025\\\/02\\\/12\\\/governo-indica-desejo-de-negociar-com-eua-excecao-para-tarifa-do-aco\\\/#article\",\"isPartOf\":{\"@id\":\"https:\\\/\\\/dana.com.br\\\/canaldana\\\/2025\\\/02\\\/12\\\/governo-indica-desejo-de-negociar-com-eua-excecao-para-tarifa-do-aco\\\/\"},\"author\":{\"name\":\"Canal Dana\",\"@id\":\"https:\\\/\\\/dana.com.br\\\/canaldana\\\/#\\\/schema\\\/person\\\/3c21f22f56fcf3bc46b94bc60ea4fef6\"},\"headline\":\"Governo indica desejo de negociar com EUA exce\u00e7\u00e3o para tarifa do a\u00e7o\",\"datePublished\":\"2025-02-12T11:40:30+00:00\",\"mainEntityOfPage\":{\"@id\":\"https:\\\/\\\/dana.com.br\\\/canaldana\\\/2025\\\/02\\\/12\\\/governo-indica-desejo-de-negociar-com-eua-excecao-para-tarifa-do-aco\\\/\"},\"wordCount\":1418,\"articleSection\":[\"Mercado\"],\"inLanguage\":\"pt-BR\"},{\"@type\":\"WebPage\",\"@id\":\"https:\\\/\\\/dana.com.br\\\/canaldana\\\/2025\\\/02\\\/12\\\/governo-indica-desejo-de-negociar-com-eua-excecao-para-tarifa-do-aco\\\/\",\"url\":\"https:\\\/\\\/dana.com.br\\\/canaldana\\\/2025\\\/02\\\/12\\\/governo-indica-desejo-de-negociar-com-eua-excecao-para-tarifa-do-aco\\\/\",\"name\":\"Governo indica desejo de negociar com EUA exce\u00e7\u00e3o para tarifa do a\u00e7o - Canal Dana\",\"isPartOf\":{\"@id\":\"https:\\\/\\\/dana.com.br\\\/canaldana\\\/#website\"},\"datePublished\":\"2025-02-12T11:40:30+00:00\",\"author\":{\"@id\":\"https:\\\/\\\/dana.com.br\\\/canaldana\\\/#\\\/schema\\\/person\\\/3c21f22f56fcf3bc46b94bc60ea4fef6\"},\"breadcrumb\":{\"@id\":\"https:\\\/\\\/dana.com.br\\\/canaldana\\\/2025\\\/02\\\/12\\\/governo-indica-desejo-de-negociar-com-eua-excecao-para-tarifa-do-aco\\\/#breadcrumb\"},\"inLanguage\":\"pt-BR\",\"potentialAction\":[{\"@type\":\"ReadAction\",\"target\":[\"https:\\\/\\\/dana.com.br\\\/canaldana\\\/2025\\\/02\\\/12\\\/governo-indica-desejo-de-negociar-com-eua-excecao-para-tarifa-do-aco\\\/\"]}]},{\"@type\":\"BreadcrumbList\",\"@id\":\"https:\\\/\\\/dana.com.br\\\/canaldana\\\/2025\\\/02\\\/12\\\/governo-indica-desejo-de-negociar-com-eua-excecao-para-tarifa-do-aco\\\/#breadcrumb\",\"itemListElement\":[{\"@type\":\"ListItem\",\"position\":1,\"name\":\"Home\",\"item\":\"https:\\\/\\\/dana.com.br\\\/canaldana\\\/\"},{\"@type\":\"ListItem\",\"position\":2,\"name\":\"Mercado\",\"item\":\"https:\\\/\\\/dana.com.br\\\/canaldana\\\/mercado\\\/\"},{\"@type\":\"ListItem\",\"position\":3,\"name\":\"Governo indica desejo de negociar com EUA exce\u00e7\u00e3o para tarifa do a\u00e7o\"}]},{\"@type\":\"WebSite\",\"@id\":\"https:\\\/\\\/dana.com.br\\\/canaldana\\\/#website\",\"url\":\"https:\\\/\\\/dana.com.br\\\/canaldana\\\/\",\"name\":\"Canal Dana\",\"description\":\"Informativo com as principais not\u00edcias da ind\u00fastria automotiva\",\"potentialAction\":[{\"@type\":\"SearchAction\",\"target\":{\"@type\":\"EntryPoint\",\"urlTemplate\":\"https:\\\/\\\/dana.com.br\\\/canaldana\\\/?s={search_term_string}\"},\"query-input\":{\"@type\":\"PropertyValueSpecification\",\"valueRequired\":true,\"valueName\":\"search_term_string\"}}],\"inLanguage\":\"pt-BR\"},{\"@type\":\"Person\",\"@id\":\"https:\\\/\\\/dana.com.br\\\/canaldana\\\/#\\\/schema\\\/person\\\/3c21f22f56fcf3bc46b94bc60ea4fef6\",\"name\":\"Canal Dana\",\"image\":{\"@type\":\"ImageObject\",\"inLanguage\":\"pt-BR\",\"@id\":\"https:\\\/\\\/secure.gravatar.com\\\/avatar\\\/420aaf9278582877d9018637c6817617705899d2858d7572ef0fe59a6b6454b4?s=96&d=mm&r=g\",\"url\":\"https:\\\/\\\/secure.gravatar.com\\\/avatar\\\/420aaf9278582877d9018637c6817617705899d2858d7572ef0fe59a6b6454b4?s=96&d=mm&r=g\",\"contentUrl\":\"https:\\\/\\\/secure.gravatar.com\\\/avatar\\\/420aaf9278582877d9018637c6817617705899d2858d7572ef0fe59a6b6454b4?s=96&d=mm&r=g\",\"caption\":\"Canal Dana\"},\"url\":\"https:\\\/\\\/dana.com.br\\\/canaldana\\\/author\\\/cdeditor\\\/\"}]}<\/script>\n<!-- \/ Yoast SEO plugin. -->","yoast_head_json":{"title":"Governo indica desejo de negociar com EUA exce\u00e7\u00e3o para tarifa do a\u00e7o - Canal Dana","robots":{"index":"index","follow":"follow","max-snippet":"max-snippet:-1","max-image-preview":"max-image-preview:large","max-video-preview":"max-video-preview:-1"},"canonical":"https:\/\/dana.com.br\/canaldana\/2025\/02\/12\/governo-indica-desejo-de-negociar-com-eua-excecao-para-tarifa-do-aco\/","og_locale":"pt_BR","og_type":"article","og_title":"Governo indica desejo de negociar com EUA exce\u00e7\u00e3o para tarifa do a\u00e7o - Canal Dana","og_description":"O Estado de S. Paulo &nbsp; Um dia depois de o presidente dos Estados Unidos, Donald Trump, formalizar a imposi\u00e7\u00e3o de tarifa de 25% sobre todas as importa\u00e7\u00f5es de a\u00e7o e alum\u00ednio do pa\u00eds, ministros sinalizaram ontem a disposi\u00e7\u00e3o do governo brasileiro de evitar a ado\u00e7\u00e3o de contramedidas e tentar avan\u00e7ar numa negocia\u00e7\u00e3o com autoridades\u2026 Leia mais \u00bb","og_url":"https:\/\/dana.com.br\/canaldana\/2025\/02\/12\/governo-indica-desejo-de-negociar-com-eua-excecao-para-tarifa-do-aco\/","og_site_name":"Canal Dana","article_published_time":"2025-02-12T11:40:30+00:00","author":"Canal Dana","twitter_card":"summary_large_image","twitter_misc":{"Escrito por":"Canal Dana","Est. tempo de leitura":"7 minutos"},"schema":{"@context":"https:\/\/schema.org","@graph":[{"@type":"Article","@id":"https:\/\/dana.com.br\/canaldana\/2025\/02\/12\/governo-indica-desejo-de-negociar-com-eua-excecao-para-tarifa-do-aco\/#article","isPartOf":{"@id":"https:\/\/dana.com.br\/canaldana\/2025\/02\/12\/governo-indica-desejo-de-negociar-com-eua-excecao-para-tarifa-do-aco\/"},"author":{"name":"Canal Dana","@id":"https:\/\/dana.com.br\/canaldana\/#\/schema\/person\/3c21f22f56fcf3bc46b94bc60ea4fef6"},"headline":"Governo indica desejo de negociar com EUA exce\u00e7\u00e3o para tarifa do a\u00e7o","datePublished":"2025-02-12T11:40:30+00:00","mainEntityOfPage":{"@id":"https:\/\/dana.com.br\/canaldana\/2025\/02\/12\/governo-indica-desejo-de-negociar-com-eua-excecao-para-tarifa-do-aco\/"},"wordCount":1418,"articleSection":["Mercado"],"inLanguage":"pt-BR"},{"@type":"WebPage","@id":"https:\/\/dana.com.br\/canaldana\/2025\/02\/12\/governo-indica-desejo-de-negociar-com-eua-excecao-para-tarifa-do-aco\/","url":"https:\/\/dana.com.br\/canaldana\/2025\/02\/12\/governo-indica-desejo-de-negociar-com-eua-excecao-para-tarifa-do-aco\/","name":"Governo indica desejo de negociar com EUA exce\u00e7\u00e3o para tarifa do a\u00e7o - Canal Dana","isPartOf":{"@id":"https:\/\/dana.com.br\/canaldana\/#website"},"datePublished":"2025-02-12T11:40:30+00:00","author":{"@id":"https:\/\/dana.com.br\/canaldana\/#\/schema\/person\/3c21f22f56fcf3bc46b94bc60ea4fef6"},"breadcrumb":{"@id":"https:\/\/dana.com.br\/canaldana\/2025\/02\/12\/governo-indica-desejo-de-negociar-com-eua-excecao-para-tarifa-do-aco\/#breadcrumb"},"inLanguage":"pt-BR","potentialAction":[{"@type":"ReadAction","target":["https:\/\/dana.com.br\/canaldana\/2025\/02\/12\/governo-indica-desejo-de-negociar-com-eua-excecao-para-tarifa-do-aco\/"]}]},{"@type":"BreadcrumbList","@id":"https:\/\/dana.com.br\/canaldana\/2025\/02\/12\/governo-indica-desejo-de-negociar-com-eua-excecao-para-tarifa-do-aco\/#breadcrumb","itemListElement":[{"@type":"ListItem","position":1,"name":"Home","item":"https:\/\/dana.com.br\/canaldana\/"},{"@type":"ListItem","position":2,"name":"Mercado","item":"https:\/\/dana.com.br\/canaldana\/mercado\/"},{"@type":"ListItem","position":3,"name":"Governo indica desejo de negociar com EUA exce\u00e7\u00e3o para tarifa do a\u00e7o"}]},{"@type":"WebSite","@id":"https:\/\/dana.com.br\/canaldana\/#website","url":"https:\/\/dana.com.br\/canaldana\/","name":"Canal Dana","description":"Informativo com as principais not\u00edcias da ind\u00fastria automotiva","potentialAction":[{"@type":"SearchAction","target":{"@type":"EntryPoint","urlTemplate":"https:\/\/dana.com.br\/canaldana\/?s={search_term_string}"},"query-input":{"@type":"PropertyValueSpecification","valueRequired":true,"valueName":"search_term_string"}}],"inLanguage":"pt-BR"},{"@type":"Person","@id":"https:\/\/dana.com.br\/canaldana\/#\/schema\/person\/3c21f22f56fcf3bc46b94bc60ea4fef6","name":"Canal Dana","image":{"@type":"ImageObject","inLanguage":"pt-BR","@id":"https:\/\/secure.gravatar.com\/avatar\/420aaf9278582877d9018637c6817617705899d2858d7572ef0fe59a6b6454b4?s=96&d=mm&r=g","url":"https:\/\/secure.gravatar.com\/avatar\/420aaf9278582877d9018637c6817617705899d2858d7572ef0fe59a6b6454b4?s=96&d=mm&r=g","contentUrl":"https:\/\/secure.gravatar.com\/avatar\/420aaf9278582877d9018637c6817617705899d2858d7572ef0fe59a6b6454b4?s=96&d=mm&r=g","caption":"Canal Dana"},"url":"https:\/\/dana.com.br\/canaldana\/author\/cdeditor\/"}]}},"_links":{"self":[{"href":"https:\/\/dana.com.br\/canaldana\/wp-json\/wp\/v2\/posts\/79661","targetHints":{"allow":["GET"]}}],"collection":[{"href":"https:\/\/dana.com.br\/canaldana\/wp-json\/wp\/v2\/posts"}],"about":[{"href":"https:\/\/dana.com.br\/canaldana\/wp-json\/wp\/v2\/types\/post"}],"author":[{"embeddable":true,"href":"https:\/\/dana.com.br\/canaldana\/wp-json\/wp\/v2\/users\/3"}],"replies":[{"embeddable":true,"href":"https:\/\/dana.com.br\/canaldana\/wp-json\/wp\/v2\/comments?post=79661"}],"version-history":[{"count":1,"href":"https:\/\/dana.com.br\/canaldana\/wp-json\/wp\/v2\/posts\/79661\/revisions"}],"predecessor-version":[{"id":79662,"href":"https:\/\/dana.com.br\/canaldana\/wp-json\/wp\/v2\/posts\/79661\/revisions\/79662"}],"wp:attachment":[{"href":"https:\/\/dana.com.br\/canaldana\/wp-json\/wp\/v2\/media?parent=79661"}],"wp:term":[{"taxonomy":"category","embeddable":true,"href":"https:\/\/dana.com.br\/canaldana\/wp-json\/wp\/v2\/categories?post=79661"},{"taxonomy":"post_tag","embeddable":true,"href":"https:\/\/dana.com.br\/canaldana\/wp-json\/wp\/v2\/tags?post=79661"}],"curies":[{"name":"wp","href":"https:\/\/api.w.org\/{rel}","templated":true}]}}