{"id":79654,"date":"2025-02-12T08:38:32","date_gmt":"2025-02-12T11:38:32","guid":{"rendered":"https:\/\/dana.com.br\/canaldana\/?p=79654"},"modified":"2025-02-12T08:38:32","modified_gmt":"2025-02-12T11:38:32","slug":"venda-de-veiculos-chega-a-1712-mil-em-janeiro-e-atinge-os-niveis-pre-pandemia","status":"publish","type":"post","link":"https:\/\/dana.com.br\/canaldana\/2025\/02\/12\/venda-de-veiculos-chega-a-1712-mil-em-janeiro-e-atinge-os-niveis-pre-pandemia\/","title":{"rendered":"Venda de ve\u00edculos chega a 171,2 mil em janeiro e atinge os n\u00edveis pr\u00e9-pandemia"},"content":{"rendered":"<p><em>O Estado de S. Paulo Online\/Ag\u00eancia Brasil<\/em><\/p>\n<p>&nbsp;<\/p>\n<p>A quantidade de emplacamentos registrada em janeiro de 2025 foi de 171,2 mil ve\u00edculos, numa alta de 6% em rela\u00e7\u00e3o aos 161,6 mil registrados em igual per\u00edodo do ano passado, segundo dados divulgados na segunda-feira, 10, pela Associa\u00e7\u00e3o Nacional dos Fabricantes de Ve\u00edculos Automotores (Anfavea).<\/p>\n<p>&nbsp;<\/p>\n<p>Segundo a associa\u00e7\u00e3o, o resultado do primeiro m\u00eas deste ano representa o terceiro ano consecutivo com vendas em alta e atinge os n\u00edveis da ind\u00fastria pr\u00e9-pandemia. Foi o melhor janeiro desde 2021. Outro destaque foi a participa\u00e7\u00e3o de eletrificados, que registrou \u00edndice de 10%, o maior da hist\u00f3ria.<\/p>\n<p>&nbsp;<\/p>\n<p>O aumento de 6% se refere a todos os ve\u00edculos automotores. Quando analisado apenas o desempenho do emplacamento de \u00f4nibus e caminh\u00f5es, o \u00edndice \u00e9 maior, com altas de 55,5% e 14,5%, respectivamente.<\/p>\n<p>&nbsp;<\/p>\n<p>A produ\u00e7\u00e3o atingiu no m\u00eas passado a marca de 175,5 mil ve\u00edculos, 15,1% acima dos 152,6 mil registrados em janeiro de 2024. As exporta\u00e7\u00f5es chegaram a 28,7 mil ve\u00edculos, alta de 52,3% ante aos 18,8 mil de janeiro de 2024. Os melhores desempenho das vendas externas de ve\u00edculos foram para a Argentina (alta de 103%), Col\u00f4mbia (24%), M\u00e9xico (6%) e Chile (3%).<\/p>\n<p>&nbsp;<\/p>\n<p>As importa\u00e7\u00f5es no m\u00eas passado tamb\u00e9m aumentaram e atingiram 39,3 mil ve\u00edculos, um avan\u00e7o de 24,9% em rela\u00e7\u00e3o aos 31,5 mil de janeiro de 2024. A participa\u00e7\u00e3o dos importados reflete uma tend\u00eancia observada desde 2012, com destaque para os ve\u00edculos chineses, segundo relat\u00f3rio da Anfavea.<\/p>\n<p>&nbsp;<\/p>\n<p><strong>Impactos dos EUA<\/strong><\/p>\n<p>&nbsp;<\/p>\n<p>Segundo relat\u00f3rio da Anfavea, como impacto do aumento das tarifas propagadas pelo presidente dos Estados Unidos, Donald Trump, as exporta\u00e7\u00f5es podem ser redirecionadas para pa\u00edses como China, M\u00e9xico e Canad\u00e1. Outros aspectos tamb\u00e9m preocupam, tais como a desvaloriza\u00e7\u00e3o cambial, aumento da infla\u00e7\u00e3o e eleva\u00e7\u00e3o dos juros.<\/p>\n<p>&nbsp;<\/p>\n<p>\u201cSem d\u00favida, as empresas tiveram um aumento de custos de produ\u00e7\u00e3o nesses \u00faltimos dois meses. Tivemos aumento do pre\u00e7o em si impactado por juros, impactado por c\u00e2mbio. \u00c9 uma ind\u00fastria que teve um aumento de custo na sua produ\u00e7\u00e3o. Mas se isso vai ser repassado, a\u00ed cada montadora, cada fabricante, cada marca tem a sua estrat\u00e9gia de mercado\u201d, afirmou o presidente da Anfavea, M\u00e1rcio de Lima e Leite. (O Estado de S. Paulo Online\/Ag\u00eancia Brasil)<\/p>\n","protected":false},"excerpt":{"rendered":"<p>O Estado de S. Paulo Online\/Ag\u00eancia Brasil &nbsp; A quantidade de emplacamentos registrada em janeiro de 2025 foi de 171,2 mil ve\u00edculos, numa alta de 6% em rela\u00e7\u00e3o aos 161,6 mil registrados em igual per\u00edodo do ano passado, segundo dados divulgados na segunda-feira, 10, pela Associa\u00e7\u00e3o Nacional dos Fabricantes de Ve\u00edculos Automotores (Anfavea). &nbsp; Segundo\u2026 <a class=\"readmore\" href=\"https:\/\/dana.com.br\/canaldana\/2025\/02\/12\/venda-de-veiculos-chega-a-1712-mil-em-janeiro-e-atinge-os-niveis-pre-pandemia\/\">Leia mais \u00bb<\/a><\/p>\n","protected":false},"author":3,"featured_media":0,"comment_status":"closed","ping_status":"closed","sticky":false,"template":"","format":"standard","meta":{"_acf_changed":false,"footnotes":""},"categories":[79],"tags":[],"class_list":["post-79654","post","type-post","status-publish","format-standard","hentry","category-mercado"],"acf":[],"yoast_head":"<!-- This site is optimized with the Yoast SEO plugin v27.3 - https:\/\/yoast.com\/product\/yoast-seo-wordpress\/ -->\n<title>Venda de ve\u00edculos chega a 171,2 mil em janeiro e atinge os n\u00edveis pr\u00e9-pandemia - Canal Dana<\/title>\n<meta name=\"robots\" content=\"index, follow, max-snippet:-1, max-image-preview:large, max-video-preview:-1\" \/>\n<link rel=\"canonical\" href=\"https:\/\/dana.com.br\/canaldana\/2025\/02\/12\/venda-de-veiculos-chega-a-1712-mil-em-janeiro-e-atinge-os-niveis-pre-pandemia\/\" \/>\n<meta property=\"og:locale\" content=\"pt_BR\" \/>\n<meta property=\"og:type\" content=\"article\" \/>\n<meta property=\"og:title\" content=\"Venda de ve\u00edculos chega a 171,2 mil em janeiro e atinge os n\u00edveis pr\u00e9-pandemia - Canal Dana\" \/>\n<meta property=\"og:description\" content=\"O Estado de S. Paulo Online\/Ag\u00eancia Brasil &nbsp; A quantidade de emplacamentos registrada em janeiro de 2025 foi de 171,2 mil ve\u00edculos, numa alta de 6% em rela\u00e7\u00e3o aos 161,6 mil registrados em igual per\u00edodo do ano passado, segundo dados divulgados na segunda-feira, 10, pela Associa\u00e7\u00e3o Nacional dos Fabricantes de Ve\u00edculos Automotores (Anfavea). &nbsp; Segundo\u2026 Leia mais \u00bb\" \/>\n<meta property=\"og:url\" content=\"https:\/\/dana.com.br\/canaldana\/2025\/02\/12\/venda-de-veiculos-chega-a-1712-mil-em-janeiro-e-atinge-os-niveis-pre-pandemia\/\" \/>\n<meta property=\"og:site_name\" content=\"Canal Dana\" \/>\n<meta property=\"article:published_time\" content=\"2025-02-12T11:38:32+00:00\" \/>\n<meta name=\"author\" content=\"Canal Dana\" \/>\n<meta name=\"twitter:card\" content=\"summary_large_image\" \/>\n<meta name=\"twitter:label1\" content=\"Escrito por\" \/>\n\t<meta name=\"twitter:data1\" content=\"Canal Dana\" \/>\n\t<meta name=\"twitter:label2\" content=\"Est. tempo de leitura\" \/>\n\t<meta name=\"twitter:data2\" content=\"3 minutos\" \/>\n<script type=\"application\/ld+json\" class=\"yoast-schema-graph\">{\"@context\":\"https:\\\/\\\/schema.org\",\"@graph\":[{\"@type\":\"Article\",\"@id\":\"https:\\\/\\\/dana.com.br\\\/canaldana\\\/2025\\\/02\\\/12\\\/venda-de-veiculos-chega-a-1712-mil-em-janeiro-e-atinge-os-niveis-pre-pandemia\\\/#article\",\"isPartOf\":{\"@id\":\"https:\\\/\\\/dana.com.br\\\/canaldana\\\/2025\\\/02\\\/12\\\/venda-de-veiculos-chega-a-1712-mil-em-janeiro-e-atinge-os-niveis-pre-pandemia\\\/\"},\"author\":{\"name\":\"Canal Dana\",\"@id\":\"https:\\\/\\\/dana.com.br\\\/canaldana\\\/#\\\/schema\\\/person\\\/3c21f22f56fcf3bc46b94bc60ea4fef6\"},\"headline\":\"Venda de ve\u00edculos chega a 171,2 mil em janeiro e atinge os n\u00edveis pr\u00e9-pandemia\",\"datePublished\":\"2025-02-12T11:38:32+00:00\",\"mainEntityOfPage\":{\"@id\":\"https:\\\/\\\/dana.com.br\\\/canaldana\\\/2025\\\/02\\\/12\\\/venda-de-veiculos-chega-a-1712-mil-em-janeiro-e-atinge-os-niveis-pre-pandemia\\\/\"},\"wordCount\":411,\"articleSection\":[\"Mercado\"],\"inLanguage\":\"pt-BR\"},{\"@type\":\"WebPage\",\"@id\":\"https:\\\/\\\/dana.com.br\\\/canaldana\\\/2025\\\/02\\\/12\\\/venda-de-veiculos-chega-a-1712-mil-em-janeiro-e-atinge-os-niveis-pre-pandemia\\\/\",\"url\":\"https:\\\/\\\/dana.com.br\\\/canaldana\\\/2025\\\/02\\\/12\\\/venda-de-veiculos-chega-a-1712-mil-em-janeiro-e-atinge-os-niveis-pre-pandemia\\\/\",\"name\":\"Venda de ve\u00edculos chega a 171,2 mil em janeiro e atinge os n\u00edveis pr\u00e9-pandemia - Canal Dana\",\"isPartOf\":{\"@id\":\"https:\\\/\\\/dana.com.br\\\/canaldana\\\/#website\"},\"datePublished\":\"2025-02-12T11:38:32+00:00\",\"author\":{\"@id\":\"https:\\\/\\\/dana.com.br\\\/canaldana\\\/#\\\/schema\\\/person\\\/3c21f22f56fcf3bc46b94bc60ea4fef6\"},\"breadcrumb\":{\"@id\":\"https:\\\/\\\/dana.com.br\\\/canaldana\\\/2025\\\/02\\\/12\\\/venda-de-veiculos-chega-a-1712-mil-em-janeiro-e-atinge-os-niveis-pre-pandemia\\\/#breadcrumb\"},\"inLanguage\":\"pt-BR\",\"potentialAction\":[{\"@type\":\"ReadAction\",\"target\":[\"https:\\\/\\\/dana.com.br\\\/canaldana\\\/2025\\\/02\\\/12\\\/venda-de-veiculos-chega-a-1712-mil-em-janeiro-e-atinge-os-niveis-pre-pandemia\\\/\"]}]},{\"@type\":\"BreadcrumbList\",\"@id\":\"https:\\\/\\\/dana.com.br\\\/canaldana\\\/2025\\\/02\\\/12\\\/venda-de-veiculos-chega-a-1712-mil-em-janeiro-e-atinge-os-niveis-pre-pandemia\\\/#breadcrumb\",\"itemListElement\":[{\"@type\":\"ListItem\",\"position\":1,\"name\":\"Home\",\"item\":\"https:\\\/\\\/dana.com.br\\\/canaldana\\\/\"},{\"@type\":\"ListItem\",\"position\":2,\"name\":\"Mercado\",\"item\":\"https:\\\/\\\/dana.com.br\\\/canaldana\\\/mercado\\\/\"},{\"@type\":\"ListItem\",\"position\":3,\"name\":\"Venda de ve\u00edculos chega a 171,2 mil em janeiro e atinge os n\u00edveis pr\u00e9-pandemia\"}]},{\"@type\":\"WebSite\",\"@id\":\"https:\\\/\\\/dana.com.br\\\/canaldana\\\/#website\",\"url\":\"https:\\\/\\\/dana.com.br\\\/canaldana\\\/\",\"name\":\"Canal Dana\",\"description\":\"Informativo com as principais not\u00edcias da ind\u00fastria automotiva\",\"potentialAction\":[{\"@type\":\"SearchAction\",\"target\":{\"@type\":\"EntryPoint\",\"urlTemplate\":\"https:\\\/\\\/dana.com.br\\\/canaldana\\\/?s={search_term_string}\"},\"query-input\":{\"@type\":\"PropertyValueSpecification\",\"valueRequired\":true,\"valueName\":\"search_term_string\"}}],\"inLanguage\":\"pt-BR\"},{\"@type\":\"Person\",\"@id\":\"https:\\\/\\\/dana.com.br\\\/canaldana\\\/#\\\/schema\\\/person\\\/3c21f22f56fcf3bc46b94bc60ea4fef6\",\"name\":\"Canal Dana\",\"image\":{\"@type\":\"ImageObject\",\"inLanguage\":\"pt-BR\",\"@id\":\"https:\\\/\\\/secure.gravatar.com\\\/avatar\\\/420aaf9278582877d9018637c6817617705899d2858d7572ef0fe59a6b6454b4?s=96&d=mm&r=g\",\"url\":\"https:\\\/\\\/secure.gravatar.com\\\/avatar\\\/420aaf9278582877d9018637c6817617705899d2858d7572ef0fe59a6b6454b4?s=96&d=mm&r=g\",\"contentUrl\":\"https:\\\/\\\/secure.gravatar.com\\\/avatar\\\/420aaf9278582877d9018637c6817617705899d2858d7572ef0fe59a6b6454b4?s=96&d=mm&r=g\",\"caption\":\"Canal Dana\"},\"url\":\"https:\\\/\\\/dana.com.br\\\/canaldana\\\/author\\\/cdeditor\\\/\"}]}<\/script>\n<!-- \/ Yoast SEO plugin. -->","yoast_head_json":{"title":"Venda de ve\u00edculos chega a 171,2 mil em janeiro e atinge os n\u00edveis pr\u00e9-pandemia - Canal Dana","robots":{"index":"index","follow":"follow","max-snippet":"max-snippet:-1","max-image-preview":"max-image-preview:large","max-video-preview":"max-video-preview:-1"},"canonical":"https:\/\/dana.com.br\/canaldana\/2025\/02\/12\/venda-de-veiculos-chega-a-1712-mil-em-janeiro-e-atinge-os-niveis-pre-pandemia\/","og_locale":"pt_BR","og_type":"article","og_title":"Venda de ve\u00edculos chega a 171,2 mil em janeiro e atinge os n\u00edveis pr\u00e9-pandemia - Canal Dana","og_description":"O Estado de S. Paulo Online\/Ag\u00eancia Brasil &nbsp; A quantidade de emplacamentos registrada em janeiro de 2025 foi de 171,2 mil ve\u00edculos, numa alta de 6% em rela\u00e7\u00e3o aos 161,6 mil registrados em igual per\u00edodo do ano passado, segundo dados divulgados na segunda-feira, 10, pela Associa\u00e7\u00e3o Nacional dos Fabricantes de Ve\u00edculos Automotores (Anfavea). &nbsp; Segundo\u2026 Leia mais \u00bb","og_url":"https:\/\/dana.com.br\/canaldana\/2025\/02\/12\/venda-de-veiculos-chega-a-1712-mil-em-janeiro-e-atinge-os-niveis-pre-pandemia\/","og_site_name":"Canal Dana","article_published_time":"2025-02-12T11:38:32+00:00","author":"Canal Dana","twitter_card":"summary_large_image","twitter_misc":{"Escrito por":"Canal Dana","Est. tempo de leitura":"3 minutos"},"schema":{"@context":"https:\/\/schema.org","@graph":[{"@type":"Article","@id":"https:\/\/dana.com.br\/canaldana\/2025\/02\/12\/venda-de-veiculos-chega-a-1712-mil-em-janeiro-e-atinge-os-niveis-pre-pandemia\/#article","isPartOf":{"@id":"https:\/\/dana.com.br\/canaldana\/2025\/02\/12\/venda-de-veiculos-chega-a-1712-mil-em-janeiro-e-atinge-os-niveis-pre-pandemia\/"},"author":{"name":"Canal Dana","@id":"https:\/\/dana.com.br\/canaldana\/#\/schema\/person\/3c21f22f56fcf3bc46b94bc60ea4fef6"},"headline":"Venda de ve\u00edculos chega a 171,2 mil em janeiro e atinge os n\u00edveis pr\u00e9-pandemia","datePublished":"2025-02-12T11:38:32+00:00","mainEntityOfPage":{"@id":"https:\/\/dana.com.br\/canaldana\/2025\/02\/12\/venda-de-veiculos-chega-a-1712-mil-em-janeiro-e-atinge-os-niveis-pre-pandemia\/"},"wordCount":411,"articleSection":["Mercado"],"inLanguage":"pt-BR"},{"@type":"WebPage","@id":"https:\/\/dana.com.br\/canaldana\/2025\/02\/12\/venda-de-veiculos-chega-a-1712-mil-em-janeiro-e-atinge-os-niveis-pre-pandemia\/","url":"https:\/\/dana.com.br\/canaldana\/2025\/02\/12\/venda-de-veiculos-chega-a-1712-mil-em-janeiro-e-atinge-os-niveis-pre-pandemia\/","name":"Venda de ve\u00edculos chega a 171,2 mil em janeiro e atinge os n\u00edveis pr\u00e9-pandemia - Canal Dana","isPartOf":{"@id":"https:\/\/dana.com.br\/canaldana\/#website"},"datePublished":"2025-02-12T11:38:32+00:00","author":{"@id":"https:\/\/dana.com.br\/canaldana\/#\/schema\/person\/3c21f22f56fcf3bc46b94bc60ea4fef6"},"breadcrumb":{"@id":"https:\/\/dana.com.br\/canaldana\/2025\/02\/12\/venda-de-veiculos-chega-a-1712-mil-em-janeiro-e-atinge-os-niveis-pre-pandemia\/#breadcrumb"},"inLanguage":"pt-BR","potentialAction":[{"@type":"ReadAction","target":["https:\/\/dana.com.br\/canaldana\/2025\/02\/12\/venda-de-veiculos-chega-a-1712-mil-em-janeiro-e-atinge-os-niveis-pre-pandemia\/"]}]},{"@type":"BreadcrumbList","@id":"https:\/\/dana.com.br\/canaldana\/2025\/02\/12\/venda-de-veiculos-chega-a-1712-mil-em-janeiro-e-atinge-os-niveis-pre-pandemia\/#breadcrumb","itemListElement":[{"@type":"ListItem","position":1,"name":"Home","item":"https:\/\/dana.com.br\/canaldana\/"},{"@type":"ListItem","position":2,"name":"Mercado","item":"https:\/\/dana.com.br\/canaldana\/mercado\/"},{"@type":"ListItem","position":3,"name":"Venda de ve\u00edculos chega a 171,2 mil em janeiro e atinge os n\u00edveis pr\u00e9-pandemia"}]},{"@type":"WebSite","@id":"https:\/\/dana.com.br\/canaldana\/#website","url":"https:\/\/dana.com.br\/canaldana\/","name":"Canal Dana","description":"Informativo com as principais not\u00edcias da ind\u00fastria automotiva","potentialAction":[{"@type":"SearchAction","target":{"@type":"EntryPoint","urlTemplate":"https:\/\/dana.com.br\/canaldana\/?s={search_term_string}"},"query-input":{"@type":"PropertyValueSpecification","valueRequired":true,"valueName":"search_term_string"}}],"inLanguage":"pt-BR"},{"@type":"Person","@id":"https:\/\/dana.com.br\/canaldana\/#\/schema\/person\/3c21f22f56fcf3bc46b94bc60ea4fef6","name":"Canal Dana","image":{"@type":"ImageObject","inLanguage":"pt-BR","@id":"https:\/\/secure.gravatar.com\/avatar\/420aaf9278582877d9018637c6817617705899d2858d7572ef0fe59a6b6454b4?s=96&d=mm&r=g","url":"https:\/\/secure.gravatar.com\/avatar\/420aaf9278582877d9018637c6817617705899d2858d7572ef0fe59a6b6454b4?s=96&d=mm&r=g","contentUrl":"https:\/\/secure.gravatar.com\/avatar\/420aaf9278582877d9018637c6817617705899d2858d7572ef0fe59a6b6454b4?s=96&d=mm&r=g","caption":"Canal Dana"},"url":"https:\/\/dana.com.br\/canaldana\/author\/cdeditor\/"}]}},"_links":{"self":[{"href":"https:\/\/dana.com.br\/canaldana\/wp-json\/wp\/v2\/posts\/79654","targetHints":{"allow":["GET"]}}],"collection":[{"href":"https:\/\/dana.com.br\/canaldana\/wp-json\/wp\/v2\/posts"}],"about":[{"href":"https:\/\/dana.com.br\/canaldana\/wp-json\/wp\/v2\/types\/post"}],"author":[{"embeddable":true,"href":"https:\/\/dana.com.br\/canaldana\/wp-json\/wp\/v2\/users\/3"}],"replies":[{"embeddable":true,"href":"https:\/\/dana.com.br\/canaldana\/wp-json\/wp\/v2\/comments?post=79654"}],"version-history":[{"count":1,"href":"https:\/\/dana.com.br\/canaldana\/wp-json\/wp\/v2\/posts\/79654\/revisions"}],"predecessor-version":[{"id":79655,"href":"https:\/\/dana.com.br\/canaldana\/wp-json\/wp\/v2\/posts\/79654\/revisions\/79655"}],"wp:attachment":[{"href":"https:\/\/dana.com.br\/canaldana\/wp-json\/wp\/v2\/media?parent=79654"}],"wp:term":[{"taxonomy":"category","embeddable":true,"href":"https:\/\/dana.com.br\/canaldana\/wp-json\/wp\/v2\/categories?post=79654"},{"taxonomy":"post_tag","embeddable":true,"href":"https:\/\/dana.com.br\/canaldana\/wp-json\/wp\/v2\/tags?post=79654"}],"curies":[{"name":"wp","href":"https:\/\/api.w.org\/{rel}","templated":true}]}}