{"id":79651,"date":"2025-02-12T08:37:45","date_gmt":"2025-02-12T11:37:45","guid":{"rendered":"https:\/\/dana.com.br\/canaldana\/?p=79651"},"modified":"2025-02-12T08:37:45","modified_gmt":"2025-02-12T11:37:45","slug":"mercado-de-caminhoes-cresce-mais-de-14-em-janeiro","status":"publish","type":"post","link":"https:\/\/dana.com.br\/canaldana\/2025\/02\/12\/mercado-de-caminhoes-cresce-mais-de-14-em-janeiro\/","title":{"rendered":"Mercado de caminh\u00f5es cresce mais de 14% em janeiro"},"content":{"rendered":"<p><em>Frota &amp; Cia<\/em><\/p>\n<p>&nbsp;<\/p>\n<p>O mercado brasileiro de caminh\u00f5es acusou um crescimento 14,5% em janeiro de 2025, em compara\u00e7\u00e3o ao mesmo per\u00edodo do ano passado. de acordo com levantamento da Anfavea, que representa os fabricantes de ve\u00edculos. Foram emplacadas 9,4 mil unidades no ano em curso, ante 8,2 mil registradas em 2023.<\/p>\n<p>&nbsp;<\/p>\n<p>Os licenciamentos de \u00f4nibus, por sua vez, tiveram um resultado ainda mais expressivo, com alta de 55% no comparativo de janeiro a janeiro, por conta dos 1.784 chassis emplacados esse ano versus 1.151 unidades do ano passado.<\/p>\n<p>&nbsp;<\/p>\n<p>J\u00e1 a produ\u00e7\u00e3o total de autove\u00edculos registrou crescimento de 15,1% e alcan\u00e7ou a marca de 175,5 mil unidades, a maior para o per\u00edodo desde 2021.<\/p>\n<p>&nbsp;<\/p>\n<p>O n\u00famero est\u00e1 alinhado com a proje\u00e7\u00e3o da entidade para 2025 e representa o terceiro ano consecutivo de vendas em alta. Dessa forma, o mercado\u00a0 atinge os n\u00edveis da ind\u00fastria pr\u00e9-pandemia. A participa\u00e7\u00e3o dos eletrificados em janeiro foi de 10%, a maior da hist\u00f3ria.<\/p>\n<p>&nbsp;<\/p>\n<p>\u201cEssa movimenta\u00e7\u00e3o representa uma eleva\u00e7\u00e3o de vendas no mercado interno somada ao aumento das exporta\u00e7\u00f5es, que estimulou as empresas a manterem o ritmo elevado de produ\u00e7\u00e3o. Al\u00e9m disso, essa melhora colabora com a tend\u00eancia da alta de empregos\u201d, afirmou M\u00e1rcio de Lima Leite, presidente da Anfavea. (Frota &amp; Cia\/Gustavo Queiroz)<\/p>\n","protected":false},"excerpt":{"rendered":"<p>Frota &amp; Cia &nbsp; O mercado brasileiro de caminh\u00f5es acusou um crescimento 14,5% em janeiro de 2025, em compara\u00e7\u00e3o ao mesmo per\u00edodo do ano passado. de acordo com levantamento da Anfavea, que representa os fabricantes de ve\u00edculos. Foram emplacadas 9,4 mil unidades no ano em curso, ante 8,2 mil registradas em 2023. &nbsp; Os licenciamentos\u2026 <a class=\"readmore\" href=\"https:\/\/dana.com.br\/canaldana\/2025\/02\/12\/mercado-de-caminhoes-cresce-mais-de-14-em-janeiro\/\">Leia mais \u00bb<\/a><\/p>\n","protected":false},"author":3,"featured_media":0,"comment_status":"closed","ping_status":"closed","sticky":false,"template":"","format":"standard","meta":{"_acf_changed":false,"footnotes":""},"categories":[79],"tags":[],"class_list":["post-79651","post","type-post","status-publish","format-standard","hentry","category-mercado"],"acf":[],"yoast_head":"<!-- This site is optimized with the Yoast SEO plugin v27.3 - https:\/\/yoast.com\/product\/yoast-seo-wordpress\/ -->\n<title>Mercado de caminh\u00f5es cresce mais de 14% em janeiro - Canal Dana<\/title>\n<meta name=\"robots\" content=\"index, follow, max-snippet:-1, max-image-preview:large, max-video-preview:-1\" \/>\n<link rel=\"canonical\" href=\"https:\/\/dana.com.br\/canaldana\/2025\/02\/12\/mercado-de-caminhoes-cresce-mais-de-14-em-janeiro\/\" \/>\n<meta property=\"og:locale\" content=\"pt_BR\" \/>\n<meta property=\"og:type\" content=\"article\" \/>\n<meta property=\"og:title\" content=\"Mercado de caminh\u00f5es cresce mais de 14% em janeiro - Canal Dana\" \/>\n<meta property=\"og:description\" content=\"Frota &amp; Cia &nbsp; O mercado brasileiro de caminh\u00f5es acusou um crescimento 14,5% em janeiro de 2025, em compara\u00e7\u00e3o ao mesmo per\u00edodo do ano passado. de acordo com levantamento da Anfavea, que representa os fabricantes de ve\u00edculos. Foram emplacadas 9,4 mil unidades no ano em curso, ante 8,2 mil registradas em 2023. &nbsp; Os licenciamentos\u2026 Leia mais \u00bb\" \/>\n<meta property=\"og:url\" content=\"https:\/\/dana.com.br\/canaldana\/2025\/02\/12\/mercado-de-caminhoes-cresce-mais-de-14-em-janeiro\/\" \/>\n<meta property=\"og:site_name\" content=\"Canal Dana\" \/>\n<meta property=\"article:published_time\" content=\"2025-02-12T11:37:45+00:00\" \/>\n<meta name=\"author\" content=\"Canal Dana\" \/>\n<meta name=\"twitter:card\" content=\"summary_large_image\" \/>\n<meta name=\"twitter:label1\" content=\"Escrito por\" \/>\n\t<meta name=\"twitter:data1\" content=\"Canal Dana\" \/>\n\t<meta name=\"twitter:label2\" content=\"Est. tempo de leitura\" \/>\n\t<meta name=\"twitter:data2\" content=\"2 minutos\" \/>\n<script type=\"application\/ld+json\" class=\"yoast-schema-graph\">{\"@context\":\"https:\\\/\\\/schema.org\",\"@graph\":[{\"@type\":\"Article\",\"@id\":\"https:\\\/\\\/dana.com.br\\\/canaldana\\\/2025\\\/02\\\/12\\\/mercado-de-caminhoes-cresce-mais-de-14-em-janeiro\\\/#article\",\"isPartOf\":{\"@id\":\"https:\\\/\\\/dana.com.br\\\/canaldana\\\/2025\\\/02\\\/12\\\/mercado-de-caminhoes-cresce-mais-de-14-em-janeiro\\\/\"},\"author\":{\"name\":\"Canal Dana\",\"@id\":\"https:\\\/\\\/dana.com.br\\\/canaldana\\\/#\\\/schema\\\/person\\\/3c21f22f56fcf3bc46b94bc60ea4fef6\"},\"headline\":\"Mercado de caminh\u00f5es cresce mais de 14% em janeiro\",\"datePublished\":\"2025-02-12T11:37:45+00:00\",\"mainEntityOfPage\":{\"@id\":\"https:\\\/\\\/dana.com.br\\\/canaldana\\\/2025\\\/02\\\/12\\\/mercado-de-caminhoes-cresce-mais-de-14-em-janeiro\\\/\"},\"wordCount\":231,\"articleSection\":[\"Mercado\"],\"inLanguage\":\"pt-BR\"},{\"@type\":\"WebPage\",\"@id\":\"https:\\\/\\\/dana.com.br\\\/canaldana\\\/2025\\\/02\\\/12\\\/mercado-de-caminhoes-cresce-mais-de-14-em-janeiro\\\/\",\"url\":\"https:\\\/\\\/dana.com.br\\\/canaldana\\\/2025\\\/02\\\/12\\\/mercado-de-caminhoes-cresce-mais-de-14-em-janeiro\\\/\",\"name\":\"Mercado de caminh\u00f5es cresce mais de 14% em janeiro - Canal Dana\",\"isPartOf\":{\"@id\":\"https:\\\/\\\/dana.com.br\\\/canaldana\\\/#website\"},\"datePublished\":\"2025-02-12T11:37:45+00:00\",\"author\":{\"@id\":\"https:\\\/\\\/dana.com.br\\\/canaldana\\\/#\\\/schema\\\/person\\\/3c21f22f56fcf3bc46b94bc60ea4fef6\"},\"breadcrumb\":{\"@id\":\"https:\\\/\\\/dana.com.br\\\/canaldana\\\/2025\\\/02\\\/12\\\/mercado-de-caminhoes-cresce-mais-de-14-em-janeiro\\\/#breadcrumb\"},\"inLanguage\":\"pt-BR\",\"potentialAction\":[{\"@type\":\"ReadAction\",\"target\":[\"https:\\\/\\\/dana.com.br\\\/canaldana\\\/2025\\\/02\\\/12\\\/mercado-de-caminhoes-cresce-mais-de-14-em-janeiro\\\/\"]}]},{\"@type\":\"BreadcrumbList\",\"@id\":\"https:\\\/\\\/dana.com.br\\\/canaldana\\\/2025\\\/02\\\/12\\\/mercado-de-caminhoes-cresce-mais-de-14-em-janeiro\\\/#breadcrumb\",\"itemListElement\":[{\"@type\":\"ListItem\",\"position\":1,\"name\":\"Home\",\"item\":\"https:\\\/\\\/dana.com.br\\\/canaldana\\\/\"},{\"@type\":\"ListItem\",\"position\":2,\"name\":\"Mercado\",\"item\":\"https:\\\/\\\/dana.com.br\\\/canaldana\\\/mercado\\\/\"},{\"@type\":\"ListItem\",\"position\":3,\"name\":\"Mercado de caminh\u00f5es cresce mais de 14% em janeiro\"}]},{\"@type\":\"WebSite\",\"@id\":\"https:\\\/\\\/dana.com.br\\\/canaldana\\\/#website\",\"url\":\"https:\\\/\\\/dana.com.br\\\/canaldana\\\/\",\"name\":\"Canal Dana\",\"description\":\"Informativo com as principais not\u00edcias da ind\u00fastria automotiva\",\"potentialAction\":[{\"@type\":\"SearchAction\",\"target\":{\"@type\":\"EntryPoint\",\"urlTemplate\":\"https:\\\/\\\/dana.com.br\\\/canaldana\\\/?s={search_term_string}\"},\"query-input\":{\"@type\":\"PropertyValueSpecification\",\"valueRequired\":true,\"valueName\":\"search_term_string\"}}],\"inLanguage\":\"pt-BR\"},{\"@type\":\"Person\",\"@id\":\"https:\\\/\\\/dana.com.br\\\/canaldana\\\/#\\\/schema\\\/person\\\/3c21f22f56fcf3bc46b94bc60ea4fef6\",\"name\":\"Canal Dana\",\"image\":{\"@type\":\"ImageObject\",\"inLanguage\":\"pt-BR\",\"@id\":\"https:\\\/\\\/secure.gravatar.com\\\/avatar\\\/420aaf9278582877d9018637c6817617705899d2858d7572ef0fe59a6b6454b4?s=96&d=mm&r=g\",\"url\":\"https:\\\/\\\/secure.gravatar.com\\\/avatar\\\/420aaf9278582877d9018637c6817617705899d2858d7572ef0fe59a6b6454b4?s=96&d=mm&r=g\",\"contentUrl\":\"https:\\\/\\\/secure.gravatar.com\\\/avatar\\\/420aaf9278582877d9018637c6817617705899d2858d7572ef0fe59a6b6454b4?s=96&d=mm&r=g\",\"caption\":\"Canal Dana\"},\"url\":\"https:\\\/\\\/dana.com.br\\\/canaldana\\\/author\\\/cdeditor\\\/\"}]}<\/script>\n<!-- \/ Yoast SEO plugin. -->","yoast_head_json":{"title":"Mercado de caminh\u00f5es cresce mais de 14% em janeiro - Canal Dana","robots":{"index":"index","follow":"follow","max-snippet":"max-snippet:-1","max-image-preview":"max-image-preview:large","max-video-preview":"max-video-preview:-1"},"canonical":"https:\/\/dana.com.br\/canaldana\/2025\/02\/12\/mercado-de-caminhoes-cresce-mais-de-14-em-janeiro\/","og_locale":"pt_BR","og_type":"article","og_title":"Mercado de caminh\u00f5es cresce mais de 14% em janeiro - Canal Dana","og_description":"Frota &amp; Cia &nbsp; O mercado brasileiro de caminh\u00f5es acusou um crescimento 14,5% em janeiro de 2025, em compara\u00e7\u00e3o ao mesmo per\u00edodo do ano passado. de acordo com levantamento da Anfavea, que representa os fabricantes de ve\u00edculos. Foram emplacadas 9,4 mil unidades no ano em curso, ante 8,2 mil registradas em 2023. &nbsp; Os licenciamentos\u2026 Leia mais \u00bb","og_url":"https:\/\/dana.com.br\/canaldana\/2025\/02\/12\/mercado-de-caminhoes-cresce-mais-de-14-em-janeiro\/","og_site_name":"Canal Dana","article_published_time":"2025-02-12T11:37:45+00:00","author":"Canal Dana","twitter_card":"summary_large_image","twitter_misc":{"Escrito por":"Canal Dana","Est. tempo de leitura":"2 minutos"},"schema":{"@context":"https:\/\/schema.org","@graph":[{"@type":"Article","@id":"https:\/\/dana.com.br\/canaldana\/2025\/02\/12\/mercado-de-caminhoes-cresce-mais-de-14-em-janeiro\/#article","isPartOf":{"@id":"https:\/\/dana.com.br\/canaldana\/2025\/02\/12\/mercado-de-caminhoes-cresce-mais-de-14-em-janeiro\/"},"author":{"name":"Canal Dana","@id":"https:\/\/dana.com.br\/canaldana\/#\/schema\/person\/3c21f22f56fcf3bc46b94bc60ea4fef6"},"headline":"Mercado de caminh\u00f5es cresce mais de 14% em janeiro","datePublished":"2025-02-12T11:37:45+00:00","mainEntityOfPage":{"@id":"https:\/\/dana.com.br\/canaldana\/2025\/02\/12\/mercado-de-caminhoes-cresce-mais-de-14-em-janeiro\/"},"wordCount":231,"articleSection":["Mercado"],"inLanguage":"pt-BR"},{"@type":"WebPage","@id":"https:\/\/dana.com.br\/canaldana\/2025\/02\/12\/mercado-de-caminhoes-cresce-mais-de-14-em-janeiro\/","url":"https:\/\/dana.com.br\/canaldana\/2025\/02\/12\/mercado-de-caminhoes-cresce-mais-de-14-em-janeiro\/","name":"Mercado de caminh\u00f5es cresce mais de 14% em janeiro - Canal Dana","isPartOf":{"@id":"https:\/\/dana.com.br\/canaldana\/#website"},"datePublished":"2025-02-12T11:37:45+00:00","author":{"@id":"https:\/\/dana.com.br\/canaldana\/#\/schema\/person\/3c21f22f56fcf3bc46b94bc60ea4fef6"},"breadcrumb":{"@id":"https:\/\/dana.com.br\/canaldana\/2025\/02\/12\/mercado-de-caminhoes-cresce-mais-de-14-em-janeiro\/#breadcrumb"},"inLanguage":"pt-BR","potentialAction":[{"@type":"ReadAction","target":["https:\/\/dana.com.br\/canaldana\/2025\/02\/12\/mercado-de-caminhoes-cresce-mais-de-14-em-janeiro\/"]}]},{"@type":"BreadcrumbList","@id":"https:\/\/dana.com.br\/canaldana\/2025\/02\/12\/mercado-de-caminhoes-cresce-mais-de-14-em-janeiro\/#breadcrumb","itemListElement":[{"@type":"ListItem","position":1,"name":"Home","item":"https:\/\/dana.com.br\/canaldana\/"},{"@type":"ListItem","position":2,"name":"Mercado","item":"https:\/\/dana.com.br\/canaldana\/mercado\/"},{"@type":"ListItem","position":3,"name":"Mercado de caminh\u00f5es cresce mais de 14% em janeiro"}]},{"@type":"WebSite","@id":"https:\/\/dana.com.br\/canaldana\/#website","url":"https:\/\/dana.com.br\/canaldana\/","name":"Canal Dana","description":"Informativo com as principais not\u00edcias da ind\u00fastria automotiva","potentialAction":[{"@type":"SearchAction","target":{"@type":"EntryPoint","urlTemplate":"https:\/\/dana.com.br\/canaldana\/?s={search_term_string}"},"query-input":{"@type":"PropertyValueSpecification","valueRequired":true,"valueName":"search_term_string"}}],"inLanguage":"pt-BR"},{"@type":"Person","@id":"https:\/\/dana.com.br\/canaldana\/#\/schema\/person\/3c21f22f56fcf3bc46b94bc60ea4fef6","name":"Canal Dana","image":{"@type":"ImageObject","inLanguage":"pt-BR","@id":"https:\/\/secure.gravatar.com\/avatar\/420aaf9278582877d9018637c6817617705899d2858d7572ef0fe59a6b6454b4?s=96&d=mm&r=g","url":"https:\/\/secure.gravatar.com\/avatar\/420aaf9278582877d9018637c6817617705899d2858d7572ef0fe59a6b6454b4?s=96&d=mm&r=g","contentUrl":"https:\/\/secure.gravatar.com\/avatar\/420aaf9278582877d9018637c6817617705899d2858d7572ef0fe59a6b6454b4?s=96&d=mm&r=g","caption":"Canal Dana"},"url":"https:\/\/dana.com.br\/canaldana\/author\/cdeditor\/"}]}},"_links":{"self":[{"href":"https:\/\/dana.com.br\/canaldana\/wp-json\/wp\/v2\/posts\/79651","targetHints":{"allow":["GET"]}}],"collection":[{"href":"https:\/\/dana.com.br\/canaldana\/wp-json\/wp\/v2\/posts"}],"about":[{"href":"https:\/\/dana.com.br\/canaldana\/wp-json\/wp\/v2\/types\/post"}],"author":[{"embeddable":true,"href":"https:\/\/dana.com.br\/canaldana\/wp-json\/wp\/v2\/users\/3"}],"replies":[{"embeddable":true,"href":"https:\/\/dana.com.br\/canaldana\/wp-json\/wp\/v2\/comments?post=79651"}],"version-history":[{"count":1,"href":"https:\/\/dana.com.br\/canaldana\/wp-json\/wp\/v2\/posts\/79651\/revisions"}],"predecessor-version":[{"id":79652,"href":"https:\/\/dana.com.br\/canaldana\/wp-json\/wp\/v2\/posts\/79651\/revisions\/79652"}],"wp:attachment":[{"href":"https:\/\/dana.com.br\/canaldana\/wp-json\/wp\/v2\/media?parent=79651"}],"wp:term":[{"taxonomy":"category","embeddable":true,"href":"https:\/\/dana.com.br\/canaldana\/wp-json\/wp\/v2\/categories?post=79651"},{"taxonomy":"post_tag","embeddable":true,"href":"https:\/\/dana.com.br\/canaldana\/wp-json\/wp\/v2\/tags?post=79651"}],"curies":[{"name":"wp","href":"https:\/\/api.w.org\/{rel}","templated":true}]}}