{"id":79648,"date":"2025-02-12T08:37:10","date_gmt":"2025-02-12T11:37:10","guid":{"rendered":"https:\/\/dana.com.br\/canaldana\/?p=79648"},"modified":"2025-02-12T08:37:10","modified_gmt":"2025-02-12T11:37:10","slug":"chefao-da-vw-entrega-visual-final-do-nivus-gts-que-chega-em-breve","status":"publish","type":"post","link":"https:\/\/dana.com.br\/canaldana\/2025\/02\/12\/chefao-da-vw-entrega-visual-final-do-nivus-gts-que-chega-em-breve\/","title":{"rendered":"Chef\u00e3o da VW entrega visual final do Nivus GTS, que chega &#8220;em breve&#8221;"},"content":{"rendered":"<p><em>Motor 1<\/em><\/p>\n<p>&nbsp;<\/p>\n<p>N\u00e3o h\u00e1 muito mais o que esconder: a Volkswagen deve lan\u00e7ar o in\u00e9dito Nivus GTS em breve. Prova disso \u00e9 a postagem do CEO e presidente da VW do Brasil em uma rede social profissional, posando sem compromisso com a novidade. J\u00e1 rodando sem camuflagens, a op\u00e7\u00e3o mais esportiva do SUV cup\u00ea da marca \u00e9 uma parte da trinca de esportivas que VW trar\u00e1 ao Pa\u00eds ainda em 2025 como um &#8220;resgate da esportividade&#8221;.<\/p>\n<p>&nbsp;<\/p>\n<p>A postagem do executivo n\u00e3o diz muito. Apenas que &#8220;Ontem (10\/2) foi dia de acelerar um dos nossos grandes lan\u00e7amentos de 2025: Nivus GTS! Um carro para quem gosta de carro! Aguardem!&#8221;. A quest\u00e3o \u00e9 saber se a vers\u00e3o esportiva vir\u00e1 antes mesmo do Tera, a outra grande promessa da VW para o mercado nacional neste ano. No entanto, a foto mostra o Nivus GTS com as novas rodas de 18&#8243;, que poder\u00e3o ser opcionais, mas exclusivas da nova vers\u00e3o.<\/p>\n<p>&nbsp;<\/p>\n<p><strong>O que j\u00e1 se sabe do VW Nivus GTS?<\/strong><\/p>\n<p>&nbsp;<\/p>\n<p>A marca parece j\u00e1 n\u00e3o fazer mais quest\u00e3o de esconder o esportivo, que apareceu em imagens de dentro da f\u00e1brica em dois modelos: um branco, com rodas de 18&#8243; e que possivelmente \u00e9 o mesmo da apresenta\u00e7\u00e3o de outubro, e uma unidade cinza, que utiliza as mesmas rodas do Nivus 2025 Highline. \u00c9 poss\u00edvel que o carro ainda mude um ou outro detalhe, j\u00e1 que se tratam de prot\u00f3tipos. No entanto, com a foto de Ciro Possobom, ao menos \u00e9 poss\u00edvel saber que a nova roda deve chegar ao carro de produ\u00e7\u00e3o.<\/p>\n<p>&nbsp;<\/p>\n<p>N\u00e3o ser\u00e1 dessa vez que o SUV-cup\u00ea receber\u00e1 teto solar, j\u00e1 que a f\u00e1brica de S\u00e3o Bernardo n\u00e3o est\u00e1 apta para produzir modelos com o item (os modelos com teto s\u00e3o produzidos somente na f\u00e1brica de S\u00e3o Jos\u00e9 dos Pinhais, no Paran\u00e1). Mas deve trazer motor 1.4 TSI de 150 cv e 25,5 kgfm de torque com gasolina ou etanol associado ao c\u00e2mbio autom\u00e1tico de 6 marchas, al\u00e9m de altura de solo mais baixa e n\u00e3o contar com os racks de teto presentes nas outras vers\u00f5es do modelo.<\/p>\n<p>&nbsp;<\/p>\n<p>H\u00e1 ainda um novo aerof\u00f3lio traseiro, mais proeminente, enquanto a dianteira ganha detalhes em vermelho na parte inferior. No modelo branco, h\u00e1 rodas exclusivas de 18&#8243;, indicando que podem ser opcionais, como acontecia no Polo GTS na \u00e9poca do seu lan\u00e7amento. A chegada da vers\u00e3o esportiva \u00e9 esperada para o come\u00e7o do pr\u00f3ximo ano, abrindo a janela dos tr\u00eas esportivos que a marca lan\u00e7ar\u00e1 durante o ano de 2025. (Motor 1\/Thiago Moreno)<\/p>\n","protected":false},"excerpt":{"rendered":"<p>Motor 1 &nbsp; N\u00e3o h\u00e1 muito mais o que esconder: a Volkswagen deve lan\u00e7ar o in\u00e9dito Nivus GTS em breve. Prova disso \u00e9 a postagem do CEO e presidente da VW do Brasil em uma rede social profissional, posando sem compromisso com a novidade. J\u00e1 rodando sem camuflagens, a op\u00e7\u00e3o mais esportiva do SUV cup\u00ea\u2026 <a class=\"readmore\" href=\"https:\/\/dana.com.br\/canaldana\/2025\/02\/12\/chefao-da-vw-entrega-visual-final-do-nivus-gts-que-chega-em-breve\/\">Leia mais \u00bb<\/a><\/p>\n","protected":false},"author":3,"featured_media":0,"comment_status":"closed","ping_status":"closed","sticky":false,"template":"","format":"standard","meta":{"_acf_changed":false,"footnotes":""},"categories":[79],"tags":[],"class_list":["post-79648","post","type-post","status-publish","format-standard","hentry","category-mercado"],"acf":[],"yoast_head":"<!-- This site is optimized with the Yoast SEO plugin v27.3 - https:\/\/yoast.com\/product\/yoast-seo-wordpress\/ -->\n<title>Chef\u00e3o da VW entrega visual final do Nivus GTS, que chega &quot;em breve&quot; - Canal Dana<\/title>\n<meta name=\"robots\" content=\"index, follow, max-snippet:-1, max-image-preview:large, max-video-preview:-1\" \/>\n<link rel=\"canonical\" href=\"https:\/\/dana.com.br\/canaldana\/2025\/02\/12\/chefao-da-vw-entrega-visual-final-do-nivus-gts-que-chega-em-breve\/\" \/>\n<meta property=\"og:locale\" content=\"pt_BR\" \/>\n<meta property=\"og:type\" content=\"article\" \/>\n<meta property=\"og:title\" content=\"Chef\u00e3o da VW entrega visual final do Nivus GTS, que chega &quot;em breve&quot; - Canal Dana\" \/>\n<meta property=\"og:description\" content=\"Motor 1 &nbsp; N\u00e3o h\u00e1 muito mais o que esconder: a Volkswagen deve lan\u00e7ar o in\u00e9dito Nivus GTS em breve. Prova disso \u00e9 a postagem do CEO e presidente da VW do Brasil em uma rede social profissional, posando sem compromisso com a novidade. J\u00e1 rodando sem camuflagens, a op\u00e7\u00e3o mais esportiva do SUV cup\u00ea\u2026 Leia mais \u00bb\" \/>\n<meta property=\"og:url\" content=\"https:\/\/dana.com.br\/canaldana\/2025\/02\/12\/chefao-da-vw-entrega-visual-final-do-nivus-gts-que-chega-em-breve\/\" \/>\n<meta property=\"og:site_name\" content=\"Canal Dana\" \/>\n<meta property=\"article:published_time\" content=\"2025-02-12T11:37:10+00:00\" \/>\n<meta name=\"author\" content=\"Canal Dana\" \/>\n<meta name=\"twitter:card\" content=\"summary_large_image\" \/>\n<meta name=\"twitter:label1\" content=\"Escrito por\" \/>\n\t<meta name=\"twitter:data1\" content=\"Canal Dana\" \/>\n\t<meta name=\"twitter:label2\" content=\"Est. tempo de leitura\" \/>\n\t<meta name=\"twitter:data2\" content=\"3 minutos\" \/>\n<script type=\"application\/ld+json\" class=\"yoast-schema-graph\">{\"@context\":\"https:\\\/\\\/schema.org\",\"@graph\":[{\"@type\":\"Article\",\"@id\":\"https:\\\/\\\/dana.com.br\\\/canaldana\\\/2025\\\/02\\\/12\\\/chefao-da-vw-entrega-visual-final-do-nivus-gts-que-chega-em-breve\\\/#article\",\"isPartOf\":{\"@id\":\"https:\\\/\\\/dana.com.br\\\/canaldana\\\/2025\\\/02\\\/12\\\/chefao-da-vw-entrega-visual-final-do-nivus-gts-que-chega-em-breve\\\/\"},\"author\":{\"name\":\"Canal Dana\",\"@id\":\"https:\\\/\\\/dana.com.br\\\/canaldana\\\/#\\\/schema\\\/person\\\/3c21f22f56fcf3bc46b94bc60ea4fef6\"},\"headline\":\"Chef\u00e3o da VW entrega visual final do Nivus GTS, que chega &#8220;em breve&#8221;\",\"datePublished\":\"2025-02-12T11:37:10+00:00\",\"mainEntityOfPage\":{\"@id\":\"https:\\\/\\\/dana.com.br\\\/canaldana\\\/2025\\\/02\\\/12\\\/chefao-da-vw-entrega-visual-final-do-nivus-gts-que-chega-em-breve\\\/\"},\"wordCount\":455,\"articleSection\":[\"Mercado\"],\"inLanguage\":\"pt-BR\"},{\"@type\":\"WebPage\",\"@id\":\"https:\\\/\\\/dana.com.br\\\/canaldana\\\/2025\\\/02\\\/12\\\/chefao-da-vw-entrega-visual-final-do-nivus-gts-que-chega-em-breve\\\/\",\"url\":\"https:\\\/\\\/dana.com.br\\\/canaldana\\\/2025\\\/02\\\/12\\\/chefao-da-vw-entrega-visual-final-do-nivus-gts-que-chega-em-breve\\\/\",\"name\":\"Chef\u00e3o da VW entrega visual final do Nivus GTS, que chega \\\"em breve\\\" - Canal Dana\",\"isPartOf\":{\"@id\":\"https:\\\/\\\/dana.com.br\\\/canaldana\\\/#website\"},\"datePublished\":\"2025-02-12T11:37:10+00:00\",\"author\":{\"@id\":\"https:\\\/\\\/dana.com.br\\\/canaldana\\\/#\\\/schema\\\/person\\\/3c21f22f56fcf3bc46b94bc60ea4fef6\"},\"breadcrumb\":{\"@id\":\"https:\\\/\\\/dana.com.br\\\/canaldana\\\/2025\\\/02\\\/12\\\/chefao-da-vw-entrega-visual-final-do-nivus-gts-que-chega-em-breve\\\/#breadcrumb\"},\"inLanguage\":\"pt-BR\",\"potentialAction\":[{\"@type\":\"ReadAction\",\"target\":[\"https:\\\/\\\/dana.com.br\\\/canaldana\\\/2025\\\/02\\\/12\\\/chefao-da-vw-entrega-visual-final-do-nivus-gts-que-chega-em-breve\\\/\"]}]},{\"@type\":\"BreadcrumbList\",\"@id\":\"https:\\\/\\\/dana.com.br\\\/canaldana\\\/2025\\\/02\\\/12\\\/chefao-da-vw-entrega-visual-final-do-nivus-gts-que-chega-em-breve\\\/#breadcrumb\",\"itemListElement\":[{\"@type\":\"ListItem\",\"position\":1,\"name\":\"Home\",\"item\":\"https:\\\/\\\/dana.com.br\\\/canaldana\\\/\"},{\"@type\":\"ListItem\",\"position\":2,\"name\":\"Mercado\",\"item\":\"https:\\\/\\\/dana.com.br\\\/canaldana\\\/mercado\\\/\"},{\"@type\":\"ListItem\",\"position\":3,\"name\":\"Chef\u00e3o da VW entrega visual final do Nivus GTS, que chega &#8220;em breve&#8221;\"}]},{\"@type\":\"WebSite\",\"@id\":\"https:\\\/\\\/dana.com.br\\\/canaldana\\\/#website\",\"url\":\"https:\\\/\\\/dana.com.br\\\/canaldana\\\/\",\"name\":\"Canal Dana\",\"description\":\"Informativo com as principais not\u00edcias da ind\u00fastria automotiva\",\"potentialAction\":[{\"@type\":\"SearchAction\",\"target\":{\"@type\":\"EntryPoint\",\"urlTemplate\":\"https:\\\/\\\/dana.com.br\\\/canaldana\\\/?s={search_term_string}\"},\"query-input\":{\"@type\":\"PropertyValueSpecification\",\"valueRequired\":true,\"valueName\":\"search_term_string\"}}],\"inLanguage\":\"pt-BR\"},{\"@type\":\"Person\",\"@id\":\"https:\\\/\\\/dana.com.br\\\/canaldana\\\/#\\\/schema\\\/person\\\/3c21f22f56fcf3bc46b94bc60ea4fef6\",\"name\":\"Canal Dana\",\"image\":{\"@type\":\"ImageObject\",\"inLanguage\":\"pt-BR\",\"@id\":\"https:\\\/\\\/secure.gravatar.com\\\/avatar\\\/420aaf9278582877d9018637c6817617705899d2858d7572ef0fe59a6b6454b4?s=96&d=mm&r=g\",\"url\":\"https:\\\/\\\/secure.gravatar.com\\\/avatar\\\/420aaf9278582877d9018637c6817617705899d2858d7572ef0fe59a6b6454b4?s=96&d=mm&r=g\",\"contentUrl\":\"https:\\\/\\\/secure.gravatar.com\\\/avatar\\\/420aaf9278582877d9018637c6817617705899d2858d7572ef0fe59a6b6454b4?s=96&d=mm&r=g\",\"caption\":\"Canal Dana\"},\"url\":\"https:\\\/\\\/dana.com.br\\\/canaldana\\\/author\\\/cdeditor\\\/\"}]}<\/script>\n<!-- \/ Yoast SEO plugin. -->","yoast_head_json":{"title":"Chef\u00e3o da VW entrega visual final do Nivus GTS, que chega \"em breve\" - Canal Dana","robots":{"index":"index","follow":"follow","max-snippet":"max-snippet:-1","max-image-preview":"max-image-preview:large","max-video-preview":"max-video-preview:-1"},"canonical":"https:\/\/dana.com.br\/canaldana\/2025\/02\/12\/chefao-da-vw-entrega-visual-final-do-nivus-gts-que-chega-em-breve\/","og_locale":"pt_BR","og_type":"article","og_title":"Chef\u00e3o da VW entrega visual final do Nivus GTS, que chega \"em breve\" - Canal Dana","og_description":"Motor 1 &nbsp; N\u00e3o h\u00e1 muito mais o que esconder: a Volkswagen deve lan\u00e7ar o in\u00e9dito Nivus GTS em breve. Prova disso \u00e9 a postagem do CEO e presidente da VW do Brasil em uma rede social profissional, posando sem compromisso com a novidade. J\u00e1 rodando sem camuflagens, a op\u00e7\u00e3o mais esportiva do SUV cup\u00ea\u2026 Leia mais \u00bb","og_url":"https:\/\/dana.com.br\/canaldana\/2025\/02\/12\/chefao-da-vw-entrega-visual-final-do-nivus-gts-que-chega-em-breve\/","og_site_name":"Canal Dana","article_published_time":"2025-02-12T11:37:10+00:00","author":"Canal Dana","twitter_card":"summary_large_image","twitter_misc":{"Escrito por":"Canal Dana","Est. tempo de leitura":"3 minutos"},"schema":{"@context":"https:\/\/schema.org","@graph":[{"@type":"Article","@id":"https:\/\/dana.com.br\/canaldana\/2025\/02\/12\/chefao-da-vw-entrega-visual-final-do-nivus-gts-que-chega-em-breve\/#article","isPartOf":{"@id":"https:\/\/dana.com.br\/canaldana\/2025\/02\/12\/chefao-da-vw-entrega-visual-final-do-nivus-gts-que-chega-em-breve\/"},"author":{"name":"Canal Dana","@id":"https:\/\/dana.com.br\/canaldana\/#\/schema\/person\/3c21f22f56fcf3bc46b94bc60ea4fef6"},"headline":"Chef\u00e3o da VW entrega visual final do Nivus GTS, que chega &#8220;em breve&#8221;","datePublished":"2025-02-12T11:37:10+00:00","mainEntityOfPage":{"@id":"https:\/\/dana.com.br\/canaldana\/2025\/02\/12\/chefao-da-vw-entrega-visual-final-do-nivus-gts-que-chega-em-breve\/"},"wordCount":455,"articleSection":["Mercado"],"inLanguage":"pt-BR"},{"@type":"WebPage","@id":"https:\/\/dana.com.br\/canaldana\/2025\/02\/12\/chefao-da-vw-entrega-visual-final-do-nivus-gts-que-chega-em-breve\/","url":"https:\/\/dana.com.br\/canaldana\/2025\/02\/12\/chefao-da-vw-entrega-visual-final-do-nivus-gts-que-chega-em-breve\/","name":"Chef\u00e3o da VW entrega visual final do Nivus GTS, que chega \"em breve\" - Canal Dana","isPartOf":{"@id":"https:\/\/dana.com.br\/canaldana\/#website"},"datePublished":"2025-02-12T11:37:10+00:00","author":{"@id":"https:\/\/dana.com.br\/canaldana\/#\/schema\/person\/3c21f22f56fcf3bc46b94bc60ea4fef6"},"breadcrumb":{"@id":"https:\/\/dana.com.br\/canaldana\/2025\/02\/12\/chefao-da-vw-entrega-visual-final-do-nivus-gts-que-chega-em-breve\/#breadcrumb"},"inLanguage":"pt-BR","potentialAction":[{"@type":"ReadAction","target":["https:\/\/dana.com.br\/canaldana\/2025\/02\/12\/chefao-da-vw-entrega-visual-final-do-nivus-gts-que-chega-em-breve\/"]}]},{"@type":"BreadcrumbList","@id":"https:\/\/dana.com.br\/canaldana\/2025\/02\/12\/chefao-da-vw-entrega-visual-final-do-nivus-gts-que-chega-em-breve\/#breadcrumb","itemListElement":[{"@type":"ListItem","position":1,"name":"Home","item":"https:\/\/dana.com.br\/canaldana\/"},{"@type":"ListItem","position":2,"name":"Mercado","item":"https:\/\/dana.com.br\/canaldana\/mercado\/"},{"@type":"ListItem","position":3,"name":"Chef\u00e3o da VW entrega visual final do Nivus GTS, que chega &#8220;em breve&#8221;"}]},{"@type":"WebSite","@id":"https:\/\/dana.com.br\/canaldana\/#website","url":"https:\/\/dana.com.br\/canaldana\/","name":"Canal Dana","description":"Informativo com as principais not\u00edcias da ind\u00fastria automotiva","potentialAction":[{"@type":"SearchAction","target":{"@type":"EntryPoint","urlTemplate":"https:\/\/dana.com.br\/canaldana\/?s={search_term_string}"},"query-input":{"@type":"PropertyValueSpecification","valueRequired":true,"valueName":"search_term_string"}}],"inLanguage":"pt-BR"},{"@type":"Person","@id":"https:\/\/dana.com.br\/canaldana\/#\/schema\/person\/3c21f22f56fcf3bc46b94bc60ea4fef6","name":"Canal Dana","image":{"@type":"ImageObject","inLanguage":"pt-BR","@id":"https:\/\/secure.gravatar.com\/avatar\/420aaf9278582877d9018637c6817617705899d2858d7572ef0fe59a6b6454b4?s=96&d=mm&r=g","url":"https:\/\/secure.gravatar.com\/avatar\/420aaf9278582877d9018637c6817617705899d2858d7572ef0fe59a6b6454b4?s=96&d=mm&r=g","contentUrl":"https:\/\/secure.gravatar.com\/avatar\/420aaf9278582877d9018637c6817617705899d2858d7572ef0fe59a6b6454b4?s=96&d=mm&r=g","caption":"Canal Dana"},"url":"https:\/\/dana.com.br\/canaldana\/author\/cdeditor\/"}]}},"_links":{"self":[{"href":"https:\/\/dana.com.br\/canaldana\/wp-json\/wp\/v2\/posts\/79648","targetHints":{"allow":["GET"]}}],"collection":[{"href":"https:\/\/dana.com.br\/canaldana\/wp-json\/wp\/v2\/posts"}],"about":[{"href":"https:\/\/dana.com.br\/canaldana\/wp-json\/wp\/v2\/types\/post"}],"author":[{"embeddable":true,"href":"https:\/\/dana.com.br\/canaldana\/wp-json\/wp\/v2\/users\/3"}],"replies":[{"embeddable":true,"href":"https:\/\/dana.com.br\/canaldana\/wp-json\/wp\/v2\/comments?post=79648"}],"version-history":[{"count":1,"href":"https:\/\/dana.com.br\/canaldana\/wp-json\/wp\/v2\/posts\/79648\/revisions"}],"predecessor-version":[{"id":79649,"href":"https:\/\/dana.com.br\/canaldana\/wp-json\/wp\/v2\/posts\/79648\/revisions\/79649"}],"wp:attachment":[{"href":"https:\/\/dana.com.br\/canaldana\/wp-json\/wp\/v2\/media?parent=79648"}],"wp:term":[{"taxonomy":"category","embeddable":true,"href":"https:\/\/dana.com.br\/canaldana\/wp-json\/wp\/v2\/categories?post=79648"},{"taxonomy":"post_tag","embeddable":true,"href":"https:\/\/dana.com.br\/canaldana\/wp-json\/wp\/v2\/tags?post=79648"}],"curies":[{"name":"wp","href":"https:\/\/api.w.org\/{rel}","templated":true}]}}