{"id":79630,"date":"2025-02-11T08:39:37","date_gmt":"2025-02-11T11:39:37","guid":{"rendered":"https:\/\/dana.com.br\/canaldana\/?p=79630"},"modified":"2025-02-11T08:39:37","modified_gmt":"2025-02-11T11:39:37","slug":"mar-revolto-diz-anfavea-sobre-inicio-de-ano-com-trump-nos-eua","status":"publish","type":"post","link":"https:\/\/dana.com.br\/canaldana\/2025\/02\/11\/mar-revolto-diz-anfavea-sobre-inicio-de-ano-com-trump-nos-eua\/","title":{"rendered":"\u201cMar revolto\u201d, diz Anfavea sobre in\u00edcio de ano com Trump nos EUA"},"content":{"rendered":"<p><em>AutoInd\u00fastria<\/em><\/p>\n<p>&nbsp;<\/p>\n<p>O presidente da Anfavea, M\u00e1rcio de Lima Leite, abriu entrevista coletiva de divulga\u00e7\u00e3o do balan\u00e7o do setor com o quadro \u201cContexto norte-americano e impactos para o Brasil\u201d, referindo-se aos an\u00fancios que v\u00eam sendo feitos pelo novo presidente dos Estados Unidos, Donald Trump.<\/p>\n<p>&nbsp;<\/p>\n<p>Na sua avalia\u00e7\u00e3o, um \u201cmar revolto\u201d marca o in\u00edcio de 2025, com risco de desacelera\u00e7\u00e3o mundial da economia devido a um clima de inseguran\u00e7a que acaba alterando o humor de diferentes pa\u00edses.<\/p>\n<p>&nbsp;<\/p>\n<p>\u201c\u00c9 um momento de imprevisibilidade\u201d, comenta o executivo, dizendo ainda haver d\u00favidas sobre como as a\u00e7\u00f5es do governo estadunidense, em especial as relativas a aumento de tarifas, v\u00e3o afetar o setor automotivo.<\/p>\n<p>&nbsp;<\/p>\n<p>Lembrou que a China exporta bastante para l\u00e1, assim como o M\u00e9xico, o que pode gerar excesso de produ\u00e7\u00e3o nos pa\u00edses exportadores e o consequente redirecionamento de produtos para outros mercados, incluindo Brasil e outros pa\u00edses da Am\u00e9rica Latina. \u201cQuem tem f\u00e1brica aqui tamb\u00e9m opera em outros pa\u00edses e neste momento a an\u00e1lise das montadoras \u00e9 sobre onde \u00e9 melhor produzir\u201d.<\/p>\n<p>&nbsp;<\/p>\n<p>Segundo ele, a volatilidade em termos de c\u00e2mbio e de juros \u00e9 mundial, decorrente n\u00e3o s\u00f3 do novo governo estadunidense, mas tamb\u00e9m de conflitos como o do Oriente M\u00e9dio e da R\u00fassia e Ucr\u00e2nia.<\/p>\n<p>&nbsp;<\/p>\n<p>Ele tamb\u00e9m falou sobre a taxa\u00e7\u00e3o de 25% sobre importa\u00e7\u00e3o de a\u00e7o amea\u00e7ada por Trump, dizendo acreditar que o Brasil tem boas rela\u00e7\u00f5es com os Estados Unidos e pode buscar um acerto diplomaticamente. Mas admite que se houver a taxa\u00e7\u00e3o, a ind\u00fastria brasileira do a\u00e7o, que exporta bastante para l\u00e1, certamente ser\u00e1 prejudicada<\/p>\n<p>&nbsp;<\/p>\n<p>Na an\u00e1lise de Lima Leite, a hora \u00e9 de ter calma: \u201cH\u00e1 riscos e h\u00e1 inseguran\u00e7as. Mas tamb\u00e9m \u00e9 um momento que pode gerar oportunidades para o Brasil\u201d, destacou o executivo, comentando que o Pa\u00eds pode aproveitar este momento para ter mais competitividade nas exporta\u00e7\u00f5es, inclusive em rela\u00e7\u00e3o ao m\u00e9ciso, um dos seus principais concorrentes. (AutoInd\u00fastria\/Alzira Rodrigues)<\/p>\n","protected":false},"excerpt":{"rendered":"<p>AutoInd\u00fastria &nbsp; O presidente da Anfavea, M\u00e1rcio de Lima Leite, abriu entrevista coletiva de divulga\u00e7\u00e3o do balan\u00e7o do setor com o quadro \u201cContexto norte-americano e impactos para o Brasil\u201d, referindo-se aos an\u00fancios que v\u00eam sendo feitos pelo novo presidente dos Estados Unidos, Donald Trump. &nbsp; Na sua avalia\u00e7\u00e3o, um \u201cmar revolto\u201d marca o in\u00edcio de\u2026 <a class=\"readmore\" href=\"https:\/\/dana.com.br\/canaldana\/2025\/02\/11\/mar-revolto-diz-anfavea-sobre-inicio-de-ano-com-trump-nos-eua\/\">Leia mais \u00bb<\/a><\/p>\n","protected":false},"author":3,"featured_media":0,"comment_status":"closed","ping_status":"closed","sticky":false,"template":"","format":"standard","meta":{"_acf_changed":false,"footnotes":""},"categories":[61],"tags":[],"class_list":["post-79630","post","type-post","status-publish","format-standard","hentry","category-destaques"],"acf":[],"yoast_head":"<!-- This site is optimized with the Yoast SEO plugin v27.3 - https:\/\/yoast.com\/product\/yoast-seo-wordpress\/ -->\n<title>\u201cMar revolto\u201d, diz Anfavea sobre in\u00edcio de ano com Trump nos EUA - Canal Dana<\/title>\n<meta name=\"robots\" content=\"index, follow, max-snippet:-1, max-image-preview:large, max-video-preview:-1\" \/>\n<link rel=\"canonical\" href=\"https:\/\/dana.com.br\/canaldana\/2025\/02\/11\/mar-revolto-diz-anfavea-sobre-inicio-de-ano-com-trump-nos-eua\/\" \/>\n<meta property=\"og:locale\" content=\"pt_BR\" \/>\n<meta property=\"og:type\" content=\"article\" \/>\n<meta property=\"og:title\" content=\"\u201cMar revolto\u201d, diz Anfavea sobre in\u00edcio de ano com Trump nos EUA - Canal Dana\" \/>\n<meta property=\"og:description\" content=\"AutoInd\u00fastria &nbsp; O presidente da Anfavea, M\u00e1rcio de Lima Leite, abriu entrevista coletiva de divulga\u00e7\u00e3o do balan\u00e7o do setor com o quadro \u201cContexto norte-americano e impactos para o Brasil\u201d, referindo-se aos an\u00fancios que v\u00eam sendo feitos pelo novo presidente dos Estados Unidos, Donald Trump. &nbsp; Na sua avalia\u00e7\u00e3o, um \u201cmar revolto\u201d marca o in\u00edcio de\u2026 Leia mais \u00bb\" \/>\n<meta property=\"og:url\" content=\"https:\/\/dana.com.br\/canaldana\/2025\/02\/11\/mar-revolto-diz-anfavea-sobre-inicio-de-ano-com-trump-nos-eua\/\" \/>\n<meta property=\"og:site_name\" content=\"Canal Dana\" \/>\n<meta property=\"article:published_time\" content=\"2025-02-11T11:39:37+00:00\" \/>\n<meta name=\"author\" content=\"Canal Dana\" \/>\n<meta name=\"twitter:card\" content=\"summary_large_image\" \/>\n<meta name=\"twitter:label1\" content=\"Escrito por\" \/>\n\t<meta name=\"twitter:data1\" content=\"Canal Dana\" \/>\n\t<meta name=\"twitter:label2\" content=\"Est. tempo de leitura\" \/>\n\t<meta name=\"twitter:data2\" content=\"2 minutos\" \/>\n<script type=\"application\/ld+json\" class=\"yoast-schema-graph\">{\"@context\":\"https:\\\/\\\/schema.org\",\"@graph\":[{\"@type\":\"Article\",\"@id\":\"https:\\\/\\\/dana.com.br\\\/canaldana\\\/2025\\\/02\\\/11\\\/mar-revolto-diz-anfavea-sobre-inicio-de-ano-com-trump-nos-eua\\\/#article\",\"isPartOf\":{\"@id\":\"https:\\\/\\\/dana.com.br\\\/canaldana\\\/2025\\\/02\\\/11\\\/mar-revolto-diz-anfavea-sobre-inicio-de-ano-com-trump-nos-eua\\\/\"},\"author\":{\"name\":\"Canal Dana\",\"@id\":\"https:\\\/\\\/dana.com.br\\\/canaldana\\\/#\\\/schema\\\/person\\\/3c21f22f56fcf3bc46b94bc60ea4fef6\"},\"headline\":\"\u201cMar revolto\u201d, diz Anfavea sobre in\u00edcio de ano com Trump nos EUA\",\"datePublished\":\"2025-02-11T11:39:37+00:00\",\"mainEntityOfPage\":{\"@id\":\"https:\\\/\\\/dana.com.br\\\/canaldana\\\/2025\\\/02\\\/11\\\/mar-revolto-diz-anfavea-sobre-inicio-de-ano-com-trump-nos-eua\\\/\"},\"wordCount\":371,\"articleSection\":[\"Destaques\"],\"inLanguage\":\"pt-BR\"},{\"@type\":\"WebPage\",\"@id\":\"https:\\\/\\\/dana.com.br\\\/canaldana\\\/2025\\\/02\\\/11\\\/mar-revolto-diz-anfavea-sobre-inicio-de-ano-com-trump-nos-eua\\\/\",\"url\":\"https:\\\/\\\/dana.com.br\\\/canaldana\\\/2025\\\/02\\\/11\\\/mar-revolto-diz-anfavea-sobre-inicio-de-ano-com-trump-nos-eua\\\/\",\"name\":\"\u201cMar revolto\u201d, diz Anfavea sobre in\u00edcio de ano com Trump nos EUA - Canal Dana\",\"isPartOf\":{\"@id\":\"https:\\\/\\\/dana.com.br\\\/canaldana\\\/#website\"},\"datePublished\":\"2025-02-11T11:39:37+00:00\",\"author\":{\"@id\":\"https:\\\/\\\/dana.com.br\\\/canaldana\\\/#\\\/schema\\\/person\\\/3c21f22f56fcf3bc46b94bc60ea4fef6\"},\"breadcrumb\":{\"@id\":\"https:\\\/\\\/dana.com.br\\\/canaldana\\\/2025\\\/02\\\/11\\\/mar-revolto-diz-anfavea-sobre-inicio-de-ano-com-trump-nos-eua\\\/#breadcrumb\"},\"inLanguage\":\"pt-BR\",\"potentialAction\":[{\"@type\":\"ReadAction\",\"target\":[\"https:\\\/\\\/dana.com.br\\\/canaldana\\\/2025\\\/02\\\/11\\\/mar-revolto-diz-anfavea-sobre-inicio-de-ano-com-trump-nos-eua\\\/\"]}]},{\"@type\":\"BreadcrumbList\",\"@id\":\"https:\\\/\\\/dana.com.br\\\/canaldana\\\/2025\\\/02\\\/11\\\/mar-revolto-diz-anfavea-sobre-inicio-de-ano-com-trump-nos-eua\\\/#breadcrumb\",\"itemListElement\":[{\"@type\":\"ListItem\",\"position\":1,\"name\":\"Home\",\"item\":\"https:\\\/\\\/dana.com.br\\\/canaldana\\\/\"},{\"@type\":\"ListItem\",\"position\":2,\"name\":\"Destaques\",\"item\":\"https:\\\/\\\/dana.com.br\\\/canaldana\\\/destaques\\\/\"},{\"@type\":\"ListItem\",\"position\":3,\"name\":\"\u201cMar revolto\u201d, diz Anfavea sobre in\u00edcio de ano com Trump nos EUA\"}]},{\"@type\":\"WebSite\",\"@id\":\"https:\\\/\\\/dana.com.br\\\/canaldana\\\/#website\",\"url\":\"https:\\\/\\\/dana.com.br\\\/canaldana\\\/\",\"name\":\"Canal Dana\",\"description\":\"Informativo com as principais not\u00edcias da ind\u00fastria automotiva\",\"potentialAction\":[{\"@type\":\"SearchAction\",\"target\":{\"@type\":\"EntryPoint\",\"urlTemplate\":\"https:\\\/\\\/dana.com.br\\\/canaldana\\\/?s={search_term_string}\"},\"query-input\":{\"@type\":\"PropertyValueSpecification\",\"valueRequired\":true,\"valueName\":\"search_term_string\"}}],\"inLanguage\":\"pt-BR\"},{\"@type\":\"Person\",\"@id\":\"https:\\\/\\\/dana.com.br\\\/canaldana\\\/#\\\/schema\\\/person\\\/3c21f22f56fcf3bc46b94bc60ea4fef6\",\"name\":\"Canal Dana\",\"image\":{\"@type\":\"ImageObject\",\"inLanguage\":\"pt-BR\",\"@id\":\"https:\\\/\\\/secure.gravatar.com\\\/avatar\\\/420aaf9278582877d9018637c6817617705899d2858d7572ef0fe59a6b6454b4?s=96&d=mm&r=g\",\"url\":\"https:\\\/\\\/secure.gravatar.com\\\/avatar\\\/420aaf9278582877d9018637c6817617705899d2858d7572ef0fe59a6b6454b4?s=96&d=mm&r=g\",\"contentUrl\":\"https:\\\/\\\/secure.gravatar.com\\\/avatar\\\/420aaf9278582877d9018637c6817617705899d2858d7572ef0fe59a6b6454b4?s=96&d=mm&r=g\",\"caption\":\"Canal Dana\"},\"url\":\"https:\\\/\\\/dana.com.br\\\/canaldana\\\/author\\\/cdeditor\\\/\"}]}<\/script>\n<!-- \/ Yoast SEO plugin. -->","yoast_head_json":{"title":"\u201cMar revolto\u201d, diz Anfavea sobre in\u00edcio de ano com Trump nos EUA - Canal Dana","robots":{"index":"index","follow":"follow","max-snippet":"max-snippet:-1","max-image-preview":"max-image-preview:large","max-video-preview":"max-video-preview:-1"},"canonical":"https:\/\/dana.com.br\/canaldana\/2025\/02\/11\/mar-revolto-diz-anfavea-sobre-inicio-de-ano-com-trump-nos-eua\/","og_locale":"pt_BR","og_type":"article","og_title":"\u201cMar revolto\u201d, diz Anfavea sobre in\u00edcio de ano com Trump nos EUA - Canal Dana","og_description":"AutoInd\u00fastria &nbsp; O presidente da Anfavea, M\u00e1rcio de Lima Leite, abriu entrevista coletiva de divulga\u00e7\u00e3o do balan\u00e7o do setor com o quadro \u201cContexto norte-americano e impactos para o Brasil\u201d, referindo-se aos an\u00fancios que v\u00eam sendo feitos pelo novo presidente dos Estados Unidos, Donald Trump. &nbsp; Na sua avalia\u00e7\u00e3o, um \u201cmar revolto\u201d marca o in\u00edcio de\u2026 Leia mais \u00bb","og_url":"https:\/\/dana.com.br\/canaldana\/2025\/02\/11\/mar-revolto-diz-anfavea-sobre-inicio-de-ano-com-trump-nos-eua\/","og_site_name":"Canal Dana","article_published_time":"2025-02-11T11:39:37+00:00","author":"Canal Dana","twitter_card":"summary_large_image","twitter_misc":{"Escrito por":"Canal Dana","Est. tempo de leitura":"2 minutos"},"schema":{"@context":"https:\/\/schema.org","@graph":[{"@type":"Article","@id":"https:\/\/dana.com.br\/canaldana\/2025\/02\/11\/mar-revolto-diz-anfavea-sobre-inicio-de-ano-com-trump-nos-eua\/#article","isPartOf":{"@id":"https:\/\/dana.com.br\/canaldana\/2025\/02\/11\/mar-revolto-diz-anfavea-sobre-inicio-de-ano-com-trump-nos-eua\/"},"author":{"name":"Canal Dana","@id":"https:\/\/dana.com.br\/canaldana\/#\/schema\/person\/3c21f22f56fcf3bc46b94bc60ea4fef6"},"headline":"\u201cMar revolto\u201d, diz Anfavea sobre in\u00edcio de ano com Trump nos EUA","datePublished":"2025-02-11T11:39:37+00:00","mainEntityOfPage":{"@id":"https:\/\/dana.com.br\/canaldana\/2025\/02\/11\/mar-revolto-diz-anfavea-sobre-inicio-de-ano-com-trump-nos-eua\/"},"wordCount":371,"articleSection":["Destaques"],"inLanguage":"pt-BR"},{"@type":"WebPage","@id":"https:\/\/dana.com.br\/canaldana\/2025\/02\/11\/mar-revolto-diz-anfavea-sobre-inicio-de-ano-com-trump-nos-eua\/","url":"https:\/\/dana.com.br\/canaldana\/2025\/02\/11\/mar-revolto-diz-anfavea-sobre-inicio-de-ano-com-trump-nos-eua\/","name":"\u201cMar revolto\u201d, diz Anfavea sobre in\u00edcio de ano com Trump nos EUA - Canal Dana","isPartOf":{"@id":"https:\/\/dana.com.br\/canaldana\/#website"},"datePublished":"2025-02-11T11:39:37+00:00","author":{"@id":"https:\/\/dana.com.br\/canaldana\/#\/schema\/person\/3c21f22f56fcf3bc46b94bc60ea4fef6"},"breadcrumb":{"@id":"https:\/\/dana.com.br\/canaldana\/2025\/02\/11\/mar-revolto-diz-anfavea-sobre-inicio-de-ano-com-trump-nos-eua\/#breadcrumb"},"inLanguage":"pt-BR","potentialAction":[{"@type":"ReadAction","target":["https:\/\/dana.com.br\/canaldana\/2025\/02\/11\/mar-revolto-diz-anfavea-sobre-inicio-de-ano-com-trump-nos-eua\/"]}]},{"@type":"BreadcrumbList","@id":"https:\/\/dana.com.br\/canaldana\/2025\/02\/11\/mar-revolto-diz-anfavea-sobre-inicio-de-ano-com-trump-nos-eua\/#breadcrumb","itemListElement":[{"@type":"ListItem","position":1,"name":"Home","item":"https:\/\/dana.com.br\/canaldana\/"},{"@type":"ListItem","position":2,"name":"Destaques","item":"https:\/\/dana.com.br\/canaldana\/destaques\/"},{"@type":"ListItem","position":3,"name":"\u201cMar revolto\u201d, diz Anfavea sobre in\u00edcio de ano com Trump nos EUA"}]},{"@type":"WebSite","@id":"https:\/\/dana.com.br\/canaldana\/#website","url":"https:\/\/dana.com.br\/canaldana\/","name":"Canal Dana","description":"Informativo com as principais not\u00edcias da ind\u00fastria automotiva","potentialAction":[{"@type":"SearchAction","target":{"@type":"EntryPoint","urlTemplate":"https:\/\/dana.com.br\/canaldana\/?s={search_term_string}"},"query-input":{"@type":"PropertyValueSpecification","valueRequired":true,"valueName":"search_term_string"}}],"inLanguage":"pt-BR"},{"@type":"Person","@id":"https:\/\/dana.com.br\/canaldana\/#\/schema\/person\/3c21f22f56fcf3bc46b94bc60ea4fef6","name":"Canal Dana","image":{"@type":"ImageObject","inLanguage":"pt-BR","@id":"https:\/\/secure.gravatar.com\/avatar\/420aaf9278582877d9018637c6817617705899d2858d7572ef0fe59a6b6454b4?s=96&d=mm&r=g","url":"https:\/\/secure.gravatar.com\/avatar\/420aaf9278582877d9018637c6817617705899d2858d7572ef0fe59a6b6454b4?s=96&d=mm&r=g","contentUrl":"https:\/\/secure.gravatar.com\/avatar\/420aaf9278582877d9018637c6817617705899d2858d7572ef0fe59a6b6454b4?s=96&d=mm&r=g","caption":"Canal Dana"},"url":"https:\/\/dana.com.br\/canaldana\/author\/cdeditor\/"}]}},"_links":{"self":[{"href":"https:\/\/dana.com.br\/canaldana\/wp-json\/wp\/v2\/posts\/79630","targetHints":{"allow":["GET"]}}],"collection":[{"href":"https:\/\/dana.com.br\/canaldana\/wp-json\/wp\/v2\/posts"}],"about":[{"href":"https:\/\/dana.com.br\/canaldana\/wp-json\/wp\/v2\/types\/post"}],"author":[{"embeddable":true,"href":"https:\/\/dana.com.br\/canaldana\/wp-json\/wp\/v2\/users\/3"}],"replies":[{"embeddable":true,"href":"https:\/\/dana.com.br\/canaldana\/wp-json\/wp\/v2\/comments?post=79630"}],"version-history":[{"count":1,"href":"https:\/\/dana.com.br\/canaldana\/wp-json\/wp\/v2\/posts\/79630\/revisions"}],"predecessor-version":[{"id":79631,"href":"https:\/\/dana.com.br\/canaldana\/wp-json\/wp\/v2\/posts\/79630\/revisions\/79631"}],"wp:attachment":[{"href":"https:\/\/dana.com.br\/canaldana\/wp-json\/wp\/v2\/media?parent=79630"}],"wp:term":[{"taxonomy":"category","embeddable":true,"href":"https:\/\/dana.com.br\/canaldana\/wp-json\/wp\/v2\/categories?post=79630"},{"taxonomy":"post_tag","embeddable":true,"href":"https:\/\/dana.com.br\/canaldana\/wp-json\/wp\/v2\/tags?post=79630"}],"curies":[{"name":"wp","href":"https:\/\/api.w.org\/{rel}","templated":true}]}}