{"id":79620,"date":"2025-02-11T08:36:45","date_gmt":"2025-02-11T11:36:45","guid":{"rendered":"https:\/\/dana.com.br\/canaldana\/?p=79620"},"modified":"2025-02-11T08:36:45","modified_gmt":"2025-02-11T11:36:45","slug":"preco-medio-do-diesel-sobe-em-janeiro-aponta-levantamento","status":"publish","type":"post","link":"https:\/\/dana.com.br\/canaldana\/2025\/02\/11\/preco-medio-do-diesel-sobe-em-janeiro-aponta-levantamento\/","title":{"rendered":"Pre\u00e7o m\u00e9dio do diesel sobe em janeiro, aponta levantamento"},"content":{"rendered":"<p><em>Transporte Moderno<\/em><\/p>\n<p>&nbsp;<\/p>\n<p>O pre\u00e7o m\u00e9dio do diesel no Brasil registrou um aumento modesto em janeiro de 2025, conforme dados do \u00cdndice de Pre\u00e7os Edenred Ticket Log (IPTL). O diesel comum teve uma alta de 0,48%, atingindo o valor m\u00e9dio de R$ 6,23, enquanto o diesel S-10 apresentou um aumento de 0,64%, com pre\u00e7o m\u00e9dio de R$ 6,31.<\/p>\n<p>&nbsp;<\/p>\n<p>A an\u00e1lise do IPTL, que monitora os pre\u00e7os dos combust\u00edveis em mais de 21 mil postos credenciados da Edenred Ticket Log, revela que a tend\u00eancia de aumento nos pre\u00e7os do diesel segue o mesmo padr\u00e3o observado no final de 2024 para a gasolina e o etanol. A pesquisa tamb\u00e9m destaca que os pre\u00e7os subiram em todas as regi\u00f5es do Brasil, refletindo uma recupera\u00e7\u00e3o dos valores ap\u00f3s o t\u00e9rmino do ano.<\/p>\n<p>&nbsp;<\/p>\n<p><strong>Aumento regionalizado<\/strong><\/p>\n<p>&nbsp;<\/p>\n<p>Entre as regi\u00f5es, o Nordeste apresentou as maiores altas para ambos os tipos de diesel: 1,58% para o diesel comum e 1,10% para o S-10. Apesar disso, o Norte do pa\u00eds foi a regi\u00e3o com os pre\u00e7os mais elevados, com o diesel comum sendo vendido, em m\u00e9dia, a R$ 6,82 (alta de 0,89%) e o S-10 a R$ 6,66 (aumento de 0,15%).<\/p>\n<p>&nbsp;<\/p>\n<p>O Sul do Brasil, por outro lado, teve os pre\u00e7os mais baixos do pa\u00eds, com o diesel comum a R$ 6,05 e o S-10 a R$ 6,12, mesmo ap\u00f3s registrarem aumentos de 0,67% e 0,33%, respectivamente.<\/p>\n<p>&nbsp;<\/p>\n<p>Entre os estados, o Acre apresentou o maior pre\u00e7o m\u00e9dio para o diesel comum em janeiro, com R$ 7,64, ap\u00f3s um pequeno aumento de 0,13% em rela\u00e7\u00e3o a dezembro. O Rio Grande do Sul, por sua vez, foi o estado com o diesel mais barato, sendo comercializado a R$ 6,04, com um aumento de 0,33%.<\/p>\n<p>&nbsp;<\/p>\n<p>O maior aumento no pre\u00e7o do diesel comum foi registrado em Alagoas, onde o valor m\u00e9dio passou para R$ 6,61, representando uma alta de 4,75%. Por outro lado, Rond\u00f4nia foi o estado com a maior queda, apresentando uma redu\u00e7\u00e3o de 3,16%, com o pre\u00e7o m\u00e9dio chegando a R$ 6,74.<\/p>\n<p>&nbsp;<\/p>\n<p>Em rela\u00e7\u00e3o ao diesel S-10, o Acre novamente foi o estado com o maior pre\u00e7o m\u00e9dio (R$ 7,58), embora tenha registrado uma leve queda de 0,13% em rela\u00e7\u00e3o a dezembro. O Paran\u00e1, com R$ 6,11, foi o estado com o menor pre\u00e7o m\u00e9dio, apesar de um aumento de 0,49%.<\/p>\n<p>&nbsp;<\/p>\n<p>A Bahia teve o maior aumento no pre\u00e7o do diesel S-10, com uma alta de 2,37%, levando o pre\u00e7o para R$ 6,48. O Amazonas, por sua vez, observou a maior queda para o diesel S-10, com o pre\u00e7o m\u00e9dio caindo 0,45%, para R$ 6,60. (Transporte Moderno)<\/p>\n","protected":false},"excerpt":{"rendered":"<p>Transporte Moderno &nbsp; O pre\u00e7o m\u00e9dio do diesel no Brasil registrou um aumento modesto em janeiro de 2025, conforme dados do \u00cdndice de Pre\u00e7os Edenred Ticket Log (IPTL). O diesel comum teve uma alta de 0,48%, atingindo o valor m\u00e9dio de R$ 6,23, enquanto o diesel S-10 apresentou um aumento de 0,64%, com pre\u00e7o m\u00e9dio\u2026 <a class=\"readmore\" href=\"https:\/\/dana.com.br\/canaldana\/2025\/02\/11\/preco-medio-do-diesel-sobe-em-janeiro-aponta-levantamento\/\">Leia mais \u00bb<\/a><\/p>\n","protected":false},"author":3,"featured_media":0,"comment_status":"closed","ping_status":"closed","sticky":false,"template":"","format":"standard","meta":{"_acf_changed":false,"footnotes":""},"categories":[79],"tags":[],"class_list":["post-79620","post","type-post","status-publish","format-standard","hentry","category-mercado"],"acf":[],"yoast_head":"<!-- This site is optimized with the Yoast SEO plugin v27.5 - https:\/\/yoast.com\/product\/yoast-seo-wordpress\/ -->\n<title>Pre\u00e7o m\u00e9dio do diesel sobe em janeiro, aponta levantamento - Canal Dana<\/title>\n<meta name=\"robots\" content=\"index, follow, max-snippet:-1, max-image-preview:large, max-video-preview:-1\" \/>\n<link rel=\"canonical\" href=\"https:\/\/dana.com.br\/canaldana\/2025\/02\/11\/preco-medio-do-diesel-sobe-em-janeiro-aponta-levantamento\/\" \/>\n<meta property=\"og:locale\" content=\"pt_BR\" \/>\n<meta property=\"og:type\" content=\"article\" \/>\n<meta property=\"og:title\" content=\"Pre\u00e7o m\u00e9dio do diesel sobe em janeiro, aponta levantamento - Canal Dana\" \/>\n<meta property=\"og:description\" content=\"Transporte Moderno &nbsp; O pre\u00e7o m\u00e9dio do diesel no Brasil registrou um aumento modesto em janeiro de 2025, conforme dados do \u00cdndice de Pre\u00e7os Edenred Ticket Log (IPTL). O diesel comum teve uma alta de 0,48%, atingindo o valor m\u00e9dio de R$ 6,23, enquanto o diesel S-10 apresentou um aumento de 0,64%, com pre\u00e7o m\u00e9dio\u2026 Leia mais \u00bb\" \/>\n<meta property=\"og:url\" content=\"https:\/\/dana.com.br\/canaldana\/2025\/02\/11\/preco-medio-do-diesel-sobe-em-janeiro-aponta-levantamento\/\" \/>\n<meta property=\"og:site_name\" content=\"Canal Dana\" \/>\n<meta property=\"article:published_time\" content=\"2025-02-11T11:36:45+00:00\" \/>\n<meta name=\"author\" content=\"Canal Dana\" \/>\n<meta name=\"twitter:card\" content=\"summary_large_image\" \/>\n<meta name=\"twitter:label1\" content=\"Escrito por\" \/>\n\t<meta name=\"twitter:data1\" content=\"Canal Dana\" \/>\n\t<meta name=\"twitter:label2\" content=\"Est. tempo de leitura\" \/>\n\t<meta name=\"twitter:data2\" content=\"3 minutos\" \/>\n<script type=\"application\/ld+json\" class=\"yoast-schema-graph\">{\"@context\":\"https:\\\/\\\/schema.org\",\"@graph\":[{\"@type\":\"Article\",\"@id\":\"https:\\\/\\\/dana.com.br\\\/canaldana\\\/2025\\\/02\\\/11\\\/preco-medio-do-diesel-sobe-em-janeiro-aponta-levantamento\\\/#article\",\"isPartOf\":{\"@id\":\"https:\\\/\\\/dana.com.br\\\/canaldana\\\/2025\\\/02\\\/11\\\/preco-medio-do-diesel-sobe-em-janeiro-aponta-levantamento\\\/\"},\"author\":{\"name\":\"Canal Dana\",\"@id\":\"https:\\\/\\\/dana.com.br\\\/canaldana\\\/#\\\/schema\\\/person\\\/3c21f22f56fcf3bc46b94bc60ea4fef6\"},\"headline\":\"Pre\u00e7o m\u00e9dio do diesel sobe em janeiro, aponta levantamento\",\"datePublished\":\"2025-02-11T11:36:45+00:00\",\"mainEntityOfPage\":{\"@id\":\"https:\\\/\\\/dana.com.br\\\/canaldana\\\/2025\\\/02\\\/11\\\/preco-medio-do-diesel-sobe-em-janeiro-aponta-levantamento\\\/\"},\"wordCount\":459,\"articleSection\":[\"Mercado\"],\"inLanguage\":\"pt-BR\"},{\"@type\":\"WebPage\",\"@id\":\"https:\\\/\\\/dana.com.br\\\/canaldana\\\/2025\\\/02\\\/11\\\/preco-medio-do-diesel-sobe-em-janeiro-aponta-levantamento\\\/\",\"url\":\"https:\\\/\\\/dana.com.br\\\/canaldana\\\/2025\\\/02\\\/11\\\/preco-medio-do-diesel-sobe-em-janeiro-aponta-levantamento\\\/\",\"name\":\"Pre\u00e7o m\u00e9dio do diesel sobe em janeiro, aponta levantamento - Canal Dana\",\"isPartOf\":{\"@id\":\"https:\\\/\\\/dana.com.br\\\/canaldana\\\/#website\"},\"datePublished\":\"2025-02-11T11:36:45+00:00\",\"author\":{\"@id\":\"https:\\\/\\\/dana.com.br\\\/canaldana\\\/#\\\/schema\\\/person\\\/3c21f22f56fcf3bc46b94bc60ea4fef6\"},\"breadcrumb\":{\"@id\":\"https:\\\/\\\/dana.com.br\\\/canaldana\\\/2025\\\/02\\\/11\\\/preco-medio-do-diesel-sobe-em-janeiro-aponta-levantamento\\\/#breadcrumb\"},\"inLanguage\":\"pt-BR\",\"potentialAction\":[{\"@type\":\"ReadAction\",\"target\":[\"https:\\\/\\\/dana.com.br\\\/canaldana\\\/2025\\\/02\\\/11\\\/preco-medio-do-diesel-sobe-em-janeiro-aponta-levantamento\\\/\"]}]},{\"@type\":\"BreadcrumbList\",\"@id\":\"https:\\\/\\\/dana.com.br\\\/canaldana\\\/2025\\\/02\\\/11\\\/preco-medio-do-diesel-sobe-em-janeiro-aponta-levantamento\\\/#breadcrumb\",\"itemListElement\":[{\"@type\":\"ListItem\",\"position\":1,\"name\":\"Home\",\"item\":\"https:\\\/\\\/dana.com.br\\\/canaldana\\\/\"},{\"@type\":\"ListItem\",\"position\":2,\"name\":\"Mercado\",\"item\":\"https:\\\/\\\/dana.com.br\\\/canaldana\\\/mercado\\\/\"},{\"@type\":\"ListItem\",\"position\":3,\"name\":\"Pre\u00e7o m\u00e9dio do diesel sobe em janeiro, aponta levantamento\"}]},{\"@type\":\"WebSite\",\"@id\":\"https:\\\/\\\/dana.com.br\\\/canaldana\\\/#website\",\"url\":\"https:\\\/\\\/dana.com.br\\\/canaldana\\\/\",\"name\":\"Canal Dana\",\"description\":\"Informativo com as principais not\u00edcias da ind\u00fastria automotiva\",\"potentialAction\":[{\"@type\":\"SearchAction\",\"target\":{\"@type\":\"EntryPoint\",\"urlTemplate\":\"https:\\\/\\\/dana.com.br\\\/canaldana\\\/?s={search_term_string}\"},\"query-input\":{\"@type\":\"PropertyValueSpecification\",\"valueRequired\":true,\"valueName\":\"search_term_string\"}}],\"inLanguage\":\"pt-BR\"},{\"@type\":\"Person\",\"@id\":\"https:\\\/\\\/dana.com.br\\\/canaldana\\\/#\\\/schema\\\/person\\\/3c21f22f56fcf3bc46b94bc60ea4fef6\",\"name\":\"Canal Dana\",\"image\":{\"@type\":\"ImageObject\",\"inLanguage\":\"pt-BR\",\"@id\":\"https:\\\/\\\/secure.gravatar.com\\\/avatar\\\/420aaf9278582877d9018637c6817617705899d2858d7572ef0fe59a6b6454b4?s=96&d=mm&r=g\",\"url\":\"https:\\\/\\\/secure.gravatar.com\\\/avatar\\\/420aaf9278582877d9018637c6817617705899d2858d7572ef0fe59a6b6454b4?s=96&d=mm&r=g\",\"contentUrl\":\"https:\\\/\\\/secure.gravatar.com\\\/avatar\\\/420aaf9278582877d9018637c6817617705899d2858d7572ef0fe59a6b6454b4?s=96&d=mm&r=g\",\"caption\":\"Canal Dana\"},\"url\":\"https:\\\/\\\/dana.com.br\\\/canaldana\\\/author\\\/cdeditor\\\/\"}]}<\/script>\n<!-- \/ Yoast SEO plugin. -->","yoast_head_json":{"title":"Pre\u00e7o m\u00e9dio do diesel sobe em janeiro, aponta levantamento - Canal Dana","robots":{"index":"index","follow":"follow","max-snippet":"max-snippet:-1","max-image-preview":"max-image-preview:large","max-video-preview":"max-video-preview:-1"},"canonical":"https:\/\/dana.com.br\/canaldana\/2025\/02\/11\/preco-medio-do-diesel-sobe-em-janeiro-aponta-levantamento\/","og_locale":"pt_BR","og_type":"article","og_title":"Pre\u00e7o m\u00e9dio do diesel sobe em janeiro, aponta levantamento - Canal Dana","og_description":"Transporte Moderno &nbsp; O pre\u00e7o m\u00e9dio do diesel no Brasil registrou um aumento modesto em janeiro de 2025, conforme dados do \u00cdndice de Pre\u00e7os Edenred Ticket Log (IPTL). O diesel comum teve uma alta de 0,48%, atingindo o valor m\u00e9dio de R$ 6,23, enquanto o diesel S-10 apresentou um aumento de 0,64%, com pre\u00e7o m\u00e9dio\u2026 Leia mais \u00bb","og_url":"https:\/\/dana.com.br\/canaldana\/2025\/02\/11\/preco-medio-do-diesel-sobe-em-janeiro-aponta-levantamento\/","og_site_name":"Canal Dana","article_published_time":"2025-02-11T11:36:45+00:00","author":"Canal Dana","twitter_card":"summary_large_image","twitter_misc":{"Escrito por":"Canal Dana","Est. tempo de leitura":"3 minutos"},"schema":{"@context":"https:\/\/schema.org","@graph":[{"@type":"Article","@id":"https:\/\/dana.com.br\/canaldana\/2025\/02\/11\/preco-medio-do-diesel-sobe-em-janeiro-aponta-levantamento\/#article","isPartOf":{"@id":"https:\/\/dana.com.br\/canaldana\/2025\/02\/11\/preco-medio-do-diesel-sobe-em-janeiro-aponta-levantamento\/"},"author":{"name":"Canal Dana","@id":"https:\/\/dana.com.br\/canaldana\/#\/schema\/person\/3c21f22f56fcf3bc46b94bc60ea4fef6"},"headline":"Pre\u00e7o m\u00e9dio do diesel sobe em janeiro, aponta levantamento","datePublished":"2025-02-11T11:36:45+00:00","mainEntityOfPage":{"@id":"https:\/\/dana.com.br\/canaldana\/2025\/02\/11\/preco-medio-do-diesel-sobe-em-janeiro-aponta-levantamento\/"},"wordCount":459,"articleSection":["Mercado"],"inLanguage":"pt-BR"},{"@type":"WebPage","@id":"https:\/\/dana.com.br\/canaldana\/2025\/02\/11\/preco-medio-do-diesel-sobe-em-janeiro-aponta-levantamento\/","url":"https:\/\/dana.com.br\/canaldana\/2025\/02\/11\/preco-medio-do-diesel-sobe-em-janeiro-aponta-levantamento\/","name":"Pre\u00e7o m\u00e9dio do diesel sobe em janeiro, aponta levantamento - Canal Dana","isPartOf":{"@id":"https:\/\/dana.com.br\/canaldana\/#website"},"datePublished":"2025-02-11T11:36:45+00:00","author":{"@id":"https:\/\/dana.com.br\/canaldana\/#\/schema\/person\/3c21f22f56fcf3bc46b94bc60ea4fef6"},"breadcrumb":{"@id":"https:\/\/dana.com.br\/canaldana\/2025\/02\/11\/preco-medio-do-diesel-sobe-em-janeiro-aponta-levantamento\/#breadcrumb"},"inLanguage":"pt-BR","potentialAction":[{"@type":"ReadAction","target":["https:\/\/dana.com.br\/canaldana\/2025\/02\/11\/preco-medio-do-diesel-sobe-em-janeiro-aponta-levantamento\/"]}]},{"@type":"BreadcrumbList","@id":"https:\/\/dana.com.br\/canaldana\/2025\/02\/11\/preco-medio-do-diesel-sobe-em-janeiro-aponta-levantamento\/#breadcrumb","itemListElement":[{"@type":"ListItem","position":1,"name":"Home","item":"https:\/\/dana.com.br\/canaldana\/"},{"@type":"ListItem","position":2,"name":"Mercado","item":"https:\/\/dana.com.br\/canaldana\/mercado\/"},{"@type":"ListItem","position":3,"name":"Pre\u00e7o m\u00e9dio do diesel sobe em janeiro, aponta levantamento"}]},{"@type":"WebSite","@id":"https:\/\/dana.com.br\/canaldana\/#website","url":"https:\/\/dana.com.br\/canaldana\/","name":"Canal Dana","description":"Informativo com as principais not\u00edcias da ind\u00fastria automotiva","potentialAction":[{"@type":"SearchAction","target":{"@type":"EntryPoint","urlTemplate":"https:\/\/dana.com.br\/canaldana\/?s={search_term_string}"},"query-input":{"@type":"PropertyValueSpecification","valueRequired":true,"valueName":"search_term_string"}}],"inLanguage":"pt-BR"},{"@type":"Person","@id":"https:\/\/dana.com.br\/canaldana\/#\/schema\/person\/3c21f22f56fcf3bc46b94bc60ea4fef6","name":"Canal Dana","image":{"@type":"ImageObject","inLanguage":"pt-BR","@id":"https:\/\/secure.gravatar.com\/avatar\/420aaf9278582877d9018637c6817617705899d2858d7572ef0fe59a6b6454b4?s=96&d=mm&r=g","url":"https:\/\/secure.gravatar.com\/avatar\/420aaf9278582877d9018637c6817617705899d2858d7572ef0fe59a6b6454b4?s=96&d=mm&r=g","contentUrl":"https:\/\/secure.gravatar.com\/avatar\/420aaf9278582877d9018637c6817617705899d2858d7572ef0fe59a6b6454b4?s=96&d=mm&r=g","caption":"Canal Dana"},"url":"https:\/\/dana.com.br\/canaldana\/author\/cdeditor\/"}]}},"_links":{"self":[{"href":"https:\/\/dana.com.br\/canaldana\/wp-json\/wp\/v2\/posts\/79620","targetHints":{"allow":["GET"]}}],"collection":[{"href":"https:\/\/dana.com.br\/canaldana\/wp-json\/wp\/v2\/posts"}],"about":[{"href":"https:\/\/dana.com.br\/canaldana\/wp-json\/wp\/v2\/types\/post"}],"author":[{"embeddable":true,"href":"https:\/\/dana.com.br\/canaldana\/wp-json\/wp\/v2\/users\/3"}],"replies":[{"embeddable":true,"href":"https:\/\/dana.com.br\/canaldana\/wp-json\/wp\/v2\/comments?post=79620"}],"version-history":[{"count":1,"href":"https:\/\/dana.com.br\/canaldana\/wp-json\/wp\/v2\/posts\/79620\/revisions"}],"predecessor-version":[{"id":79621,"href":"https:\/\/dana.com.br\/canaldana\/wp-json\/wp\/v2\/posts\/79620\/revisions\/79621"}],"wp:attachment":[{"href":"https:\/\/dana.com.br\/canaldana\/wp-json\/wp\/v2\/media?parent=79620"}],"wp:term":[{"taxonomy":"category","embeddable":true,"href":"https:\/\/dana.com.br\/canaldana\/wp-json\/wp\/v2\/categories?post=79620"},{"taxonomy":"post_tag","embeddable":true,"href":"https:\/\/dana.com.br\/canaldana\/wp-json\/wp\/v2\/tags?post=79620"}],"curies":[{"name":"wp","href":"https:\/\/api.w.org\/{rel}","templated":true}]}}