{"id":79580,"date":"2025-02-10T08:46:44","date_gmt":"2025-02-10T11:46:44","guid":{"rendered":"https:\/\/dana.com.br\/canaldana\/?p=79580"},"modified":"2025-02-10T08:46:44","modified_gmt":"2025-02-10T11:46:44","slug":"multa-herdada-pode-ser-cancelada-se-projeto-de-lei-for-aprovado","status":"publish","type":"post","link":"https:\/\/dana.com.br\/canaldana\/2025\/02\/10\/multa-herdada-pode-ser-cancelada-se-projeto-de-lei-for-aprovado\/","title":{"rendered":"Multa \u201cherdada\u201d pode ser cancelada se Projeto de Lei for aprovado"},"content":{"rendered":"<p><em>Motor 1 <\/em><\/p>\n<p>&nbsp;<\/p>\n<p>Uma das situa\u00e7\u00f5es mais injustas que assolam o motorista brasileiro ganhou possibilidade de deixar de existir. Em sess\u00e3o na Comiss\u00e3o de Via\u00e7\u00e3o e Transportes da C\u00e2mara dos Deputados, em Bras\u00edlia, no \u00faltimo dia 28 de janeiro, deu-se o primeiro passo para encerrar a controv\u00e9rsia.<\/p>\n<p>&nbsp;<\/p>\n<p>Voc\u00ea adquire um carro usado, n\u00e3o h\u00e1 multa de tr\u00e2nsito a pagar e depois \u00e9 surpreendido por cobran\u00e7a de infra\u00e7\u00f5es do propriet\u00e1rio anterior lan\u00e7adas no sistema ap\u00f3s a transfer\u00eancia legal. Segundo a Ag\u00eancia C\u00e2mara de Not\u00edcias, o relator Gilberto Abramo (Republicanos-MG) defende que \u201co comprador n\u00e3o deve ser surpreendido com d\u00e9bitos anteriores, depois de quitar todas as d\u00edvidas relacionadas ao ve\u00edculo. Quest\u00e3o de seguran\u00e7a jur\u00eddica em prol de quem age de boa-f\u00e9\u201d.<\/p>\n<p>&nbsp;<\/p>\n<p>Detrans, na verdade, se acomodaram e processam multas com at\u00e9 meses de atraso. S\u00f3 querem receber, n\u00e3o interessa de quem. O dono anterior tem endere\u00e7o para ser cobrado, todavia nada se faz. Por\u00e9m, \u00e9 bom n\u00e3o se animar. Ainda depende de aprova\u00e7\u00e3o da Comiss\u00e3o de Constitui\u00e7\u00e3o e Justi\u00e7a e de Cidadania e depois pela C\u00e2mara e o Senado. Assim, sem previs\u00e3o.<\/p>\n<p>&nbsp;<\/p>\n<p>Por outro lado, um absurdo legislativo atenta de novo contra o bolso e a seguran\u00e7a do motorista. A volta de exig\u00eancia (hoje opcional, mas nenhum fabricante de ve\u00edculo leve o inclui, em praticamente todo o mundo) do extintor de princ\u00edpio de inc\u00eandio. Desta vez apoiada pelo senador Eduardo Braga (MDB-AM), n\u00e3o resiste a qualquer an\u00e1lise t\u00e9cnica. At\u00e9 companhias de seguro reconhecem risco t\u00e3o baixo que eventual seguro de inc\u00eandio fica embutido entre outras coberturas.<\/p>\n<p>&nbsp;<\/p>\n<p>T\u00e9cnicos do Corpo de Bombeiros tamb\u00e9m se op\u00f5em \u00e0 proposta porque dos motoristas n\u00e3o se exige nenhum treinamento para manusear tal equipamento. \u00c9 prov\u00e1vel que esta nova tentativa fracasse, pois s\u00f3 atende fabricantes de extintores. (Motor 1\/Fernando Calmon)<\/p>\n","protected":false},"excerpt":{"rendered":"<p>Motor 1 &nbsp; Uma das situa\u00e7\u00f5es mais injustas que assolam o motorista brasileiro ganhou possibilidade de deixar de existir. Em sess\u00e3o na Comiss\u00e3o de Via\u00e7\u00e3o e Transportes da C\u00e2mara dos Deputados, em Bras\u00edlia, no \u00faltimo dia 28 de janeiro, deu-se o primeiro passo para encerrar a controv\u00e9rsia. &nbsp; Voc\u00ea adquire um carro usado, n\u00e3o h\u00e1\u2026 <a class=\"readmore\" href=\"https:\/\/dana.com.br\/canaldana\/2025\/02\/10\/multa-herdada-pode-ser-cancelada-se-projeto-de-lei-for-aprovado\/\">Leia mais \u00bb<\/a><\/p>\n","protected":false},"author":3,"featured_media":0,"comment_status":"closed","ping_status":"closed","sticky":false,"template":"","format":"standard","meta":{"_acf_changed":false,"footnotes":""},"categories":[79],"tags":[],"class_list":["post-79580","post","type-post","status-publish","format-standard","hentry","category-mercado"],"acf":[],"yoast_head":"<!-- This site is optimized with the Yoast SEO plugin v27.5 - https:\/\/yoast.com\/product\/yoast-seo-wordpress\/ -->\n<title>Multa \u201cherdada\u201d pode ser cancelada se Projeto de Lei for aprovado - Canal Dana<\/title>\n<meta name=\"robots\" content=\"index, follow, max-snippet:-1, max-image-preview:large, max-video-preview:-1\" \/>\n<link rel=\"canonical\" href=\"https:\/\/dana.com.br\/canaldana\/2025\/02\/10\/multa-herdada-pode-ser-cancelada-se-projeto-de-lei-for-aprovado\/\" \/>\n<meta property=\"og:locale\" content=\"pt_BR\" \/>\n<meta property=\"og:type\" content=\"article\" \/>\n<meta property=\"og:title\" content=\"Multa \u201cherdada\u201d pode ser cancelada se Projeto de Lei for aprovado - Canal Dana\" \/>\n<meta property=\"og:description\" content=\"Motor 1 &nbsp; Uma das situa\u00e7\u00f5es mais injustas que assolam o motorista brasileiro ganhou possibilidade de deixar de existir. Em sess\u00e3o na Comiss\u00e3o de Via\u00e7\u00e3o e Transportes da C\u00e2mara dos Deputados, em Bras\u00edlia, no \u00faltimo dia 28 de janeiro, deu-se o primeiro passo para encerrar a controv\u00e9rsia. &nbsp; Voc\u00ea adquire um carro usado, n\u00e3o h\u00e1\u2026 Leia mais \u00bb\" \/>\n<meta property=\"og:url\" content=\"https:\/\/dana.com.br\/canaldana\/2025\/02\/10\/multa-herdada-pode-ser-cancelada-se-projeto-de-lei-for-aprovado\/\" \/>\n<meta property=\"og:site_name\" content=\"Canal Dana\" \/>\n<meta property=\"article:published_time\" content=\"2025-02-10T11:46:44+00:00\" \/>\n<meta name=\"author\" content=\"Canal Dana\" \/>\n<meta name=\"twitter:card\" content=\"summary_large_image\" \/>\n<meta name=\"twitter:label1\" content=\"Escrito por\" \/>\n\t<meta name=\"twitter:data1\" content=\"Canal Dana\" \/>\n\t<meta name=\"twitter:label2\" content=\"Est. tempo de leitura\" \/>\n\t<meta name=\"twitter:data2\" content=\"2 minutos\" \/>\n<script type=\"application\/ld+json\" class=\"yoast-schema-graph\">{\"@context\":\"https:\\\/\\\/schema.org\",\"@graph\":[{\"@type\":\"Article\",\"@id\":\"https:\\\/\\\/dana.com.br\\\/canaldana\\\/2025\\\/02\\\/10\\\/multa-herdada-pode-ser-cancelada-se-projeto-de-lei-for-aprovado\\\/#article\",\"isPartOf\":{\"@id\":\"https:\\\/\\\/dana.com.br\\\/canaldana\\\/2025\\\/02\\\/10\\\/multa-herdada-pode-ser-cancelada-se-projeto-de-lei-for-aprovado\\\/\"},\"author\":{\"name\":\"Canal Dana\",\"@id\":\"https:\\\/\\\/dana.com.br\\\/canaldana\\\/#\\\/schema\\\/person\\\/3c21f22f56fcf3bc46b94bc60ea4fef6\"},\"headline\":\"Multa \u201cherdada\u201d pode ser cancelada se Projeto de Lei for aprovado\",\"datePublished\":\"2025-02-10T11:46:44+00:00\",\"mainEntityOfPage\":{\"@id\":\"https:\\\/\\\/dana.com.br\\\/canaldana\\\/2025\\\/02\\\/10\\\/multa-herdada-pode-ser-cancelada-se-projeto-de-lei-for-aprovado\\\/\"},\"wordCount\":351,\"articleSection\":[\"Mercado\"],\"inLanguage\":\"pt-BR\"},{\"@type\":\"WebPage\",\"@id\":\"https:\\\/\\\/dana.com.br\\\/canaldana\\\/2025\\\/02\\\/10\\\/multa-herdada-pode-ser-cancelada-se-projeto-de-lei-for-aprovado\\\/\",\"url\":\"https:\\\/\\\/dana.com.br\\\/canaldana\\\/2025\\\/02\\\/10\\\/multa-herdada-pode-ser-cancelada-se-projeto-de-lei-for-aprovado\\\/\",\"name\":\"Multa \u201cherdada\u201d pode ser cancelada se Projeto de Lei for aprovado - Canal Dana\",\"isPartOf\":{\"@id\":\"https:\\\/\\\/dana.com.br\\\/canaldana\\\/#website\"},\"datePublished\":\"2025-02-10T11:46:44+00:00\",\"author\":{\"@id\":\"https:\\\/\\\/dana.com.br\\\/canaldana\\\/#\\\/schema\\\/person\\\/3c21f22f56fcf3bc46b94bc60ea4fef6\"},\"breadcrumb\":{\"@id\":\"https:\\\/\\\/dana.com.br\\\/canaldana\\\/2025\\\/02\\\/10\\\/multa-herdada-pode-ser-cancelada-se-projeto-de-lei-for-aprovado\\\/#breadcrumb\"},\"inLanguage\":\"pt-BR\",\"potentialAction\":[{\"@type\":\"ReadAction\",\"target\":[\"https:\\\/\\\/dana.com.br\\\/canaldana\\\/2025\\\/02\\\/10\\\/multa-herdada-pode-ser-cancelada-se-projeto-de-lei-for-aprovado\\\/\"]}]},{\"@type\":\"BreadcrumbList\",\"@id\":\"https:\\\/\\\/dana.com.br\\\/canaldana\\\/2025\\\/02\\\/10\\\/multa-herdada-pode-ser-cancelada-se-projeto-de-lei-for-aprovado\\\/#breadcrumb\",\"itemListElement\":[{\"@type\":\"ListItem\",\"position\":1,\"name\":\"Home\",\"item\":\"https:\\\/\\\/dana.com.br\\\/canaldana\\\/\"},{\"@type\":\"ListItem\",\"position\":2,\"name\":\"Mercado\",\"item\":\"https:\\\/\\\/dana.com.br\\\/canaldana\\\/mercado\\\/\"},{\"@type\":\"ListItem\",\"position\":3,\"name\":\"Multa \u201cherdada\u201d pode ser cancelada se Projeto de Lei for aprovado\"}]},{\"@type\":\"WebSite\",\"@id\":\"https:\\\/\\\/dana.com.br\\\/canaldana\\\/#website\",\"url\":\"https:\\\/\\\/dana.com.br\\\/canaldana\\\/\",\"name\":\"Canal Dana\",\"description\":\"Informativo com as principais not\u00edcias da ind\u00fastria automotiva\",\"potentialAction\":[{\"@type\":\"SearchAction\",\"target\":{\"@type\":\"EntryPoint\",\"urlTemplate\":\"https:\\\/\\\/dana.com.br\\\/canaldana\\\/?s={search_term_string}\"},\"query-input\":{\"@type\":\"PropertyValueSpecification\",\"valueRequired\":true,\"valueName\":\"search_term_string\"}}],\"inLanguage\":\"pt-BR\"},{\"@type\":\"Person\",\"@id\":\"https:\\\/\\\/dana.com.br\\\/canaldana\\\/#\\\/schema\\\/person\\\/3c21f22f56fcf3bc46b94bc60ea4fef6\",\"name\":\"Canal Dana\",\"image\":{\"@type\":\"ImageObject\",\"inLanguage\":\"pt-BR\",\"@id\":\"https:\\\/\\\/secure.gravatar.com\\\/avatar\\\/420aaf9278582877d9018637c6817617705899d2858d7572ef0fe59a6b6454b4?s=96&d=mm&r=g\",\"url\":\"https:\\\/\\\/secure.gravatar.com\\\/avatar\\\/420aaf9278582877d9018637c6817617705899d2858d7572ef0fe59a6b6454b4?s=96&d=mm&r=g\",\"contentUrl\":\"https:\\\/\\\/secure.gravatar.com\\\/avatar\\\/420aaf9278582877d9018637c6817617705899d2858d7572ef0fe59a6b6454b4?s=96&d=mm&r=g\",\"caption\":\"Canal Dana\"},\"url\":\"https:\\\/\\\/dana.com.br\\\/canaldana\\\/author\\\/cdeditor\\\/\"}]}<\/script>\n<!-- \/ Yoast SEO plugin. -->","yoast_head_json":{"title":"Multa \u201cherdada\u201d pode ser cancelada se Projeto de Lei for aprovado - Canal Dana","robots":{"index":"index","follow":"follow","max-snippet":"max-snippet:-1","max-image-preview":"max-image-preview:large","max-video-preview":"max-video-preview:-1"},"canonical":"https:\/\/dana.com.br\/canaldana\/2025\/02\/10\/multa-herdada-pode-ser-cancelada-se-projeto-de-lei-for-aprovado\/","og_locale":"pt_BR","og_type":"article","og_title":"Multa \u201cherdada\u201d pode ser cancelada se Projeto de Lei for aprovado - Canal Dana","og_description":"Motor 1 &nbsp; Uma das situa\u00e7\u00f5es mais injustas que assolam o motorista brasileiro ganhou possibilidade de deixar de existir. Em sess\u00e3o na Comiss\u00e3o de Via\u00e7\u00e3o e Transportes da C\u00e2mara dos Deputados, em Bras\u00edlia, no \u00faltimo dia 28 de janeiro, deu-se o primeiro passo para encerrar a controv\u00e9rsia. &nbsp; Voc\u00ea adquire um carro usado, n\u00e3o h\u00e1\u2026 Leia mais \u00bb","og_url":"https:\/\/dana.com.br\/canaldana\/2025\/02\/10\/multa-herdada-pode-ser-cancelada-se-projeto-de-lei-for-aprovado\/","og_site_name":"Canal Dana","article_published_time":"2025-02-10T11:46:44+00:00","author":"Canal Dana","twitter_card":"summary_large_image","twitter_misc":{"Escrito por":"Canal Dana","Est. tempo de leitura":"2 minutos"},"schema":{"@context":"https:\/\/schema.org","@graph":[{"@type":"Article","@id":"https:\/\/dana.com.br\/canaldana\/2025\/02\/10\/multa-herdada-pode-ser-cancelada-se-projeto-de-lei-for-aprovado\/#article","isPartOf":{"@id":"https:\/\/dana.com.br\/canaldana\/2025\/02\/10\/multa-herdada-pode-ser-cancelada-se-projeto-de-lei-for-aprovado\/"},"author":{"name":"Canal Dana","@id":"https:\/\/dana.com.br\/canaldana\/#\/schema\/person\/3c21f22f56fcf3bc46b94bc60ea4fef6"},"headline":"Multa \u201cherdada\u201d pode ser cancelada se Projeto de Lei for aprovado","datePublished":"2025-02-10T11:46:44+00:00","mainEntityOfPage":{"@id":"https:\/\/dana.com.br\/canaldana\/2025\/02\/10\/multa-herdada-pode-ser-cancelada-se-projeto-de-lei-for-aprovado\/"},"wordCount":351,"articleSection":["Mercado"],"inLanguage":"pt-BR"},{"@type":"WebPage","@id":"https:\/\/dana.com.br\/canaldana\/2025\/02\/10\/multa-herdada-pode-ser-cancelada-se-projeto-de-lei-for-aprovado\/","url":"https:\/\/dana.com.br\/canaldana\/2025\/02\/10\/multa-herdada-pode-ser-cancelada-se-projeto-de-lei-for-aprovado\/","name":"Multa \u201cherdada\u201d pode ser cancelada se Projeto de Lei for aprovado - Canal Dana","isPartOf":{"@id":"https:\/\/dana.com.br\/canaldana\/#website"},"datePublished":"2025-02-10T11:46:44+00:00","author":{"@id":"https:\/\/dana.com.br\/canaldana\/#\/schema\/person\/3c21f22f56fcf3bc46b94bc60ea4fef6"},"breadcrumb":{"@id":"https:\/\/dana.com.br\/canaldana\/2025\/02\/10\/multa-herdada-pode-ser-cancelada-se-projeto-de-lei-for-aprovado\/#breadcrumb"},"inLanguage":"pt-BR","potentialAction":[{"@type":"ReadAction","target":["https:\/\/dana.com.br\/canaldana\/2025\/02\/10\/multa-herdada-pode-ser-cancelada-se-projeto-de-lei-for-aprovado\/"]}]},{"@type":"BreadcrumbList","@id":"https:\/\/dana.com.br\/canaldana\/2025\/02\/10\/multa-herdada-pode-ser-cancelada-se-projeto-de-lei-for-aprovado\/#breadcrumb","itemListElement":[{"@type":"ListItem","position":1,"name":"Home","item":"https:\/\/dana.com.br\/canaldana\/"},{"@type":"ListItem","position":2,"name":"Mercado","item":"https:\/\/dana.com.br\/canaldana\/mercado\/"},{"@type":"ListItem","position":3,"name":"Multa \u201cherdada\u201d pode ser cancelada se Projeto de Lei for aprovado"}]},{"@type":"WebSite","@id":"https:\/\/dana.com.br\/canaldana\/#website","url":"https:\/\/dana.com.br\/canaldana\/","name":"Canal Dana","description":"Informativo com as principais not\u00edcias da ind\u00fastria automotiva","potentialAction":[{"@type":"SearchAction","target":{"@type":"EntryPoint","urlTemplate":"https:\/\/dana.com.br\/canaldana\/?s={search_term_string}"},"query-input":{"@type":"PropertyValueSpecification","valueRequired":true,"valueName":"search_term_string"}}],"inLanguage":"pt-BR"},{"@type":"Person","@id":"https:\/\/dana.com.br\/canaldana\/#\/schema\/person\/3c21f22f56fcf3bc46b94bc60ea4fef6","name":"Canal Dana","image":{"@type":"ImageObject","inLanguage":"pt-BR","@id":"https:\/\/secure.gravatar.com\/avatar\/420aaf9278582877d9018637c6817617705899d2858d7572ef0fe59a6b6454b4?s=96&d=mm&r=g","url":"https:\/\/secure.gravatar.com\/avatar\/420aaf9278582877d9018637c6817617705899d2858d7572ef0fe59a6b6454b4?s=96&d=mm&r=g","contentUrl":"https:\/\/secure.gravatar.com\/avatar\/420aaf9278582877d9018637c6817617705899d2858d7572ef0fe59a6b6454b4?s=96&d=mm&r=g","caption":"Canal Dana"},"url":"https:\/\/dana.com.br\/canaldana\/author\/cdeditor\/"}]}},"_links":{"self":[{"href":"https:\/\/dana.com.br\/canaldana\/wp-json\/wp\/v2\/posts\/79580","targetHints":{"allow":["GET"]}}],"collection":[{"href":"https:\/\/dana.com.br\/canaldana\/wp-json\/wp\/v2\/posts"}],"about":[{"href":"https:\/\/dana.com.br\/canaldana\/wp-json\/wp\/v2\/types\/post"}],"author":[{"embeddable":true,"href":"https:\/\/dana.com.br\/canaldana\/wp-json\/wp\/v2\/users\/3"}],"replies":[{"embeddable":true,"href":"https:\/\/dana.com.br\/canaldana\/wp-json\/wp\/v2\/comments?post=79580"}],"version-history":[{"count":1,"href":"https:\/\/dana.com.br\/canaldana\/wp-json\/wp\/v2\/posts\/79580\/revisions"}],"predecessor-version":[{"id":79581,"href":"https:\/\/dana.com.br\/canaldana\/wp-json\/wp\/v2\/posts\/79580\/revisions\/79581"}],"wp:attachment":[{"href":"https:\/\/dana.com.br\/canaldana\/wp-json\/wp\/v2\/media?parent=79580"}],"wp:term":[{"taxonomy":"category","embeddable":true,"href":"https:\/\/dana.com.br\/canaldana\/wp-json\/wp\/v2\/categories?post=79580"},{"taxonomy":"post_tag","embeddable":true,"href":"https:\/\/dana.com.br\/canaldana\/wp-json\/wp\/v2\/tags?post=79580"}],"curies":[{"name":"wp","href":"https:\/\/api.w.org\/{rel}","templated":true}]}}