{"id":79575,"date":"2025-02-10T08:45:16","date_gmt":"2025-02-10T11:45:16","guid":{"rendered":"https:\/\/dana.com.br\/canaldana\/?p=79575"},"modified":"2025-02-10T08:45:16","modified_gmt":"2025-02-10T11:45:16","slug":"citroen-da-descontos-para-c3-aircross-e-ate-para-o-basalt-por-um-mes","status":"publish","type":"post","link":"https:\/\/dana.com.br\/canaldana\/2025\/02\/10\/citroen-da-descontos-para-c3-aircross-e-ate-para-o-basalt-por-um-mes\/","title":{"rendered":"Citro\u00ebn d\u00e1 descontos para C3, Aircross e at\u00e9 para o Basalt por um m\u00eas"},"content":{"rendered":"<p><em>AutoInd\u00fastria <\/em><\/p>\n<p>&nbsp;<\/p>\n<p>Durante um m\u00eas, precisamente at\u00e9 6 de mar\u00e7o, a Citr\u00f6en conceder\u00e1 condi\u00e7\u00f5es especiais para a compra de seus tr\u00eas carros de passeio dispon\u00edveis no mercado interno. Leia-se: descontos, b\u00f4nus, taxa zero e car\u00eancia para o pagamento da primeira parcela de financiamento do compacto C3 e os utilit\u00e1rios esportivos C3 Aircross e Basalt.<\/p>\n<p>&nbsp;<\/p>\n<p>Por exemplo, o C3 1.0 Live 2024\/2025 com c\u00e2mbio manual est\u00e1 sendo oferecido desde hoje por R$ 70.590,00 e financiamento em 48 parcelas mais a entrada. Na vers\u00e3o Live Pack 1.0, o hatch custa agora\u00a0 R$ 78.090,00, redu\u00e7\u00e3o de R$ 7,3 mil, e ainda com R$ 4 mil de b\u00f4nus na troca do usado.<\/p>\n<p>&nbsp;<\/p>\n<p>Nos dois casos, a primeira parcela do financiamento ficar\u00e1 para depois da P\u00e1scoa.<\/p>\n<p>&nbsp;<\/p>\n<p>Para quem optar pelo Aircross 2024\/2025, a vers\u00e3o topo de linha Shine na configura\u00e7\u00e3o para sete lugares est\u00e1 com o pre\u00e7o reduzido em R$ 18,4 mil, para R$ 120.690,00. H\u00e1 financiamento ainda com taxa zero e b\u00f4nus de R$ 4 mil na troca do usado.<\/p>\n<p>&nbsp;<\/p>\n<p>O mais recente lan\u00e7amento da marca, o Basalt, tamb\u00e9m est\u00e1 na promo\u00e7\u00e3o e com unidades ano-modelo 2025. A vers\u00e3o Feel custar\u00e1 at\u00e9 6 de mar\u00e7o R$ 91.990,00 e a Feel 1.0 Turbo sai de por R$ 99.990,00 \u2014 R$ 15,7 mil a menos. A topo de linha Shine est\u00e1 com desconto de R$ 11 mil e sai por R$ 105.899,00.<\/p>\n<p>&nbsp;<\/p>\n<p><strong>SUVs ainda n\u00e3o \u201cdecolaram\u201d<\/strong><\/p>\n<p>&nbsp;<\/p>\n<p>\u00c9 uma oportunidade de bom neg\u00f3cio para os consumidores, sem d\u00favida, mas tamb\u00e9m para a Citro\u00ebn aumentar emplacamentos. Em janeiro, a empresa vendeu meros 2,7 mil ve\u00edculos.<\/p>\n<p>&nbsp;<\/p>\n<p>O n\u00famero fez dela apenas a 13\u00aa marca mais negociada, atr\u00e1s de novatas como BYD (6,6 mil), Caoa Chery (4,7 mil) e at\u00e9 mesmo da importadora Ford, que teve em \u00fanico modelo, a picape Ranger, quase 70% de seus 3,9 mil licenciamentos.<\/p>\n<p>&nbsp;<\/p>\n<p>\u00c9 um desempenho t\u00edmido demais para uma marca que renovou sua linha no Brasil nos \u00faltimos dois anos e que oferece \u2014 al\u00e9m do compacto lan\u00e7ado no fim de 2022 \u2014 dois produtos absolutamente novos para o segmento de utilit\u00e1rio esportivos, o maior do mercado interno.<\/p>\n<p>&nbsp;<\/p>\n<p>C3 Aircross, que, na pr\u00e1tica, acaba de completar seu primeiro ano nas lojas, e Basalt, lan\u00e7ado h\u00e1 somente quatro meses, ainda n\u00e3o \u201cdecolaram\u201d a ponto de mudarem a participa\u00e7\u00e3o da Citro\u00ebn de forma significativa. A fatia de mercado da marca no m\u00eas passado, 1,7%, foi praticamente a mesma de um ano atr\u00e1s.<\/p>\n<p>&nbsp;<\/p>\n<p>Em janeiro, foram emplacadas 1,2 mil unidades do Basalt e 510 do C3 Aircross, segundo a Fenabrave. Do C3, carro de potencial grande volume, outras 952. (AutoInd\u00fastria\/George Guimar\u00e3es)<\/p>\n","protected":false},"excerpt":{"rendered":"<p>AutoInd\u00fastria &nbsp; Durante um m\u00eas, precisamente at\u00e9 6 de mar\u00e7o, a Citr\u00f6en conceder\u00e1 condi\u00e7\u00f5es especiais para a compra de seus tr\u00eas carros de passeio dispon\u00edveis no mercado interno. Leia-se: descontos, b\u00f4nus, taxa zero e car\u00eancia para o pagamento da primeira parcela de financiamento do compacto C3 e os utilit\u00e1rios esportivos C3 Aircross e Basalt. &nbsp;\u2026 <a class=\"readmore\" href=\"https:\/\/dana.com.br\/canaldana\/2025\/02\/10\/citroen-da-descontos-para-c3-aircross-e-ate-para-o-basalt-por-um-mes\/\">Leia mais \u00bb<\/a><\/p>\n","protected":false},"author":3,"featured_media":0,"comment_status":"closed","ping_status":"closed","sticky":false,"template":"","format":"standard","meta":{"_acf_changed":false,"footnotes":""},"categories":[79],"tags":[],"class_list":["post-79575","post","type-post","status-publish","format-standard","hentry","category-mercado"],"acf":[],"yoast_head":"<!-- This site is optimized with the Yoast SEO plugin v27.5 - https:\/\/yoast.com\/product\/yoast-seo-wordpress\/ -->\n<title>Citro\u00ebn d\u00e1 descontos para C3, Aircross e at\u00e9 para o Basalt por um m\u00eas - Canal Dana<\/title>\n<meta name=\"robots\" content=\"index, follow, max-snippet:-1, max-image-preview:large, max-video-preview:-1\" \/>\n<link rel=\"canonical\" href=\"https:\/\/dana.com.br\/canaldana\/2025\/02\/10\/citroen-da-descontos-para-c3-aircross-e-ate-para-o-basalt-por-um-mes\/\" \/>\n<meta property=\"og:locale\" content=\"pt_BR\" \/>\n<meta property=\"og:type\" content=\"article\" \/>\n<meta property=\"og:title\" content=\"Citro\u00ebn d\u00e1 descontos para C3, Aircross e at\u00e9 para o Basalt por um m\u00eas - Canal Dana\" \/>\n<meta property=\"og:description\" content=\"AutoInd\u00fastria &nbsp; Durante um m\u00eas, precisamente at\u00e9 6 de mar\u00e7o, a Citr\u00f6en conceder\u00e1 condi\u00e7\u00f5es especiais para a compra de seus tr\u00eas carros de passeio dispon\u00edveis no mercado interno. Leia-se: descontos, b\u00f4nus, taxa zero e car\u00eancia para o pagamento da primeira parcela de financiamento do compacto C3 e os utilit\u00e1rios esportivos C3 Aircross e Basalt. &nbsp;\u2026 Leia mais \u00bb\" \/>\n<meta property=\"og:url\" content=\"https:\/\/dana.com.br\/canaldana\/2025\/02\/10\/citroen-da-descontos-para-c3-aircross-e-ate-para-o-basalt-por-um-mes\/\" \/>\n<meta property=\"og:site_name\" content=\"Canal Dana\" \/>\n<meta property=\"article:published_time\" content=\"2025-02-10T11:45:16+00:00\" \/>\n<meta name=\"author\" content=\"Canal Dana\" \/>\n<meta name=\"twitter:card\" content=\"summary_large_image\" \/>\n<meta name=\"twitter:label1\" content=\"Escrito por\" \/>\n\t<meta name=\"twitter:data1\" content=\"Canal Dana\" \/>\n\t<meta name=\"twitter:label2\" content=\"Est. tempo de leitura\" \/>\n\t<meta name=\"twitter:data2\" content=\"3 minutos\" \/>\n<script type=\"application\/ld+json\" class=\"yoast-schema-graph\">{\"@context\":\"https:\\\/\\\/schema.org\",\"@graph\":[{\"@type\":\"Article\",\"@id\":\"https:\\\/\\\/dana.com.br\\\/canaldana\\\/2025\\\/02\\\/10\\\/citroen-da-descontos-para-c3-aircross-e-ate-para-o-basalt-por-um-mes\\\/#article\",\"isPartOf\":{\"@id\":\"https:\\\/\\\/dana.com.br\\\/canaldana\\\/2025\\\/02\\\/10\\\/citroen-da-descontos-para-c3-aircross-e-ate-para-o-basalt-por-um-mes\\\/\"},\"author\":{\"name\":\"Canal Dana\",\"@id\":\"https:\\\/\\\/dana.com.br\\\/canaldana\\\/#\\\/schema\\\/person\\\/3c21f22f56fcf3bc46b94bc60ea4fef6\"},\"headline\":\"Citro\u00ebn d\u00e1 descontos para C3, Aircross e at\u00e9 para o Basalt por um m\u00eas\",\"datePublished\":\"2025-02-10T11:45:16+00:00\",\"mainEntityOfPage\":{\"@id\":\"https:\\\/\\\/dana.com.br\\\/canaldana\\\/2025\\\/02\\\/10\\\/citroen-da-descontos-para-c3-aircross-e-ate-para-o-basalt-por-um-mes\\\/\"},\"wordCount\":460,\"articleSection\":[\"Mercado\"],\"inLanguage\":\"pt-BR\"},{\"@type\":\"WebPage\",\"@id\":\"https:\\\/\\\/dana.com.br\\\/canaldana\\\/2025\\\/02\\\/10\\\/citroen-da-descontos-para-c3-aircross-e-ate-para-o-basalt-por-um-mes\\\/\",\"url\":\"https:\\\/\\\/dana.com.br\\\/canaldana\\\/2025\\\/02\\\/10\\\/citroen-da-descontos-para-c3-aircross-e-ate-para-o-basalt-por-um-mes\\\/\",\"name\":\"Citro\u00ebn d\u00e1 descontos para C3, Aircross e at\u00e9 para o Basalt por um m\u00eas - Canal Dana\",\"isPartOf\":{\"@id\":\"https:\\\/\\\/dana.com.br\\\/canaldana\\\/#website\"},\"datePublished\":\"2025-02-10T11:45:16+00:00\",\"author\":{\"@id\":\"https:\\\/\\\/dana.com.br\\\/canaldana\\\/#\\\/schema\\\/person\\\/3c21f22f56fcf3bc46b94bc60ea4fef6\"},\"breadcrumb\":{\"@id\":\"https:\\\/\\\/dana.com.br\\\/canaldana\\\/2025\\\/02\\\/10\\\/citroen-da-descontos-para-c3-aircross-e-ate-para-o-basalt-por-um-mes\\\/#breadcrumb\"},\"inLanguage\":\"pt-BR\",\"potentialAction\":[{\"@type\":\"ReadAction\",\"target\":[\"https:\\\/\\\/dana.com.br\\\/canaldana\\\/2025\\\/02\\\/10\\\/citroen-da-descontos-para-c3-aircross-e-ate-para-o-basalt-por-um-mes\\\/\"]}]},{\"@type\":\"BreadcrumbList\",\"@id\":\"https:\\\/\\\/dana.com.br\\\/canaldana\\\/2025\\\/02\\\/10\\\/citroen-da-descontos-para-c3-aircross-e-ate-para-o-basalt-por-um-mes\\\/#breadcrumb\",\"itemListElement\":[{\"@type\":\"ListItem\",\"position\":1,\"name\":\"Home\",\"item\":\"https:\\\/\\\/dana.com.br\\\/canaldana\\\/\"},{\"@type\":\"ListItem\",\"position\":2,\"name\":\"Mercado\",\"item\":\"https:\\\/\\\/dana.com.br\\\/canaldana\\\/mercado\\\/\"},{\"@type\":\"ListItem\",\"position\":3,\"name\":\"Citro\u00ebn d\u00e1 descontos para C3, Aircross e at\u00e9 para o Basalt por um m\u00eas\"}]},{\"@type\":\"WebSite\",\"@id\":\"https:\\\/\\\/dana.com.br\\\/canaldana\\\/#website\",\"url\":\"https:\\\/\\\/dana.com.br\\\/canaldana\\\/\",\"name\":\"Canal Dana\",\"description\":\"Informativo com as principais not\u00edcias da ind\u00fastria automotiva\",\"potentialAction\":[{\"@type\":\"SearchAction\",\"target\":{\"@type\":\"EntryPoint\",\"urlTemplate\":\"https:\\\/\\\/dana.com.br\\\/canaldana\\\/?s={search_term_string}\"},\"query-input\":{\"@type\":\"PropertyValueSpecification\",\"valueRequired\":true,\"valueName\":\"search_term_string\"}}],\"inLanguage\":\"pt-BR\"},{\"@type\":\"Person\",\"@id\":\"https:\\\/\\\/dana.com.br\\\/canaldana\\\/#\\\/schema\\\/person\\\/3c21f22f56fcf3bc46b94bc60ea4fef6\",\"name\":\"Canal Dana\",\"image\":{\"@type\":\"ImageObject\",\"inLanguage\":\"pt-BR\",\"@id\":\"https:\\\/\\\/secure.gravatar.com\\\/avatar\\\/420aaf9278582877d9018637c6817617705899d2858d7572ef0fe59a6b6454b4?s=96&d=mm&r=g\",\"url\":\"https:\\\/\\\/secure.gravatar.com\\\/avatar\\\/420aaf9278582877d9018637c6817617705899d2858d7572ef0fe59a6b6454b4?s=96&d=mm&r=g\",\"contentUrl\":\"https:\\\/\\\/secure.gravatar.com\\\/avatar\\\/420aaf9278582877d9018637c6817617705899d2858d7572ef0fe59a6b6454b4?s=96&d=mm&r=g\",\"caption\":\"Canal Dana\"},\"url\":\"https:\\\/\\\/dana.com.br\\\/canaldana\\\/author\\\/cdeditor\\\/\"}]}<\/script>\n<!-- \/ Yoast SEO plugin. -->","yoast_head_json":{"title":"Citro\u00ebn d\u00e1 descontos para C3, Aircross e at\u00e9 para o Basalt por um m\u00eas - Canal Dana","robots":{"index":"index","follow":"follow","max-snippet":"max-snippet:-1","max-image-preview":"max-image-preview:large","max-video-preview":"max-video-preview:-1"},"canonical":"https:\/\/dana.com.br\/canaldana\/2025\/02\/10\/citroen-da-descontos-para-c3-aircross-e-ate-para-o-basalt-por-um-mes\/","og_locale":"pt_BR","og_type":"article","og_title":"Citro\u00ebn d\u00e1 descontos para C3, Aircross e at\u00e9 para o Basalt por um m\u00eas - Canal Dana","og_description":"AutoInd\u00fastria &nbsp; Durante um m\u00eas, precisamente at\u00e9 6 de mar\u00e7o, a Citr\u00f6en conceder\u00e1 condi\u00e7\u00f5es especiais para a compra de seus tr\u00eas carros de passeio dispon\u00edveis no mercado interno. Leia-se: descontos, b\u00f4nus, taxa zero e car\u00eancia para o pagamento da primeira parcela de financiamento do compacto C3 e os utilit\u00e1rios esportivos C3 Aircross e Basalt. &nbsp;\u2026 Leia mais \u00bb","og_url":"https:\/\/dana.com.br\/canaldana\/2025\/02\/10\/citroen-da-descontos-para-c3-aircross-e-ate-para-o-basalt-por-um-mes\/","og_site_name":"Canal Dana","article_published_time":"2025-02-10T11:45:16+00:00","author":"Canal Dana","twitter_card":"summary_large_image","twitter_misc":{"Escrito por":"Canal Dana","Est. tempo de leitura":"3 minutos"},"schema":{"@context":"https:\/\/schema.org","@graph":[{"@type":"Article","@id":"https:\/\/dana.com.br\/canaldana\/2025\/02\/10\/citroen-da-descontos-para-c3-aircross-e-ate-para-o-basalt-por-um-mes\/#article","isPartOf":{"@id":"https:\/\/dana.com.br\/canaldana\/2025\/02\/10\/citroen-da-descontos-para-c3-aircross-e-ate-para-o-basalt-por-um-mes\/"},"author":{"name":"Canal Dana","@id":"https:\/\/dana.com.br\/canaldana\/#\/schema\/person\/3c21f22f56fcf3bc46b94bc60ea4fef6"},"headline":"Citro\u00ebn d\u00e1 descontos para C3, Aircross e at\u00e9 para o Basalt por um m\u00eas","datePublished":"2025-02-10T11:45:16+00:00","mainEntityOfPage":{"@id":"https:\/\/dana.com.br\/canaldana\/2025\/02\/10\/citroen-da-descontos-para-c3-aircross-e-ate-para-o-basalt-por-um-mes\/"},"wordCount":460,"articleSection":["Mercado"],"inLanguage":"pt-BR"},{"@type":"WebPage","@id":"https:\/\/dana.com.br\/canaldana\/2025\/02\/10\/citroen-da-descontos-para-c3-aircross-e-ate-para-o-basalt-por-um-mes\/","url":"https:\/\/dana.com.br\/canaldana\/2025\/02\/10\/citroen-da-descontos-para-c3-aircross-e-ate-para-o-basalt-por-um-mes\/","name":"Citro\u00ebn d\u00e1 descontos para C3, Aircross e at\u00e9 para o Basalt por um m\u00eas - Canal Dana","isPartOf":{"@id":"https:\/\/dana.com.br\/canaldana\/#website"},"datePublished":"2025-02-10T11:45:16+00:00","author":{"@id":"https:\/\/dana.com.br\/canaldana\/#\/schema\/person\/3c21f22f56fcf3bc46b94bc60ea4fef6"},"breadcrumb":{"@id":"https:\/\/dana.com.br\/canaldana\/2025\/02\/10\/citroen-da-descontos-para-c3-aircross-e-ate-para-o-basalt-por-um-mes\/#breadcrumb"},"inLanguage":"pt-BR","potentialAction":[{"@type":"ReadAction","target":["https:\/\/dana.com.br\/canaldana\/2025\/02\/10\/citroen-da-descontos-para-c3-aircross-e-ate-para-o-basalt-por-um-mes\/"]}]},{"@type":"BreadcrumbList","@id":"https:\/\/dana.com.br\/canaldana\/2025\/02\/10\/citroen-da-descontos-para-c3-aircross-e-ate-para-o-basalt-por-um-mes\/#breadcrumb","itemListElement":[{"@type":"ListItem","position":1,"name":"Home","item":"https:\/\/dana.com.br\/canaldana\/"},{"@type":"ListItem","position":2,"name":"Mercado","item":"https:\/\/dana.com.br\/canaldana\/mercado\/"},{"@type":"ListItem","position":3,"name":"Citro\u00ebn d\u00e1 descontos para C3, Aircross e at\u00e9 para o Basalt por um m\u00eas"}]},{"@type":"WebSite","@id":"https:\/\/dana.com.br\/canaldana\/#website","url":"https:\/\/dana.com.br\/canaldana\/","name":"Canal Dana","description":"Informativo com as principais not\u00edcias da ind\u00fastria automotiva","potentialAction":[{"@type":"SearchAction","target":{"@type":"EntryPoint","urlTemplate":"https:\/\/dana.com.br\/canaldana\/?s={search_term_string}"},"query-input":{"@type":"PropertyValueSpecification","valueRequired":true,"valueName":"search_term_string"}}],"inLanguage":"pt-BR"},{"@type":"Person","@id":"https:\/\/dana.com.br\/canaldana\/#\/schema\/person\/3c21f22f56fcf3bc46b94bc60ea4fef6","name":"Canal Dana","image":{"@type":"ImageObject","inLanguage":"pt-BR","@id":"https:\/\/secure.gravatar.com\/avatar\/420aaf9278582877d9018637c6817617705899d2858d7572ef0fe59a6b6454b4?s=96&d=mm&r=g","url":"https:\/\/secure.gravatar.com\/avatar\/420aaf9278582877d9018637c6817617705899d2858d7572ef0fe59a6b6454b4?s=96&d=mm&r=g","contentUrl":"https:\/\/secure.gravatar.com\/avatar\/420aaf9278582877d9018637c6817617705899d2858d7572ef0fe59a6b6454b4?s=96&d=mm&r=g","caption":"Canal Dana"},"url":"https:\/\/dana.com.br\/canaldana\/author\/cdeditor\/"}]}},"_links":{"self":[{"href":"https:\/\/dana.com.br\/canaldana\/wp-json\/wp\/v2\/posts\/79575","targetHints":{"allow":["GET"]}}],"collection":[{"href":"https:\/\/dana.com.br\/canaldana\/wp-json\/wp\/v2\/posts"}],"about":[{"href":"https:\/\/dana.com.br\/canaldana\/wp-json\/wp\/v2\/types\/post"}],"author":[{"embeddable":true,"href":"https:\/\/dana.com.br\/canaldana\/wp-json\/wp\/v2\/users\/3"}],"replies":[{"embeddable":true,"href":"https:\/\/dana.com.br\/canaldana\/wp-json\/wp\/v2\/comments?post=79575"}],"version-history":[{"count":1,"href":"https:\/\/dana.com.br\/canaldana\/wp-json\/wp\/v2\/posts\/79575\/revisions"}],"predecessor-version":[{"id":79576,"href":"https:\/\/dana.com.br\/canaldana\/wp-json\/wp\/v2\/posts\/79575\/revisions\/79576"}],"wp:attachment":[{"href":"https:\/\/dana.com.br\/canaldana\/wp-json\/wp\/v2\/media?parent=79575"}],"wp:term":[{"taxonomy":"category","embeddable":true,"href":"https:\/\/dana.com.br\/canaldana\/wp-json\/wp\/v2\/categories?post=79575"},{"taxonomy":"post_tag","embeddable":true,"href":"https:\/\/dana.com.br\/canaldana\/wp-json\/wp\/v2\/tags?post=79575"}],"curies":[{"name":"wp","href":"https:\/\/api.w.org\/{rel}","templated":true}]}}