{"id":79547,"date":"2025-02-07T08:56:40","date_gmt":"2025-02-07T11:56:40","guid":{"rendered":"https:\/\/dana.com.br\/canaldana\/?p=79547"},"modified":"2025-02-07T08:56:40","modified_gmt":"2025-02-07T11:56:40","slug":"carros-blindados-tem-producao-recorde-e-ja-sao-quase-400-mil-no-brasil","status":"publish","type":"post","link":"https:\/\/dana.com.br\/canaldana\/2025\/02\/07\/carros-blindados-tem-producao-recorde-e-ja-sao-quase-400-mil-no-brasil\/","title":{"rendered":"Carros blindados t\u00eam produ\u00e7\u00e3o recorde e j\u00e1 s\u00e3o quase 400 mil no Brasil"},"content":{"rendered":"<p><em>Jornal do Carro <\/em><\/p>\n<p>&nbsp;<\/p>\n<p>O Brasil atingiu um novo recorde de blindagens automotivas em 2024. Segundo a Associa\u00e7\u00e3o Brasileira de Blindagem (Abrablin), foram 34.402 ve\u00edculos blindados no pa\u00eds ao longo do ano, marcando um crescimento pelo quarto ano consecutivo. Contudo, em 2021, o total foi pouco superior a 20 mil unidades, avan\u00e7ando para 25.916 em 2022 e 29.296 em 2023. O aumento mais recente representa um avan\u00e7o de 17,5%. Atualmente, a frota de blindados no Brasil j\u00e1 se aproxima de 400 mil.<\/p>\n<p>&nbsp;<\/p>\n<p>Al\u00e9m disso, as marcas que mais realizaram blindagens no pa\u00eds no \u00faltimo ano foram Toyota, Jeep, BMW, Volkswagen e BYD, mostrando a crescente participa\u00e7\u00e3o dos ve\u00edculos eletrificados nesse segmento. Contudo, a presen\u00e7a de marcas como a BYD, com foco maior em carros el\u00e9tricos, refor\u00e7a a tend\u00eancia de amplia\u00e7\u00e3o da frota blindada para al\u00e9m dos modelos tradicionais a combust\u00e3o.<\/p>\n<p>&nbsp;<\/p>\n<p><strong>S\u00e3o Paulo lidera entre os estados com maior n\u00famero de blindados<\/strong><\/p>\n<p>&nbsp;<\/p>\n<p>O estado de S\u00e3o Paulo lidera o ranking nacional, concentrando quase 85% das blindagens realizadas em 2024, com 28.962 unidades protegidas. Na sequ\u00eancia aparecem Rio de Janeiro (2.669 blindagens), Cear\u00e1 (992), Pernambuco (843) e Rio Grande do Sul (395). Entre os destaques, o Rio de Janeiro registrou um expressivo crescimento de 44% em rela\u00e7\u00e3o a 2023, quando teve 1.852 ve\u00edculos blindados. Exceto pelo Rio Grande do Sul, os demais estados apresentaram alta na procura pelo servi\u00e7o.<\/p>\n<p>&nbsp;<\/p>\n<p>Para o presidente da Abrablin, Marcelo Silva, a blindagem j\u00e1 faz parte da cultura de quem pode investir nessa prote\u00e7\u00e3o. \u201cIndependentemente do cen\u00e1rio de viol\u00eancia, quem tem condi\u00e7\u00f5es financeiras blinda seu ve\u00edculo. Quem faz a primeira blindagem dificilmente abre m\u00e3o dessa seguran\u00e7a, estendendo a prote\u00e7\u00e3o a outros carros da fam\u00edlia. Isso explica n\u00e3o apenas o crescimento constante da frota blindada, mas tamb\u00e9m sua descentraliza\u00e7\u00e3o, com estados do Nordeste e do Sul figurando no ranking nacional h\u00e1 pelo menos dois anos\u201d, avalia.<\/p>\n<p>&nbsp;<\/p>\n<p><strong>Brasil est\u00e1 entre os pa\u00edses que mais blindam modelos \u2018civis\u2019<\/strong><\/p>\n<p>&nbsp;<\/p>\n<p>O avan\u00e7o da tecnologia em prote\u00e7\u00e3o bal\u00edstica \u00e9 outro fator que impulsiona o setor. Segundo Silva, o Brasil se tornou uma refer\u00eancia mundial no segmento, com produtos inovadores e processos mais acess\u00edveis. Al\u00e9m disso, a certifica\u00e7\u00e3o de qualidade e a agilidade na homologa\u00e7\u00e3o dos materiais refor\u00e7am a seguran\u00e7a do consumidor. Segundo a Abralin, o mercado tem a percep\u00e7\u00e3o de que o Brasil \u00e9 visto como um dos pa\u00edses que mais blinda modelos para uso civil no mundo.<\/p>\n<p>&nbsp;<\/p>\n<p>Por fim, para atender \u00e0 crescente demanda, a Abrablin, em parceria com o Senai, lan\u00e7ar\u00e1 em fevereiro um curso de especializa\u00e7\u00e3o para profissionais da \u00e1rea. \u201cNosso objetivo \u00e9 atrair novos talentos e fortalecer o setor, que j\u00e1 conta com cerca de 40 mil trabalhadores, garantindo que a blindagem brasileira continue sendo refer\u00eancia global\u201d, conclui o presidente da entidade. (Jornal do Carro\/Rodrigo Tavares)<\/p>\n","protected":false},"excerpt":{"rendered":"<p>Jornal do Carro &nbsp; O Brasil atingiu um novo recorde de blindagens automotivas em 2024. Segundo a Associa\u00e7\u00e3o Brasileira de Blindagem (Abrablin), foram 34.402 ve\u00edculos blindados no pa\u00eds ao longo do ano, marcando um crescimento pelo quarto ano consecutivo. Contudo, em 2021, o total foi pouco superior a 20 mil unidades, avan\u00e7ando para 25.916 em\u2026 <a class=\"readmore\" href=\"https:\/\/dana.com.br\/canaldana\/2025\/02\/07\/carros-blindados-tem-producao-recorde-e-ja-sao-quase-400-mil-no-brasil\/\">Leia mais \u00bb<\/a><\/p>\n","protected":false},"author":3,"featured_media":0,"comment_status":"closed","ping_status":"closed","sticky":false,"template":"","format":"standard","meta":{"_acf_changed":false,"footnotes":""},"categories":[61],"tags":[],"class_list":["post-79547","post","type-post","status-publish","format-standard","hentry","category-destaques"],"acf":[],"yoast_head":"<!-- This site is optimized with the Yoast SEO plugin v27.5 - https:\/\/yoast.com\/product\/yoast-seo-wordpress\/ -->\n<title>Carros blindados t\u00eam produ\u00e7\u00e3o recorde e j\u00e1 s\u00e3o quase 400 mil no Brasil - Canal Dana<\/title>\n<meta name=\"robots\" content=\"index, follow, max-snippet:-1, max-image-preview:large, max-video-preview:-1\" \/>\n<link rel=\"canonical\" href=\"https:\/\/dana.com.br\/canaldana\/2025\/02\/07\/carros-blindados-tem-producao-recorde-e-ja-sao-quase-400-mil-no-brasil\/\" \/>\n<meta property=\"og:locale\" content=\"pt_BR\" \/>\n<meta property=\"og:type\" content=\"article\" \/>\n<meta property=\"og:title\" content=\"Carros blindados t\u00eam produ\u00e7\u00e3o recorde e j\u00e1 s\u00e3o quase 400 mil no Brasil - Canal Dana\" \/>\n<meta property=\"og:description\" content=\"Jornal do Carro &nbsp; O Brasil atingiu um novo recorde de blindagens automotivas em 2024. Segundo a Associa\u00e7\u00e3o Brasileira de Blindagem (Abrablin), foram 34.402 ve\u00edculos blindados no pa\u00eds ao longo do ano, marcando um crescimento pelo quarto ano consecutivo. Contudo, em 2021, o total foi pouco superior a 20 mil unidades, avan\u00e7ando para 25.916 em\u2026 Leia mais \u00bb\" \/>\n<meta property=\"og:url\" content=\"https:\/\/dana.com.br\/canaldana\/2025\/02\/07\/carros-blindados-tem-producao-recorde-e-ja-sao-quase-400-mil-no-brasil\/\" \/>\n<meta property=\"og:site_name\" content=\"Canal Dana\" \/>\n<meta property=\"article:published_time\" content=\"2025-02-07T11:56:40+00:00\" \/>\n<meta name=\"author\" content=\"Canal Dana\" \/>\n<meta name=\"twitter:card\" content=\"summary_large_image\" \/>\n<meta name=\"twitter:label1\" content=\"Escrito por\" \/>\n\t<meta name=\"twitter:data1\" content=\"Canal Dana\" \/>\n\t<meta name=\"twitter:label2\" content=\"Est. tempo de leitura\" \/>\n\t<meta name=\"twitter:data2\" content=\"3 minutos\" \/>\n<script type=\"application\/ld+json\" class=\"yoast-schema-graph\">{\"@context\":\"https:\\\/\\\/schema.org\",\"@graph\":[{\"@type\":\"Article\",\"@id\":\"https:\\\/\\\/dana.com.br\\\/canaldana\\\/2025\\\/02\\\/07\\\/carros-blindados-tem-producao-recorde-e-ja-sao-quase-400-mil-no-brasil\\\/#article\",\"isPartOf\":{\"@id\":\"https:\\\/\\\/dana.com.br\\\/canaldana\\\/2025\\\/02\\\/07\\\/carros-blindados-tem-producao-recorde-e-ja-sao-quase-400-mil-no-brasil\\\/\"},\"author\":{\"name\":\"Canal Dana\",\"@id\":\"https:\\\/\\\/dana.com.br\\\/canaldana\\\/#\\\/schema\\\/person\\\/3c21f22f56fcf3bc46b94bc60ea4fef6\"},\"headline\":\"Carros blindados t\u00eam produ\u00e7\u00e3o recorde e j\u00e1 s\u00e3o quase 400 mil no Brasil\",\"datePublished\":\"2025-02-07T11:56:40+00:00\",\"mainEntityOfPage\":{\"@id\":\"https:\\\/\\\/dana.com.br\\\/canaldana\\\/2025\\\/02\\\/07\\\/carros-blindados-tem-producao-recorde-e-ja-sao-quase-400-mil-no-brasil\\\/\"},\"wordCount\":506,\"articleSection\":[\"Destaques\"],\"inLanguage\":\"pt-BR\"},{\"@type\":\"WebPage\",\"@id\":\"https:\\\/\\\/dana.com.br\\\/canaldana\\\/2025\\\/02\\\/07\\\/carros-blindados-tem-producao-recorde-e-ja-sao-quase-400-mil-no-brasil\\\/\",\"url\":\"https:\\\/\\\/dana.com.br\\\/canaldana\\\/2025\\\/02\\\/07\\\/carros-blindados-tem-producao-recorde-e-ja-sao-quase-400-mil-no-brasil\\\/\",\"name\":\"Carros blindados t\u00eam produ\u00e7\u00e3o recorde e j\u00e1 s\u00e3o quase 400 mil no Brasil - Canal Dana\",\"isPartOf\":{\"@id\":\"https:\\\/\\\/dana.com.br\\\/canaldana\\\/#website\"},\"datePublished\":\"2025-02-07T11:56:40+00:00\",\"author\":{\"@id\":\"https:\\\/\\\/dana.com.br\\\/canaldana\\\/#\\\/schema\\\/person\\\/3c21f22f56fcf3bc46b94bc60ea4fef6\"},\"breadcrumb\":{\"@id\":\"https:\\\/\\\/dana.com.br\\\/canaldana\\\/2025\\\/02\\\/07\\\/carros-blindados-tem-producao-recorde-e-ja-sao-quase-400-mil-no-brasil\\\/#breadcrumb\"},\"inLanguage\":\"pt-BR\",\"potentialAction\":[{\"@type\":\"ReadAction\",\"target\":[\"https:\\\/\\\/dana.com.br\\\/canaldana\\\/2025\\\/02\\\/07\\\/carros-blindados-tem-producao-recorde-e-ja-sao-quase-400-mil-no-brasil\\\/\"]}]},{\"@type\":\"BreadcrumbList\",\"@id\":\"https:\\\/\\\/dana.com.br\\\/canaldana\\\/2025\\\/02\\\/07\\\/carros-blindados-tem-producao-recorde-e-ja-sao-quase-400-mil-no-brasil\\\/#breadcrumb\",\"itemListElement\":[{\"@type\":\"ListItem\",\"position\":1,\"name\":\"Home\",\"item\":\"https:\\\/\\\/dana.com.br\\\/canaldana\\\/\"},{\"@type\":\"ListItem\",\"position\":2,\"name\":\"Destaques\",\"item\":\"https:\\\/\\\/dana.com.br\\\/canaldana\\\/destaques\\\/\"},{\"@type\":\"ListItem\",\"position\":3,\"name\":\"Carros blindados t\u00eam produ\u00e7\u00e3o recorde e j\u00e1 s\u00e3o quase 400 mil no Brasil\"}]},{\"@type\":\"WebSite\",\"@id\":\"https:\\\/\\\/dana.com.br\\\/canaldana\\\/#website\",\"url\":\"https:\\\/\\\/dana.com.br\\\/canaldana\\\/\",\"name\":\"Canal Dana\",\"description\":\"Informativo com as principais not\u00edcias da ind\u00fastria automotiva\",\"potentialAction\":[{\"@type\":\"SearchAction\",\"target\":{\"@type\":\"EntryPoint\",\"urlTemplate\":\"https:\\\/\\\/dana.com.br\\\/canaldana\\\/?s={search_term_string}\"},\"query-input\":{\"@type\":\"PropertyValueSpecification\",\"valueRequired\":true,\"valueName\":\"search_term_string\"}}],\"inLanguage\":\"pt-BR\"},{\"@type\":\"Person\",\"@id\":\"https:\\\/\\\/dana.com.br\\\/canaldana\\\/#\\\/schema\\\/person\\\/3c21f22f56fcf3bc46b94bc60ea4fef6\",\"name\":\"Canal Dana\",\"image\":{\"@type\":\"ImageObject\",\"inLanguage\":\"pt-BR\",\"@id\":\"https:\\\/\\\/secure.gravatar.com\\\/avatar\\\/420aaf9278582877d9018637c6817617705899d2858d7572ef0fe59a6b6454b4?s=96&d=mm&r=g\",\"url\":\"https:\\\/\\\/secure.gravatar.com\\\/avatar\\\/420aaf9278582877d9018637c6817617705899d2858d7572ef0fe59a6b6454b4?s=96&d=mm&r=g\",\"contentUrl\":\"https:\\\/\\\/secure.gravatar.com\\\/avatar\\\/420aaf9278582877d9018637c6817617705899d2858d7572ef0fe59a6b6454b4?s=96&d=mm&r=g\",\"caption\":\"Canal Dana\"},\"url\":\"https:\\\/\\\/dana.com.br\\\/canaldana\\\/author\\\/cdeditor\\\/\"}]}<\/script>\n<!-- \/ Yoast SEO plugin. -->","yoast_head_json":{"title":"Carros blindados t\u00eam produ\u00e7\u00e3o recorde e j\u00e1 s\u00e3o quase 400 mil no Brasil - Canal Dana","robots":{"index":"index","follow":"follow","max-snippet":"max-snippet:-1","max-image-preview":"max-image-preview:large","max-video-preview":"max-video-preview:-1"},"canonical":"https:\/\/dana.com.br\/canaldana\/2025\/02\/07\/carros-blindados-tem-producao-recorde-e-ja-sao-quase-400-mil-no-brasil\/","og_locale":"pt_BR","og_type":"article","og_title":"Carros blindados t\u00eam produ\u00e7\u00e3o recorde e j\u00e1 s\u00e3o quase 400 mil no Brasil - Canal Dana","og_description":"Jornal do Carro &nbsp; O Brasil atingiu um novo recorde de blindagens automotivas em 2024. Segundo a Associa\u00e7\u00e3o Brasileira de Blindagem (Abrablin), foram 34.402 ve\u00edculos blindados no pa\u00eds ao longo do ano, marcando um crescimento pelo quarto ano consecutivo. Contudo, em 2021, o total foi pouco superior a 20 mil unidades, avan\u00e7ando para 25.916 em\u2026 Leia mais \u00bb","og_url":"https:\/\/dana.com.br\/canaldana\/2025\/02\/07\/carros-blindados-tem-producao-recorde-e-ja-sao-quase-400-mil-no-brasil\/","og_site_name":"Canal Dana","article_published_time":"2025-02-07T11:56:40+00:00","author":"Canal Dana","twitter_card":"summary_large_image","twitter_misc":{"Escrito por":"Canal Dana","Est. tempo de leitura":"3 minutos"},"schema":{"@context":"https:\/\/schema.org","@graph":[{"@type":"Article","@id":"https:\/\/dana.com.br\/canaldana\/2025\/02\/07\/carros-blindados-tem-producao-recorde-e-ja-sao-quase-400-mil-no-brasil\/#article","isPartOf":{"@id":"https:\/\/dana.com.br\/canaldana\/2025\/02\/07\/carros-blindados-tem-producao-recorde-e-ja-sao-quase-400-mil-no-brasil\/"},"author":{"name":"Canal Dana","@id":"https:\/\/dana.com.br\/canaldana\/#\/schema\/person\/3c21f22f56fcf3bc46b94bc60ea4fef6"},"headline":"Carros blindados t\u00eam produ\u00e7\u00e3o recorde e j\u00e1 s\u00e3o quase 400 mil no Brasil","datePublished":"2025-02-07T11:56:40+00:00","mainEntityOfPage":{"@id":"https:\/\/dana.com.br\/canaldana\/2025\/02\/07\/carros-blindados-tem-producao-recorde-e-ja-sao-quase-400-mil-no-brasil\/"},"wordCount":506,"articleSection":["Destaques"],"inLanguage":"pt-BR"},{"@type":"WebPage","@id":"https:\/\/dana.com.br\/canaldana\/2025\/02\/07\/carros-blindados-tem-producao-recorde-e-ja-sao-quase-400-mil-no-brasil\/","url":"https:\/\/dana.com.br\/canaldana\/2025\/02\/07\/carros-blindados-tem-producao-recorde-e-ja-sao-quase-400-mil-no-brasil\/","name":"Carros blindados t\u00eam produ\u00e7\u00e3o recorde e j\u00e1 s\u00e3o quase 400 mil no Brasil - Canal Dana","isPartOf":{"@id":"https:\/\/dana.com.br\/canaldana\/#website"},"datePublished":"2025-02-07T11:56:40+00:00","author":{"@id":"https:\/\/dana.com.br\/canaldana\/#\/schema\/person\/3c21f22f56fcf3bc46b94bc60ea4fef6"},"breadcrumb":{"@id":"https:\/\/dana.com.br\/canaldana\/2025\/02\/07\/carros-blindados-tem-producao-recorde-e-ja-sao-quase-400-mil-no-brasil\/#breadcrumb"},"inLanguage":"pt-BR","potentialAction":[{"@type":"ReadAction","target":["https:\/\/dana.com.br\/canaldana\/2025\/02\/07\/carros-blindados-tem-producao-recorde-e-ja-sao-quase-400-mil-no-brasil\/"]}]},{"@type":"BreadcrumbList","@id":"https:\/\/dana.com.br\/canaldana\/2025\/02\/07\/carros-blindados-tem-producao-recorde-e-ja-sao-quase-400-mil-no-brasil\/#breadcrumb","itemListElement":[{"@type":"ListItem","position":1,"name":"Home","item":"https:\/\/dana.com.br\/canaldana\/"},{"@type":"ListItem","position":2,"name":"Destaques","item":"https:\/\/dana.com.br\/canaldana\/destaques\/"},{"@type":"ListItem","position":3,"name":"Carros blindados t\u00eam produ\u00e7\u00e3o recorde e j\u00e1 s\u00e3o quase 400 mil no Brasil"}]},{"@type":"WebSite","@id":"https:\/\/dana.com.br\/canaldana\/#website","url":"https:\/\/dana.com.br\/canaldana\/","name":"Canal Dana","description":"Informativo com as principais not\u00edcias da ind\u00fastria automotiva","potentialAction":[{"@type":"SearchAction","target":{"@type":"EntryPoint","urlTemplate":"https:\/\/dana.com.br\/canaldana\/?s={search_term_string}"},"query-input":{"@type":"PropertyValueSpecification","valueRequired":true,"valueName":"search_term_string"}}],"inLanguage":"pt-BR"},{"@type":"Person","@id":"https:\/\/dana.com.br\/canaldana\/#\/schema\/person\/3c21f22f56fcf3bc46b94bc60ea4fef6","name":"Canal Dana","image":{"@type":"ImageObject","inLanguage":"pt-BR","@id":"https:\/\/secure.gravatar.com\/avatar\/420aaf9278582877d9018637c6817617705899d2858d7572ef0fe59a6b6454b4?s=96&d=mm&r=g","url":"https:\/\/secure.gravatar.com\/avatar\/420aaf9278582877d9018637c6817617705899d2858d7572ef0fe59a6b6454b4?s=96&d=mm&r=g","contentUrl":"https:\/\/secure.gravatar.com\/avatar\/420aaf9278582877d9018637c6817617705899d2858d7572ef0fe59a6b6454b4?s=96&d=mm&r=g","caption":"Canal Dana"},"url":"https:\/\/dana.com.br\/canaldana\/author\/cdeditor\/"}]}},"_links":{"self":[{"href":"https:\/\/dana.com.br\/canaldana\/wp-json\/wp\/v2\/posts\/79547","targetHints":{"allow":["GET"]}}],"collection":[{"href":"https:\/\/dana.com.br\/canaldana\/wp-json\/wp\/v2\/posts"}],"about":[{"href":"https:\/\/dana.com.br\/canaldana\/wp-json\/wp\/v2\/types\/post"}],"author":[{"embeddable":true,"href":"https:\/\/dana.com.br\/canaldana\/wp-json\/wp\/v2\/users\/3"}],"replies":[{"embeddable":true,"href":"https:\/\/dana.com.br\/canaldana\/wp-json\/wp\/v2\/comments?post=79547"}],"version-history":[{"count":1,"href":"https:\/\/dana.com.br\/canaldana\/wp-json\/wp\/v2\/posts\/79547\/revisions"}],"predecessor-version":[{"id":79548,"href":"https:\/\/dana.com.br\/canaldana\/wp-json\/wp\/v2\/posts\/79547\/revisions\/79548"}],"wp:attachment":[{"href":"https:\/\/dana.com.br\/canaldana\/wp-json\/wp\/v2\/media?parent=79547"}],"wp:term":[{"taxonomy":"category","embeddable":true,"href":"https:\/\/dana.com.br\/canaldana\/wp-json\/wp\/v2\/categories?post=79547"},{"taxonomy":"post_tag","embeddable":true,"href":"https:\/\/dana.com.br\/canaldana\/wp-json\/wp\/v2\/tags?post=79547"}],"curies":[{"name":"wp","href":"https:\/\/api.w.org\/{rel}","templated":true}]}}