{"id":79544,"date":"2025-02-07T08:56:01","date_gmt":"2025-02-07T11:56:01","guid":{"rendered":"https:\/\/dana.com.br\/canaldana\/?p=79544"},"modified":"2025-02-07T08:56:01","modified_gmt":"2025-02-07T11:56:01","slug":"governo-investira-r-45-bi-em-infraestrutura-rodoviaria-em-2025","status":"publish","type":"post","link":"https:\/\/dana.com.br\/canaldana\/2025\/02\/07\/governo-investira-r-45-bi-em-infraestrutura-rodoviaria-em-2025\/","title":{"rendered":"Governo investir\u00e1 R$ 4,5 bi em infraestrutura rodovi\u00e1ria em 2025"},"content":{"rendered":"<p><em>Frota &amp; Cia <\/em><\/p>\n<p>&nbsp;<\/p>\n<p>A maior colheita de gr\u00e3os da hist\u00f3ria do Brasil ser\u00e1 escoada por rodovias que nunca foram t\u00e3o boas como agora, de acordo com o Governo Federal. Os corredores do agro receberam, do Minist\u00e9rio dos Transportes (MT), investimento R$ 3,6 bilh\u00f5es em melhorias nas rotas ao longo de 2024. No per\u00edodo, cerca de 298 milh\u00f5es de toneladas de alimentos como arroz, feij\u00e3o, soja e milho foram transportados pelo modal rodovi\u00e1rio.<\/p>\n<p>&nbsp;<\/p>\n<p>Neste ano novos recordes ser\u00e3o batidos: a estimativa \u00e9 de que a produ\u00e7\u00e3o cres\u00e7a 8,3%, alcan\u00e7ando um total de 322,47 milh\u00f5es de toneladas de gr\u00e3os. \u201cO Brasil cresce em exporta\u00e7\u00e3o porque tem infraestrutura de qualidade. E esse \u00e9 um desafio nosso, porque a safra vai aumentar ainda mais\u201d, afirmou Renan Filho, ministro dos Transportes, durante o lan\u00e7amento do Plano de Escoamento da Safra 2025, ocorrido em 05 de fevereiro.<\/p>\n<p>&nbsp;<\/p>\n<p>Em 2025, o MT prev\u00ea mais R$ 4,5 bilh\u00f5es em investimentos voltados para a redu\u00e7\u00e3o dos custos log\u00edsticos, bem como fortalecer a competitividade do Brasil no mercado agr\u00edcola internacional. A t\u00edtulo de compara\u00e7\u00e3o, no \u00faltimo ano do governo Bolsonaro apenas R$ 1,98 bilh\u00e3o foi destinado na \u00e1rea.<\/p>\n<p>&nbsp;<\/p>\n<p>Integradas ao Novo PAC, as principais obras de recupera\u00e7\u00e3o e melhoria das rodovias federais estar\u00e3o concentradas em dois eixos estrat\u00e9gicos: o Arco Norte e o Corredor Sul e Sudeste, fundamentais para a log\u00edstica do agroneg\u00f3cio brasileiro. \u201cO centro gravitacional da produ\u00e7\u00e3o agr\u00edcola mudou, saiu do Sul e migrou para o Mato Grosso, a infraestrutura precisou toda ser deslocada\u201d, analisa o ministro.<\/p>\n<p>&nbsp;<\/p>\n<p><strong>Corredores log\u00edsticos<\/strong><\/p>\n<p>&nbsp;<\/p>\n<p>As rodovias que comp\u00f5em o chamado Arco Norte receber\u00e3o um refor\u00e7o nos investimentos, que saltar\u00e3o de R$ 2 bilh\u00f5es para R$ 2,6 bilh\u00f5es. Esses recursos ser\u00e3o destinados \u00e0 melhoria da malha rodovi\u00e1ria e \u00e0 conclus\u00e3o de obras estruturantes. \u201cNo governo anterior, apenas 52% das rodovias do Arco Norte eram consideradas boas, mas desde 2023, com investimento do Governo Federal, esse cen\u00e1rio vem mudando: agora s\u00e3o 83% em boas condi\u00e7\u00f5es e apenas 3% em estado cr\u00edtico. Isso reflete o avan\u00e7o na qualidade da infraestrutura rodovi\u00e1ria brasileira\u201d, detalhou Renan Filho.<\/p>\n<p>&nbsp;<\/p>\n<p>Em 2024, obras importantes foram conclu\u00eddas no Arco Norte, como a pavimenta\u00e7\u00e3o da BR-226\/MA (Ba\u00fa \u2013 Timon) e da BR-235\/BA (Remanso \u2013 Campo Alegre de Lourdes).<\/p>\n<p>&nbsp;<\/p>\n<p><strong>Obras que ser\u00e3o entregues em 2025<\/strong><\/p>\n<p>&nbsp;<\/p>\n<ul>\n<li>In\u00edcio das opera\u00e7\u00f5es da Transnordestina (Bela Vista\/PI \u2013 Iguatu\/CE)<\/li>\n<li>Travessia Urbana de Jaru, na BR-364\/RO<\/li>\n<li>Ponte entre Estreito e Aguiarn\u00f3polis, na BR-226\/TO\/MA<\/li>\n<li>Pavimenta\u00e7\u00e3o Cocos \u2013 Div. BA\/MG na BR-135\/BA<\/li>\n<li>Ponte de Xambio\u00e1\/TO \u2013 S\u00e3o Geraldo do Araguaia\/PA na BR-153\/TO\/PA<\/li>\n<\/ul>\n<p>&nbsp;<\/p>\n<p>Obras importantes para otimizar cada vez mais o transporte da produ\u00e7\u00e3o agr\u00edcola brasileira. \u201cEsse ano a Transnordestina vai come\u00e7ar a movimentar carga. No governo anterior foram quatro anos com obras paradas, mas em 2025 vai come\u00e7ar a transportar principalmente milho, entre o Piau\u00ed e o Cear\u00e1\u201d, compara Filho.<\/p>\n<p>&nbsp;<\/p>\n<p><strong>Corredor Sul\/Sudeste<\/strong><\/p>\n<p>&nbsp;<\/p>\n<p>Segundo o Governo Federal, o Corredor Sul\/Sudeste receber\u00e1 R$ 1,9 bilh\u00e3o em investimentos para a melhoria do sistema vi\u00e1rio por meio das seguintes obras:<\/p>\n<p>&nbsp;<\/p>\n<p>Implanta\u00e7\u00e3o de 9 Viadutos\/Interse\u00e7\u00f5es na Rumo Malha Paulista e MRS<\/p>\n<p>&nbsp;<\/p>\n<ul>\n<li>Acesso ao Porto de Capuaba na BR-447\/ES<\/li>\n<li>Duplica\u00e7\u00e3o de 87 km entre Cuiab\u00e1 e Sinop na BR-163\/MT<\/li>\n<li>Duplica\u00e7\u00e3o entre Navegantes e Gaspar na BR-470\/SC<\/li>\n<li>Duplica\u00e7\u00e3o de 46 km entre Soledade e Lajeado na BR-386\/RS<\/li>\n<\/ul>\n<p>&nbsp;<\/p>\n<p><strong>Leil\u00f5es<\/strong><\/p>\n<p>&nbsp;<\/p>\n<p>Em continuidade ao plano neoliberal de privatiza\u00e7\u00f5es do Governo Lula, o ministro diz que o investimento nesses dois eixos permitir\u00e1 avan\u00e7os essenciais para a infraestrutura do Brasil. \u201cVamos concluir obras, ampliar a fiscaliza\u00e7\u00e3o da pesagem e realizar nove leil\u00f5es em corredores rodovi\u00e1rios estrat\u00e9gicos para o escoamento da safra\u201d, confirma.<\/p>\n<p>&nbsp;<\/p>\n<p>Ser\u00e3o privatizados um total de 5.517 quil\u00f4metros, o que poder\u00e1 representar investimentos da ordem de R$ 91,4 bilh\u00f5es, de acordo com o MT. Al\u00e9m disso, est\u00e1 prevista a concess\u00e3o de 1.708 quil\u00f4metros de ferrovias, o que dever\u00e1 representar mais R$ 99,7 bilh\u00f5es aplicados no setor. \u201cO Brasil realizou pouqu\u00edssimos leil\u00f5es ferrovi\u00e1rios nos \u00faltimos 40 anos e, neste ano, enfrentaremos o desafio de realizar um leil\u00e3o de ferrovias e aumentaremos a participa\u00e7\u00e3o do modal ferrovi\u00e1rio no pa\u00eds\u201d, declara Renan Filho, reafirmando a agenda neoliberal do governo federal. (Frota &amp; Cia\/Gustavo Queiroz)<\/p>\n","protected":false},"excerpt":{"rendered":"<p>Frota &amp; Cia &nbsp; A maior colheita de gr\u00e3os da hist\u00f3ria do Brasil ser\u00e1 escoada por rodovias que nunca foram t\u00e3o boas como agora, de acordo com o Governo Federal. Os corredores do agro receberam, do Minist\u00e9rio dos Transportes (MT), investimento R$ 3,6 bilh\u00f5es em melhorias nas rotas ao longo de 2024. No per\u00edodo, cerca\u2026 <a class=\"readmore\" href=\"https:\/\/dana.com.br\/canaldana\/2025\/02\/07\/governo-investira-r-45-bi-em-infraestrutura-rodoviaria-em-2025\/\">Leia mais \u00bb<\/a><\/p>\n","protected":false},"author":3,"featured_media":0,"comment_status":"closed","ping_status":"closed","sticky":false,"template":"","format":"standard","meta":{"_acf_changed":false,"footnotes":""},"categories":[79],"tags":[],"class_list":["post-79544","post","type-post","status-publish","format-standard","hentry","category-mercado"],"acf":[],"yoast_head":"<!-- This site is optimized with the Yoast SEO plugin v27.5 - https:\/\/yoast.com\/product\/yoast-seo-wordpress\/ -->\n<title>Governo investir\u00e1 R$ 4,5 bi em infraestrutura rodovi\u00e1ria em 2025 - Canal Dana<\/title>\n<meta name=\"robots\" content=\"index, follow, max-snippet:-1, max-image-preview:large, max-video-preview:-1\" \/>\n<link rel=\"canonical\" href=\"https:\/\/dana.com.br\/canaldana\/2025\/02\/07\/governo-investira-r-45-bi-em-infraestrutura-rodoviaria-em-2025\/\" \/>\n<meta property=\"og:locale\" content=\"pt_BR\" \/>\n<meta property=\"og:type\" content=\"article\" \/>\n<meta property=\"og:title\" content=\"Governo investir\u00e1 R$ 4,5 bi em infraestrutura rodovi\u00e1ria em 2025 - Canal Dana\" \/>\n<meta property=\"og:description\" content=\"Frota &amp; Cia &nbsp; A maior colheita de gr\u00e3os da hist\u00f3ria do Brasil ser\u00e1 escoada por rodovias que nunca foram t\u00e3o boas como agora, de acordo com o Governo Federal. Os corredores do agro receberam, do Minist\u00e9rio dos Transportes (MT), investimento R$ 3,6 bilh\u00f5es em melhorias nas rotas ao longo de 2024. No per\u00edodo, cerca\u2026 Leia mais \u00bb\" \/>\n<meta property=\"og:url\" content=\"https:\/\/dana.com.br\/canaldana\/2025\/02\/07\/governo-investira-r-45-bi-em-infraestrutura-rodoviaria-em-2025\/\" \/>\n<meta property=\"og:site_name\" content=\"Canal Dana\" \/>\n<meta property=\"article:published_time\" content=\"2025-02-07T11:56:01+00:00\" \/>\n<meta name=\"author\" content=\"Canal Dana\" \/>\n<meta name=\"twitter:card\" content=\"summary_large_image\" \/>\n<meta name=\"twitter:label1\" content=\"Escrito por\" \/>\n\t<meta name=\"twitter:data1\" content=\"Canal Dana\" \/>\n\t<meta name=\"twitter:label2\" content=\"Est. tempo de leitura\" \/>\n\t<meta name=\"twitter:data2\" content=\"4 minutos\" \/>\n<script type=\"application\/ld+json\" class=\"yoast-schema-graph\">{\"@context\":\"https:\\\/\\\/schema.org\",\"@graph\":[{\"@type\":\"Article\",\"@id\":\"https:\\\/\\\/dana.com.br\\\/canaldana\\\/2025\\\/02\\\/07\\\/governo-investira-r-45-bi-em-infraestrutura-rodoviaria-em-2025\\\/#article\",\"isPartOf\":{\"@id\":\"https:\\\/\\\/dana.com.br\\\/canaldana\\\/2025\\\/02\\\/07\\\/governo-investira-r-45-bi-em-infraestrutura-rodoviaria-em-2025\\\/\"},\"author\":{\"name\":\"Canal Dana\",\"@id\":\"https:\\\/\\\/dana.com.br\\\/canaldana\\\/#\\\/schema\\\/person\\\/3c21f22f56fcf3bc46b94bc60ea4fef6\"},\"headline\":\"Governo investir\u00e1 R$ 4,5 bi em infraestrutura rodovi\u00e1ria em 2025\",\"datePublished\":\"2025-02-07T11:56:01+00:00\",\"mainEntityOfPage\":{\"@id\":\"https:\\\/\\\/dana.com.br\\\/canaldana\\\/2025\\\/02\\\/07\\\/governo-investira-r-45-bi-em-infraestrutura-rodoviaria-em-2025\\\/\"},\"wordCount\":765,\"articleSection\":[\"Mercado\"],\"inLanguage\":\"pt-BR\"},{\"@type\":\"WebPage\",\"@id\":\"https:\\\/\\\/dana.com.br\\\/canaldana\\\/2025\\\/02\\\/07\\\/governo-investira-r-45-bi-em-infraestrutura-rodoviaria-em-2025\\\/\",\"url\":\"https:\\\/\\\/dana.com.br\\\/canaldana\\\/2025\\\/02\\\/07\\\/governo-investira-r-45-bi-em-infraestrutura-rodoviaria-em-2025\\\/\",\"name\":\"Governo investir\u00e1 R$ 4,5 bi em infraestrutura rodovi\u00e1ria em 2025 - Canal Dana\",\"isPartOf\":{\"@id\":\"https:\\\/\\\/dana.com.br\\\/canaldana\\\/#website\"},\"datePublished\":\"2025-02-07T11:56:01+00:00\",\"author\":{\"@id\":\"https:\\\/\\\/dana.com.br\\\/canaldana\\\/#\\\/schema\\\/person\\\/3c21f22f56fcf3bc46b94bc60ea4fef6\"},\"breadcrumb\":{\"@id\":\"https:\\\/\\\/dana.com.br\\\/canaldana\\\/2025\\\/02\\\/07\\\/governo-investira-r-45-bi-em-infraestrutura-rodoviaria-em-2025\\\/#breadcrumb\"},\"inLanguage\":\"pt-BR\",\"potentialAction\":[{\"@type\":\"ReadAction\",\"target\":[\"https:\\\/\\\/dana.com.br\\\/canaldana\\\/2025\\\/02\\\/07\\\/governo-investira-r-45-bi-em-infraestrutura-rodoviaria-em-2025\\\/\"]}]},{\"@type\":\"BreadcrumbList\",\"@id\":\"https:\\\/\\\/dana.com.br\\\/canaldana\\\/2025\\\/02\\\/07\\\/governo-investira-r-45-bi-em-infraestrutura-rodoviaria-em-2025\\\/#breadcrumb\",\"itemListElement\":[{\"@type\":\"ListItem\",\"position\":1,\"name\":\"Home\",\"item\":\"https:\\\/\\\/dana.com.br\\\/canaldana\\\/\"},{\"@type\":\"ListItem\",\"position\":2,\"name\":\"Mercado\",\"item\":\"https:\\\/\\\/dana.com.br\\\/canaldana\\\/mercado\\\/\"},{\"@type\":\"ListItem\",\"position\":3,\"name\":\"Governo investir\u00e1 R$ 4,5 bi em infraestrutura rodovi\u00e1ria em 2025\"}]},{\"@type\":\"WebSite\",\"@id\":\"https:\\\/\\\/dana.com.br\\\/canaldana\\\/#website\",\"url\":\"https:\\\/\\\/dana.com.br\\\/canaldana\\\/\",\"name\":\"Canal Dana\",\"description\":\"Informativo com as principais not\u00edcias da ind\u00fastria automotiva\",\"potentialAction\":[{\"@type\":\"SearchAction\",\"target\":{\"@type\":\"EntryPoint\",\"urlTemplate\":\"https:\\\/\\\/dana.com.br\\\/canaldana\\\/?s={search_term_string}\"},\"query-input\":{\"@type\":\"PropertyValueSpecification\",\"valueRequired\":true,\"valueName\":\"search_term_string\"}}],\"inLanguage\":\"pt-BR\"},{\"@type\":\"Person\",\"@id\":\"https:\\\/\\\/dana.com.br\\\/canaldana\\\/#\\\/schema\\\/person\\\/3c21f22f56fcf3bc46b94bc60ea4fef6\",\"name\":\"Canal Dana\",\"image\":{\"@type\":\"ImageObject\",\"inLanguage\":\"pt-BR\",\"@id\":\"https:\\\/\\\/secure.gravatar.com\\\/avatar\\\/420aaf9278582877d9018637c6817617705899d2858d7572ef0fe59a6b6454b4?s=96&d=mm&r=g\",\"url\":\"https:\\\/\\\/secure.gravatar.com\\\/avatar\\\/420aaf9278582877d9018637c6817617705899d2858d7572ef0fe59a6b6454b4?s=96&d=mm&r=g\",\"contentUrl\":\"https:\\\/\\\/secure.gravatar.com\\\/avatar\\\/420aaf9278582877d9018637c6817617705899d2858d7572ef0fe59a6b6454b4?s=96&d=mm&r=g\",\"caption\":\"Canal Dana\"},\"url\":\"https:\\\/\\\/dana.com.br\\\/canaldana\\\/author\\\/cdeditor\\\/\"}]}<\/script>\n<!-- \/ Yoast SEO plugin. -->","yoast_head_json":{"title":"Governo investir\u00e1 R$ 4,5 bi em infraestrutura rodovi\u00e1ria em 2025 - Canal Dana","robots":{"index":"index","follow":"follow","max-snippet":"max-snippet:-1","max-image-preview":"max-image-preview:large","max-video-preview":"max-video-preview:-1"},"canonical":"https:\/\/dana.com.br\/canaldana\/2025\/02\/07\/governo-investira-r-45-bi-em-infraestrutura-rodoviaria-em-2025\/","og_locale":"pt_BR","og_type":"article","og_title":"Governo investir\u00e1 R$ 4,5 bi em infraestrutura rodovi\u00e1ria em 2025 - Canal Dana","og_description":"Frota &amp; Cia &nbsp; A maior colheita de gr\u00e3os da hist\u00f3ria do Brasil ser\u00e1 escoada por rodovias que nunca foram t\u00e3o boas como agora, de acordo com o Governo Federal. Os corredores do agro receberam, do Minist\u00e9rio dos Transportes (MT), investimento R$ 3,6 bilh\u00f5es em melhorias nas rotas ao longo de 2024. No per\u00edodo, cerca\u2026 Leia mais \u00bb","og_url":"https:\/\/dana.com.br\/canaldana\/2025\/02\/07\/governo-investira-r-45-bi-em-infraestrutura-rodoviaria-em-2025\/","og_site_name":"Canal Dana","article_published_time":"2025-02-07T11:56:01+00:00","author":"Canal Dana","twitter_card":"summary_large_image","twitter_misc":{"Escrito por":"Canal Dana","Est. tempo de leitura":"4 minutos"},"schema":{"@context":"https:\/\/schema.org","@graph":[{"@type":"Article","@id":"https:\/\/dana.com.br\/canaldana\/2025\/02\/07\/governo-investira-r-45-bi-em-infraestrutura-rodoviaria-em-2025\/#article","isPartOf":{"@id":"https:\/\/dana.com.br\/canaldana\/2025\/02\/07\/governo-investira-r-45-bi-em-infraestrutura-rodoviaria-em-2025\/"},"author":{"name":"Canal Dana","@id":"https:\/\/dana.com.br\/canaldana\/#\/schema\/person\/3c21f22f56fcf3bc46b94bc60ea4fef6"},"headline":"Governo investir\u00e1 R$ 4,5 bi em infraestrutura rodovi\u00e1ria em 2025","datePublished":"2025-02-07T11:56:01+00:00","mainEntityOfPage":{"@id":"https:\/\/dana.com.br\/canaldana\/2025\/02\/07\/governo-investira-r-45-bi-em-infraestrutura-rodoviaria-em-2025\/"},"wordCount":765,"articleSection":["Mercado"],"inLanguage":"pt-BR"},{"@type":"WebPage","@id":"https:\/\/dana.com.br\/canaldana\/2025\/02\/07\/governo-investira-r-45-bi-em-infraestrutura-rodoviaria-em-2025\/","url":"https:\/\/dana.com.br\/canaldana\/2025\/02\/07\/governo-investira-r-45-bi-em-infraestrutura-rodoviaria-em-2025\/","name":"Governo investir\u00e1 R$ 4,5 bi em infraestrutura rodovi\u00e1ria em 2025 - Canal Dana","isPartOf":{"@id":"https:\/\/dana.com.br\/canaldana\/#website"},"datePublished":"2025-02-07T11:56:01+00:00","author":{"@id":"https:\/\/dana.com.br\/canaldana\/#\/schema\/person\/3c21f22f56fcf3bc46b94bc60ea4fef6"},"breadcrumb":{"@id":"https:\/\/dana.com.br\/canaldana\/2025\/02\/07\/governo-investira-r-45-bi-em-infraestrutura-rodoviaria-em-2025\/#breadcrumb"},"inLanguage":"pt-BR","potentialAction":[{"@type":"ReadAction","target":["https:\/\/dana.com.br\/canaldana\/2025\/02\/07\/governo-investira-r-45-bi-em-infraestrutura-rodoviaria-em-2025\/"]}]},{"@type":"BreadcrumbList","@id":"https:\/\/dana.com.br\/canaldana\/2025\/02\/07\/governo-investira-r-45-bi-em-infraestrutura-rodoviaria-em-2025\/#breadcrumb","itemListElement":[{"@type":"ListItem","position":1,"name":"Home","item":"https:\/\/dana.com.br\/canaldana\/"},{"@type":"ListItem","position":2,"name":"Mercado","item":"https:\/\/dana.com.br\/canaldana\/mercado\/"},{"@type":"ListItem","position":3,"name":"Governo investir\u00e1 R$ 4,5 bi em infraestrutura rodovi\u00e1ria em 2025"}]},{"@type":"WebSite","@id":"https:\/\/dana.com.br\/canaldana\/#website","url":"https:\/\/dana.com.br\/canaldana\/","name":"Canal Dana","description":"Informativo com as principais not\u00edcias da ind\u00fastria automotiva","potentialAction":[{"@type":"SearchAction","target":{"@type":"EntryPoint","urlTemplate":"https:\/\/dana.com.br\/canaldana\/?s={search_term_string}"},"query-input":{"@type":"PropertyValueSpecification","valueRequired":true,"valueName":"search_term_string"}}],"inLanguage":"pt-BR"},{"@type":"Person","@id":"https:\/\/dana.com.br\/canaldana\/#\/schema\/person\/3c21f22f56fcf3bc46b94bc60ea4fef6","name":"Canal Dana","image":{"@type":"ImageObject","inLanguage":"pt-BR","@id":"https:\/\/secure.gravatar.com\/avatar\/420aaf9278582877d9018637c6817617705899d2858d7572ef0fe59a6b6454b4?s=96&d=mm&r=g","url":"https:\/\/secure.gravatar.com\/avatar\/420aaf9278582877d9018637c6817617705899d2858d7572ef0fe59a6b6454b4?s=96&d=mm&r=g","contentUrl":"https:\/\/secure.gravatar.com\/avatar\/420aaf9278582877d9018637c6817617705899d2858d7572ef0fe59a6b6454b4?s=96&d=mm&r=g","caption":"Canal Dana"},"url":"https:\/\/dana.com.br\/canaldana\/author\/cdeditor\/"}]}},"_links":{"self":[{"href":"https:\/\/dana.com.br\/canaldana\/wp-json\/wp\/v2\/posts\/79544","targetHints":{"allow":["GET"]}}],"collection":[{"href":"https:\/\/dana.com.br\/canaldana\/wp-json\/wp\/v2\/posts"}],"about":[{"href":"https:\/\/dana.com.br\/canaldana\/wp-json\/wp\/v2\/types\/post"}],"author":[{"embeddable":true,"href":"https:\/\/dana.com.br\/canaldana\/wp-json\/wp\/v2\/users\/3"}],"replies":[{"embeddable":true,"href":"https:\/\/dana.com.br\/canaldana\/wp-json\/wp\/v2\/comments?post=79544"}],"version-history":[{"count":1,"href":"https:\/\/dana.com.br\/canaldana\/wp-json\/wp\/v2\/posts\/79544\/revisions"}],"predecessor-version":[{"id":79545,"href":"https:\/\/dana.com.br\/canaldana\/wp-json\/wp\/v2\/posts\/79544\/revisions\/79545"}],"wp:attachment":[{"href":"https:\/\/dana.com.br\/canaldana\/wp-json\/wp\/v2\/media?parent=79544"}],"wp:term":[{"taxonomy":"category","embeddable":true,"href":"https:\/\/dana.com.br\/canaldana\/wp-json\/wp\/v2\/categories?post=79544"},{"taxonomy":"post_tag","embeddable":true,"href":"https:\/\/dana.com.br\/canaldana\/wp-json\/wp\/v2\/tags?post=79544"}],"curies":[{"name":"wp","href":"https:\/\/api.w.org\/{rel}","templated":true}]}}