{"id":79541,"date":"2025-02-07T08:55:23","date_gmt":"2025-02-07T11:55:23","guid":{"rendered":"https:\/\/dana.com.br\/canaldana\/?p=79541"},"modified":"2025-02-07T08:55:23","modified_gmt":"2025-02-07T11:55:23","slug":"rio-negro-reforca-parceria-com-mercedes-benz-e-amplia-frota-com-200-novos-onibus","status":"publish","type":"post","link":"https:\/\/dana.com.br\/canaldana\/2025\/02\/07\/rio-negro-reforca-parceria-com-mercedes-benz-e-amplia-frota-com-200-novos-onibus\/","title":{"rendered":"Rio Negro refor\u00e7a parceria com Mercedes-Benz e amplia frota com 200 novos \u00f4nibus"},"content":{"rendered":"<p><em>Portal R\u00e1dio \u00d4nibus<\/em><\/p>\n<p>&nbsp;<\/p>\n<p>A Rio Negro, uma das maiores empresas de fretamento e turismo de Minas Gerais, reafirmou sua confian\u00e7a na Mercedes-Benz ao adquirir cerca de 200 chassis ao longo de 2024. Com essa aquisi\u00e7\u00e3o, a frota da companhia alcan\u00e7a 800 ve\u00edculos, sendo 80% da marca alem\u00e3. Os modelos escolhidos foram os chassis OF 1721 e LO 916, conhecidos por sua robustez e baixo custo operacional.<\/p>\n<p>&nbsp;<\/p>\n<p>Todos os \u00f4nibus foram comercializados pela concession\u00e1ria Minasm\u00e1quinas, localizada em Contagem, na Regi\u00e3o Metropolitana de Belo Horizonte, onde tamb\u00e9m est\u00e1 a sede da Rio Negro. Adriana Moreira, diretora administrativa da empresa, destaca que a qualidade dos ve\u00edculos e o suporte p\u00f3s-venda s\u00e3o fatores essenciais para a escolha da marca.<\/p>\n<p>&nbsp;<\/p>\n<p><strong>Hist\u00f3ria de sucesso e tradi\u00e7\u00e3o com a Mercedes-Benz<\/strong><\/p>\n<p>&nbsp;<\/p>\n<p>A hist\u00f3ria da fam\u00edlia Moreira com a Mercedes-Benz vem de longa data. Edward Moreira, s\u00f3cio fundador da Transmoreira e pai de Adriana, iniciou sua trajet\u00f3ria no transporte adquirindo seu primeiro caminh\u00e3o Mercedes-Benz aos 18 anos. Desde ent\u00e3o, sua empresa cresceu mantendo a marca como principal parceira.<\/p>\n<p>&nbsp;<\/p>\n<p>&#8220;Com 14 anos, trabalhei em um concession\u00e1rio em Par\u00e1 de Minas, onde come\u00e7ou minha paix\u00e3o pela Mercedes-Benz. Ao longo das d\u00e9cadas, seguimos ampliando nossa frota e fortalecendo essa rela\u00e7\u00e3o de confian\u00e7a&#8221;, afirma Edward.<\/p>\n<p>&nbsp;<\/p>\n<p><strong>Confian\u00e7a no atendimento e suporte especializado<\/strong><\/p>\n<p>&nbsp;<\/p>\n<p>Para Adriana Moreira, a escolha pela Mercedes-Benz vai al\u00e9m da qualidade dos chassis. &#8220;O suporte p\u00f3s-venda \u00e9 essencial para manter nossa opera\u00e7\u00e3o eficiente. Temos acesso r\u00e1pido a pe\u00e7as, suporte especializado e um atendimento personalizado da Minasm\u00e1quinas, garantindo que nossos ve\u00edculos estejam sempre em atividade&#8221;, explica.<\/p>\n<p>&nbsp;<\/p>\n<p>Walter Barbosa, vice-presidente de Vendas, Marketing e Pe\u00e7as &amp; Servi\u00e7os \u00d4nibus da Mercedes-Benz do Brasil, celebra a parceria. &#8220;\u00c9 um orgulho manter essa rela\u00e7\u00e3o de longa data com a Rio Negro e a Transmoreira. Empresas como essas s\u00e3o refer\u00eancias no transporte de passageiros, e nossa miss\u00e3o \u00e9 continuar oferecendo solu\u00e7\u00f5es inovadoras para suas necessidades.&#8221;<\/p>\n<p>&nbsp;<\/p>\n<p><strong>Chassis Mercedes-Benz: robustez e baixo custo operacional<\/strong><\/p>\n<p>&nbsp;<\/p>\n<p>Os modelos adquiridos pela Rio Negro, OF 1721 e LO 916, destacam-se no mercado por sua efici\u00eancia e seguran\u00e7a. O OF 1721, l\u00edder de vendas da marca por mais de uma d\u00e9cada, \u00e9 ideal para o transporte urbano e fretamento, com vers\u00f5es que incluem suspens\u00e3o pneum\u00e1tica para maior conforto. J\u00e1 o LO 916 \u00e9 reconhecido pela versatilidade e economia, sendo uma escolha estrat\u00e9gica para opera\u00e7\u00f5es de menor porte.<\/p>\n<p>&nbsp;<\/p>\n<p>Com essa aquisi\u00e7\u00e3o, a Rio Negro reafirma sua posi\u00e7\u00e3o como uma das principais operadoras do setor e fortalece ainda mais sua parceria de sucesso com a Mercedes-Benz. (Portal R\u00e1dio \u00d4nibus)<\/p>\n","protected":false},"excerpt":{"rendered":"<p>Portal R\u00e1dio \u00d4nibus &nbsp; A Rio Negro, uma das maiores empresas de fretamento e turismo de Minas Gerais, reafirmou sua confian\u00e7a na Mercedes-Benz ao adquirir cerca de 200 chassis ao longo de 2024. Com essa aquisi\u00e7\u00e3o, a frota da companhia alcan\u00e7a 800 ve\u00edculos, sendo 80% da marca alem\u00e3. Os modelos escolhidos foram os chassis OF\u2026 <a class=\"readmore\" href=\"https:\/\/dana.com.br\/canaldana\/2025\/02\/07\/rio-negro-reforca-parceria-com-mercedes-benz-e-amplia-frota-com-200-novos-onibus\/\">Leia mais \u00bb<\/a><\/p>\n","protected":false},"author":3,"featured_media":0,"comment_status":"closed","ping_status":"closed","sticky":false,"template":"","format":"standard","meta":{"_acf_changed":false,"footnotes":""},"categories":[79],"tags":[],"class_list":["post-79541","post","type-post","status-publish","format-standard","hentry","category-mercado"],"acf":[],"yoast_head":"<!-- This site is optimized with the Yoast SEO plugin v27.5 - https:\/\/yoast.com\/product\/yoast-seo-wordpress\/ -->\n<title>Rio Negro refor\u00e7a parceria com Mercedes-Benz e amplia frota com 200 novos \u00f4nibus - Canal Dana<\/title>\n<meta name=\"robots\" content=\"index, follow, max-snippet:-1, max-image-preview:large, max-video-preview:-1\" \/>\n<link rel=\"canonical\" href=\"https:\/\/dana.com.br\/canaldana\/2025\/02\/07\/rio-negro-reforca-parceria-com-mercedes-benz-e-amplia-frota-com-200-novos-onibus\/\" \/>\n<meta property=\"og:locale\" content=\"pt_BR\" \/>\n<meta property=\"og:type\" content=\"article\" \/>\n<meta property=\"og:title\" content=\"Rio Negro refor\u00e7a parceria com Mercedes-Benz e amplia frota com 200 novos \u00f4nibus - Canal Dana\" \/>\n<meta property=\"og:description\" content=\"Portal R\u00e1dio \u00d4nibus &nbsp; A Rio Negro, uma das maiores empresas de fretamento e turismo de Minas Gerais, reafirmou sua confian\u00e7a na Mercedes-Benz ao adquirir cerca de 200 chassis ao longo de 2024. Com essa aquisi\u00e7\u00e3o, a frota da companhia alcan\u00e7a 800 ve\u00edculos, sendo 80% da marca alem\u00e3. Os modelos escolhidos foram os chassis OF\u2026 Leia mais \u00bb\" \/>\n<meta property=\"og:url\" content=\"https:\/\/dana.com.br\/canaldana\/2025\/02\/07\/rio-negro-reforca-parceria-com-mercedes-benz-e-amplia-frota-com-200-novos-onibus\/\" \/>\n<meta property=\"og:site_name\" content=\"Canal Dana\" \/>\n<meta property=\"article:published_time\" content=\"2025-02-07T11:55:23+00:00\" \/>\n<meta name=\"author\" content=\"Canal Dana\" \/>\n<meta name=\"twitter:card\" content=\"summary_large_image\" \/>\n<meta name=\"twitter:label1\" content=\"Escrito por\" \/>\n\t<meta name=\"twitter:data1\" content=\"Canal Dana\" \/>\n\t<meta name=\"twitter:label2\" content=\"Est. tempo de leitura\" \/>\n\t<meta name=\"twitter:data2\" content=\"3 minutos\" \/>\n<script type=\"application\/ld+json\" class=\"yoast-schema-graph\">{\"@context\":\"https:\\\/\\\/schema.org\",\"@graph\":[{\"@type\":\"Article\",\"@id\":\"https:\\\/\\\/dana.com.br\\\/canaldana\\\/2025\\\/02\\\/07\\\/rio-negro-reforca-parceria-com-mercedes-benz-e-amplia-frota-com-200-novos-onibus\\\/#article\",\"isPartOf\":{\"@id\":\"https:\\\/\\\/dana.com.br\\\/canaldana\\\/2025\\\/02\\\/07\\\/rio-negro-reforca-parceria-com-mercedes-benz-e-amplia-frota-com-200-novos-onibus\\\/\"},\"author\":{\"name\":\"Canal Dana\",\"@id\":\"https:\\\/\\\/dana.com.br\\\/canaldana\\\/#\\\/schema\\\/person\\\/3c21f22f56fcf3bc46b94bc60ea4fef6\"},\"headline\":\"Rio Negro refor\u00e7a parceria com Mercedes-Benz e amplia frota com 200 novos \u00f4nibus\",\"datePublished\":\"2025-02-07T11:55:23+00:00\",\"mainEntityOfPage\":{\"@id\":\"https:\\\/\\\/dana.com.br\\\/canaldana\\\/2025\\\/02\\\/07\\\/rio-negro-reforca-parceria-com-mercedes-benz-e-amplia-frota-com-200-novos-onibus\\\/\"},\"wordCount\":472,\"articleSection\":[\"Mercado\"],\"inLanguage\":\"pt-BR\"},{\"@type\":\"WebPage\",\"@id\":\"https:\\\/\\\/dana.com.br\\\/canaldana\\\/2025\\\/02\\\/07\\\/rio-negro-reforca-parceria-com-mercedes-benz-e-amplia-frota-com-200-novos-onibus\\\/\",\"url\":\"https:\\\/\\\/dana.com.br\\\/canaldana\\\/2025\\\/02\\\/07\\\/rio-negro-reforca-parceria-com-mercedes-benz-e-amplia-frota-com-200-novos-onibus\\\/\",\"name\":\"Rio Negro refor\u00e7a parceria com Mercedes-Benz e amplia frota com 200 novos \u00f4nibus - Canal Dana\",\"isPartOf\":{\"@id\":\"https:\\\/\\\/dana.com.br\\\/canaldana\\\/#website\"},\"datePublished\":\"2025-02-07T11:55:23+00:00\",\"author\":{\"@id\":\"https:\\\/\\\/dana.com.br\\\/canaldana\\\/#\\\/schema\\\/person\\\/3c21f22f56fcf3bc46b94bc60ea4fef6\"},\"breadcrumb\":{\"@id\":\"https:\\\/\\\/dana.com.br\\\/canaldana\\\/2025\\\/02\\\/07\\\/rio-negro-reforca-parceria-com-mercedes-benz-e-amplia-frota-com-200-novos-onibus\\\/#breadcrumb\"},\"inLanguage\":\"pt-BR\",\"potentialAction\":[{\"@type\":\"ReadAction\",\"target\":[\"https:\\\/\\\/dana.com.br\\\/canaldana\\\/2025\\\/02\\\/07\\\/rio-negro-reforca-parceria-com-mercedes-benz-e-amplia-frota-com-200-novos-onibus\\\/\"]}]},{\"@type\":\"BreadcrumbList\",\"@id\":\"https:\\\/\\\/dana.com.br\\\/canaldana\\\/2025\\\/02\\\/07\\\/rio-negro-reforca-parceria-com-mercedes-benz-e-amplia-frota-com-200-novos-onibus\\\/#breadcrumb\",\"itemListElement\":[{\"@type\":\"ListItem\",\"position\":1,\"name\":\"Home\",\"item\":\"https:\\\/\\\/dana.com.br\\\/canaldana\\\/\"},{\"@type\":\"ListItem\",\"position\":2,\"name\":\"Mercado\",\"item\":\"https:\\\/\\\/dana.com.br\\\/canaldana\\\/mercado\\\/\"},{\"@type\":\"ListItem\",\"position\":3,\"name\":\"Rio Negro refor\u00e7a parceria com Mercedes-Benz e amplia frota com 200 novos \u00f4nibus\"}]},{\"@type\":\"WebSite\",\"@id\":\"https:\\\/\\\/dana.com.br\\\/canaldana\\\/#website\",\"url\":\"https:\\\/\\\/dana.com.br\\\/canaldana\\\/\",\"name\":\"Canal Dana\",\"description\":\"Informativo com as principais not\u00edcias da ind\u00fastria automotiva\",\"potentialAction\":[{\"@type\":\"SearchAction\",\"target\":{\"@type\":\"EntryPoint\",\"urlTemplate\":\"https:\\\/\\\/dana.com.br\\\/canaldana\\\/?s={search_term_string}\"},\"query-input\":{\"@type\":\"PropertyValueSpecification\",\"valueRequired\":true,\"valueName\":\"search_term_string\"}}],\"inLanguage\":\"pt-BR\"},{\"@type\":\"Person\",\"@id\":\"https:\\\/\\\/dana.com.br\\\/canaldana\\\/#\\\/schema\\\/person\\\/3c21f22f56fcf3bc46b94bc60ea4fef6\",\"name\":\"Canal Dana\",\"image\":{\"@type\":\"ImageObject\",\"inLanguage\":\"pt-BR\",\"@id\":\"https:\\\/\\\/secure.gravatar.com\\\/avatar\\\/420aaf9278582877d9018637c6817617705899d2858d7572ef0fe59a6b6454b4?s=96&d=mm&r=g\",\"url\":\"https:\\\/\\\/secure.gravatar.com\\\/avatar\\\/420aaf9278582877d9018637c6817617705899d2858d7572ef0fe59a6b6454b4?s=96&d=mm&r=g\",\"contentUrl\":\"https:\\\/\\\/secure.gravatar.com\\\/avatar\\\/420aaf9278582877d9018637c6817617705899d2858d7572ef0fe59a6b6454b4?s=96&d=mm&r=g\",\"caption\":\"Canal Dana\"},\"url\":\"https:\\\/\\\/dana.com.br\\\/canaldana\\\/author\\\/cdeditor\\\/\"}]}<\/script>\n<!-- \/ Yoast SEO plugin. -->","yoast_head_json":{"title":"Rio Negro refor\u00e7a parceria com Mercedes-Benz e amplia frota com 200 novos \u00f4nibus - Canal Dana","robots":{"index":"index","follow":"follow","max-snippet":"max-snippet:-1","max-image-preview":"max-image-preview:large","max-video-preview":"max-video-preview:-1"},"canonical":"https:\/\/dana.com.br\/canaldana\/2025\/02\/07\/rio-negro-reforca-parceria-com-mercedes-benz-e-amplia-frota-com-200-novos-onibus\/","og_locale":"pt_BR","og_type":"article","og_title":"Rio Negro refor\u00e7a parceria com Mercedes-Benz e amplia frota com 200 novos \u00f4nibus - Canal Dana","og_description":"Portal R\u00e1dio \u00d4nibus &nbsp; A Rio Negro, uma das maiores empresas de fretamento e turismo de Minas Gerais, reafirmou sua confian\u00e7a na Mercedes-Benz ao adquirir cerca de 200 chassis ao longo de 2024. Com essa aquisi\u00e7\u00e3o, a frota da companhia alcan\u00e7a 800 ve\u00edculos, sendo 80% da marca alem\u00e3. Os modelos escolhidos foram os chassis OF\u2026 Leia mais \u00bb","og_url":"https:\/\/dana.com.br\/canaldana\/2025\/02\/07\/rio-negro-reforca-parceria-com-mercedes-benz-e-amplia-frota-com-200-novos-onibus\/","og_site_name":"Canal Dana","article_published_time":"2025-02-07T11:55:23+00:00","author":"Canal Dana","twitter_card":"summary_large_image","twitter_misc":{"Escrito por":"Canal Dana","Est. tempo de leitura":"3 minutos"},"schema":{"@context":"https:\/\/schema.org","@graph":[{"@type":"Article","@id":"https:\/\/dana.com.br\/canaldana\/2025\/02\/07\/rio-negro-reforca-parceria-com-mercedes-benz-e-amplia-frota-com-200-novos-onibus\/#article","isPartOf":{"@id":"https:\/\/dana.com.br\/canaldana\/2025\/02\/07\/rio-negro-reforca-parceria-com-mercedes-benz-e-amplia-frota-com-200-novos-onibus\/"},"author":{"name":"Canal Dana","@id":"https:\/\/dana.com.br\/canaldana\/#\/schema\/person\/3c21f22f56fcf3bc46b94bc60ea4fef6"},"headline":"Rio Negro refor\u00e7a parceria com Mercedes-Benz e amplia frota com 200 novos \u00f4nibus","datePublished":"2025-02-07T11:55:23+00:00","mainEntityOfPage":{"@id":"https:\/\/dana.com.br\/canaldana\/2025\/02\/07\/rio-negro-reforca-parceria-com-mercedes-benz-e-amplia-frota-com-200-novos-onibus\/"},"wordCount":472,"articleSection":["Mercado"],"inLanguage":"pt-BR"},{"@type":"WebPage","@id":"https:\/\/dana.com.br\/canaldana\/2025\/02\/07\/rio-negro-reforca-parceria-com-mercedes-benz-e-amplia-frota-com-200-novos-onibus\/","url":"https:\/\/dana.com.br\/canaldana\/2025\/02\/07\/rio-negro-reforca-parceria-com-mercedes-benz-e-amplia-frota-com-200-novos-onibus\/","name":"Rio Negro refor\u00e7a parceria com Mercedes-Benz e amplia frota com 200 novos \u00f4nibus - Canal Dana","isPartOf":{"@id":"https:\/\/dana.com.br\/canaldana\/#website"},"datePublished":"2025-02-07T11:55:23+00:00","author":{"@id":"https:\/\/dana.com.br\/canaldana\/#\/schema\/person\/3c21f22f56fcf3bc46b94bc60ea4fef6"},"breadcrumb":{"@id":"https:\/\/dana.com.br\/canaldana\/2025\/02\/07\/rio-negro-reforca-parceria-com-mercedes-benz-e-amplia-frota-com-200-novos-onibus\/#breadcrumb"},"inLanguage":"pt-BR","potentialAction":[{"@type":"ReadAction","target":["https:\/\/dana.com.br\/canaldana\/2025\/02\/07\/rio-negro-reforca-parceria-com-mercedes-benz-e-amplia-frota-com-200-novos-onibus\/"]}]},{"@type":"BreadcrumbList","@id":"https:\/\/dana.com.br\/canaldana\/2025\/02\/07\/rio-negro-reforca-parceria-com-mercedes-benz-e-amplia-frota-com-200-novos-onibus\/#breadcrumb","itemListElement":[{"@type":"ListItem","position":1,"name":"Home","item":"https:\/\/dana.com.br\/canaldana\/"},{"@type":"ListItem","position":2,"name":"Mercado","item":"https:\/\/dana.com.br\/canaldana\/mercado\/"},{"@type":"ListItem","position":3,"name":"Rio Negro refor\u00e7a parceria com Mercedes-Benz e amplia frota com 200 novos \u00f4nibus"}]},{"@type":"WebSite","@id":"https:\/\/dana.com.br\/canaldana\/#website","url":"https:\/\/dana.com.br\/canaldana\/","name":"Canal Dana","description":"Informativo com as principais not\u00edcias da ind\u00fastria automotiva","potentialAction":[{"@type":"SearchAction","target":{"@type":"EntryPoint","urlTemplate":"https:\/\/dana.com.br\/canaldana\/?s={search_term_string}"},"query-input":{"@type":"PropertyValueSpecification","valueRequired":true,"valueName":"search_term_string"}}],"inLanguage":"pt-BR"},{"@type":"Person","@id":"https:\/\/dana.com.br\/canaldana\/#\/schema\/person\/3c21f22f56fcf3bc46b94bc60ea4fef6","name":"Canal Dana","image":{"@type":"ImageObject","inLanguage":"pt-BR","@id":"https:\/\/secure.gravatar.com\/avatar\/420aaf9278582877d9018637c6817617705899d2858d7572ef0fe59a6b6454b4?s=96&d=mm&r=g","url":"https:\/\/secure.gravatar.com\/avatar\/420aaf9278582877d9018637c6817617705899d2858d7572ef0fe59a6b6454b4?s=96&d=mm&r=g","contentUrl":"https:\/\/secure.gravatar.com\/avatar\/420aaf9278582877d9018637c6817617705899d2858d7572ef0fe59a6b6454b4?s=96&d=mm&r=g","caption":"Canal Dana"},"url":"https:\/\/dana.com.br\/canaldana\/author\/cdeditor\/"}]}},"_links":{"self":[{"href":"https:\/\/dana.com.br\/canaldana\/wp-json\/wp\/v2\/posts\/79541","targetHints":{"allow":["GET"]}}],"collection":[{"href":"https:\/\/dana.com.br\/canaldana\/wp-json\/wp\/v2\/posts"}],"about":[{"href":"https:\/\/dana.com.br\/canaldana\/wp-json\/wp\/v2\/types\/post"}],"author":[{"embeddable":true,"href":"https:\/\/dana.com.br\/canaldana\/wp-json\/wp\/v2\/users\/3"}],"replies":[{"embeddable":true,"href":"https:\/\/dana.com.br\/canaldana\/wp-json\/wp\/v2\/comments?post=79541"}],"version-history":[{"count":1,"href":"https:\/\/dana.com.br\/canaldana\/wp-json\/wp\/v2\/posts\/79541\/revisions"}],"predecessor-version":[{"id":79542,"href":"https:\/\/dana.com.br\/canaldana\/wp-json\/wp\/v2\/posts\/79541\/revisions\/79542"}],"wp:attachment":[{"href":"https:\/\/dana.com.br\/canaldana\/wp-json\/wp\/v2\/media?parent=79541"}],"wp:term":[{"taxonomy":"category","embeddable":true,"href":"https:\/\/dana.com.br\/canaldana\/wp-json\/wp\/v2\/categories?post=79541"},{"taxonomy":"post_tag","embeddable":true,"href":"https:\/\/dana.com.br\/canaldana\/wp-json\/wp\/v2\/tags?post=79541"}],"curies":[{"name":"wp","href":"https:\/\/api.w.org\/{rel}","templated":true}]}}