{"id":79529,"date":"2025-02-07T08:52:04","date_gmt":"2025-02-07T11:52:04","guid":{"rendered":"https:\/\/dana.com.br\/canaldana\/?p=79529"},"modified":"2025-02-10T08:03:13","modified_gmt":"2025-02-10T11:03:13","slug":"suv-da-hilux-se-aproxima-de-r-500-mil-apos-novo-reajuste","status":"publish","type":"post","link":"https:\/\/dana.com.br\/canaldana\/2025\/02\/07\/suv-da-hilux-se-aproxima-de-r-500-mil-apos-novo-reajuste\/","title":{"rendered":"SUV da Hilux se aproxima de R$ 500 mil ap\u00f3s novo reajuste"},"content":{"rendered":"<p><em>Motor 1 <\/em><\/p>\n<p>&nbsp;<\/p>\n<p>Ap\u00f3s ter passado por pequenas atualiza\u00e7\u00f5es em novembro de 2024, incluindo a entrada no programa &#8216;Toyota 10&#8217; que permite prolongar a garantia de f\u00e1brica para at\u00e9 10 anos sem custo adicional ao propriet\u00e1rio, a marca acaba de realizar o primeiro reajuste do SW4 neste ano. A partir de agora, os interessados no modelo ter\u00e3o que desembolsar entre R$ 7.700 e R$ 8.800 a mais dependendo da vers\u00e3o escolhida.<\/p>\n<p>&nbsp;<\/p>\n<p>Come\u00e7ando pela vers\u00e3o SRX Platinum 5L (de 5 lugares), Na linha 2025\/2025, o SUV parte de R$ 391.890, ou R$ 7.700 a mais que a tabela anterior, de R$ 384.190. De s\u00e9rie, traz 7 airbags, alerta de mudan\u00e7a de faixa, controle de cruzeiro adaptativo, lanternas e far\u00f3is de LED, multim\u00eddia com tela de 9&#8221; com sistema de som JBL, ar-condicionado duas zonas, bancos dianteiros el\u00e9tricos, sistema de partida sem chave e retrovisores com rebatimento el\u00e9trico.<\/p>\n<p>&nbsp;<\/p>\n<p>A vers\u00e3o intermedi\u00e1ria da SW4 \u00e9 a SRX Platinum 7L, que acrescenta mais dois lugares comparada a Platinum de entrada. Recebeu aumento de R$ 7.800, partindo agora de R$ 398.390 (antes era R$ 390.590). Al\u00e9m dos itens da Platinum 5L, traz ar-condicionado central com difusores no teto e controle de intensidade para as 2\u00aa e 3\u00aa fileiras.<\/p>\n<p>&nbsp;<\/p>\n<p>Para a vers\u00e3o mais cara, a Diamond, o reajuste tamb\u00e9m foi o maior: R$ 8.800, o que o levou o pre\u00e7o do SUV para R$ 446.690 contra o antigo pre\u00e7o de R$ 437.890. Com foco em maior sofistica\u00e7\u00e3o, traz alguns refinamentos como abertura el\u00e9trica do porta-malas com sensor de presen\u00e7a, carregador por indu\u00e7\u00e3o, cromados na parte interna e externa e, dependendo da cor externa, teto pintado em preto.<\/p>\n<p>&nbsp;<\/p>\n<p><strong>Veja a nova tabela da Toyota SW4 2025:<\/strong><\/p>\n<p>&nbsp;<\/p>\n<p><strong>Vers\u00e3o \/ Novo pre\u00e7o \/ Pre\u00e7o anterior \/ Reajuste<\/strong><\/p>\n<p>&nbsp;<\/p>\n<p>SW4 SRX Platinum autom\u00e1tica 4WD \/ R$ 391.890 \/ R$ 384.190 \/ + R$ 7.700<\/p>\n<p>SW4 SRX Platinum sete lugares autom\u00e1tica 4WD \/ R$ 398.390 \/ R$ 390.590 \/ + R$ 7.800<\/p>\n<p>SW4 Diamond sete lugares autom\u00e1tica 4WD \/ R$ 446.690 \/ R$ 437.890 \/ + R$ 8.800<\/p>\n<p>&nbsp;<\/p>\n<p>Todas as vers\u00f5es do SUV s\u00e3o equipadas com o mesmo motor, um 2.8 turbodiesel, que foi atualizado em novembro para as novas regras de emiss\u00e3o do Proconve L8. Conta com 204 cv de pot\u00eancia e torque de 50,9 kgfm. A transmiss\u00e3o \u00e9 sempre autom\u00e1tica de seis velocidades o SW4 sai de f\u00e1brica com tra\u00e7\u00e3o 4&#215;4 e caixa de redu\u00e7\u00e3o.<\/p>\n<p>&nbsp;<\/p>\n<p>Al\u00e9m disso, com a atualiza\u00e7\u00e3o, tanto a picape quanto o SUV da Toyota receberam um novo filtro de part\u00edculas diesel (DPF) capaz de reter e tratar res\u00edduos gasosos e tanque de ureia (Arla 32) para reduzir as emiss\u00f5es de poluentes. (Motor 1\/Thomas Tironi)<\/p>\n","protected":false},"excerpt":{"rendered":"<p>Motor 1 &nbsp; Ap\u00f3s ter passado por pequenas atualiza\u00e7\u00f5es em novembro de 2024, incluindo a entrada no programa &#8216;Toyota 10&#8217; que permite prolongar a garantia de f\u00e1brica para at\u00e9 10 anos sem custo adicional ao propriet\u00e1rio, a marca acaba de realizar o primeiro reajuste do SW4 neste ano. A partir de agora, os interessados no\u2026 <a class=\"readmore\" href=\"https:\/\/dana.com.br\/canaldana\/2025\/02\/07\/suv-da-hilux-se-aproxima-de-r-500-mil-apos-novo-reajuste\/\">Leia mais \u00bb<\/a><\/p>\n","protected":false},"author":3,"featured_media":0,"comment_status":"closed","ping_status":"closed","sticky":false,"template":"","format":"standard","meta":{"_acf_changed":false,"footnotes":""},"categories":[79],"tags":[],"class_list":["post-79529","post","type-post","status-publish","format-standard","hentry","category-mercado"],"acf":[],"yoast_head":"<!-- This site is optimized with the Yoast SEO plugin v27.5 - https:\/\/yoast.com\/product\/yoast-seo-wordpress\/ -->\n<title>SUV da Hilux se aproxima de R$ 500 mil ap\u00f3s novo reajuste - Canal Dana<\/title>\n<meta name=\"robots\" content=\"index, follow, max-snippet:-1, max-image-preview:large, max-video-preview:-1\" \/>\n<link rel=\"canonical\" href=\"https:\/\/dana.com.br\/canaldana\/2025\/02\/07\/suv-da-hilux-se-aproxima-de-r-500-mil-apos-novo-reajuste\/\" \/>\n<meta property=\"og:locale\" content=\"pt_BR\" \/>\n<meta property=\"og:type\" content=\"article\" \/>\n<meta property=\"og:title\" content=\"SUV da Hilux se aproxima de R$ 500 mil ap\u00f3s novo reajuste - Canal Dana\" \/>\n<meta property=\"og:description\" content=\"Motor 1 &nbsp; Ap\u00f3s ter passado por pequenas atualiza\u00e7\u00f5es em novembro de 2024, incluindo a entrada no programa &#8216;Toyota 10&#8217; que permite prolongar a garantia de f\u00e1brica para at\u00e9 10 anos sem custo adicional ao propriet\u00e1rio, a marca acaba de realizar o primeiro reajuste do SW4 neste ano. A partir de agora, os interessados no\u2026 Leia mais \u00bb\" \/>\n<meta property=\"og:url\" content=\"https:\/\/dana.com.br\/canaldana\/2025\/02\/07\/suv-da-hilux-se-aproxima-de-r-500-mil-apos-novo-reajuste\/\" \/>\n<meta property=\"og:site_name\" content=\"Canal Dana\" \/>\n<meta property=\"article:published_time\" content=\"2025-02-07T11:52:04+00:00\" \/>\n<meta property=\"article:modified_time\" content=\"2025-02-10T11:03:13+00:00\" \/>\n<meta name=\"author\" content=\"Canal Dana\" \/>\n<meta name=\"twitter:card\" content=\"summary_large_image\" \/>\n<meta name=\"twitter:label1\" content=\"Escrito por\" \/>\n\t<meta name=\"twitter:data1\" content=\"Canal Dana\" \/>\n\t<meta name=\"twitter:label2\" content=\"Est. tempo de leitura\" \/>\n\t<meta name=\"twitter:data2\" content=\"3 minutos\" \/>\n<script type=\"application\/ld+json\" class=\"yoast-schema-graph\">{\"@context\":\"https:\\\/\\\/schema.org\",\"@graph\":[{\"@type\":\"Article\",\"@id\":\"https:\\\/\\\/dana.com.br\\\/canaldana\\\/2025\\\/02\\\/07\\\/suv-da-hilux-se-aproxima-de-r-500-mil-apos-novo-reajuste\\\/#article\",\"isPartOf\":{\"@id\":\"https:\\\/\\\/dana.com.br\\\/canaldana\\\/2025\\\/02\\\/07\\\/suv-da-hilux-se-aproxima-de-r-500-mil-apos-novo-reajuste\\\/\"},\"author\":{\"name\":\"Canal Dana\",\"@id\":\"https:\\\/\\\/dana.com.br\\\/canaldana\\\/#\\\/schema\\\/person\\\/3c21f22f56fcf3bc46b94bc60ea4fef6\"},\"headline\":\"SUV da Hilux se aproxima de R$ 500 mil ap\u00f3s novo reajuste\",\"datePublished\":\"2025-02-07T11:52:04+00:00\",\"dateModified\":\"2025-02-10T11:03:13+00:00\",\"mainEntityOfPage\":{\"@id\":\"https:\\\/\\\/dana.com.br\\\/canaldana\\\/2025\\\/02\\\/07\\\/suv-da-hilux-se-aproxima-de-r-500-mil-apos-novo-reajuste\\\/\"},\"wordCount\":453,\"articleSection\":[\"Mercado\"],\"inLanguage\":\"pt-BR\"},{\"@type\":\"WebPage\",\"@id\":\"https:\\\/\\\/dana.com.br\\\/canaldana\\\/2025\\\/02\\\/07\\\/suv-da-hilux-se-aproxima-de-r-500-mil-apos-novo-reajuste\\\/\",\"url\":\"https:\\\/\\\/dana.com.br\\\/canaldana\\\/2025\\\/02\\\/07\\\/suv-da-hilux-se-aproxima-de-r-500-mil-apos-novo-reajuste\\\/\",\"name\":\"SUV da Hilux se aproxima de R$ 500 mil ap\u00f3s novo reajuste - Canal Dana\",\"isPartOf\":{\"@id\":\"https:\\\/\\\/dana.com.br\\\/canaldana\\\/#website\"},\"datePublished\":\"2025-02-07T11:52:04+00:00\",\"dateModified\":\"2025-02-10T11:03:13+00:00\",\"author\":{\"@id\":\"https:\\\/\\\/dana.com.br\\\/canaldana\\\/#\\\/schema\\\/person\\\/3c21f22f56fcf3bc46b94bc60ea4fef6\"},\"breadcrumb\":{\"@id\":\"https:\\\/\\\/dana.com.br\\\/canaldana\\\/2025\\\/02\\\/07\\\/suv-da-hilux-se-aproxima-de-r-500-mil-apos-novo-reajuste\\\/#breadcrumb\"},\"inLanguage\":\"pt-BR\",\"potentialAction\":[{\"@type\":\"ReadAction\",\"target\":[\"https:\\\/\\\/dana.com.br\\\/canaldana\\\/2025\\\/02\\\/07\\\/suv-da-hilux-se-aproxima-de-r-500-mil-apos-novo-reajuste\\\/\"]}]},{\"@type\":\"BreadcrumbList\",\"@id\":\"https:\\\/\\\/dana.com.br\\\/canaldana\\\/2025\\\/02\\\/07\\\/suv-da-hilux-se-aproxima-de-r-500-mil-apos-novo-reajuste\\\/#breadcrumb\",\"itemListElement\":[{\"@type\":\"ListItem\",\"position\":1,\"name\":\"Home\",\"item\":\"https:\\\/\\\/dana.com.br\\\/canaldana\\\/\"},{\"@type\":\"ListItem\",\"position\":2,\"name\":\"Mercado\",\"item\":\"https:\\\/\\\/dana.com.br\\\/canaldana\\\/mercado\\\/\"},{\"@type\":\"ListItem\",\"position\":3,\"name\":\"SUV da Hilux se aproxima de R$ 500 mil ap\u00f3s novo reajuste\"}]},{\"@type\":\"WebSite\",\"@id\":\"https:\\\/\\\/dana.com.br\\\/canaldana\\\/#website\",\"url\":\"https:\\\/\\\/dana.com.br\\\/canaldana\\\/\",\"name\":\"Canal Dana\",\"description\":\"Informativo com as principais not\u00edcias da ind\u00fastria automotiva\",\"potentialAction\":[{\"@type\":\"SearchAction\",\"target\":{\"@type\":\"EntryPoint\",\"urlTemplate\":\"https:\\\/\\\/dana.com.br\\\/canaldana\\\/?s={search_term_string}\"},\"query-input\":{\"@type\":\"PropertyValueSpecification\",\"valueRequired\":true,\"valueName\":\"search_term_string\"}}],\"inLanguage\":\"pt-BR\"},{\"@type\":\"Person\",\"@id\":\"https:\\\/\\\/dana.com.br\\\/canaldana\\\/#\\\/schema\\\/person\\\/3c21f22f56fcf3bc46b94bc60ea4fef6\",\"name\":\"Canal Dana\",\"image\":{\"@type\":\"ImageObject\",\"inLanguage\":\"pt-BR\",\"@id\":\"https:\\\/\\\/secure.gravatar.com\\\/avatar\\\/420aaf9278582877d9018637c6817617705899d2858d7572ef0fe59a6b6454b4?s=96&d=mm&r=g\",\"url\":\"https:\\\/\\\/secure.gravatar.com\\\/avatar\\\/420aaf9278582877d9018637c6817617705899d2858d7572ef0fe59a6b6454b4?s=96&d=mm&r=g\",\"contentUrl\":\"https:\\\/\\\/secure.gravatar.com\\\/avatar\\\/420aaf9278582877d9018637c6817617705899d2858d7572ef0fe59a6b6454b4?s=96&d=mm&r=g\",\"caption\":\"Canal Dana\"},\"url\":\"https:\\\/\\\/dana.com.br\\\/canaldana\\\/author\\\/cdeditor\\\/\"}]}<\/script>\n<!-- \/ Yoast SEO plugin. -->","yoast_head_json":{"title":"SUV da Hilux se aproxima de R$ 500 mil ap\u00f3s novo reajuste - Canal Dana","robots":{"index":"index","follow":"follow","max-snippet":"max-snippet:-1","max-image-preview":"max-image-preview:large","max-video-preview":"max-video-preview:-1"},"canonical":"https:\/\/dana.com.br\/canaldana\/2025\/02\/07\/suv-da-hilux-se-aproxima-de-r-500-mil-apos-novo-reajuste\/","og_locale":"pt_BR","og_type":"article","og_title":"SUV da Hilux se aproxima de R$ 500 mil ap\u00f3s novo reajuste - Canal Dana","og_description":"Motor 1 &nbsp; Ap\u00f3s ter passado por pequenas atualiza\u00e7\u00f5es em novembro de 2024, incluindo a entrada no programa &#8216;Toyota 10&#8217; que permite prolongar a garantia de f\u00e1brica para at\u00e9 10 anos sem custo adicional ao propriet\u00e1rio, a marca acaba de realizar o primeiro reajuste do SW4 neste ano. A partir de agora, os interessados no\u2026 Leia mais \u00bb","og_url":"https:\/\/dana.com.br\/canaldana\/2025\/02\/07\/suv-da-hilux-se-aproxima-de-r-500-mil-apos-novo-reajuste\/","og_site_name":"Canal Dana","article_published_time":"2025-02-07T11:52:04+00:00","article_modified_time":"2025-02-10T11:03:13+00:00","author":"Canal Dana","twitter_card":"summary_large_image","twitter_misc":{"Escrito por":"Canal Dana","Est. tempo de leitura":"3 minutos"},"schema":{"@context":"https:\/\/schema.org","@graph":[{"@type":"Article","@id":"https:\/\/dana.com.br\/canaldana\/2025\/02\/07\/suv-da-hilux-se-aproxima-de-r-500-mil-apos-novo-reajuste\/#article","isPartOf":{"@id":"https:\/\/dana.com.br\/canaldana\/2025\/02\/07\/suv-da-hilux-se-aproxima-de-r-500-mil-apos-novo-reajuste\/"},"author":{"name":"Canal Dana","@id":"https:\/\/dana.com.br\/canaldana\/#\/schema\/person\/3c21f22f56fcf3bc46b94bc60ea4fef6"},"headline":"SUV da Hilux se aproxima de R$ 500 mil ap\u00f3s novo reajuste","datePublished":"2025-02-07T11:52:04+00:00","dateModified":"2025-02-10T11:03:13+00:00","mainEntityOfPage":{"@id":"https:\/\/dana.com.br\/canaldana\/2025\/02\/07\/suv-da-hilux-se-aproxima-de-r-500-mil-apos-novo-reajuste\/"},"wordCount":453,"articleSection":["Mercado"],"inLanguage":"pt-BR"},{"@type":"WebPage","@id":"https:\/\/dana.com.br\/canaldana\/2025\/02\/07\/suv-da-hilux-se-aproxima-de-r-500-mil-apos-novo-reajuste\/","url":"https:\/\/dana.com.br\/canaldana\/2025\/02\/07\/suv-da-hilux-se-aproxima-de-r-500-mil-apos-novo-reajuste\/","name":"SUV da Hilux se aproxima de R$ 500 mil ap\u00f3s novo reajuste - Canal Dana","isPartOf":{"@id":"https:\/\/dana.com.br\/canaldana\/#website"},"datePublished":"2025-02-07T11:52:04+00:00","dateModified":"2025-02-10T11:03:13+00:00","author":{"@id":"https:\/\/dana.com.br\/canaldana\/#\/schema\/person\/3c21f22f56fcf3bc46b94bc60ea4fef6"},"breadcrumb":{"@id":"https:\/\/dana.com.br\/canaldana\/2025\/02\/07\/suv-da-hilux-se-aproxima-de-r-500-mil-apos-novo-reajuste\/#breadcrumb"},"inLanguage":"pt-BR","potentialAction":[{"@type":"ReadAction","target":["https:\/\/dana.com.br\/canaldana\/2025\/02\/07\/suv-da-hilux-se-aproxima-de-r-500-mil-apos-novo-reajuste\/"]}]},{"@type":"BreadcrumbList","@id":"https:\/\/dana.com.br\/canaldana\/2025\/02\/07\/suv-da-hilux-se-aproxima-de-r-500-mil-apos-novo-reajuste\/#breadcrumb","itemListElement":[{"@type":"ListItem","position":1,"name":"Home","item":"https:\/\/dana.com.br\/canaldana\/"},{"@type":"ListItem","position":2,"name":"Mercado","item":"https:\/\/dana.com.br\/canaldana\/mercado\/"},{"@type":"ListItem","position":3,"name":"SUV da Hilux se aproxima de R$ 500 mil ap\u00f3s novo reajuste"}]},{"@type":"WebSite","@id":"https:\/\/dana.com.br\/canaldana\/#website","url":"https:\/\/dana.com.br\/canaldana\/","name":"Canal Dana","description":"Informativo com as principais not\u00edcias da ind\u00fastria automotiva","potentialAction":[{"@type":"SearchAction","target":{"@type":"EntryPoint","urlTemplate":"https:\/\/dana.com.br\/canaldana\/?s={search_term_string}"},"query-input":{"@type":"PropertyValueSpecification","valueRequired":true,"valueName":"search_term_string"}}],"inLanguage":"pt-BR"},{"@type":"Person","@id":"https:\/\/dana.com.br\/canaldana\/#\/schema\/person\/3c21f22f56fcf3bc46b94bc60ea4fef6","name":"Canal Dana","image":{"@type":"ImageObject","inLanguage":"pt-BR","@id":"https:\/\/secure.gravatar.com\/avatar\/420aaf9278582877d9018637c6817617705899d2858d7572ef0fe59a6b6454b4?s=96&d=mm&r=g","url":"https:\/\/secure.gravatar.com\/avatar\/420aaf9278582877d9018637c6817617705899d2858d7572ef0fe59a6b6454b4?s=96&d=mm&r=g","contentUrl":"https:\/\/secure.gravatar.com\/avatar\/420aaf9278582877d9018637c6817617705899d2858d7572ef0fe59a6b6454b4?s=96&d=mm&r=g","caption":"Canal Dana"},"url":"https:\/\/dana.com.br\/canaldana\/author\/cdeditor\/"}]}},"_links":{"self":[{"href":"https:\/\/dana.com.br\/canaldana\/wp-json\/wp\/v2\/posts\/79529","targetHints":{"allow":["GET"]}}],"collection":[{"href":"https:\/\/dana.com.br\/canaldana\/wp-json\/wp\/v2\/posts"}],"about":[{"href":"https:\/\/dana.com.br\/canaldana\/wp-json\/wp\/v2\/types\/post"}],"author":[{"embeddable":true,"href":"https:\/\/dana.com.br\/canaldana\/wp-json\/wp\/v2\/users\/3"}],"replies":[{"embeddable":true,"href":"https:\/\/dana.com.br\/canaldana\/wp-json\/wp\/v2\/comments?post=79529"}],"version-history":[{"count":1,"href":"https:\/\/dana.com.br\/canaldana\/wp-json\/wp\/v2\/posts\/79529\/revisions"}],"predecessor-version":[{"id":79530,"href":"https:\/\/dana.com.br\/canaldana\/wp-json\/wp\/v2\/posts\/79529\/revisions\/79530"}],"wp:attachment":[{"href":"https:\/\/dana.com.br\/canaldana\/wp-json\/wp\/v2\/media?parent=79529"}],"wp:term":[{"taxonomy":"category","embeddable":true,"href":"https:\/\/dana.com.br\/canaldana\/wp-json\/wp\/v2\/categories?post=79529"},{"taxonomy":"post_tag","embeddable":true,"href":"https:\/\/dana.com.br\/canaldana\/wp-json\/wp\/v2\/tags?post=79529"}],"curies":[{"name":"wp","href":"https:\/\/api.w.org\/{rel}","templated":true}]}}