{"id":7950,"date":"2016-04-28T08:57:55","date_gmt":"2016-04-28T11:57:55","guid":{"rendered":"http:\/\/dana.com.br\/canaldana\/?p=7950"},"modified":"2016-04-28T08:57:55","modified_gmt":"2016-04-28T11:57:55","slug":"prefeitura-de-sao-paulo-determina-que-onibus-tenham-ar-condicionado","status":"publish","type":"post","link":"https:\/\/dana.com.br\/canaldana\/2016\/04\/28\/prefeitura-de-sao-paulo-determina-que-onibus-tenham-ar-condicionado\/","title":{"rendered":"Prefeitura de S\u00e3o Paulo determina que \u00f4nibus tenham ar condicionado"},"content":{"rendered":"<p><em>Blog Ponto de \u00d4nibus<\/em><\/p>\n<p>&nbsp;<\/p>\n<p>Foi promulgada pela Prefeitura de S\u00e3o Paulo a Lei 16.428\/16 que determina que ao menos 80% da frota de \u00f4nibus da capital paulista tenham ar-condicionado.<\/p>\n<p>&nbsp;<\/p>\n<p>De acordo com a lei, publicada nesta ter\u00e7a-feira no Di\u00e1rio Oficial da Cidade, os equipamentos ter\u00e3o de possuir regulador de temperatura. A instala\u00e7\u00e3o do ar-condicionado deve ser feita de acordo com a renova\u00e7\u00e3o da frota e devem ter prioridade as linhas com maior percurso e maior demanda de passageiros.<\/p>\n<p>&nbsp;<\/p>\n<p>No entanto, a determina\u00e7\u00e3o gera d\u00favida no setor, j\u00e1 que no dia 22 de janeiro deste ano uma portaria no Di\u00e1rio Oficial determinou que todos os novos ve\u00edculos vinculados ao sistema de transporte coletivo de passageiros dever\u00e3o estar dotados equipamentos de ar condicionado. A lei promulgada nesta segunda-feira limita esse n\u00famero a 80% da frota.<\/p>\n<p>&nbsp;<\/p>\n<p>A cidade de S\u00e3o Paulo possui uma frota de pouco mais de 14 mil 700 \u00f4nibus municipais. De acordo com balan\u00e7o mais recente da SPTrans, divulgado em fevereiro desse ano, desse total, 602 ve\u00edculos possuem sistema de ar-condicionado. (Blog Ponto de \u00d4nibus)<\/p>\n","protected":false},"excerpt":{"rendered":"<p>Blog Ponto de \u00d4nibus &nbsp; Foi promulgada pela Prefeitura de S\u00e3o Paulo a Lei 16.428\/16 que determina que ao menos 80% da frota de \u00f4nibus da capital paulista tenham ar-condicionado. &nbsp; De acordo com a lei, publicada nesta ter\u00e7a-feira no Di\u00e1rio Oficial da Cidade, os equipamentos ter\u00e3o de possuir regulador de temperatura. A instala\u00e7\u00e3o do\u2026 <a class=\"readmore\" href=\"https:\/\/dana.com.br\/canaldana\/2016\/04\/28\/prefeitura-de-sao-paulo-determina-que-onibus-tenham-ar-condicionado\/\">Leia mais \u00bb<\/a><\/p>\n","protected":false},"author":3,"featured_media":0,"comment_status":"closed","ping_status":"closed","sticky":false,"template":"","format":"standard","meta":{"_acf_changed":false,"footnotes":""},"categories":[79],"tags":[],"class_list":["post-7950","post","type-post","status-publish","format-standard","hentry","category-mercado"],"acf":[],"yoast_head":"<!-- This site is optimized with the Yoast SEO plugin v27.5 - https:\/\/yoast.com\/product\/yoast-seo-wordpress\/ -->\n<title>Prefeitura de S\u00e3o Paulo determina que \u00f4nibus tenham ar condicionado - Canal Dana<\/title>\n<meta name=\"robots\" content=\"index, follow, max-snippet:-1, max-image-preview:large, max-video-preview:-1\" \/>\n<link rel=\"canonical\" href=\"https:\/\/dana.com.br\/canaldana\/2016\/04\/28\/prefeitura-de-sao-paulo-determina-que-onibus-tenham-ar-condicionado\/\" \/>\n<meta property=\"og:locale\" content=\"pt_BR\" \/>\n<meta property=\"og:type\" content=\"article\" \/>\n<meta property=\"og:title\" content=\"Prefeitura de S\u00e3o Paulo determina que \u00f4nibus tenham ar condicionado - Canal Dana\" \/>\n<meta property=\"og:description\" content=\"Blog Ponto de \u00d4nibus &nbsp; Foi promulgada pela Prefeitura de S\u00e3o Paulo a Lei 16.428\/16 que determina que ao menos 80% da frota de \u00f4nibus da capital paulista tenham ar-condicionado. &nbsp; De acordo com a lei, publicada nesta ter\u00e7a-feira no Di\u00e1rio Oficial da Cidade, os equipamentos ter\u00e3o de possuir regulador de temperatura. A instala\u00e7\u00e3o do\u2026 Leia mais \u00bb\" \/>\n<meta property=\"og:url\" content=\"https:\/\/dana.com.br\/canaldana\/2016\/04\/28\/prefeitura-de-sao-paulo-determina-que-onibus-tenham-ar-condicionado\/\" \/>\n<meta property=\"og:site_name\" content=\"Canal Dana\" \/>\n<meta property=\"article:published_time\" content=\"2016-04-28T11:57:55+00:00\" \/>\n<meta name=\"author\" content=\"Canal Dana\" \/>\n<meta name=\"twitter:card\" content=\"summary_large_image\" \/>\n<meta name=\"twitter:label1\" content=\"Escrito por\" \/>\n\t<meta name=\"twitter:data1\" content=\"Canal Dana\" \/>\n\t<meta name=\"twitter:label2\" content=\"Est. tempo de leitura\" \/>\n\t<meta name=\"twitter:data2\" content=\"1 minuto\" \/>\n<script type=\"application\/ld+json\" class=\"yoast-schema-graph\">{\"@context\":\"https:\\\/\\\/schema.org\",\"@graph\":[{\"@type\":\"Article\",\"@id\":\"https:\\\/\\\/dana.com.br\\\/canaldana\\\/2016\\\/04\\\/28\\\/prefeitura-de-sao-paulo-determina-que-onibus-tenham-ar-condicionado\\\/#article\",\"isPartOf\":{\"@id\":\"https:\\\/\\\/dana.com.br\\\/canaldana\\\/2016\\\/04\\\/28\\\/prefeitura-de-sao-paulo-determina-que-onibus-tenham-ar-condicionado\\\/\"},\"author\":{\"name\":\"Canal Dana\",\"@id\":\"https:\\\/\\\/dana.com.br\\\/canaldana\\\/#\\\/schema\\\/person\\\/3c21f22f56fcf3bc46b94bc60ea4fef6\"},\"headline\":\"Prefeitura de S\u00e3o Paulo determina que \u00f4nibus tenham ar condicionado\",\"datePublished\":\"2016-04-28T11:57:55+00:00\",\"mainEntityOfPage\":{\"@id\":\"https:\\\/\\\/dana.com.br\\\/canaldana\\\/2016\\\/04\\\/28\\\/prefeitura-de-sao-paulo-determina-que-onibus-tenham-ar-condicionado\\\/\"},\"wordCount\":198,\"articleSection\":[\"Mercado\"],\"inLanguage\":\"pt-BR\"},{\"@type\":\"WebPage\",\"@id\":\"https:\\\/\\\/dana.com.br\\\/canaldana\\\/2016\\\/04\\\/28\\\/prefeitura-de-sao-paulo-determina-que-onibus-tenham-ar-condicionado\\\/\",\"url\":\"https:\\\/\\\/dana.com.br\\\/canaldana\\\/2016\\\/04\\\/28\\\/prefeitura-de-sao-paulo-determina-que-onibus-tenham-ar-condicionado\\\/\",\"name\":\"Prefeitura de S\u00e3o Paulo determina que \u00f4nibus tenham ar condicionado - Canal Dana\",\"isPartOf\":{\"@id\":\"https:\\\/\\\/dana.com.br\\\/canaldana\\\/#website\"},\"datePublished\":\"2016-04-28T11:57:55+00:00\",\"author\":{\"@id\":\"https:\\\/\\\/dana.com.br\\\/canaldana\\\/#\\\/schema\\\/person\\\/3c21f22f56fcf3bc46b94bc60ea4fef6\"},\"breadcrumb\":{\"@id\":\"https:\\\/\\\/dana.com.br\\\/canaldana\\\/2016\\\/04\\\/28\\\/prefeitura-de-sao-paulo-determina-que-onibus-tenham-ar-condicionado\\\/#breadcrumb\"},\"inLanguage\":\"pt-BR\",\"potentialAction\":[{\"@type\":\"ReadAction\",\"target\":[\"https:\\\/\\\/dana.com.br\\\/canaldana\\\/2016\\\/04\\\/28\\\/prefeitura-de-sao-paulo-determina-que-onibus-tenham-ar-condicionado\\\/\"]}]},{\"@type\":\"BreadcrumbList\",\"@id\":\"https:\\\/\\\/dana.com.br\\\/canaldana\\\/2016\\\/04\\\/28\\\/prefeitura-de-sao-paulo-determina-que-onibus-tenham-ar-condicionado\\\/#breadcrumb\",\"itemListElement\":[{\"@type\":\"ListItem\",\"position\":1,\"name\":\"Home\",\"item\":\"https:\\\/\\\/dana.com.br\\\/canaldana\\\/\"},{\"@type\":\"ListItem\",\"position\":2,\"name\":\"Mercado\",\"item\":\"https:\\\/\\\/dana.com.br\\\/canaldana\\\/mercado\\\/\"},{\"@type\":\"ListItem\",\"position\":3,\"name\":\"Prefeitura de S\u00e3o Paulo determina que \u00f4nibus tenham ar condicionado\"}]},{\"@type\":\"WebSite\",\"@id\":\"https:\\\/\\\/dana.com.br\\\/canaldana\\\/#website\",\"url\":\"https:\\\/\\\/dana.com.br\\\/canaldana\\\/\",\"name\":\"Canal Dana\",\"description\":\"Informativo com as principais not\u00edcias da ind\u00fastria automotiva\",\"potentialAction\":[{\"@type\":\"SearchAction\",\"target\":{\"@type\":\"EntryPoint\",\"urlTemplate\":\"https:\\\/\\\/dana.com.br\\\/canaldana\\\/?s={search_term_string}\"},\"query-input\":{\"@type\":\"PropertyValueSpecification\",\"valueRequired\":true,\"valueName\":\"search_term_string\"}}],\"inLanguage\":\"pt-BR\"},{\"@type\":\"Person\",\"@id\":\"https:\\\/\\\/dana.com.br\\\/canaldana\\\/#\\\/schema\\\/person\\\/3c21f22f56fcf3bc46b94bc60ea4fef6\",\"name\":\"Canal Dana\",\"image\":{\"@type\":\"ImageObject\",\"inLanguage\":\"pt-BR\",\"@id\":\"https:\\\/\\\/secure.gravatar.com\\\/avatar\\\/420aaf9278582877d9018637c6817617705899d2858d7572ef0fe59a6b6454b4?s=96&d=mm&r=g\",\"url\":\"https:\\\/\\\/secure.gravatar.com\\\/avatar\\\/420aaf9278582877d9018637c6817617705899d2858d7572ef0fe59a6b6454b4?s=96&d=mm&r=g\",\"contentUrl\":\"https:\\\/\\\/secure.gravatar.com\\\/avatar\\\/420aaf9278582877d9018637c6817617705899d2858d7572ef0fe59a6b6454b4?s=96&d=mm&r=g\",\"caption\":\"Canal Dana\"},\"url\":\"https:\\\/\\\/dana.com.br\\\/canaldana\\\/author\\\/cdeditor\\\/\"}]}<\/script>\n<!-- \/ Yoast SEO plugin. -->","yoast_head_json":{"title":"Prefeitura de S\u00e3o Paulo determina que \u00f4nibus tenham ar condicionado - Canal Dana","robots":{"index":"index","follow":"follow","max-snippet":"max-snippet:-1","max-image-preview":"max-image-preview:large","max-video-preview":"max-video-preview:-1"},"canonical":"https:\/\/dana.com.br\/canaldana\/2016\/04\/28\/prefeitura-de-sao-paulo-determina-que-onibus-tenham-ar-condicionado\/","og_locale":"pt_BR","og_type":"article","og_title":"Prefeitura de S\u00e3o Paulo determina que \u00f4nibus tenham ar condicionado - Canal Dana","og_description":"Blog Ponto de \u00d4nibus &nbsp; Foi promulgada pela Prefeitura de S\u00e3o Paulo a Lei 16.428\/16 que determina que ao menos 80% da frota de \u00f4nibus da capital paulista tenham ar-condicionado. &nbsp; De acordo com a lei, publicada nesta ter\u00e7a-feira no Di\u00e1rio Oficial da Cidade, os equipamentos ter\u00e3o de possuir regulador de temperatura. A instala\u00e7\u00e3o do\u2026 Leia mais \u00bb","og_url":"https:\/\/dana.com.br\/canaldana\/2016\/04\/28\/prefeitura-de-sao-paulo-determina-que-onibus-tenham-ar-condicionado\/","og_site_name":"Canal Dana","article_published_time":"2016-04-28T11:57:55+00:00","author":"Canal Dana","twitter_card":"summary_large_image","twitter_misc":{"Escrito por":"Canal Dana","Est. tempo de leitura":"1 minuto"},"schema":{"@context":"https:\/\/schema.org","@graph":[{"@type":"Article","@id":"https:\/\/dana.com.br\/canaldana\/2016\/04\/28\/prefeitura-de-sao-paulo-determina-que-onibus-tenham-ar-condicionado\/#article","isPartOf":{"@id":"https:\/\/dana.com.br\/canaldana\/2016\/04\/28\/prefeitura-de-sao-paulo-determina-que-onibus-tenham-ar-condicionado\/"},"author":{"name":"Canal Dana","@id":"https:\/\/dana.com.br\/canaldana\/#\/schema\/person\/3c21f22f56fcf3bc46b94bc60ea4fef6"},"headline":"Prefeitura de S\u00e3o Paulo determina que \u00f4nibus tenham ar condicionado","datePublished":"2016-04-28T11:57:55+00:00","mainEntityOfPage":{"@id":"https:\/\/dana.com.br\/canaldana\/2016\/04\/28\/prefeitura-de-sao-paulo-determina-que-onibus-tenham-ar-condicionado\/"},"wordCount":198,"articleSection":["Mercado"],"inLanguage":"pt-BR"},{"@type":"WebPage","@id":"https:\/\/dana.com.br\/canaldana\/2016\/04\/28\/prefeitura-de-sao-paulo-determina-que-onibus-tenham-ar-condicionado\/","url":"https:\/\/dana.com.br\/canaldana\/2016\/04\/28\/prefeitura-de-sao-paulo-determina-que-onibus-tenham-ar-condicionado\/","name":"Prefeitura de S\u00e3o Paulo determina que \u00f4nibus tenham ar condicionado - Canal Dana","isPartOf":{"@id":"https:\/\/dana.com.br\/canaldana\/#website"},"datePublished":"2016-04-28T11:57:55+00:00","author":{"@id":"https:\/\/dana.com.br\/canaldana\/#\/schema\/person\/3c21f22f56fcf3bc46b94bc60ea4fef6"},"breadcrumb":{"@id":"https:\/\/dana.com.br\/canaldana\/2016\/04\/28\/prefeitura-de-sao-paulo-determina-que-onibus-tenham-ar-condicionado\/#breadcrumb"},"inLanguage":"pt-BR","potentialAction":[{"@type":"ReadAction","target":["https:\/\/dana.com.br\/canaldana\/2016\/04\/28\/prefeitura-de-sao-paulo-determina-que-onibus-tenham-ar-condicionado\/"]}]},{"@type":"BreadcrumbList","@id":"https:\/\/dana.com.br\/canaldana\/2016\/04\/28\/prefeitura-de-sao-paulo-determina-que-onibus-tenham-ar-condicionado\/#breadcrumb","itemListElement":[{"@type":"ListItem","position":1,"name":"Home","item":"https:\/\/dana.com.br\/canaldana\/"},{"@type":"ListItem","position":2,"name":"Mercado","item":"https:\/\/dana.com.br\/canaldana\/mercado\/"},{"@type":"ListItem","position":3,"name":"Prefeitura de S\u00e3o Paulo determina que \u00f4nibus tenham ar condicionado"}]},{"@type":"WebSite","@id":"https:\/\/dana.com.br\/canaldana\/#website","url":"https:\/\/dana.com.br\/canaldana\/","name":"Canal Dana","description":"Informativo com as principais not\u00edcias da ind\u00fastria automotiva","potentialAction":[{"@type":"SearchAction","target":{"@type":"EntryPoint","urlTemplate":"https:\/\/dana.com.br\/canaldana\/?s={search_term_string}"},"query-input":{"@type":"PropertyValueSpecification","valueRequired":true,"valueName":"search_term_string"}}],"inLanguage":"pt-BR"},{"@type":"Person","@id":"https:\/\/dana.com.br\/canaldana\/#\/schema\/person\/3c21f22f56fcf3bc46b94bc60ea4fef6","name":"Canal Dana","image":{"@type":"ImageObject","inLanguage":"pt-BR","@id":"https:\/\/secure.gravatar.com\/avatar\/420aaf9278582877d9018637c6817617705899d2858d7572ef0fe59a6b6454b4?s=96&d=mm&r=g","url":"https:\/\/secure.gravatar.com\/avatar\/420aaf9278582877d9018637c6817617705899d2858d7572ef0fe59a6b6454b4?s=96&d=mm&r=g","contentUrl":"https:\/\/secure.gravatar.com\/avatar\/420aaf9278582877d9018637c6817617705899d2858d7572ef0fe59a6b6454b4?s=96&d=mm&r=g","caption":"Canal Dana"},"url":"https:\/\/dana.com.br\/canaldana\/author\/cdeditor\/"}]}},"_links":{"self":[{"href":"https:\/\/dana.com.br\/canaldana\/wp-json\/wp\/v2\/posts\/7950","targetHints":{"allow":["GET"]}}],"collection":[{"href":"https:\/\/dana.com.br\/canaldana\/wp-json\/wp\/v2\/posts"}],"about":[{"href":"https:\/\/dana.com.br\/canaldana\/wp-json\/wp\/v2\/types\/post"}],"author":[{"embeddable":true,"href":"https:\/\/dana.com.br\/canaldana\/wp-json\/wp\/v2\/users\/3"}],"replies":[{"embeddable":true,"href":"https:\/\/dana.com.br\/canaldana\/wp-json\/wp\/v2\/comments?post=7950"}],"version-history":[{"count":0,"href":"https:\/\/dana.com.br\/canaldana\/wp-json\/wp\/v2\/posts\/7950\/revisions"}],"wp:attachment":[{"href":"https:\/\/dana.com.br\/canaldana\/wp-json\/wp\/v2\/media?parent=7950"}],"wp:term":[{"taxonomy":"category","embeddable":true,"href":"https:\/\/dana.com.br\/canaldana\/wp-json\/wp\/v2\/categories?post=7950"},{"taxonomy":"post_tag","embeddable":true,"href":"https:\/\/dana.com.br\/canaldana\/wp-json\/wp\/v2\/tags?post=7950"}],"curies":[{"name":"wp","href":"https:\/\/api.w.org\/{rel}","templated":true}]}}