{"id":79412,"date":"2025-02-03T08:42:10","date_gmt":"2025-02-03T11:42:10","guid":{"rendered":"https:\/\/dana.com.br\/canaldana\/?p=79412"},"modified":"2025-02-03T08:42:10","modified_gmt":"2025-02-03T11:42:10","slug":"entidades-alertam-sobre-riscos-do-mototaxi-em-sao-paulo","status":"publish","type":"post","link":"https:\/\/dana.com.br\/canaldana\/2025\/02\/03\/entidades-alertam-sobre-riscos-do-mototaxi-em-sao-paulo\/","title":{"rendered":"Entidades alertam sobre riscos do motot\u00e1xi em S\u00e3o Paulo"},"content":{"rendered":"<p><em>Portal Technibus<\/em><\/p>\n<p>&nbsp;<\/p>\n<p>O Instituto de Engenharia, a Associa\u00e7\u00e3o Nacional de Transportes P\u00fablicos (ANTP), o Sindicato dos Engenheiros no Estado de S\u00e3o Paulo (Seesp) e a Uni\u00e3o Internacional de Transporte P\u00fablico (UITP) divulgaram uma nota nesta sexta-feira 31 de janeiro, manifestando preocupa\u00e7\u00e3o com as a\u00e7\u00f5es judiciais promovidas pelo aplicativo 99, que visam autorizar a opera\u00e7\u00e3o do servi\u00e7o de motot\u00e1xi em S\u00e3o Paulo e sua expans\u00e3o em todo o Brasil. As entidades alertam para os graves impactos dessa modalidade de transporte individual em \u00e1reas como seguran\u00e7a p\u00fablica, mobilidade urbana, sa\u00fade p\u00fablica e efici\u00eancia do transporte coletivo.<\/p>\n<p>&nbsp;<\/p>\n<p>De acordo com o presidente do Instituto de Engenharia, Jos\u00e9 Eduardo Poyres Jardim, a cidade precisa priorizar solu\u00e7\u00f5es que n\u00e3o apenas aumentem a capacidade do transporte coletivo, mas que tamb\u00e9m melhorem a qualidade de vida dos cidad\u00e3os. \u201cA implementa\u00e7\u00e3o do motot\u00e1xi, longe de ser uma solu\u00e7\u00e3o, representa um retrocesso para o modelo de mobilidade que buscamos para S\u00e3o Paulo e outras grandes cidades\u201d, completou.<\/p>\n<p>&nbsp;<\/p>\n<p><strong>Futuro do transporte em S\u00e3o Paulo<\/strong><\/p>\n<p>&nbsp;<\/p>\n<p>As organiza\u00e7\u00f5es recomendam que o governo evite a autoriza\u00e7\u00e3o do servi\u00e7o de motot\u00e1xi, priorizando investimentos na melhoria e expans\u00e3o do transporte p\u00fablico. A gest\u00e3o p\u00fablica deve buscar solu\u00e7\u00f5es sustent\u00e1veis e seguras, que atendam \u00e0s necessidades da popula\u00e7\u00e3o sem comprometer a seguran\u00e7a e a mobilidade urbana.<\/p>\n<p>&nbsp;<\/p>\n<p>Conhe\u00e7a os principais pontos deste manifesto:<\/p>\n<p>&nbsp;<\/p>\n<p><strong>Aumento de acidentes e impactos na sa\u00fade p\u00fablica <\/strong><\/p>\n<p>&nbsp;<\/p>\n<p>A introdu\u00e7\u00e3o do servi\u00e7o de motot\u00e1xi tende a elevar o n\u00famero de acidentes, resultando em mais v\u00edtimas e sobrecarga no sistema de sa\u00fade. Al\u00e9m disso, esses incidentes comprometem o atendimento de outras emerg\u00eancias, gerando custos sociais significativos.<\/p>\n<p>&nbsp;<\/p>\n<p><strong>Problemas na mobilidade urbana<\/strong><\/p>\n<p><strong>\u00a0<\/strong><\/p>\n<p>Os acidentes envolvendo motot\u00e1xis agravam os congestionamentos, atrasam a rotina da popula\u00e7\u00e3o e aumentam os custos sociais, prejudicando a fluidez do tr\u00e2nsito e a efici\u00eancia do transporte p\u00fablico.<\/p>\n<p>&nbsp;<\/p>\n<p><strong>Riscos \u00e0 seguran\u00e7a p\u00fablica<\/strong><\/p>\n<p>&nbsp;<\/p>\n<p>A atua\u00e7\u00e3o de motociclistas clandestinos no servi\u00e7o de motot\u00e1xi pode facilitar crimes, como assaltos, dificultando a identifica\u00e7\u00e3o e o rastreamento de criminosos, o que representa um risco adicional \u00e0 seguran\u00e7a da popula\u00e7\u00e3o.<\/p>\n<p>&nbsp;<\/p>\n<p><strong>Concorr\u00eancia com o transporte p\u00fablico<\/strong><\/p>\n<p>&nbsp;<\/p>\n<p>O motot\u00e1xi, como modalidade de transporte individual, desvia passageiros das linhas capilares de \u00f4nibus e das redes integradas de transporte coletivo, prejudicando o equil\u00edbrio financeiro do sistema p\u00fablico e a sustentabilidade da mobilidade urbana.<\/p>\n<p>&nbsp;<\/p>\n<p><strong>Recomenda\u00e7\u00f5es para pol\u00edticas de transporte<\/strong><\/p>\n<p>&nbsp;<\/p>\n<p>As entidades defendem a prioriza\u00e7\u00e3o do transporte p\u00fablico, com investimentos em infraestrutura, integra\u00e7\u00e3o modal e tarif\u00e1ria, e a ado\u00e7\u00e3o de tecnologias avan\u00e7adas, como os Intelligent Transportation Systems (ITS), j\u00e1 utilizados pela SPTrans. A cria\u00e7\u00e3o de linhas capilares de \u00f4nibus e a expans\u00e3o de corredores exclusivos s\u00e3o alternativas eficientes para atender \u00e0s demandas de deslocamento, eliminando a necessidade do motot\u00e1xi.<\/p>\n<p>&nbsp;<\/p>\n<p><strong>Papel da gest\u00e3o p\u00fablica<\/strong><\/p>\n<p><strong>\u00a0<\/strong><\/p>\n<p>A Ag\u00eancia Reguladora de Transporte do Estado de S\u00e3o Paulo (Artesp) \u00e9 destacada como fundamental na gest\u00e3o e racionaliza\u00e7\u00e3o da integra\u00e7\u00e3o intermodal dos transportes municipais e estaduais. A amplia\u00e7\u00e3o da interoperabilidade tarif\u00e1ria e o fortalecimento da infraestrutura existente s\u00e3o medidas essenciais para garantir um sistema de transporte eficiente e seguro.<\/p>\n<p>&nbsp;<\/p>\n<p><strong>Conclus\u00e3o<\/strong><\/p>\n<p>&nbsp;<\/p>\n<p>A implementa\u00e7\u00e3o do servi\u00e7o de motot\u00e1xi em S\u00e3o Paulo representaria um retrocesso, com impactos graves na seguran\u00e7a, mobilidade e gest\u00e3o de recursos p\u00fablicos. As entidades recomendam evitar a autoriza\u00e7\u00e3o dessa modalidade e refor\u00e7ar os investimentos no transporte p\u00fablico, visando a melhoria da fluidez, integra\u00e7\u00e3o modal e tarif\u00e1ria. (Portal Technibus)<\/p>\n","protected":false},"excerpt":{"rendered":"<p>Portal Technibus &nbsp; O Instituto de Engenharia, a Associa\u00e7\u00e3o Nacional de Transportes P\u00fablicos (ANTP), o Sindicato dos Engenheiros no Estado de S\u00e3o Paulo (Seesp) e a Uni\u00e3o Internacional de Transporte P\u00fablico (UITP) divulgaram uma nota nesta sexta-feira 31 de janeiro, manifestando preocupa\u00e7\u00e3o com as a\u00e7\u00f5es judiciais promovidas pelo aplicativo 99, que visam autorizar a opera\u00e7\u00e3o\u2026 <a class=\"readmore\" href=\"https:\/\/dana.com.br\/canaldana\/2025\/02\/03\/entidades-alertam-sobre-riscos-do-mototaxi-em-sao-paulo\/\">Leia mais \u00bb<\/a><\/p>\n","protected":false},"author":3,"featured_media":0,"comment_status":"closed","ping_status":"closed","sticky":false,"template":"","format":"standard","meta":{"_acf_changed":false,"footnotes":""},"categories":[79],"tags":[],"class_list":["post-79412","post","type-post","status-publish","format-standard","hentry","category-mercado"],"acf":[],"yoast_head":"<!-- This site is optimized with the Yoast SEO plugin v27.5 - https:\/\/yoast.com\/product\/yoast-seo-wordpress\/ -->\n<title>Entidades alertam sobre riscos do motot\u00e1xi em S\u00e3o Paulo - Canal Dana<\/title>\n<meta name=\"robots\" content=\"index, follow, max-snippet:-1, max-image-preview:large, max-video-preview:-1\" \/>\n<link rel=\"canonical\" href=\"https:\/\/dana.com.br\/canaldana\/2025\/02\/03\/entidades-alertam-sobre-riscos-do-mototaxi-em-sao-paulo\/\" \/>\n<meta property=\"og:locale\" content=\"pt_BR\" \/>\n<meta property=\"og:type\" content=\"article\" \/>\n<meta property=\"og:title\" content=\"Entidades alertam sobre riscos do motot\u00e1xi em S\u00e3o Paulo - Canal Dana\" \/>\n<meta property=\"og:description\" content=\"Portal Technibus &nbsp; O Instituto de Engenharia, a Associa\u00e7\u00e3o Nacional de Transportes P\u00fablicos (ANTP), o Sindicato dos Engenheiros no Estado de S\u00e3o Paulo (Seesp) e a Uni\u00e3o Internacional de Transporte P\u00fablico (UITP) divulgaram uma nota nesta sexta-feira 31 de janeiro, manifestando preocupa\u00e7\u00e3o com as a\u00e7\u00f5es judiciais promovidas pelo aplicativo 99, que visam autorizar a opera\u00e7\u00e3o\u2026 Leia mais \u00bb\" \/>\n<meta property=\"og:url\" content=\"https:\/\/dana.com.br\/canaldana\/2025\/02\/03\/entidades-alertam-sobre-riscos-do-mototaxi-em-sao-paulo\/\" \/>\n<meta property=\"og:site_name\" content=\"Canal Dana\" \/>\n<meta property=\"article:published_time\" content=\"2025-02-03T11:42:10+00:00\" \/>\n<meta name=\"author\" content=\"Canal Dana\" \/>\n<meta name=\"twitter:card\" content=\"summary_large_image\" \/>\n<meta name=\"twitter:label1\" content=\"Escrito por\" \/>\n\t<meta name=\"twitter:data1\" content=\"Canal Dana\" \/>\n\t<meta name=\"twitter:label2\" content=\"Est. tempo de leitura\" \/>\n\t<meta name=\"twitter:data2\" content=\"3 minutos\" \/>\n<script type=\"application\/ld+json\" class=\"yoast-schema-graph\">{\"@context\":\"https:\\\/\\\/schema.org\",\"@graph\":[{\"@type\":\"Article\",\"@id\":\"https:\\\/\\\/dana.com.br\\\/canaldana\\\/2025\\\/02\\\/03\\\/entidades-alertam-sobre-riscos-do-mototaxi-em-sao-paulo\\\/#article\",\"isPartOf\":{\"@id\":\"https:\\\/\\\/dana.com.br\\\/canaldana\\\/2025\\\/02\\\/03\\\/entidades-alertam-sobre-riscos-do-mototaxi-em-sao-paulo\\\/\"},\"author\":{\"name\":\"Canal Dana\",\"@id\":\"https:\\\/\\\/dana.com.br\\\/canaldana\\\/#\\\/schema\\\/person\\\/3c21f22f56fcf3bc46b94bc60ea4fef6\"},\"headline\":\"Entidades alertam sobre riscos do motot\u00e1xi em S\u00e3o Paulo\",\"datePublished\":\"2025-02-03T11:42:10+00:00\",\"mainEntityOfPage\":{\"@id\":\"https:\\\/\\\/dana.com.br\\\/canaldana\\\/2025\\\/02\\\/03\\\/entidades-alertam-sobre-riscos-do-mototaxi-em-sao-paulo\\\/\"},\"wordCount\":660,\"articleSection\":[\"Mercado\"],\"inLanguage\":\"pt-BR\"},{\"@type\":\"WebPage\",\"@id\":\"https:\\\/\\\/dana.com.br\\\/canaldana\\\/2025\\\/02\\\/03\\\/entidades-alertam-sobre-riscos-do-mototaxi-em-sao-paulo\\\/\",\"url\":\"https:\\\/\\\/dana.com.br\\\/canaldana\\\/2025\\\/02\\\/03\\\/entidades-alertam-sobre-riscos-do-mototaxi-em-sao-paulo\\\/\",\"name\":\"Entidades alertam sobre riscos do motot\u00e1xi em S\u00e3o Paulo - Canal Dana\",\"isPartOf\":{\"@id\":\"https:\\\/\\\/dana.com.br\\\/canaldana\\\/#website\"},\"datePublished\":\"2025-02-03T11:42:10+00:00\",\"author\":{\"@id\":\"https:\\\/\\\/dana.com.br\\\/canaldana\\\/#\\\/schema\\\/person\\\/3c21f22f56fcf3bc46b94bc60ea4fef6\"},\"breadcrumb\":{\"@id\":\"https:\\\/\\\/dana.com.br\\\/canaldana\\\/2025\\\/02\\\/03\\\/entidades-alertam-sobre-riscos-do-mototaxi-em-sao-paulo\\\/#breadcrumb\"},\"inLanguage\":\"pt-BR\",\"potentialAction\":[{\"@type\":\"ReadAction\",\"target\":[\"https:\\\/\\\/dana.com.br\\\/canaldana\\\/2025\\\/02\\\/03\\\/entidades-alertam-sobre-riscos-do-mototaxi-em-sao-paulo\\\/\"]}]},{\"@type\":\"BreadcrumbList\",\"@id\":\"https:\\\/\\\/dana.com.br\\\/canaldana\\\/2025\\\/02\\\/03\\\/entidades-alertam-sobre-riscos-do-mototaxi-em-sao-paulo\\\/#breadcrumb\",\"itemListElement\":[{\"@type\":\"ListItem\",\"position\":1,\"name\":\"Home\",\"item\":\"https:\\\/\\\/dana.com.br\\\/canaldana\\\/\"},{\"@type\":\"ListItem\",\"position\":2,\"name\":\"Mercado\",\"item\":\"https:\\\/\\\/dana.com.br\\\/canaldana\\\/mercado\\\/\"},{\"@type\":\"ListItem\",\"position\":3,\"name\":\"Entidades alertam sobre riscos do motot\u00e1xi em S\u00e3o Paulo\"}]},{\"@type\":\"WebSite\",\"@id\":\"https:\\\/\\\/dana.com.br\\\/canaldana\\\/#website\",\"url\":\"https:\\\/\\\/dana.com.br\\\/canaldana\\\/\",\"name\":\"Canal Dana\",\"description\":\"Informativo com as principais not\u00edcias da ind\u00fastria automotiva\",\"potentialAction\":[{\"@type\":\"SearchAction\",\"target\":{\"@type\":\"EntryPoint\",\"urlTemplate\":\"https:\\\/\\\/dana.com.br\\\/canaldana\\\/?s={search_term_string}\"},\"query-input\":{\"@type\":\"PropertyValueSpecification\",\"valueRequired\":true,\"valueName\":\"search_term_string\"}}],\"inLanguage\":\"pt-BR\"},{\"@type\":\"Person\",\"@id\":\"https:\\\/\\\/dana.com.br\\\/canaldana\\\/#\\\/schema\\\/person\\\/3c21f22f56fcf3bc46b94bc60ea4fef6\",\"name\":\"Canal Dana\",\"image\":{\"@type\":\"ImageObject\",\"inLanguage\":\"pt-BR\",\"@id\":\"https:\\\/\\\/secure.gravatar.com\\\/avatar\\\/420aaf9278582877d9018637c6817617705899d2858d7572ef0fe59a6b6454b4?s=96&d=mm&r=g\",\"url\":\"https:\\\/\\\/secure.gravatar.com\\\/avatar\\\/420aaf9278582877d9018637c6817617705899d2858d7572ef0fe59a6b6454b4?s=96&d=mm&r=g\",\"contentUrl\":\"https:\\\/\\\/secure.gravatar.com\\\/avatar\\\/420aaf9278582877d9018637c6817617705899d2858d7572ef0fe59a6b6454b4?s=96&d=mm&r=g\",\"caption\":\"Canal Dana\"},\"url\":\"https:\\\/\\\/dana.com.br\\\/canaldana\\\/author\\\/cdeditor\\\/\"}]}<\/script>\n<!-- \/ Yoast SEO plugin. -->","yoast_head_json":{"title":"Entidades alertam sobre riscos do motot\u00e1xi em S\u00e3o Paulo - Canal Dana","robots":{"index":"index","follow":"follow","max-snippet":"max-snippet:-1","max-image-preview":"max-image-preview:large","max-video-preview":"max-video-preview:-1"},"canonical":"https:\/\/dana.com.br\/canaldana\/2025\/02\/03\/entidades-alertam-sobre-riscos-do-mototaxi-em-sao-paulo\/","og_locale":"pt_BR","og_type":"article","og_title":"Entidades alertam sobre riscos do motot\u00e1xi em S\u00e3o Paulo - Canal Dana","og_description":"Portal Technibus &nbsp; O Instituto de Engenharia, a Associa\u00e7\u00e3o Nacional de Transportes P\u00fablicos (ANTP), o Sindicato dos Engenheiros no Estado de S\u00e3o Paulo (Seesp) e a Uni\u00e3o Internacional de Transporte P\u00fablico (UITP) divulgaram uma nota nesta sexta-feira 31 de janeiro, manifestando preocupa\u00e7\u00e3o com as a\u00e7\u00f5es judiciais promovidas pelo aplicativo 99, que visam autorizar a opera\u00e7\u00e3o\u2026 Leia mais \u00bb","og_url":"https:\/\/dana.com.br\/canaldana\/2025\/02\/03\/entidades-alertam-sobre-riscos-do-mototaxi-em-sao-paulo\/","og_site_name":"Canal Dana","article_published_time":"2025-02-03T11:42:10+00:00","author":"Canal Dana","twitter_card":"summary_large_image","twitter_misc":{"Escrito por":"Canal Dana","Est. tempo de leitura":"3 minutos"},"schema":{"@context":"https:\/\/schema.org","@graph":[{"@type":"Article","@id":"https:\/\/dana.com.br\/canaldana\/2025\/02\/03\/entidades-alertam-sobre-riscos-do-mototaxi-em-sao-paulo\/#article","isPartOf":{"@id":"https:\/\/dana.com.br\/canaldana\/2025\/02\/03\/entidades-alertam-sobre-riscos-do-mototaxi-em-sao-paulo\/"},"author":{"name":"Canal Dana","@id":"https:\/\/dana.com.br\/canaldana\/#\/schema\/person\/3c21f22f56fcf3bc46b94bc60ea4fef6"},"headline":"Entidades alertam sobre riscos do motot\u00e1xi em S\u00e3o Paulo","datePublished":"2025-02-03T11:42:10+00:00","mainEntityOfPage":{"@id":"https:\/\/dana.com.br\/canaldana\/2025\/02\/03\/entidades-alertam-sobre-riscos-do-mototaxi-em-sao-paulo\/"},"wordCount":660,"articleSection":["Mercado"],"inLanguage":"pt-BR"},{"@type":"WebPage","@id":"https:\/\/dana.com.br\/canaldana\/2025\/02\/03\/entidades-alertam-sobre-riscos-do-mototaxi-em-sao-paulo\/","url":"https:\/\/dana.com.br\/canaldana\/2025\/02\/03\/entidades-alertam-sobre-riscos-do-mototaxi-em-sao-paulo\/","name":"Entidades alertam sobre riscos do motot\u00e1xi em S\u00e3o Paulo - Canal Dana","isPartOf":{"@id":"https:\/\/dana.com.br\/canaldana\/#website"},"datePublished":"2025-02-03T11:42:10+00:00","author":{"@id":"https:\/\/dana.com.br\/canaldana\/#\/schema\/person\/3c21f22f56fcf3bc46b94bc60ea4fef6"},"breadcrumb":{"@id":"https:\/\/dana.com.br\/canaldana\/2025\/02\/03\/entidades-alertam-sobre-riscos-do-mototaxi-em-sao-paulo\/#breadcrumb"},"inLanguage":"pt-BR","potentialAction":[{"@type":"ReadAction","target":["https:\/\/dana.com.br\/canaldana\/2025\/02\/03\/entidades-alertam-sobre-riscos-do-mototaxi-em-sao-paulo\/"]}]},{"@type":"BreadcrumbList","@id":"https:\/\/dana.com.br\/canaldana\/2025\/02\/03\/entidades-alertam-sobre-riscos-do-mototaxi-em-sao-paulo\/#breadcrumb","itemListElement":[{"@type":"ListItem","position":1,"name":"Home","item":"https:\/\/dana.com.br\/canaldana\/"},{"@type":"ListItem","position":2,"name":"Mercado","item":"https:\/\/dana.com.br\/canaldana\/mercado\/"},{"@type":"ListItem","position":3,"name":"Entidades alertam sobre riscos do motot\u00e1xi em S\u00e3o Paulo"}]},{"@type":"WebSite","@id":"https:\/\/dana.com.br\/canaldana\/#website","url":"https:\/\/dana.com.br\/canaldana\/","name":"Canal Dana","description":"Informativo com as principais not\u00edcias da ind\u00fastria automotiva","potentialAction":[{"@type":"SearchAction","target":{"@type":"EntryPoint","urlTemplate":"https:\/\/dana.com.br\/canaldana\/?s={search_term_string}"},"query-input":{"@type":"PropertyValueSpecification","valueRequired":true,"valueName":"search_term_string"}}],"inLanguage":"pt-BR"},{"@type":"Person","@id":"https:\/\/dana.com.br\/canaldana\/#\/schema\/person\/3c21f22f56fcf3bc46b94bc60ea4fef6","name":"Canal Dana","image":{"@type":"ImageObject","inLanguage":"pt-BR","@id":"https:\/\/secure.gravatar.com\/avatar\/420aaf9278582877d9018637c6817617705899d2858d7572ef0fe59a6b6454b4?s=96&d=mm&r=g","url":"https:\/\/secure.gravatar.com\/avatar\/420aaf9278582877d9018637c6817617705899d2858d7572ef0fe59a6b6454b4?s=96&d=mm&r=g","contentUrl":"https:\/\/secure.gravatar.com\/avatar\/420aaf9278582877d9018637c6817617705899d2858d7572ef0fe59a6b6454b4?s=96&d=mm&r=g","caption":"Canal Dana"},"url":"https:\/\/dana.com.br\/canaldana\/author\/cdeditor\/"}]}},"_links":{"self":[{"href":"https:\/\/dana.com.br\/canaldana\/wp-json\/wp\/v2\/posts\/79412","targetHints":{"allow":["GET"]}}],"collection":[{"href":"https:\/\/dana.com.br\/canaldana\/wp-json\/wp\/v2\/posts"}],"about":[{"href":"https:\/\/dana.com.br\/canaldana\/wp-json\/wp\/v2\/types\/post"}],"author":[{"embeddable":true,"href":"https:\/\/dana.com.br\/canaldana\/wp-json\/wp\/v2\/users\/3"}],"replies":[{"embeddable":true,"href":"https:\/\/dana.com.br\/canaldana\/wp-json\/wp\/v2\/comments?post=79412"}],"version-history":[{"count":1,"href":"https:\/\/dana.com.br\/canaldana\/wp-json\/wp\/v2\/posts\/79412\/revisions"}],"predecessor-version":[{"id":79413,"href":"https:\/\/dana.com.br\/canaldana\/wp-json\/wp\/v2\/posts\/79412\/revisions\/79413"}],"wp:attachment":[{"href":"https:\/\/dana.com.br\/canaldana\/wp-json\/wp\/v2\/media?parent=79412"}],"wp:term":[{"taxonomy":"category","embeddable":true,"href":"https:\/\/dana.com.br\/canaldana\/wp-json\/wp\/v2\/categories?post=79412"},{"taxonomy":"post_tag","embeddable":true,"href":"https:\/\/dana.com.br\/canaldana\/wp-json\/wp\/v2\/tags?post=79412"}],"curies":[{"name":"wp","href":"https:\/\/api.w.org\/{rel}","templated":true}]}}