{"id":79404,"date":"2025-02-03T08:39:55","date_gmt":"2025-02-03T11:39:55","guid":{"rendered":"https:\/\/dana.com.br\/canaldana\/?p=79404"},"modified":"2025-02-03T08:39:55","modified_gmt":"2025-02-03T11:39:55","slug":"ford-diminui-precos-em-ate-18-apos-queda-de-impostos-na-argentina","status":"publish","type":"post","link":"https:\/\/dana.com.br\/canaldana\/2025\/02\/03\/ford-diminui-precos-em-ate-18-apos-queda-de-impostos-na-argentina\/","title":{"rendered":"Ford diminui pre\u00e7os em at\u00e9 18% ap\u00f3s queda de impostos na Argentina"},"content":{"rendered":"<p><em>Motor 1 <\/em><\/p>\n<p>&nbsp;<\/p>\n<p>Pegando todos de surpresa, a Ford Argentina acaba de reajustar sua tabela de pre\u00e7os e aplicar redu\u00e7\u00f5es generosas em boa parte de seu cat\u00e1logo de ve\u00edculos no pa\u00eds vizinho. A nova tabela veio apenas um dia ap\u00f3s o an\u00fancio feito pelo ministro da economia Luis Caputo, que eliminaria impostos para ve\u00edculos com pre\u00e7os entre 41 e 75 milh\u00f5es de pesos (entre R$ 231 mil e R$ 423 mil).<\/p>\n<p>&nbsp;<\/p>\n<p>Antes, ve\u00edculos enquadrados nessa faixa de pre\u00e7o tinham al\u00edquota de 20%. Tamb\u00e9m houve redu\u00e7\u00e3o para ve\u00edculos com pre\u00e7o acima de 75 milh\u00f5es de pesos (R$ 416 mil), que passariam a pagar 18%. A medida da Ford surpreendeu porque, na pr\u00e1tica, as mudan\u00e7as tribut\u00e1rias s\u00f3 come\u00e7ar\u00e3o a vigorar a partir do primeiro dia \u00fatil de fevereiro, ou seja, no dia 3.<\/p>\n<p>&nbsp;<\/p>\n<p>A decis\u00e3o da marca foi interpretada como o in\u00edcio de uma interessante competi\u00e7\u00e3o para conquistar novos clientes, em um contexto de mercado com regras mais claras e mais justas em termos de taxa\u00e7\u00f5es. A marca garantiu que compensar\u00e1 todas as concession\u00e1rias que j\u00e1 adquiriram modelos com o antigo imposto. Entretanto, n\u00e3o especificou como.<\/p>\n<p>&nbsp;<\/p>\n<p>Com redu\u00e7\u00f5es por faixas, os primeiros modelos inclu\u00eddos na faixa do imposto s\u00e3o os SUVs Bronco Sport e o europeu Kuga Hybrid, que tiveram queda m\u00e9dia de 15,5% no pre\u00e7o de tabela. Na segunda faixa, onde se encontravam o esportivo Mustang V8, a queda chega a 18%. O Bronco V6 teve queda de 13%, enquanto o SUV el\u00e9trico Mach-E ficou 8,5% mais barato.<\/p>\n<p>&nbsp;<\/p>\n<p>Entretanto, nem todos os modelos sofreram redu\u00e7\u00f5es. Sua linha de utilit\u00e1rios, que n\u00e3o pagava a taxa\u00e7\u00e3o conhecida anterior, conhecida como &#8221;imposto de luxo&#8221;,\u00a0 e que \u00e9 composta pelas picapes Maverick, Ranger, F-150 e a van Transit, tiveram aumento de 2% pela infla\u00e7\u00e3o no per\u00edodo.<\/p>\n<p>&nbsp;<\/p>\n<p><strong>Chef\u00e3o da Ford comemora queda de impostos <\/strong><\/p>\n<p>&nbsp;<\/p>\n<p>Martin Galdeano, presidente da Ford Am\u00e9rica do Sul, tamb\u00e9m foi o primeiro executivo da ind\u00fastria automotiva do pa\u00eds a comemorar as medidas anunciadas por pelo ministro da economia: &#8220;Consideramos uma excelente not\u00edcia o fato de o governo continuar com esse caminho de redu\u00e7\u00e3o de impostos, especialmente aqueles que s\u00e3o distorcidos para o mercado, como os impostos internos&#8221;.<\/p>\n<p>&nbsp;<\/p>\n<p>Apesar da queda dos impostos, a medida n\u00e3o afetar\u00e1 a oferta de h\u00edbridos ou el\u00e9tricos mais baratos, que tamb\u00e9m tiveram al\u00edquota zerada para at\u00e9 50 mil ve\u00edculos em carros com pre\u00e7o de at\u00e9 US$ 16 mil (R$ 95 mil) importados ao pa\u00eds. Entretanto, a Ford n\u00e3o tem nenhum produto do tipo em seu portf\u00f3lio, j\u00e1 que est\u00e1 focando em modelos mais caros. (Motor 1\/Carlos Crist\u00f3falo, traduzido por Thomas Tironi)<\/p>\n","protected":false},"excerpt":{"rendered":"<p>Motor 1 &nbsp; Pegando todos de surpresa, a Ford Argentina acaba de reajustar sua tabela de pre\u00e7os e aplicar redu\u00e7\u00f5es generosas em boa parte de seu cat\u00e1logo de ve\u00edculos no pa\u00eds vizinho. A nova tabela veio apenas um dia ap\u00f3s o an\u00fancio feito pelo ministro da economia Luis Caputo, que eliminaria impostos para ve\u00edculos com\u2026 <a class=\"readmore\" href=\"https:\/\/dana.com.br\/canaldana\/2025\/02\/03\/ford-diminui-precos-em-ate-18-apos-queda-de-impostos-na-argentina\/\">Leia mais \u00bb<\/a><\/p>\n","protected":false},"author":3,"featured_media":0,"comment_status":"closed","ping_status":"closed","sticky":false,"template":"","format":"standard","meta":{"_acf_changed":false,"footnotes":""},"categories":[79],"tags":[],"class_list":["post-79404","post","type-post","status-publish","format-standard","hentry","category-mercado"],"acf":[],"yoast_head":"<!-- This site is optimized with the Yoast SEO plugin v27.3 - https:\/\/yoast.com\/product\/yoast-seo-wordpress\/ -->\n<title>Ford diminui pre\u00e7os em at\u00e9 18% ap\u00f3s queda de impostos na Argentina - Canal Dana<\/title>\n<meta name=\"robots\" content=\"index, follow, max-snippet:-1, max-image-preview:large, max-video-preview:-1\" \/>\n<link rel=\"canonical\" href=\"https:\/\/dana.com.br\/canaldana\/2025\/02\/03\/ford-diminui-precos-em-ate-18-apos-queda-de-impostos-na-argentina\/\" \/>\n<meta property=\"og:locale\" content=\"pt_BR\" \/>\n<meta property=\"og:type\" content=\"article\" \/>\n<meta property=\"og:title\" content=\"Ford diminui pre\u00e7os em at\u00e9 18% ap\u00f3s queda de impostos na Argentina - Canal Dana\" \/>\n<meta property=\"og:description\" content=\"Motor 1 &nbsp; Pegando todos de surpresa, a Ford Argentina acaba de reajustar sua tabela de pre\u00e7os e aplicar redu\u00e7\u00f5es generosas em boa parte de seu cat\u00e1logo de ve\u00edculos no pa\u00eds vizinho. A nova tabela veio apenas um dia ap\u00f3s o an\u00fancio feito pelo ministro da economia Luis Caputo, que eliminaria impostos para ve\u00edculos com\u2026 Leia mais \u00bb\" \/>\n<meta property=\"og:url\" content=\"https:\/\/dana.com.br\/canaldana\/2025\/02\/03\/ford-diminui-precos-em-ate-18-apos-queda-de-impostos-na-argentina\/\" \/>\n<meta property=\"og:site_name\" content=\"Canal Dana\" \/>\n<meta property=\"article:published_time\" content=\"2025-02-03T11:39:55+00:00\" \/>\n<meta name=\"author\" content=\"Canal Dana\" \/>\n<meta name=\"twitter:card\" content=\"summary_large_image\" \/>\n<meta name=\"twitter:label1\" content=\"Escrito por\" \/>\n\t<meta name=\"twitter:data1\" content=\"Canal Dana\" \/>\n\t<meta name=\"twitter:label2\" content=\"Est. tempo de leitura\" \/>\n\t<meta name=\"twitter:data2\" content=\"3 minutos\" \/>\n<script type=\"application\/ld+json\" class=\"yoast-schema-graph\">{\"@context\":\"https:\\\/\\\/schema.org\",\"@graph\":[{\"@type\":\"Article\",\"@id\":\"https:\\\/\\\/dana.com.br\\\/canaldana\\\/2025\\\/02\\\/03\\\/ford-diminui-precos-em-ate-18-apos-queda-de-impostos-na-argentina\\\/#article\",\"isPartOf\":{\"@id\":\"https:\\\/\\\/dana.com.br\\\/canaldana\\\/2025\\\/02\\\/03\\\/ford-diminui-precos-em-ate-18-apos-queda-de-impostos-na-argentina\\\/\"},\"author\":{\"name\":\"Canal Dana\",\"@id\":\"https:\\\/\\\/dana.com.br\\\/canaldana\\\/#\\\/schema\\\/person\\\/3c21f22f56fcf3bc46b94bc60ea4fef6\"},\"headline\":\"Ford diminui pre\u00e7os em at\u00e9 18% ap\u00f3s queda de impostos na Argentina\",\"datePublished\":\"2025-02-03T11:39:55+00:00\",\"mainEntityOfPage\":{\"@id\":\"https:\\\/\\\/dana.com.br\\\/canaldana\\\/2025\\\/02\\\/03\\\/ford-diminui-precos-em-ate-18-apos-queda-de-impostos-na-argentina\\\/\"},\"wordCount\":485,\"articleSection\":[\"Mercado\"],\"inLanguage\":\"pt-BR\"},{\"@type\":\"WebPage\",\"@id\":\"https:\\\/\\\/dana.com.br\\\/canaldana\\\/2025\\\/02\\\/03\\\/ford-diminui-precos-em-ate-18-apos-queda-de-impostos-na-argentina\\\/\",\"url\":\"https:\\\/\\\/dana.com.br\\\/canaldana\\\/2025\\\/02\\\/03\\\/ford-diminui-precos-em-ate-18-apos-queda-de-impostos-na-argentina\\\/\",\"name\":\"Ford diminui pre\u00e7os em at\u00e9 18% ap\u00f3s queda de impostos na Argentina - Canal Dana\",\"isPartOf\":{\"@id\":\"https:\\\/\\\/dana.com.br\\\/canaldana\\\/#website\"},\"datePublished\":\"2025-02-03T11:39:55+00:00\",\"author\":{\"@id\":\"https:\\\/\\\/dana.com.br\\\/canaldana\\\/#\\\/schema\\\/person\\\/3c21f22f56fcf3bc46b94bc60ea4fef6\"},\"breadcrumb\":{\"@id\":\"https:\\\/\\\/dana.com.br\\\/canaldana\\\/2025\\\/02\\\/03\\\/ford-diminui-precos-em-ate-18-apos-queda-de-impostos-na-argentina\\\/#breadcrumb\"},\"inLanguage\":\"pt-BR\",\"potentialAction\":[{\"@type\":\"ReadAction\",\"target\":[\"https:\\\/\\\/dana.com.br\\\/canaldana\\\/2025\\\/02\\\/03\\\/ford-diminui-precos-em-ate-18-apos-queda-de-impostos-na-argentina\\\/\"]}]},{\"@type\":\"BreadcrumbList\",\"@id\":\"https:\\\/\\\/dana.com.br\\\/canaldana\\\/2025\\\/02\\\/03\\\/ford-diminui-precos-em-ate-18-apos-queda-de-impostos-na-argentina\\\/#breadcrumb\",\"itemListElement\":[{\"@type\":\"ListItem\",\"position\":1,\"name\":\"Home\",\"item\":\"https:\\\/\\\/dana.com.br\\\/canaldana\\\/\"},{\"@type\":\"ListItem\",\"position\":2,\"name\":\"Mercado\",\"item\":\"https:\\\/\\\/dana.com.br\\\/canaldana\\\/mercado\\\/\"},{\"@type\":\"ListItem\",\"position\":3,\"name\":\"Ford diminui pre\u00e7os em at\u00e9 18% ap\u00f3s queda de impostos na Argentina\"}]},{\"@type\":\"WebSite\",\"@id\":\"https:\\\/\\\/dana.com.br\\\/canaldana\\\/#website\",\"url\":\"https:\\\/\\\/dana.com.br\\\/canaldana\\\/\",\"name\":\"Canal Dana\",\"description\":\"Informativo com as principais not\u00edcias da ind\u00fastria automotiva\",\"potentialAction\":[{\"@type\":\"SearchAction\",\"target\":{\"@type\":\"EntryPoint\",\"urlTemplate\":\"https:\\\/\\\/dana.com.br\\\/canaldana\\\/?s={search_term_string}\"},\"query-input\":{\"@type\":\"PropertyValueSpecification\",\"valueRequired\":true,\"valueName\":\"search_term_string\"}}],\"inLanguage\":\"pt-BR\"},{\"@type\":\"Person\",\"@id\":\"https:\\\/\\\/dana.com.br\\\/canaldana\\\/#\\\/schema\\\/person\\\/3c21f22f56fcf3bc46b94bc60ea4fef6\",\"name\":\"Canal Dana\",\"image\":{\"@type\":\"ImageObject\",\"inLanguage\":\"pt-BR\",\"@id\":\"https:\\\/\\\/secure.gravatar.com\\\/avatar\\\/420aaf9278582877d9018637c6817617705899d2858d7572ef0fe59a6b6454b4?s=96&d=mm&r=g\",\"url\":\"https:\\\/\\\/secure.gravatar.com\\\/avatar\\\/420aaf9278582877d9018637c6817617705899d2858d7572ef0fe59a6b6454b4?s=96&d=mm&r=g\",\"contentUrl\":\"https:\\\/\\\/secure.gravatar.com\\\/avatar\\\/420aaf9278582877d9018637c6817617705899d2858d7572ef0fe59a6b6454b4?s=96&d=mm&r=g\",\"caption\":\"Canal Dana\"},\"url\":\"https:\\\/\\\/dana.com.br\\\/canaldana\\\/author\\\/cdeditor\\\/\"}]}<\/script>\n<!-- \/ Yoast SEO plugin. -->","yoast_head_json":{"title":"Ford diminui pre\u00e7os em at\u00e9 18% ap\u00f3s queda de impostos na Argentina - Canal Dana","robots":{"index":"index","follow":"follow","max-snippet":"max-snippet:-1","max-image-preview":"max-image-preview:large","max-video-preview":"max-video-preview:-1"},"canonical":"https:\/\/dana.com.br\/canaldana\/2025\/02\/03\/ford-diminui-precos-em-ate-18-apos-queda-de-impostos-na-argentina\/","og_locale":"pt_BR","og_type":"article","og_title":"Ford diminui pre\u00e7os em at\u00e9 18% ap\u00f3s queda de impostos na Argentina - Canal Dana","og_description":"Motor 1 &nbsp; Pegando todos de surpresa, a Ford Argentina acaba de reajustar sua tabela de pre\u00e7os e aplicar redu\u00e7\u00f5es generosas em boa parte de seu cat\u00e1logo de ve\u00edculos no pa\u00eds vizinho. A nova tabela veio apenas um dia ap\u00f3s o an\u00fancio feito pelo ministro da economia Luis Caputo, que eliminaria impostos para ve\u00edculos com\u2026 Leia mais \u00bb","og_url":"https:\/\/dana.com.br\/canaldana\/2025\/02\/03\/ford-diminui-precos-em-ate-18-apos-queda-de-impostos-na-argentina\/","og_site_name":"Canal Dana","article_published_time":"2025-02-03T11:39:55+00:00","author":"Canal Dana","twitter_card":"summary_large_image","twitter_misc":{"Escrito por":"Canal Dana","Est. tempo de leitura":"3 minutos"},"schema":{"@context":"https:\/\/schema.org","@graph":[{"@type":"Article","@id":"https:\/\/dana.com.br\/canaldana\/2025\/02\/03\/ford-diminui-precos-em-ate-18-apos-queda-de-impostos-na-argentina\/#article","isPartOf":{"@id":"https:\/\/dana.com.br\/canaldana\/2025\/02\/03\/ford-diminui-precos-em-ate-18-apos-queda-de-impostos-na-argentina\/"},"author":{"name":"Canal Dana","@id":"https:\/\/dana.com.br\/canaldana\/#\/schema\/person\/3c21f22f56fcf3bc46b94bc60ea4fef6"},"headline":"Ford diminui pre\u00e7os em at\u00e9 18% ap\u00f3s queda de impostos na Argentina","datePublished":"2025-02-03T11:39:55+00:00","mainEntityOfPage":{"@id":"https:\/\/dana.com.br\/canaldana\/2025\/02\/03\/ford-diminui-precos-em-ate-18-apos-queda-de-impostos-na-argentina\/"},"wordCount":485,"articleSection":["Mercado"],"inLanguage":"pt-BR"},{"@type":"WebPage","@id":"https:\/\/dana.com.br\/canaldana\/2025\/02\/03\/ford-diminui-precos-em-ate-18-apos-queda-de-impostos-na-argentina\/","url":"https:\/\/dana.com.br\/canaldana\/2025\/02\/03\/ford-diminui-precos-em-ate-18-apos-queda-de-impostos-na-argentina\/","name":"Ford diminui pre\u00e7os em at\u00e9 18% ap\u00f3s queda de impostos na Argentina - Canal Dana","isPartOf":{"@id":"https:\/\/dana.com.br\/canaldana\/#website"},"datePublished":"2025-02-03T11:39:55+00:00","author":{"@id":"https:\/\/dana.com.br\/canaldana\/#\/schema\/person\/3c21f22f56fcf3bc46b94bc60ea4fef6"},"breadcrumb":{"@id":"https:\/\/dana.com.br\/canaldana\/2025\/02\/03\/ford-diminui-precos-em-ate-18-apos-queda-de-impostos-na-argentina\/#breadcrumb"},"inLanguage":"pt-BR","potentialAction":[{"@type":"ReadAction","target":["https:\/\/dana.com.br\/canaldana\/2025\/02\/03\/ford-diminui-precos-em-ate-18-apos-queda-de-impostos-na-argentina\/"]}]},{"@type":"BreadcrumbList","@id":"https:\/\/dana.com.br\/canaldana\/2025\/02\/03\/ford-diminui-precos-em-ate-18-apos-queda-de-impostos-na-argentina\/#breadcrumb","itemListElement":[{"@type":"ListItem","position":1,"name":"Home","item":"https:\/\/dana.com.br\/canaldana\/"},{"@type":"ListItem","position":2,"name":"Mercado","item":"https:\/\/dana.com.br\/canaldana\/mercado\/"},{"@type":"ListItem","position":3,"name":"Ford diminui pre\u00e7os em at\u00e9 18% ap\u00f3s queda de impostos na Argentina"}]},{"@type":"WebSite","@id":"https:\/\/dana.com.br\/canaldana\/#website","url":"https:\/\/dana.com.br\/canaldana\/","name":"Canal Dana","description":"Informativo com as principais not\u00edcias da ind\u00fastria automotiva","potentialAction":[{"@type":"SearchAction","target":{"@type":"EntryPoint","urlTemplate":"https:\/\/dana.com.br\/canaldana\/?s={search_term_string}"},"query-input":{"@type":"PropertyValueSpecification","valueRequired":true,"valueName":"search_term_string"}}],"inLanguage":"pt-BR"},{"@type":"Person","@id":"https:\/\/dana.com.br\/canaldana\/#\/schema\/person\/3c21f22f56fcf3bc46b94bc60ea4fef6","name":"Canal Dana","image":{"@type":"ImageObject","inLanguage":"pt-BR","@id":"https:\/\/secure.gravatar.com\/avatar\/420aaf9278582877d9018637c6817617705899d2858d7572ef0fe59a6b6454b4?s=96&d=mm&r=g","url":"https:\/\/secure.gravatar.com\/avatar\/420aaf9278582877d9018637c6817617705899d2858d7572ef0fe59a6b6454b4?s=96&d=mm&r=g","contentUrl":"https:\/\/secure.gravatar.com\/avatar\/420aaf9278582877d9018637c6817617705899d2858d7572ef0fe59a6b6454b4?s=96&d=mm&r=g","caption":"Canal Dana"},"url":"https:\/\/dana.com.br\/canaldana\/author\/cdeditor\/"}]}},"_links":{"self":[{"href":"https:\/\/dana.com.br\/canaldana\/wp-json\/wp\/v2\/posts\/79404","targetHints":{"allow":["GET"]}}],"collection":[{"href":"https:\/\/dana.com.br\/canaldana\/wp-json\/wp\/v2\/posts"}],"about":[{"href":"https:\/\/dana.com.br\/canaldana\/wp-json\/wp\/v2\/types\/post"}],"author":[{"embeddable":true,"href":"https:\/\/dana.com.br\/canaldana\/wp-json\/wp\/v2\/users\/3"}],"replies":[{"embeddable":true,"href":"https:\/\/dana.com.br\/canaldana\/wp-json\/wp\/v2\/comments?post=79404"}],"version-history":[{"count":1,"href":"https:\/\/dana.com.br\/canaldana\/wp-json\/wp\/v2\/posts\/79404\/revisions"}],"predecessor-version":[{"id":79405,"href":"https:\/\/dana.com.br\/canaldana\/wp-json\/wp\/v2\/posts\/79404\/revisions\/79405"}],"wp:attachment":[{"href":"https:\/\/dana.com.br\/canaldana\/wp-json\/wp\/v2\/media?parent=79404"}],"wp:term":[{"taxonomy":"category","embeddable":true,"href":"https:\/\/dana.com.br\/canaldana\/wp-json\/wp\/v2\/categories?post=79404"},{"taxonomy":"post_tag","embeddable":true,"href":"https:\/\/dana.com.br\/canaldana\/wp-json\/wp\/v2\/tags?post=79404"}],"curies":[{"name":"wp","href":"https:\/\/api.w.org\/{rel}","templated":true}]}}