{"id":79384,"date":"2025-01-31T08:17:28","date_gmt":"2025-01-31T11:17:28","guid":{"rendered":"https:\/\/dana.com.br\/canaldana\/?p=79384"},"modified":"2025-01-31T08:17:28","modified_gmt":"2025-01-31T11:17:28","slug":"producao-da-stellantis-em-betim-bate-recorde-montadora-vai-contratar-12-mil-colaboradores-em-minas","status":"publish","type":"post","link":"https:\/\/dana.com.br\/canaldana\/2025\/01\/31\/producao-da-stellantis-em-betim-bate-recorde-montadora-vai-contratar-12-mil-colaboradores-em-minas\/","title":{"rendered":"Produ\u00e7\u00e3o da Stellantis em Betim bate recorde; montadora vai contratar 1,2 mil colaboradores em Minas"},"content":{"rendered":"<p><em>Di\u00e1rio do Com\u00e9rcio <\/em><\/p>\n<p>&nbsp;<\/p>\n<p>Em 2024, o polo automotivo da Stellantis em Betim, na Regi\u00e3o Metropolitana de Belo Horizonte (RMBH), alcan\u00e7ou n\u00fameros hist\u00f3ricos n\u00e3o apenas de produ\u00e7\u00e3o de ve\u00edculos, como tamb\u00e9m de fabrica\u00e7\u00e3o de motores. No per\u00edodo, foram produzidos 809 mil motores na planta mineira, um recorde para a unidade desde a cria\u00e7\u00e3o da montadora, em 2021.<\/p>\n<p>&nbsp;<\/p>\n<p>O marco foi atingido em raz\u00e3o do investimento de R$ 454 milh\u00f5es que a empresa realizou no complexo no ano passado para a implementa\u00e7\u00e3o de uma nova linha de motores estrat\u00e9gicos, com alta efici\u00eancia, baixas emiss\u00f5es de carbonos e preparados para integra\u00e7\u00e3o com tecnologias de hibridiza\u00e7\u00e3o.<\/p>\n<p>&nbsp;<\/p>\n<p>Com o aporte, a companhia elevou a capacidade produtiva de motores da f\u00e1brica em 900 mil unidades por ano, saltando de 200 mil para 1,1 milh\u00e3o.<\/p>\n<p>&nbsp;<\/p>\n<p>Nesta \u00faltima quinta-feira (30), o presidente da Stellantis para a Am\u00e9rica do Sul, Emanuele Cappellano, fez um balan\u00e7o positivo do ano para o polo de Betim e destacou \u00e0 imprensa que a unidade est\u00e1 trabalhando \u201ca todo vapor\u201d. Segundo ele, as perspectivas de que os n\u00fameros da planta seguir\u00e3o crescendo neste ano levaram a empresa a anunciar novas contrata\u00e7\u00f5es.<\/p>\n<p>&nbsp;<\/p>\n<p>\u201cA capacidade produtiva acompanha o mercado. Ent\u00e3o, vai crescer ao longo de 2025 com essas contrata\u00e7\u00f5es\u201d, salienta o executivo.<\/p>\n<p>&nbsp;<\/p>\n<p>\u201cMas tamb\u00e9m monitoramos o trend de crescimento de mercado, como o Brasil, Argentina e Chile, e dependendo da necessidade, eventualmente podemos flexibilizar uma maior capacidade produtiva\u201d, completa.<\/p>\n<p>&nbsp;<\/p>\n<p><strong>Stellantis vai contratar 1.200 colaboradores em Minas Gerais<\/strong><\/p>\n<p>&nbsp;<\/p>\n<p>Conforme citado por Cappellano, a Stellantis informou, durante a coletiva, que est\u00e1 contratando 1.500 colaboradores no Brasil, dos quais 1.200 em Minas Gerais e 300 no Rio de Janeiro.<\/p>\n<p>&nbsp;<\/p>\n<p>A montadora disse que os empregados chegam para atender demandas em diferentes \u00e1reas do complexo da RMBH, incluindo powertrain, nas unidades de Ita\u00fana e na Teksid, al\u00e9m da planta fluminense, localizada no munic\u00edpio de Porto Real.<\/p>\n<p>&nbsp;<\/p>\n<p>No momento, o polo de Betim tem 16 mil funcion\u00e1rios diretos, mais da metade da for\u00e7a de trabalho da empresa na Am\u00e9rica do Sul. No continente, s\u00e3o cerca de 30 mil empregados distribu\u00eddos por seis plantas produtivas: tr\u00eas no Brasil, duas na Argentina e uma no Uruguai.<\/p>\n<p>&nbsp;<\/p>\n<p><strong>Import\u00e2ncia da f\u00e1brica de Betim para a montadora<\/strong><\/p>\n<p>&nbsp;<\/p>\n<p>De acordo com Cappellano, atualmente, a unidade mineira, em termos de capacidade de produ\u00e7\u00e3o, \u00e9 a maior da montadora no mundo.<\/p>\n<p>&nbsp;<\/p>\n<p>Para efeitos de compara\u00e7\u00e3o, o complexo \u00e9 capaz de produzir, anualmente, 650 mil ve\u00edculos \u2013 em 2024, foram fabricados 469 mil \u2013, enquanto em Pernambuco, o m\u00e1ximo \u00e9 280 mil ve\u00edculos, e no Rio de Janeiro, 129 mil.<\/p>\n<p>&nbsp;<\/p>\n<p>Na planta, a empresa produz os modelos Fiat Argo, Mobi, Pulse, Fastback, Fiorino, Strada, Peugeot Partner Rapid, Abarth Pulse e Abarth Fastback, al\u00e9m de motores e transmiss\u00f5es.<\/p>\n<p>&nbsp;<\/p>\n<p>A import\u00e2ncia do polo de Betim \u00e9 tamanha que, a partir deste ano, at\u00e9 2030, a planta, inaugurada em 1976, receber\u00e1 o maior ciclo de investimentos de toda a sua hist\u00f3ria.<\/p>\n<p>&nbsp;<\/p>\n<p>A Stellantis vai investir R$ 14 bilh\u00f5es no local, cifra que faz parte dos aportes anunciados pela companhia para a Am\u00e9rica do Sul, que somam R$ 32 bilh\u00f5es. Os valores ser\u00e3o destinados para o lan\u00e7amento de 40 novos produtos, quatro plataformas, oito powertrains, al\u00e9m do desenvolvimento de novas tecnologias bio-hybrid e inova\u00e7\u00f5es na descarboniza\u00e7\u00e3o. (Di\u00e1rio do Com\u00e9rcio\/Thyago Henrique)<\/p>\n","protected":false},"excerpt":{"rendered":"<p>Di\u00e1rio do Com\u00e9rcio &nbsp; Em 2024, o polo automotivo da Stellantis em Betim, na Regi\u00e3o Metropolitana de Belo Horizonte (RMBH), alcan\u00e7ou n\u00fameros hist\u00f3ricos n\u00e3o apenas de produ\u00e7\u00e3o de ve\u00edculos, como tamb\u00e9m de fabrica\u00e7\u00e3o de motores. No per\u00edodo, foram produzidos 809 mil motores na planta mineira, um recorde para a unidade desde a cria\u00e7\u00e3o da montadora,\u2026 <a class=\"readmore\" href=\"https:\/\/dana.com.br\/canaldana\/2025\/01\/31\/producao-da-stellantis-em-betim-bate-recorde-montadora-vai-contratar-12-mil-colaboradores-em-minas\/\">Leia mais \u00bb<\/a><\/p>\n","protected":false},"author":3,"featured_media":0,"comment_status":"closed","ping_status":"closed","sticky":false,"template":"","format":"standard","meta":{"_acf_changed":false,"footnotes":""},"categories":[61],"tags":[],"class_list":["post-79384","post","type-post","status-publish","format-standard","hentry","category-destaques"],"acf":[],"yoast_head":"<!-- This site is optimized with the Yoast SEO plugin v27.3 - https:\/\/yoast.com\/product\/yoast-seo-wordpress\/ -->\n<title>Produ\u00e7\u00e3o da Stellantis em Betim bate recorde; montadora vai contratar 1,2 mil colaboradores em Minas - Canal Dana<\/title>\n<meta name=\"robots\" content=\"index, follow, max-snippet:-1, max-image-preview:large, max-video-preview:-1\" \/>\n<link rel=\"canonical\" href=\"https:\/\/dana.com.br\/canaldana\/2025\/01\/31\/producao-da-stellantis-em-betim-bate-recorde-montadora-vai-contratar-12-mil-colaboradores-em-minas\/\" \/>\n<meta property=\"og:locale\" content=\"pt_BR\" \/>\n<meta property=\"og:type\" content=\"article\" \/>\n<meta property=\"og:title\" content=\"Produ\u00e7\u00e3o da Stellantis em Betim bate recorde; montadora vai contratar 1,2 mil colaboradores em Minas - Canal Dana\" \/>\n<meta property=\"og:description\" content=\"Di\u00e1rio do Com\u00e9rcio &nbsp; Em 2024, o polo automotivo da Stellantis em Betim, na Regi\u00e3o Metropolitana de Belo Horizonte (RMBH), alcan\u00e7ou n\u00fameros hist\u00f3ricos n\u00e3o apenas de produ\u00e7\u00e3o de ve\u00edculos, como tamb\u00e9m de fabrica\u00e7\u00e3o de motores. No per\u00edodo, foram produzidos 809 mil motores na planta mineira, um recorde para a unidade desde a cria\u00e7\u00e3o da montadora,\u2026 Leia mais \u00bb\" \/>\n<meta property=\"og:url\" content=\"https:\/\/dana.com.br\/canaldana\/2025\/01\/31\/producao-da-stellantis-em-betim-bate-recorde-montadora-vai-contratar-12-mil-colaboradores-em-minas\/\" \/>\n<meta property=\"og:site_name\" content=\"Canal Dana\" \/>\n<meta property=\"article:published_time\" content=\"2025-01-31T11:17:28+00:00\" \/>\n<meta name=\"author\" content=\"Canal Dana\" \/>\n<meta name=\"twitter:card\" content=\"summary_large_image\" \/>\n<meta name=\"twitter:label1\" content=\"Escrito por\" \/>\n\t<meta name=\"twitter:data1\" content=\"Canal Dana\" \/>\n\t<meta name=\"twitter:label2\" content=\"Est. tempo de leitura\" \/>\n\t<meta name=\"twitter:data2\" content=\"3 minutos\" \/>\n<script type=\"application\/ld+json\" class=\"yoast-schema-graph\">{\"@context\":\"https:\\\/\\\/schema.org\",\"@graph\":[{\"@type\":\"Article\",\"@id\":\"https:\\\/\\\/dana.com.br\\\/canaldana\\\/2025\\\/01\\\/31\\\/producao-da-stellantis-em-betim-bate-recorde-montadora-vai-contratar-12-mil-colaboradores-em-minas\\\/#article\",\"isPartOf\":{\"@id\":\"https:\\\/\\\/dana.com.br\\\/canaldana\\\/2025\\\/01\\\/31\\\/producao-da-stellantis-em-betim-bate-recorde-montadora-vai-contratar-12-mil-colaboradores-em-minas\\\/\"},\"author\":{\"name\":\"Canal Dana\",\"@id\":\"https:\\\/\\\/dana.com.br\\\/canaldana\\\/#\\\/schema\\\/person\\\/3c21f22f56fcf3bc46b94bc60ea4fef6\"},\"headline\":\"Produ\u00e7\u00e3o da Stellantis em Betim bate recorde; montadora vai contratar 1,2 mil colaboradores em Minas\",\"datePublished\":\"2025-01-31T11:17:28+00:00\",\"mainEntityOfPage\":{\"@id\":\"https:\\\/\\\/dana.com.br\\\/canaldana\\\/2025\\\/01\\\/31\\\/producao-da-stellantis-em-betim-bate-recorde-montadora-vai-contratar-12-mil-colaboradores-em-minas\\\/\"},\"wordCount\":597,\"articleSection\":[\"Destaques\"],\"inLanguage\":\"pt-BR\"},{\"@type\":\"WebPage\",\"@id\":\"https:\\\/\\\/dana.com.br\\\/canaldana\\\/2025\\\/01\\\/31\\\/producao-da-stellantis-em-betim-bate-recorde-montadora-vai-contratar-12-mil-colaboradores-em-minas\\\/\",\"url\":\"https:\\\/\\\/dana.com.br\\\/canaldana\\\/2025\\\/01\\\/31\\\/producao-da-stellantis-em-betim-bate-recorde-montadora-vai-contratar-12-mil-colaboradores-em-minas\\\/\",\"name\":\"Produ\u00e7\u00e3o da Stellantis em Betim bate recorde; montadora vai contratar 1,2 mil colaboradores em Minas - Canal Dana\",\"isPartOf\":{\"@id\":\"https:\\\/\\\/dana.com.br\\\/canaldana\\\/#website\"},\"datePublished\":\"2025-01-31T11:17:28+00:00\",\"author\":{\"@id\":\"https:\\\/\\\/dana.com.br\\\/canaldana\\\/#\\\/schema\\\/person\\\/3c21f22f56fcf3bc46b94bc60ea4fef6\"},\"breadcrumb\":{\"@id\":\"https:\\\/\\\/dana.com.br\\\/canaldana\\\/2025\\\/01\\\/31\\\/producao-da-stellantis-em-betim-bate-recorde-montadora-vai-contratar-12-mil-colaboradores-em-minas\\\/#breadcrumb\"},\"inLanguage\":\"pt-BR\",\"potentialAction\":[{\"@type\":\"ReadAction\",\"target\":[\"https:\\\/\\\/dana.com.br\\\/canaldana\\\/2025\\\/01\\\/31\\\/producao-da-stellantis-em-betim-bate-recorde-montadora-vai-contratar-12-mil-colaboradores-em-minas\\\/\"]}]},{\"@type\":\"BreadcrumbList\",\"@id\":\"https:\\\/\\\/dana.com.br\\\/canaldana\\\/2025\\\/01\\\/31\\\/producao-da-stellantis-em-betim-bate-recorde-montadora-vai-contratar-12-mil-colaboradores-em-minas\\\/#breadcrumb\",\"itemListElement\":[{\"@type\":\"ListItem\",\"position\":1,\"name\":\"Home\",\"item\":\"https:\\\/\\\/dana.com.br\\\/canaldana\\\/\"},{\"@type\":\"ListItem\",\"position\":2,\"name\":\"Destaques\",\"item\":\"https:\\\/\\\/dana.com.br\\\/canaldana\\\/destaques\\\/\"},{\"@type\":\"ListItem\",\"position\":3,\"name\":\"Produ\u00e7\u00e3o da Stellantis em Betim bate recorde; montadora vai contratar 1,2 mil colaboradores em Minas\"}]},{\"@type\":\"WebSite\",\"@id\":\"https:\\\/\\\/dana.com.br\\\/canaldana\\\/#website\",\"url\":\"https:\\\/\\\/dana.com.br\\\/canaldana\\\/\",\"name\":\"Canal Dana\",\"description\":\"Informativo com as principais not\u00edcias da ind\u00fastria automotiva\",\"potentialAction\":[{\"@type\":\"SearchAction\",\"target\":{\"@type\":\"EntryPoint\",\"urlTemplate\":\"https:\\\/\\\/dana.com.br\\\/canaldana\\\/?s={search_term_string}\"},\"query-input\":{\"@type\":\"PropertyValueSpecification\",\"valueRequired\":true,\"valueName\":\"search_term_string\"}}],\"inLanguage\":\"pt-BR\"},{\"@type\":\"Person\",\"@id\":\"https:\\\/\\\/dana.com.br\\\/canaldana\\\/#\\\/schema\\\/person\\\/3c21f22f56fcf3bc46b94bc60ea4fef6\",\"name\":\"Canal Dana\",\"image\":{\"@type\":\"ImageObject\",\"inLanguage\":\"pt-BR\",\"@id\":\"https:\\\/\\\/secure.gravatar.com\\\/avatar\\\/420aaf9278582877d9018637c6817617705899d2858d7572ef0fe59a6b6454b4?s=96&d=mm&r=g\",\"url\":\"https:\\\/\\\/secure.gravatar.com\\\/avatar\\\/420aaf9278582877d9018637c6817617705899d2858d7572ef0fe59a6b6454b4?s=96&d=mm&r=g\",\"contentUrl\":\"https:\\\/\\\/secure.gravatar.com\\\/avatar\\\/420aaf9278582877d9018637c6817617705899d2858d7572ef0fe59a6b6454b4?s=96&d=mm&r=g\",\"caption\":\"Canal Dana\"},\"url\":\"https:\\\/\\\/dana.com.br\\\/canaldana\\\/author\\\/cdeditor\\\/\"}]}<\/script>\n<!-- \/ Yoast SEO plugin. -->","yoast_head_json":{"title":"Produ\u00e7\u00e3o da Stellantis em Betim bate recorde; montadora vai contratar 1,2 mil colaboradores em Minas - Canal Dana","robots":{"index":"index","follow":"follow","max-snippet":"max-snippet:-1","max-image-preview":"max-image-preview:large","max-video-preview":"max-video-preview:-1"},"canonical":"https:\/\/dana.com.br\/canaldana\/2025\/01\/31\/producao-da-stellantis-em-betim-bate-recorde-montadora-vai-contratar-12-mil-colaboradores-em-minas\/","og_locale":"pt_BR","og_type":"article","og_title":"Produ\u00e7\u00e3o da Stellantis em Betim bate recorde; montadora vai contratar 1,2 mil colaboradores em Minas - Canal Dana","og_description":"Di\u00e1rio do Com\u00e9rcio &nbsp; Em 2024, o polo automotivo da Stellantis em Betim, na Regi\u00e3o Metropolitana de Belo Horizonte (RMBH), alcan\u00e7ou n\u00fameros hist\u00f3ricos n\u00e3o apenas de produ\u00e7\u00e3o de ve\u00edculos, como tamb\u00e9m de fabrica\u00e7\u00e3o de motores. No per\u00edodo, foram produzidos 809 mil motores na planta mineira, um recorde para a unidade desde a cria\u00e7\u00e3o da montadora,\u2026 Leia mais \u00bb","og_url":"https:\/\/dana.com.br\/canaldana\/2025\/01\/31\/producao-da-stellantis-em-betim-bate-recorde-montadora-vai-contratar-12-mil-colaboradores-em-minas\/","og_site_name":"Canal Dana","article_published_time":"2025-01-31T11:17:28+00:00","author":"Canal Dana","twitter_card":"summary_large_image","twitter_misc":{"Escrito por":"Canal Dana","Est. tempo de leitura":"3 minutos"},"schema":{"@context":"https:\/\/schema.org","@graph":[{"@type":"Article","@id":"https:\/\/dana.com.br\/canaldana\/2025\/01\/31\/producao-da-stellantis-em-betim-bate-recorde-montadora-vai-contratar-12-mil-colaboradores-em-minas\/#article","isPartOf":{"@id":"https:\/\/dana.com.br\/canaldana\/2025\/01\/31\/producao-da-stellantis-em-betim-bate-recorde-montadora-vai-contratar-12-mil-colaboradores-em-minas\/"},"author":{"name":"Canal Dana","@id":"https:\/\/dana.com.br\/canaldana\/#\/schema\/person\/3c21f22f56fcf3bc46b94bc60ea4fef6"},"headline":"Produ\u00e7\u00e3o da Stellantis em Betim bate recorde; montadora vai contratar 1,2 mil colaboradores em Minas","datePublished":"2025-01-31T11:17:28+00:00","mainEntityOfPage":{"@id":"https:\/\/dana.com.br\/canaldana\/2025\/01\/31\/producao-da-stellantis-em-betim-bate-recorde-montadora-vai-contratar-12-mil-colaboradores-em-minas\/"},"wordCount":597,"articleSection":["Destaques"],"inLanguage":"pt-BR"},{"@type":"WebPage","@id":"https:\/\/dana.com.br\/canaldana\/2025\/01\/31\/producao-da-stellantis-em-betim-bate-recorde-montadora-vai-contratar-12-mil-colaboradores-em-minas\/","url":"https:\/\/dana.com.br\/canaldana\/2025\/01\/31\/producao-da-stellantis-em-betim-bate-recorde-montadora-vai-contratar-12-mil-colaboradores-em-minas\/","name":"Produ\u00e7\u00e3o da Stellantis em Betim bate recorde; montadora vai contratar 1,2 mil colaboradores em Minas - Canal Dana","isPartOf":{"@id":"https:\/\/dana.com.br\/canaldana\/#website"},"datePublished":"2025-01-31T11:17:28+00:00","author":{"@id":"https:\/\/dana.com.br\/canaldana\/#\/schema\/person\/3c21f22f56fcf3bc46b94bc60ea4fef6"},"breadcrumb":{"@id":"https:\/\/dana.com.br\/canaldana\/2025\/01\/31\/producao-da-stellantis-em-betim-bate-recorde-montadora-vai-contratar-12-mil-colaboradores-em-minas\/#breadcrumb"},"inLanguage":"pt-BR","potentialAction":[{"@type":"ReadAction","target":["https:\/\/dana.com.br\/canaldana\/2025\/01\/31\/producao-da-stellantis-em-betim-bate-recorde-montadora-vai-contratar-12-mil-colaboradores-em-minas\/"]}]},{"@type":"BreadcrumbList","@id":"https:\/\/dana.com.br\/canaldana\/2025\/01\/31\/producao-da-stellantis-em-betim-bate-recorde-montadora-vai-contratar-12-mil-colaboradores-em-minas\/#breadcrumb","itemListElement":[{"@type":"ListItem","position":1,"name":"Home","item":"https:\/\/dana.com.br\/canaldana\/"},{"@type":"ListItem","position":2,"name":"Destaques","item":"https:\/\/dana.com.br\/canaldana\/destaques\/"},{"@type":"ListItem","position":3,"name":"Produ\u00e7\u00e3o da Stellantis em Betim bate recorde; montadora vai contratar 1,2 mil colaboradores em Minas"}]},{"@type":"WebSite","@id":"https:\/\/dana.com.br\/canaldana\/#website","url":"https:\/\/dana.com.br\/canaldana\/","name":"Canal Dana","description":"Informativo com as principais not\u00edcias da ind\u00fastria automotiva","potentialAction":[{"@type":"SearchAction","target":{"@type":"EntryPoint","urlTemplate":"https:\/\/dana.com.br\/canaldana\/?s={search_term_string}"},"query-input":{"@type":"PropertyValueSpecification","valueRequired":true,"valueName":"search_term_string"}}],"inLanguage":"pt-BR"},{"@type":"Person","@id":"https:\/\/dana.com.br\/canaldana\/#\/schema\/person\/3c21f22f56fcf3bc46b94bc60ea4fef6","name":"Canal Dana","image":{"@type":"ImageObject","inLanguage":"pt-BR","@id":"https:\/\/secure.gravatar.com\/avatar\/420aaf9278582877d9018637c6817617705899d2858d7572ef0fe59a6b6454b4?s=96&d=mm&r=g","url":"https:\/\/secure.gravatar.com\/avatar\/420aaf9278582877d9018637c6817617705899d2858d7572ef0fe59a6b6454b4?s=96&d=mm&r=g","contentUrl":"https:\/\/secure.gravatar.com\/avatar\/420aaf9278582877d9018637c6817617705899d2858d7572ef0fe59a6b6454b4?s=96&d=mm&r=g","caption":"Canal Dana"},"url":"https:\/\/dana.com.br\/canaldana\/author\/cdeditor\/"}]}},"_links":{"self":[{"href":"https:\/\/dana.com.br\/canaldana\/wp-json\/wp\/v2\/posts\/79384","targetHints":{"allow":["GET"]}}],"collection":[{"href":"https:\/\/dana.com.br\/canaldana\/wp-json\/wp\/v2\/posts"}],"about":[{"href":"https:\/\/dana.com.br\/canaldana\/wp-json\/wp\/v2\/types\/post"}],"author":[{"embeddable":true,"href":"https:\/\/dana.com.br\/canaldana\/wp-json\/wp\/v2\/users\/3"}],"replies":[{"embeddable":true,"href":"https:\/\/dana.com.br\/canaldana\/wp-json\/wp\/v2\/comments?post=79384"}],"version-history":[{"count":1,"href":"https:\/\/dana.com.br\/canaldana\/wp-json\/wp\/v2\/posts\/79384\/revisions"}],"predecessor-version":[{"id":79385,"href":"https:\/\/dana.com.br\/canaldana\/wp-json\/wp\/v2\/posts\/79384\/revisions\/79385"}],"wp:attachment":[{"href":"https:\/\/dana.com.br\/canaldana\/wp-json\/wp\/v2\/media?parent=79384"}],"wp:term":[{"taxonomy":"category","embeddable":true,"href":"https:\/\/dana.com.br\/canaldana\/wp-json\/wp\/v2\/categories?post=79384"},{"taxonomy":"post_tag","embeddable":true,"href":"https:\/\/dana.com.br\/canaldana\/wp-json\/wp\/v2\/tags?post=79384"}],"curies":[{"name":"wp","href":"https:\/\/api.w.org\/{rel}","templated":true}]}}