{"id":7931,"date":"2016-04-28T08:52:05","date_gmt":"2016-04-28T11:52:05","guid":{"rendered":"http:\/\/dana.com.br\/canaldana\/?p=7931"},"modified":"2016-04-28T08:52:16","modified_gmt":"2016-04-28T11:52:16","slug":"7931","status":"publish","type":"post","link":"https:\/\/dana.com.br\/canaldana\/2016\/04\/28\/7931\/","title":{"rendered":"El\u00e9tricos ter\u00e3o incentivos na Alemanha"},"content":{"rendered":"<p><em>Jornal do Carro<\/em><\/p>\n<p>&nbsp;<\/p>\n<p>Carros el\u00e9tricos e h\u00edbridos plug-in (de carregamento na tomada) ter\u00e3o desconto na Alemanha. Com o objetivo de elevar as vendas de autom\u00f3veis de propuls\u00e3o alternativa, o governo alem\u00e3o e as montadoras chegaram a um acordo que vai reduzir em 4 mil euros (cerca de R$ 16 mil) o pre\u00e7o dos el\u00e9tricos e em 3 mil euros (R$ 12 mil) o valor dos h\u00edbridos.<\/p>\n<p>&nbsp;<\/p>\n<p>Al\u00e9m dos incentivos aos compradores, governo e montadoras dever\u00e3o tamb\u00e9m investir 300 milh\u00f5es de euros (R$ 1,2 bilh\u00e3o) na implanta\u00e7\u00e3o de uma rede de recarga, entre 2017 e 2020.<\/p>\n<p>&nbsp;<\/p>\n<p>As vendas de autom\u00f3veis na Alemanha est\u00e3o na casa de 3 milh\u00f5es de unidades por ano, mas apenas pouco mais de 30 mil carros el\u00e9tricos foram comercializados no pa\u00eds at\u00e9 hoje.<\/p>\n<p>&nbsp;<\/p>\n<p>O b\u00f4nus deve entrar em vigor j\u00e1 no m\u00eas que vem.<\/p>\n<p>&nbsp;<\/p>\n<p>O valor investido no projeto, estimado em 1,2 bilh\u00e3o de euros (R$ 4,8 bilh\u00f5es), e rateado em partes iguais entre governo e fabricantes, \u00e9 parte de um plano da chanceler alem\u00e3 Angela Merkel, de criar subs\u00eddios para elevar a 1 milh\u00e3o o n\u00famero de carros el\u00e9tricos rodando nas ruas at\u00e9 o fim desta d\u00e9cada.<\/p>\n<p>&nbsp;<\/p>\n<p>Resta saber se o objetivo ser\u00e1 alcan\u00e7ado, j\u00e1 que, mesmo com os incentivos, ve\u00edculos el\u00e9tricos ainda ser\u00e3o significativamente mais caros que carros de propuls\u00e3o convencional. O compacto BMW i3, por exemplo, custa a partir de 34.950 euros na Alemanha, mais caro que o 318i (30.500 euros), que \u00e9 bem maior.<\/p>\n<p>&nbsp;<\/p>\n<p>Adicionalmente, ainda resta a quest\u00e3o da &#8220;ansiedade da falta de carga&#8221;, que acompanha quem dirige autom\u00f3veis puramente el\u00e9tricos. Afinal, mesmo na Alemanha, os pontos de recarga ainda s\u00e3o restritos. (Jornal do Carro)<\/p>\n","protected":false},"excerpt":{"rendered":"<p>Jornal do Carro &nbsp; Carros el\u00e9tricos e h\u00edbridos plug-in (de carregamento na tomada) ter\u00e3o desconto na Alemanha. Com o objetivo de elevar as vendas de autom\u00f3veis de propuls\u00e3o alternativa, o governo alem\u00e3o e as montadoras chegaram a um acordo que vai reduzir em 4 mil euros (cerca de R$ 16 mil) o pre\u00e7o dos el\u00e9tricos\u2026 <a class=\"readmore\" href=\"https:\/\/dana.com.br\/canaldana\/2016\/04\/28\/7931\/\">Leia mais \u00bb<\/a><\/p>\n","protected":false},"author":3,"featured_media":0,"comment_status":"closed","ping_status":"closed","sticky":false,"template":"","format":"standard","meta":{"_acf_changed":false,"footnotes":""},"categories":[79],"tags":[],"class_list":["post-7931","post","type-post","status-publish","format-standard","hentry","category-mercado"],"acf":[],"yoast_head":"<!-- This site is optimized with the Yoast SEO plugin v27.3 - https:\/\/yoast.com\/product\/yoast-seo-wordpress\/ -->\n<title>El\u00e9tricos ter\u00e3o incentivos na Alemanha - Canal Dana<\/title>\n<meta name=\"robots\" content=\"index, follow, max-snippet:-1, max-image-preview:large, max-video-preview:-1\" \/>\n<link rel=\"canonical\" href=\"https:\/\/dana.com.br\/canaldana\/2016\/04\/28\/7931\/\" \/>\n<meta property=\"og:locale\" content=\"pt_BR\" \/>\n<meta property=\"og:type\" content=\"article\" \/>\n<meta property=\"og:title\" content=\"El\u00e9tricos ter\u00e3o incentivos na Alemanha - Canal Dana\" \/>\n<meta property=\"og:description\" content=\"Jornal do Carro &nbsp; Carros el\u00e9tricos e h\u00edbridos plug-in (de carregamento na tomada) ter\u00e3o desconto na Alemanha. Com o objetivo de elevar as vendas de autom\u00f3veis de propuls\u00e3o alternativa, o governo alem\u00e3o e as montadoras chegaram a um acordo que vai reduzir em 4 mil euros (cerca de R$ 16 mil) o pre\u00e7o dos el\u00e9tricos\u2026 Leia mais \u00bb\" \/>\n<meta property=\"og:url\" content=\"https:\/\/dana.com.br\/canaldana\/2016\/04\/28\/7931\/\" \/>\n<meta property=\"og:site_name\" content=\"Canal Dana\" \/>\n<meta property=\"article:published_time\" content=\"2016-04-28T11:52:05+00:00\" \/>\n<meta property=\"article:modified_time\" content=\"2016-04-28T11:52:16+00:00\" \/>\n<meta name=\"author\" content=\"Canal Dana\" \/>\n<meta name=\"twitter:card\" content=\"summary_large_image\" \/>\n<meta name=\"twitter:label1\" content=\"Escrito por\" \/>\n\t<meta name=\"twitter:data1\" content=\"Canal Dana\" \/>\n\t<meta name=\"twitter:label2\" content=\"Est. tempo de leitura\" \/>\n\t<meta name=\"twitter:data2\" content=\"2 minutos\" \/>\n<script type=\"application\/ld+json\" class=\"yoast-schema-graph\">{\"@context\":\"https:\\\/\\\/schema.org\",\"@graph\":[{\"@type\":\"Article\",\"@id\":\"https:\\\/\\\/dana.com.br\\\/canaldana\\\/2016\\\/04\\\/28\\\/7931\\\/#article\",\"isPartOf\":{\"@id\":\"https:\\\/\\\/dana.com.br\\\/canaldana\\\/2016\\\/04\\\/28\\\/7931\\\/\"},\"author\":{\"name\":\"Canal Dana\",\"@id\":\"https:\\\/\\\/dana.com.br\\\/canaldana\\\/#\\\/schema\\\/person\\\/3c21f22f56fcf3bc46b94bc60ea4fef6\"},\"headline\":\"El\u00e9tricos ter\u00e3o incentivos na Alemanha\",\"datePublished\":\"2016-04-28T11:52:05+00:00\",\"dateModified\":\"2016-04-28T11:52:16+00:00\",\"mainEntityOfPage\":{\"@id\":\"https:\\\/\\\/dana.com.br\\\/canaldana\\\/2016\\\/04\\\/28\\\/7931\\\/\"},\"wordCount\":308,\"articleSection\":[\"Mercado\"],\"inLanguage\":\"pt-BR\"},{\"@type\":\"WebPage\",\"@id\":\"https:\\\/\\\/dana.com.br\\\/canaldana\\\/2016\\\/04\\\/28\\\/7931\\\/\",\"url\":\"https:\\\/\\\/dana.com.br\\\/canaldana\\\/2016\\\/04\\\/28\\\/7931\\\/\",\"name\":\"El\u00e9tricos ter\u00e3o incentivos na Alemanha - Canal Dana\",\"isPartOf\":{\"@id\":\"https:\\\/\\\/dana.com.br\\\/canaldana\\\/#website\"},\"datePublished\":\"2016-04-28T11:52:05+00:00\",\"dateModified\":\"2016-04-28T11:52:16+00:00\",\"author\":{\"@id\":\"https:\\\/\\\/dana.com.br\\\/canaldana\\\/#\\\/schema\\\/person\\\/3c21f22f56fcf3bc46b94bc60ea4fef6\"},\"breadcrumb\":{\"@id\":\"https:\\\/\\\/dana.com.br\\\/canaldana\\\/2016\\\/04\\\/28\\\/7931\\\/#breadcrumb\"},\"inLanguage\":\"pt-BR\",\"potentialAction\":[{\"@type\":\"ReadAction\",\"target\":[\"https:\\\/\\\/dana.com.br\\\/canaldana\\\/2016\\\/04\\\/28\\\/7931\\\/\"]}]},{\"@type\":\"BreadcrumbList\",\"@id\":\"https:\\\/\\\/dana.com.br\\\/canaldana\\\/2016\\\/04\\\/28\\\/7931\\\/#breadcrumb\",\"itemListElement\":[{\"@type\":\"ListItem\",\"position\":1,\"name\":\"Home\",\"item\":\"https:\\\/\\\/dana.com.br\\\/canaldana\\\/\"},{\"@type\":\"ListItem\",\"position\":2,\"name\":\"Mercado\",\"item\":\"https:\\\/\\\/dana.com.br\\\/canaldana\\\/mercado\\\/\"},{\"@type\":\"ListItem\",\"position\":3,\"name\":\"El\u00e9tricos ter\u00e3o incentivos na Alemanha\"}]},{\"@type\":\"WebSite\",\"@id\":\"https:\\\/\\\/dana.com.br\\\/canaldana\\\/#website\",\"url\":\"https:\\\/\\\/dana.com.br\\\/canaldana\\\/\",\"name\":\"Canal Dana\",\"description\":\"Informativo com as principais not\u00edcias da ind\u00fastria automotiva\",\"potentialAction\":[{\"@type\":\"SearchAction\",\"target\":{\"@type\":\"EntryPoint\",\"urlTemplate\":\"https:\\\/\\\/dana.com.br\\\/canaldana\\\/?s={search_term_string}\"},\"query-input\":{\"@type\":\"PropertyValueSpecification\",\"valueRequired\":true,\"valueName\":\"search_term_string\"}}],\"inLanguage\":\"pt-BR\"},{\"@type\":\"Person\",\"@id\":\"https:\\\/\\\/dana.com.br\\\/canaldana\\\/#\\\/schema\\\/person\\\/3c21f22f56fcf3bc46b94bc60ea4fef6\",\"name\":\"Canal Dana\",\"image\":{\"@type\":\"ImageObject\",\"inLanguage\":\"pt-BR\",\"@id\":\"https:\\\/\\\/secure.gravatar.com\\\/avatar\\\/420aaf9278582877d9018637c6817617705899d2858d7572ef0fe59a6b6454b4?s=96&d=mm&r=g\",\"url\":\"https:\\\/\\\/secure.gravatar.com\\\/avatar\\\/420aaf9278582877d9018637c6817617705899d2858d7572ef0fe59a6b6454b4?s=96&d=mm&r=g\",\"contentUrl\":\"https:\\\/\\\/secure.gravatar.com\\\/avatar\\\/420aaf9278582877d9018637c6817617705899d2858d7572ef0fe59a6b6454b4?s=96&d=mm&r=g\",\"caption\":\"Canal Dana\"},\"url\":\"https:\\\/\\\/dana.com.br\\\/canaldana\\\/author\\\/cdeditor\\\/\"}]}<\/script>\n<!-- \/ Yoast SEO plugin. -->","yoast_head_json":{"title":"El\u00e9tricos ter\u00e3o incentivos na Alemanha - Canal Dana","robots":{"index":"index","follow":"follow","max-snippet":"max-snippet:-1","max-image-preview":"max-image-preview:large","max-video-preview":"max-video-preview:-1"},"canonical":"https:\/\/dana.com.br\/canaldana\/2016\/04\/28\/7931\/","og_locale":"pt_BR","og_type":"article","og_title":"El\u00e9tricos ter\u00e3o incentivos na Alemanha - Canal Dana","og_description":"Jornal do Carro &nbsp; Carros el\u00e9tricos e h\u00edbridos plug-in (de carregamento na tomada) ter\u00e3o desconto na Alemanha. Com o objetivo de elevar as vendas de autom\u00f3veis de propuls\u00e3o alternativa, o governo alem\u00e3o e as montadoras chegaram a um acordo que vai reduzir em 4 mil euros (cerca de R$ 16 mil) o pre\u00e7o dos el\u00e9tricos\u2026 Leia mais \u00bb","og_url":"https:\/\/dana.com.br\/canaldana\/2016\/04\/28\/7931\/","og_site_name":"Canal Dana","article_published_time":"2016-04-28T11:52:05+00:00","article_modified_time":"2016-04-28T11:52:16+00:00","author":"Canal Dana","twitter_card":"summary_large_image","twitter_misc":{"Escrito por":"Canal Dana","Est. tempo de leitura":"2 minutos"},"schema":{"@context":"https:\/\/schema.org","@graph":[{"@type":"Article","@id":"https:\/\/dana.com.br\/canaldana\/2016\/04\/28\/7931\/#article","isPartOf":{"@id":"https:\/\/dana.com.br\/canaldana\/2016\/04\/28\/7931\/"},"author":{"name":"Canal Dana","@id":"https:\/\/dana.com.br\/canaldana\/#\/schema\/person\/3c21f22f56fcf3bc46b94bc60ea4fef6"},"headline":"El\u00e9tricos ter\u00e3o incentivos na Alemanha","datePublished":"2016-04-28T11:52:05+00:00","dateModified":"2016-04-28T11:52:16+00:00","mainEntityOfPage":{"@id":"https:\/\/dana.com.br\/canaldana\/2016\/04\/28\/7931\/"},"wordCount":308,"articleSection":["Mercado"],"inLanguage":"pt-BR"},{"@type":"WebPage","@id":"https:\/\/dana.com.br\/canaldana\/2016\/04\/28\/7931\/","url":"https:\/\/dana.com.br\/canaldana\/2016\/04\/28\/7931\/","name":"El\u00e9tricos ter\u00e3o incentivos na Alemanha - Canal Dana","isPartOf":{"@id":"https:\/\/dana.com.br\/canaldana\/#website"},"datePublished":"2016-04-28T11:52:05+00:00","dateModified":"2016-04-28T11:52:16+00:00","author":{"@id":"https:\/\/dana.com.br\/canaldana\/#\/schema\/person\/3c21f22f56fcf3bc46b94bc60ea4fef6"},"breadcrumb":{"@id":"https:\/\/dana.com.br\/canaldana\/2016\/04\/28\/7931\/#breadcrumb"},"inLanguage":"pt-BR","potentialAction":[{"@type":"ReadAction","target":["https:\/\/dana.com.br\/canaldana\/2016\/04\/28\/7931\/"]}]},{"@type":"BreadcrumbList","@id":"https:\/\/dana.com.br\/canaldana\/2016\/04\/28\/7931\/#breadcrumb","itemListElement":[{"@type":"ListItem","position":1,"name":"Home","item":"https:\/\/dana.com.br\/canaldana\/"},{"@type":"ListItem","position":2,"name":"Mercado","item":"https:\/\/dana.com.br\/canaldana\/mercado\/"},{"@type":"ListItem","position":3,"name":"El\u00e9tricos ter\u00e3o incentivos na Alemanha"}]},{"@type":"WebSite","@id":"https:\/\/dana.com.br\/canaldana\/#website","url":"https:\/\/dana.com.br\/canaldana\/","name":"Canal Dana","description":"Informativo com as principais not\u00edcias da ind\u00fastria automotiva","potentialAction":[{"@type":"SearchAction","target":{"@type":"EntryPoint","urlTemplate":"https:\/\/dana.com.br\/canaldana\/?s={search_term_string}"},"query-input":{"@type":"PropertyValueSpecification","valueRequired":true,"valueName":"search_term_string"}}],"inLanguage":"pt-BR"},{"@type":"Person","@id":"https:\/\/dana.com.br\/canaldana\/#\/schema\/person\/3c21f22f56fcf3bc46b94bc60ea4fef6","name":"Canal Dana","image":{"@type":"ImageObject","inLanguage":"pt-BR","@id":"https:\/\/secure.gravatar.com\/avatar\/420aaf9278582877d9018637c6817617705899d2858d7572ef0fe59a6b6454b4?s=96&d=mm&r=g","url":"https:\/\/secure.gravatar.com\/avatar\/420aaf9278582877d9018637c6817617705899d2858d7572ef0fe59a6b6454b4?s=96&d=mm&r=g","contentUrl":"https:\/\/secure.gravatar.com\/avatar\/420aaf9278582877d9018637c6817617705899d2858d7572ef0fe59a6b6454b4?s=96&d=mm&r=g","caption":"Canal Dana"},"url":"https:\/\/dana.com.br\/canaldana\/author\/cdeditor\/"}]}},"_links":{"self":[{"href":"https:\/\/dana.com.br\/canaldana\/wp-json\/wp\/v2\/posts\/7931","targetHints":{"allow":["GET"]}}],"collection":[{"href":"https:\/\/dana.com.br\/canaldana\/wp-json\/wp\/v2\/posts"}],"about":[{"href":"https:\/\/dana.com.br\/canaldana\/wp-json\/wp\/v2\/types\/post"}],"author":[{"embeddable":true,"href":"https:\/\/dana.com.br\/canaldana\/wp-json\/wp\/v2\/users\/3"}],"replies":[{"embeddable":true,"href":"https:\/\/dana.com.br\/canaldana\/wp-json\/wp\/v2\/comments?post=7931"}],"version-history":[{"count":0,"href":"https:\/\/dana.com.br\/canaldana\/wp-json\/wp\/v2\/posts\/7931\/revisions"}],"wp:attachment":[{"href":"https:\/\/dana.com.br\/canaldana\/wp-json\/wp\/v2\/media?parent=7931"}],"wp:term":[{"taxonomy":"category","embeddable":true,"href":"https:\/\/dana.com.br\/canaldana\/wp-json\/wp\/v2\/categories?post=7931"},{"taxonomy":"post_tag","embeddable":true,"href":"https:\/\/dana.com.br\/canaldana\/wp-json\/wp\/v2\/tags?post=7931"}],"curies":[{"name":"wp","href":"https:\/\/api.w.org\/{rel}","templated":true}]}}