{"id":79275,"date":"2025-01-28T08:11:00","date_gmt":"2025-01-28T11:11:00","guid":{"rendered":"https:\/\/dana.com.br\/canaldana\/?p=79275"},"modified":"2025-01-28T08:11:00","modified_gmt":"2025-01-28T11:11:00","slug":"novo-toyota-rav4-e-flagrado-antes-do-lancamento-e-promete-versao-eletrica","status":"publish","type":"post","link":"https:\/\/dana.com.br\/canaldana\/2025\/01\/28\/novo-toyota-rav4-e-flagrado-antes-do-lancamento-e-promete-versao-eletrica\/","title":{"rendered":"Novo Toyota RAV4 \u00e9 flagrado antes do lan\u00e7amento e promete vers\u00e3o el\u00e9trica"},"content":{"rendered":"<p><em>Portal Tela<\/em><\/p>\n<p>&nbsp;<\/p>\n<p>O Toyota RAV4, que est\u00e1 na sua atual gera\u00e7\u00e3o desde 2018, pode ganhar uma nova vers\u00e3o entre 2025 e 2026, conforme indicam especula\u00e7\u00f5es a partir de uma imagem vazada no Weibo, uma rede social chinesa. Embora a fabricante n\u00e3o tenha confirmado oficialmente, o novo modelo deve manter a plataforma TNGA-K, com ajustes que possibilitem a inclus\u00e3o de um conjunto totalmente el\u00e9trico no portf\u00f3lio.<\/p>\n<p>&nbsp;<\/p>\n<p>O SUV deve continuar a oferecer o motor 2.5 turbo de quatro cilindros nas vers\u00f5es h\u00edbrida e h\u00edbrida plug-in, com expectativas de aumento de pot\u00eancia e efici\u00eancia. Al\u00e9m disso, h\u00e1 a possibilidade de que o RAV4 adote novos motores de 1.5 e 2.0 de alta efici\u00eancia, que a Toyota planeja lan\u00e7ar nos pr\u00f3ximos anos, tamb\u00e9m em vers\u00f5es h\u00edbridas paralelas (HEV) e plug-in (PHEV).<\/p>\n<p>&nbsp;<\/p>\n<p>Em termos de design, a nova gera\u00e7\u00e3o seguir\u00e1 a linguagem est\u00e9tica da quinta gera\u00e7\u00e3o do Prius e do novo Camry, com far\u00f3is dianteiros mais afilados e uma grade frontal com bordas do tipo &#8220;infinito&#8221;. As linhas da carroceria ser\u00e3o mais quadradas, com caixas de roda proeminentes e lanternas de LED conectadas na traseira, uma tend\u00eancia crescente entre SUVs.<\/p>\n<p>&nbsp;<\/p>\n<p>Internamente, o novo RAV4 deve apresentar um acabamento mais refinado e uma lista de equipamentos ampliada, incluindo uma central multim\u00eddia maior e um head-up display. No Brasil, o modelo est\u00e1 dispon\u00edvel nas vers\u00f5es h\u00edbrida (R$ 349.290) e h\u00edbrida plug-in (R$ 402.420), mas ainda n\u00e3o h\u00e1 previs\u00e3o de lan\u00e7amento da nova gera\u00e7\u00e3o no pa\u00eds. (Portal Tela)<\/p>\n","protected":false},"excerpt":{"rendered":"<p>Portal Tela &nbsp; O Toyota RAV4, que est\u00e1 na sua atual gera\u00e7\u00e3o desde 2018, pode ganhar uma nova vers\u00e3o entre 2025 e 2026, conforme indicam especula\u00e7\u00f5es a partir de uma imagem vazada no Weibo, uma rede social chinesa. Embora a fabricante n\u00e3o tenha confirmado oficialmente, o novo modelo deve manter a plataforma TNGA-K, com ajustes\u2026 <a class=\"readmore\" href=\"https:\/\/dana.com.br\/canaldana\/2025\/01\/28\/novo-toyota-rav4-e-flagrado-antes-do-lancamento-e-promete-versao-eletrica\/\">Leia mais \u00bb<\/a><\/p>\n","protected":false},"author":3,"featured_media":0,"comment_status":"closed","ping_status":"closed","sticky":false,"template":"","format":"standard","meta":{"_acf_changed":false,"footnotes":""},"categories":[79],"tags":[],"class_list":["post-79275","post","type-post","status-publish","format-standard","hentry","category-mercado"],"acf":[],"yoast_head":"<!-- This site is optimized with the Yoast SEO plugin v27.3 - https:\/\/yoast.com\/product\/yoast-seo-wordpress\/ -->\n<title>Novo Toyota RAV4 \u00e9 flagrado antes do lan\u00e7amento e promete vers\u00e3o el\u00e9trica - Canal Dana<\/title>\n<meta name=\"robots\" content=\"index, follow, max-snippet:-1, max-image-preview:large, max-video-preview:-1\" \/>\n<link rel=\"canonical\" href=\"https:\/\/dana.com.br\/canaldana\/2025\/01\/28\/novo-toyota-rav4-e-flagrado-antes-do-lancamento-e-promete-versao-eletrica\/\" \/>\n<meta property=\"og:locale\" content=\"pt_BR\" \/>\n<meta property=\"og:type\" content=\"article\" \/>\n<meta property=\"og:title\" content=\"Novo Toyota RAV4 \u00e9 flagrado antes do lan\u00e7amento e promete vers\u00e3o el\u00e9trica - Canal Dana\" \/>\n<meta property=\"og:description\" content=\"Portal Tela &nbsp; O Toyota RAV4, que est\u00e1 na sua atual gera\u00e7\u00e3o desde 2018, pode ganhar uma nova vers\u00e3o entre 2025 e 2026, conforme indicam especula\u00e7\u00f5es a partir de uma imagem vazada no Weibo, uma rede social chinesa. Embora a fabricante n\u00e3o tenha confirmado oficialmente, o novo modelo deve manter a plataforma TNGA-K, com ajustes\u2026 Leia mais \u00bb\" \/>\n<meta property=\"og:url\" content=\"https:\/\/dana.com.br\/canaldana\/2025\/01\/28\/novo-toyota-rav4-e-flagrado-antes-do-lancamento-e-promete-versao-eletrica\/\" \/>\n<meta property=\"og:site_name\" content=\"Canal Dana\" \/>\n<meta property=\"article:published_time\" content=\"2025-01-28T11:11:00+00:00\" \/>\n<meta name=\"author\" content=\"Canal Dana\" \/>\n<meta name=\"twitter:card\" content=\"summary_large_image\" \/>\n<meta name=\"twitter:label1\" content=\"Escrito por\" \/>\n\t<meta name=\"twitter:data1\" content=\"Canal Dana\" \/>\n\t<meta name=\"twitter:label2\" content=\"Est. tempo de leitura\" \/>\n\t<meta name=\"twitter:data2\" content=\"2 minutos\" \/>\n<script type=\"application\/ld+json\" class=\"yoast-schema-graph\">{\"@context\":\"https:\\\/\\\/schema.org\",\"@graph\":[{\"@type\":\"Article\",\"@id\":\"https:\\\/\\\/dana.com.br\\\/canaldana\\\/2025\\\/01\\\/28\\\/novo-toyota-rav4-e-flagrado-antes-do-lancamento-e-promete-versao-eletrica\\\/#article\",\"isPartOf\":{\"@id\":\"https:\\\/\\\/dana.com.br\\\/canaldana\\\/2025\\\/01\\\/28\\\/novo-toyota-rav4-e-flagrado-antes-do-lancamento-e-promete-versao-eletrica\\\/\"},\"author\":{\"name\":\"Canal Dana\",\"@id\":\"https:\\\/\\\/dana.com.br\\\/canaldana\\\/#\\\/schema\\\/person\\\/3c21f22f56fcf3bc46b94bc60ea4fef6\"},\"headline\":\"Novo Toyota RAV4 \u00e9 flagrado antes do lan\u00e7amento e promete vers\u00e3o el\u00e9trica\",\"datePublished\":\"2025-01-28T11:11:00+00:00\",\"mainEntityOfPage\":{\"@id\":\"https:\\\/\\\/dana.com.br\\\/canaldana\\\/2025\\\/01\\\/28\\\/novo-toyota-rav4-e-flagrado-antes-do-lancamento-e-promete-versao-eletrica\\\/\"},\"wordCount\":286,\"articleSection\":[\"Mercado\"],\"inLanguage\":\"pt-BR\"},{\"@type\":\"WebPage\",\"@id\":\"https:\\\/\\\/dana.com.br\\\/canaldana\\\/2025\\\/01\\\/28\\\/novo-toyota-rav4-e-flagrado-antes-do-lancamento-e-promete-versao-eletrica\\\/\",\"url\":\"https:\\\/\\\/dana.com.br\\\/canaldana\\\/2025\\\/01\\\/28\\\/novo-toyota-rav4-e-flagrado-antes-do-lancamento-e-promete-versao-eletrica\\\/\",\"name\":\"Novo Toyota RAV4 \u00e9 flagrado antes do lan\u00e7amento e promete vers\u00e3o el\u00e9trica - Canal Dana\",\"isPartOf\":{\"@id\":\"https:\\\/\\\/dana.com.br\\\/canaldana\\\/#website\"},\"datePublished\":\"2025-01-28T11:11:00+00:00\",\"author\":{\"@id\":\"https:\\\/\\\/dana.com.br\\\/canaldana\\\/#\\\/schema\\\/person\\\/3c21f22f56fcf3bc46b94bc60ea4fef6\"},\"breadcrumb\":{\"@id\":\"https:\\\/\\\/dana.com.br\\\/canaldana\\\/2025\\\/01\\\/28\\\/novo-toyota-rav4-e-flagrado-antes-do-lancamento-e-promete-versao-eletrica\\\/#breadcrumb\"},\"inLanguage\":\"pt-BR\",\"potentialAction\":[{\"@type\":\"ReadAction\",\"target\":[\"https:\\\/\\\/dana.com.br\\\/canaldana\\\/2025\\\/01\\\/28\\\/novo-toyota-rav4-e-flagrado-antes-do-lancamento-e-promete-versao-eletrica\\\/\"]}]},{\"@type\":\"BreadcrumbList\",\"@id\":\"https:\\\/\\\/dana.com.br\\\/canaldana\\\/2025\\\/01\\\/28\\\/novo-toyota-rav4-e-flagrado-antes-do-lancamento-e-promete-versao-eletrica\\\/#breadcrumb\",\"itemListElement\":[{\"@type\":\"ListItem\",\"position\":1,\"name\":\"Home\",\"item\":\"https:\\\/\\\/dana.com.br\\\/canaldana\\\/\"},{\"@type\":\"ListItem\",\"position\":2,\"name\":\"Mercado\",\"item\":\"https:\\\/\\\/dana.com.br\\\/canaldana\\\/mercado\\\/\"},{\"@type\":\"ListItem\",\"position\":3,\"name\":\"Novo Toyota RAV4 \u00e9 flagrado antes do lan\u00e7amento e promete vers\u00e3o el\u00e9trica\"}]},{\"@type\":\"WebSite\",\"@id\":\"https:\\\/\\\/dana.com.br\\\/canaldana\\\/#website\",\"url\":\"https:\\\/\\\/dana.com.br\\\/canaldana\\\/\",\"name\":\"Canal Dana\",\"description\":\"Informativo com as principais not\u00edcias da ind\u00fastria automotiva\",\"potentialAction\":[{\"@type\":\"SearchAction\",\"target\":{\"@type\":\"EntryPoint\",\"urlTemplate\":\"https:\\\/\\\/dana.com.br\\\/canaldana\\\/?s={search_term_string}\"},\"query-input\":{\"@type\":\"PropertyValueSpecification\",\"valueRequired\":true,\"valueName\":\"search_term_string\"}}],\"inLanguage\":\"pt-BR\"},{\"@type\":\"Person\",\"@id\":\"https:\\\/\\\/dana.com.br\\\/canaldana\\\/#\\\/schema\\\/person\\\/3c21f22f56fcf3bc46b94bc60ea4fef6\",\"name\":\"Canal Dana\",\"image\":{\"@type\":\"ImageObject\",\"inLanguage\":\"pt-BR\",\"@id\":\"https:\\\/\\\/secure.gravatar.com\\\/avatar\\\/420aaf9278582877d9018637c6817617705899d2858d7572ef0fe59a6b6454b4?s=96&d=mm&r=g\",\"url\":\"https:\\\/\\\/secure.gravatar.com\\\/avatar\\\/420aaf9278582877d9018637c6817617705899d2858d7572ef0fe59a6b6454b4?s=96&d=mm&r=g\",\"contentUrl\":\"https:\\\/\\\/secure.gravatar.com\\\/avatar\\\/420aaf9278582877d9018637c6817617705899d2858d7572ef0fe59a6b6454b4?s=96&d=mm&r=g\",\"caption\":\"Canal Dana\"},\"url\":\"https:\\\/\\\/dana.com.br\\\/canaldana\\\/author\\\/cdeditor\\\/\"}]}<\/script>\n<!-- \/ Yoast SEO plugin. -->","yoast_head_json":{"title":"Novo Toyota RAV4 \u00e9 flagrado antes do lan\u00e7amento e promete vers\u00e3o el\u00e9trica - Canal Dana","robots":{"index":"index","follow":"follow","max-snippet":"max-snippet:-1","max-image-preview":"max-image-preview:large","max-video-preview":"max-video-preview:-1"},"canonical":"https:\/\/dana.com.br\/canaldana\/2025\/01\/28\/novo-toyota-rav4-e-flagrado-antes-do-lancamento-e-promete-versao-eletrica\/","og_locale":"pt_BR","og_type":"article","og_title":"Novo Toyota RAV4 \u00e9 flagrado antes do lan\u00e7amento e promete vers\u00e3o el\u00e9trica - Canal Dana","og_description":"Portal Tela &nbsp; O Toyota RAV4, que est\u00e1 na sua atual gera\u00e7\u00e3o desde 2018, pode ganhar uma nova vers\u00e3o entre 2025 e 2026, conforme indicam especula\u00e7\u00f5es a partir de uma imagem vazada no Weibo, uma rede social chinesa. Embora a fabricante n\u00e3o tenha confirmado oficialmente, o novo modelo deve manter a plataforma TNGA-K, com ajustes\u2026 Leia mais \u00bb","og_url":"https:\/\/dana.com.br\/canaldana\/2025\/01\/28\/novo-toyota-rav4-e-flagrado-antes-do-lancamento-e-promete-versao-eletrica\/","og_site_name":"Canal Dana","article_published_time":"2025-01-28T11:11:00+00:00","author":"Canal Dana","twitter_card":"summary_large_image","twitter_misc":{"Escrito por":"Canal Dana","Est. tempo de leitura":"2 minutos"},"schema":{"@context":"https:\/\/schema.org","@graph":[{"@type":"Article","@id":"https:\/\/dana.com.br\/canaldana\/2025\/01\/28\/novo-toyota-rav4-e-flagrado-antes-do-lancamento-e-promete-versao-eletrica\/#article","isPartOf":{"@id":"https:\/\/dana.com.br\/canaldana\/2025\/01\/28\/novo-toyota-rav4-e-flagrado-antes-do-lancamento-e-promete-versao-eletrica\/"},"author":{"name":"Canal Dana","@id":"https:\/\/dana.com.br\/canaldana\/#\/schema\/person\/3c21f22f56fcf3bc46b94bc60ea4fef6"},"headline":"Novo Toyota RAV4 \u00e9 flagrado antes do lan\u00e7amento e promete vers\u00e3o el\u00e9trica","datePublished":"2025-01-28T11:11:00+00:00","mainEntityOfPage":{"@id":"https:\/\/dana.com.br\/canaldana\/2025\/01\/28\/novo-toyota-rav4-e-flagrado-antes-do-lancamento-e-promete-versao-eletrica\/"},"wordCount":286,"articleSection":["Mercado"],"inLanguage":"pt-BR"},{"@type":"WebPage","@id":"https:\/\/dana.com.br\/canaldana\/2025\/01\/28\/novo-toyota-rav4-e-flagrado-antes-do-lancamento-e-promete-versao-eletrica\/","url":"https:\/\/dana.com.br\/canaldana\/2025\/01\/28\/novo-toyota-rav4-e-flagrado-antes-do-lancamento-e-promete-versao-eletrica\/","name":"Novo Toyota RAV4 \u00e9 flagrado antes do lan\u00e7amento e promete vers\u00e3o el\u00e9trica - Canal Dana","isPartOf":{"@id":"https:\/\/dana.com.br\/canaldana\/#website"},"datePublished":"2025-01-28T11:11:00+00:00","author":{"@id":"https:\/\/dana.com.br\/canaldana\/#\/schema\/person\/3c21f22f56fcf3bc46b94bc60ea4fef6"},"breadcrumb":{"@id":"https:\/\/dana.com.br\/canaldana\/2025\/01\/28\/novo-toyota-rav4-e-flagrado-antes-do-lancamento-e-promete-versao-eletrica\/#breadcrumb"},"inLanguage":"pt-BR","potentialAction":[{"@type":"ReadAction","target":["https:\/\/dana.com.br\/canaldana\/2025\/01\/28\/novo-toyota-rav4-e-flagrado-antes-do-lancamento-e-promete-versao-eletrica\/"]}]},{"@type":"BreadcrumbList","@id":"https:\/\/dana.com.br\/canaldana\/2025\/01\/28\/novo-toyota-rav4-e-flagrado-antes-do-lancamento-e-promete-versao-eletrica\/#breadcrumb","itemListElement":[{"@type":"ListItem","position":1,"name":"Home","item":"https:\/\/dana.com.br\/canaldana\/"},{"@type":"ListItem","position":2,"name":"Mercado","item":"https:\/\/dana.com.br\/canaldana\/mercado\/"},{"@type":"ListItem","position":3,"name":"Novo Toyota RAV4 \u00e9 flagrado antes do lan\u00e7amento e promete vers\u00e3o el\u00e9trica"}]},{"@type":"WebSite","@id":"https:\/\/dana.com.br\/canaldana\/#website","url":"https:\/\/dana.com.br\/canaldana\/","name":"Canal Dana","description":"Informativo com as principais not\u00edcias da ind\u00fastria automotiva","potentialAction":[{"@type":"SearchAction","target":{"@type":"EntryPoint","urlTemplate":"https:\/\/dana.com.br\/canaldana\/?s={search_term_string}"},"query-input":{"@type":"PropertyValueSpecification","valueRequired":true,"valueName":"search_term_string"}}],"inLanguage":"pt-BR"},{"@type":"Person","@id":"https:\/\/dana.com.br\/canaldana\/#\/schema\/person\/3c21f22f56fcf3bc46b94bc60ea4fef6","name":"Canal Dana","image":{"@type":"ImageObject","inLanguage":"pt-BR","@id":"https:\/\/secure.gravatar.com\/avatar\/420aaf9278582877d9018637c6817617705899d2858d7572ef0fe59a6b6454b4?s=96&d=mm&r=g","url":"https:\/\/secure.gravatar.com\/avatar\/420aaf9278582877d9018637c6817617705899d2858d7572ef0fe59a6b6454b4?s=96&d=mm&r=g","contentUrl":"https:\/\/secure.gravatar.com\/avatar\/420aaf9278582877d9018637c6817617705899d2858d7572ef0fe59a6b6454b4?s=96&d=mm&r=g","caption":"Canal Dana"},"url":"https:\/\/dana.com.br\/canaldana\/author\/cdeditor\/"}]}},"_links":{"self":[{"href":"https:\/\/dana.com.br\/canaldana\/wp-json\/wp\/v2\/posts\/79275","targetHints":{"allow":["GET"]}}],"collection":[{"href":"https:\/\/dana.com.br\/canaldana\/wp-json\/wp\/v2\/posts"}],"about":[{"href":"https:\/\/dana.com.br\/canaldana\/wp-json\/wp\/v2\/types\/post"}],"author":[{"embeddable":true,"href":"https:\/\/dana.com.br\/canaldana\/wp-json\/wp\/v2\/users\/3"}],"replies":[{"embeddable":true,"href":"https:\/\/dana.com.br\/canaldana\/wp-json\/wp\/v2\/comments?post=79275"}],"version-history":[{"count":1,"href":"https:\/\/dana.com.br\/canaldana\/wp-json\/wp\/v2\/posts\/79275\/revisions"}],"predecessor-version":[{"id":79276,"href":"https:\/\/dana.com.br\/canaldana\/wp-json\/wp\/v2\/posts\/79275\/revisions\/79276"}],"wp:attachment":[{"href":"https:\/\/dana.com.br\/canaldana\/wp-json\/wp\/v2\/media?parent=79275"}],"wp:term":[{"taxonomy":"category","embeddable":true,"href":"https:\/\/dana.com.br\/canaldana\/wp-json\/wp\/v2\/categories?post=79275"},{"taxonomy":"post_tag","embeddable":true,"href":"https:\/\/dana.com.br\/canaldana\/wp-json\/wp\/v2\/tags?post=79275"}],"curies":[{"name":"wp","href":"https:\/\/api.w.org\/{rel}","templated":true}]}}