{"id":79269,"date":"2025-01-28T08:09:28","date_gmt":"2025-01-28T11:09:28","guid":{"rendered":"https:\/\/dana.com.br\/canaldana\/?p=79269"},"modified":"2025-01-28T08:09:28","modified_gmt":"2025-01-28T11:09:28","slug":"translocave-estreia-nova-frota-iveco-bus-em-lucas-do-rio-verde-mt","status":"publish","type":"post","link":"https:\/\/dana.com.br\/canaldana\/2025\/01\/28\/translocave-estreia-nova-frota-iveco-bus-em-lucas-do-rio-verde-mt\/","title":{"rendered":"Translocave estreia nova frota IVECO BUS em Lucas do Rio Verde (MT)"},"content":{"rendered":"<p><em>Truck &amp; Bus Builder Am\u00e9rica do Sul<\/em><\/p>\n<p>&nbsp;<\/p>\n<p>Desde 1\u00ba de janeiro, usu\u00e1rios do transporte coletivo de Lucas do Rio Verde, em Mato Grosso, s\u00e3o atendidos por uma nova frota de \u00f4nibus produzidos pela IVECO BUS. Ao todo foram fornecidos 20 novos BUS 17-280 para a Translocave, empresa que j\u00e1 era cliente da marca e agora assumiu a concess\u00e3o do servi\u00e7o na cidade.<\/p>\n<p>&nbsp;<\/p>\n<p>Com mais esta aquisi\u00e7\u00e3o, a Translocave confirma uma parceria de sucesso com a IVECO BUS. Desde 2022 a empresa tamb\u00e9m utiliza o BUS 17-280 no transporte urbano nos demais munic\u00edpios em que opera, como Birigui (SP), Orl\u00e2ndia (SP), Itapira (SP) e Jata\u00ed (GO).<\/p>\n<p>&nbsp;<\/p>\n<p>\u201cA consolida\u00e7\u00e3o dessa nova parceria com a Translocave demonstra a confian\u00e7a do operador brasileiro na nossa capacidade em fornecer solu\u00e7\u00f5es de mobilidade eficientes, confi\u00e1veis e sustent\u00e1veis\u201d, afirma Danilo Fetzner, vice-presidente da IVECO BUS para a Am\u00e9rica Latina.<\/p>\n<p>&nbsp;<\/p>\n<p>Uma das novidades dos ve\u00edculos \u00e9 a tecnologia Euro 6, que traz menores emiss\u00f5es, al\u00e9m da maior pot\u00eancia e economia de combust\u00edvel proporcionados pelo BUS 17-280. \u201cCom a nova frota, a popula\u00e7\u00e3o sentir\u00e1 imensamente a diferen\u00e7a. S\u00e3o novos \u00f4nibus de ponta\u201d, ressalta o diretor da empresa, Miguel Moreira Junior.<\/p>\n<p>&nbsp;<\/p>\n<p>Produzido no Complexo de Sete Lagoas (MG), o BUS 17-280 foi desenvolvido de acordo com a realidade do operador brasileiro. O modelo re\u00fane robustez para encarar os desafios do dia a dia com alta capacidade operacional, maximizando os resultados para a Translocave.<\/p>\n<p>&nbsp;<\/p>\n<p>Na vers\u00e3o Euro 6, o BUS 17-280 ficou mais eficiente e robusto. Concebido com base no conceito downspeeding, o chassi permite que o motor opere com baixas rota\u00e7\u00f5es e torque elevado, resultando em maior efici\u00eancia, redu\u00e7\u00e3o do consumo de combust\u00edvel e maximiza\u00e7\u00e3o da vida \u00fatil do motor. O motor FPT N67 Euro 6, com inje\u00e7\u00e3o eletr\u00f4nica Common Rail e a tecnologia p\u00f3s-tratamento Hi-eSCR (Recircula\u00e7\u00e3o Catal\u00edtica Seletiva), entrega 280 cavalos de pot\u00eancia e torque de 950 Nm, maior faixa de performance da categoria.<\/p>\n<p>&nbsp;<\/p>\n<p>Al\u00e9m da aplica\u00e7\u00e3o urbana, o BUS 17-280 pode ser montado em carrocerias para aplica\u00e7\u00f5es rodovi\u00e1rias e de fretamento. Com Peso Bruto Total (PBT) de cerca de 17 toneladas, o modelo permite configura\u00e7\u00f5es de at\u00e9 59 passageiros + motorista.<\/p>\n<p>&nbsp;<\/p>\n<p><strong>IVECO BUS: solu\u00e7\u00f5es de mobilidade eficientes, confi\u00e1veis e sustent\u00e1veis<\/strong><\/p>\n<p><strong>\u00a0<\/strong><\/p>\n<p><strong>IVECO<\/strong><\/p>\n<p>&nbsp;<\/p>\n<p>IVECO \u00e9 uma marca do Iveco Group N.V. (EXM: IVG). A IVECO projeta, fabrica e comercializa uma ampla gama de ve\u00edculos comerciais leves, m\u00e9dios e pesados, caminh\u00f5es off-road e ve\u00edculos para aplica\u00e7\u00f5es como miss\u00f5es off-road. A vasta gama de produtos da marca inclui as linhas Daily, Tector e S-Way. A IVECO emprega cerca de 21 mil pessoas em todo o mundo. Gerencia unidades de produ\u00e7\u00e3o em sete pa\u00edses na Europa, \u00c1sia, \u00c1frica, Oceania e Am\u00e9rica Latina, onde produz ve\u00edculos com as mais recentes tecnologias avan\u00e7adas. 4.200 pontos de venda e servi\u00e7os em mais de 160 pa\u00edses garantem suporte t\u00e9cnico onde quer que um ve\u00edculo IVECO esteja em opera\u00e7\u00e3o. (Truck &amp; Bus Builder Am\u00e9rica do Sul)<\/p>\n","protected":false},"excerpt":{"rendered":"<p>Truck &amp; Bus Builder Am\u00e9rica do Sul &nbsp; Desde 1\u00ba de janeiro, usu\u00e1rios do transporte coletivo de Lucas do Rio Verde, em Mato Grosso, s\u00e3o atendidos por uma nova frota de \u00f4nibus produzidos pela IVECO BUS. Ao todo foram fornecidos 20 novos BUS 17-280 para a Translocave, empresa que j\u00e1 era cliente da marca e\u2026 <a class=\"readmore\" href=\"https:\/\/dana.com.br\/canaldana\/2025\/01\/28\/translocave-estreia-nova-frota-iveco-bus-em-lucas-do-rio-verde-mt\/\">Leia mais \u00bb<\/a><\/p>\n","protected":false},"author":3,"featured_media":0,"comment_status":"closed","ping_status":"closed","sticky":false,"template":"","format":"standard","meta":{"_acf_changed":false,"footnotes":""},"categories":[79],"tags":[],"class_list":["post-79269","post","type-post","status-publish","format-standard","hentry","category-mercado"],"acf":[],"yoast_head":"<!-- This site is optimized with the Yoast SEO plugin v27.3 - https:\/\/yoast.com\/product\/yoast-seo-wordpress\/ -->\n<title>Translocave estreia nova frota IVECO BUS em Lucas do Rio Verde (MT) - Canal Dana<\/title>\n<meta name=\"robots\" content=\"index, follow, max-snippet:-1, max-image-preview:large, max-video-preview:-1\" \/>\n<link rel=\"canonical\" href=\"https:\/\/dana.com.br\/canaldana\/2025\/01\/28\/translocave-estreia-nova-frota-iveco-bus-em-lucas-do-rio-verde-mt\/\" \/>\n<meta property=\"og:locale\" content=\"pt_BR\" \/>\n<meta property=\"og:type\" content=\"article\" \/>\n<meta property=\"og:title\" content=\"Translocave estreia nova frota IVECO BUS em Lucas do Rio Verde (MT) - Canal Dana\" \/>\n<meta property=\"og:description\" content=\"Truck &amp; Bus Builder Am\u00e9rica do Sul &nbsp; Desde 1\u00ba de janeiro, usu\u00e1rios do transporte coletivo de Lucas do Rio Verde, em Mato Grosso, s\u00e3o atendidos por uma nova frota de \u00f4nibus produzidos pela IVECO BUS. Ao todo foram fornecidos 20 novos BUS 17-280 para a Translocave, empresa que j\u00e1 era cliente da marca e\u2026 Leia mais \u00bb\" \/>\n<meta property=\"og:url\" content=\"https:\/\/dana.com.br\/canaldana\/2025\/01\/28\/translocave-estreia-nova-frota-iveco-bus-em-lucas-do-rio-verde-mt\/\" \/>\n<meta property=\"og:site_name\" content=\"Canal Dana\" \/>\n<meta property=\"article:published_time\" content=\"2025-01-28T11:09:28+00:00\" \/>\n<meta name=\"author\" content=\"Canal Dana\" \/>\n<meta name=\"twitter:card\" content=\"summary_large_image\" \/>\n<meta name=\"twitter:label1\" content=\"Escrito por\" \/>\n\t<meta name=\"twitter:data1\" content=\"Canal Dana\" \/>\n\t<meta name=\"twitter:label2\" content=\"Est. tempo de leitura\" \/>\n\t<meta name=\"twitter:data2\" content=\"3 minutos\" \/>\n<script type=\"application\/ld+json\" class=\"yoast-schema-graph\">{\"@context\":\"https:\\\/\\\/schema.org\",\"@graph\":[{\"@type\":\"Article\",\"@id\":\"https:\\\/\\\/dana.com.br\\\/canaldana\\\/2025\\\/01\\\/28\\\/translocave-estreia-nova-frota-iveco-bus-em-lucas-do-rio-verde-mt\\\/#article\",\"isPartOf\":{\"@id\":\"https:\\\/\\\/dana.com.br\\\/canaldana\\\/2025\\\/01\\\/28\\\/translocave-estreia-nova-frota-iveco-bus-em-lucas-do-rio-verde-mt\\\/\"},\"author\":{\"name\":\"Canal Dana\",\"@id\":\"https:\\\/\\\/dana.com.br\\\/canaldana\\\/#\\\/schema\\\/person\\\/3c21f22f56fcf3bc46b94bc60ea4fef6\"},\"headline\":\"Translocave estreia nova frota IVECO BUS em Lucas do Rio Verde (MT)\",\"datePublished\":\"2025-01-28T11:09:28+00:00\",\"mainEntityOfPage\":{\"@id\":\"https:\\\/\\\/dana.com.br\\\/canaldana\\\/2025\\\/01\\\/28\\\/translocave-estreia-nova-frota-iveco-bus-em-lucas-do-rio-verde-mt\\\/\"},\"wordCount\":545,\"articleSection\":[\"Mercado\"],\"inLanguage\":\"pt-BR\"},{\"@type\":\"WebPage\",\"@id\":\"https:\\\/\\\/dana.com.br\\\/canaldana\\\/2025\\\/01\\\/28\\\/translocave-estreia-nova-frota-iveco-bus-em-lucas-do-rio-verde-mt\\\/\",\"url\":\"https:\\\/\\\/dana.com.br\\\/canaldana\\\/2025\\\/01\\\/28\\\/translocave-estreia-nova-frota-iveco-bus-em-lucas-do-rio-verde-mt\\\/\",\"name\":\"Translocave estreia nova frota IVECO BUS em Lucas do Rio Verde (MT) - Canal Dana\",\"isPartOf\":{\"@id\":\"https:\\\/\\\/dana.com.br\\\/canaldana\\\/#website\"},\"datePublished\":\"2025-01-28T11:09:28+00:00\",\"author\":{\"@id\":\"https:\\\/\\\/dana.com.br\\\/canaldana\\\/#\\\/schema\\\/person\\\/3c21f22f56fcf3bc46b94bc60ea4fef6\"},\"breadcrumb\":{\"@id\":\"https:\\\/\\\/dana.com.br\\\/canaldana\\\/2025\\\/01\\\/28\\\/translocave-estreia-nova-frota-iveco-bus-em-lucas-do-rio-verde-mt\\\/#breadcrumb\"},\"inLanguage\":\"pt-BR\",\"potentialAction\":[{\"@type\":\"ReadAction\",\"target\":[\"https:\\\/\\\/dana.com.br\\\/canaldana\\\/2025\\\/01\\\/28\\\/translocave-estreia-nova-frota-iveco-bus-em-lucas-do-rio-verde-mt\\\/\"]}]},{\"@type\":\"BreadcrumbList\",\"@id\":\"https:\\\/\\\/dana.com.br\\\/canaldana\\\/2025\\\/01\\\/28\\\/translocave-estreia-nova-frota-iveco-bus-em-lucas-do-rio-verde-mt\\\/#breadcrumb\",\"itemListElement\":[{\"@type\":\"ListItem\",\"position\":1,\"name\":\"Home\",\"item\":\"https:\\\/\\\/dana.com.br\\\/canaldana\\\/\"},{\"@type\":\"ListItem\",\"position\":2,\"name\":\"Mercado\",\"item\":\"https:\\\/\\\/dana.com.br\\\/canaldana\\\/mercado\\\/\"},{\"@type\":\"ListItem\",\"position\":3,\"name\":\"Translocave estreia nova frota IVECO BUS em Lucas do Rio Verde (MT)\"}]},{\"@type\":\"WebSite\",\"@id\":\"https:\\\/\\\/dana.com.br\\\/canaldana\\\/#website\",\"url\":\"https:\\\/\\\/dana.com.br\\\/canaldana\\\/\",\"name\":\"Canal Dana\",\"description\":\"Informativo com as principais not\u00edcias da ind\u00fastria automotiva\",\"potentialAction\":[{\"@type\":\"SearchAction\",\"target\":{\"@type\":\"EntryPoint\",\"urlTemplate\":\"https:\\\/\\\/dana.com.br\\\/canaldana\\\/?s={search_term_string}\"},\"query-input\":{\"@type\":\"PropertyValueSpecification\",\"valueRequired\":true,\"valueName\":\"search_term_string\"}}],\"inLanguage\":\"pt-BR\"},{\"@type\":\"Person\",\"@id\":\"https:\\\/\\\/dana.com.br\\\/canaldana\\\/#\\\/schema\\\/person\\\/3c21f22f56fcf3bc46b94bc60ea4fef6\",\"name\":\"Canal Dana\",\"image\":{\"@type\":\"ImageObject\",\"inLanguage\":\"pt-BR\",\"@id\":\"https:\\\/\\\/secure.gravatar.com\\\/avatar\\\/420aaf9278582877d9018637c6817617705899d2858d7572ef0fe59a6b6454b4?s=96&d=mm&r=g\",\"url\":\"https:\\\/\\\/secure.gravatar.com\\\/avatar\\\/420aaf9278582877d9018637c6817617705899d2858d7572ef0fe59a6b6454b4?s=96&d=mm&r=g\",\"contentUrl\":\"https:\\\/\\\/secure.gravatar.com\\\/avatar\\\/420aaf9278582877d9018637c6817617705899d2858d7572ef0fe59a6b6454b4?s=96&d=mm&r=g\",\"caption\":\"Canal Dana\"},\"url\":\"https:\\\/\\\/dana.com.br\\\/canaldana\\\/author\\\/cdeditor\\\/\"}]}<\/script>\n<!-- \/ Yoast SEO plugin. -->","yoast_head_json":{"title":"Translocave estreia nova frota IVECO BUS em Lucas do Rio Verde (MT) - Canal Dana","robots":{"index":"index","follow":"follow","max-snippet":"max-snippet:-1","max-image-preview":"max-image-preview:large","max-video-preview":"max-video-preview:-1"},"canonical":"https:\/\/dana.com.br\/canaldana\/2025\/01\/28\/translocave-estreia-nova-frota-iveco-bus-em-lucas-do-rio-verde-mt\/","og_locale":"pt_BR","og_type":"article","og_title":"Translocave estreia nova frota IVECO BUS em Lucas do Rio Verde (MT) - Canal Dana","og_description":"Truck &amp; Bus Builder Am\u00e9rica do Sul &nbsp; Desde 1\u00ba de janeiro, usu\u00e1rios do transporte coletivo de Lucas do Rio Verde, em Mato Grosso, s\u00e3o atendidos por uma nova frota de \u00f4nibus produzidos pela IVECO BUS. Ao todo foram fornecidos 20 novos BUS 17-280 para a Translocave, empresa que j\u00e1 era cliente da marca e\u2026 Leia mais \u00bb","og_url":"https:\/\/dana.com.br\/canaldana\/2025\/01\/28\/translocave-estreia-nova-frota-iveco-bus-em-lucas-do-rio-verde-mt\/","og_site_name":"Canal Dana","article_published_time":"2025-01-28T11:09:28+00:00","author":"Canal Dana","twitter_card":"summary_large_image","twitter_misc":{"Escrito por":"Canal Dana","Est. tempo de leitura":"3 minutos"},"schema":{"@context":"https:\/\/schema.org","@graph":[{"@type":"Article","@id":"https:\/\/dana.com.br\/canaldana\/2025\/01\/28\/translocave-estreia-nova-frota-iveco-bus-em-lucas-do-rio-verde-mt\/#article","isPartOf":{"@id":"https:\/\/dana.com.br\/canaldana\/2025\/01\/28\/translocave-estreia-nova-frota-iveco-bus-em-lucas-do-rio-verde-mt\/"},"author":{"name":"Canal Dana","@id":"https:\/\/dana.com.br\/canaldana\/#\/schema\/person\/3c21f22f56fcf3bc46b94bc60ea4fef6"},"headline":"Translocave estreia nova frota IVECO BUS em Lucas do Rio Verde (MT)","datePublished":"2025-01-28T11:09:28+00:00","mainEntityOfPage":{"@id":"https:\/\/dana.com.br\/canaldana\/2025\/01\/28\/translocave-estreia-nova-frota-iveco-bus-em-lucas-do-rio-verde-mt\/"},"wordCount":545,"articleSection":["Mercado"],"inLanguage":"pt-BR"},{"@type":"WebPage","@id":"https:\/\/dana.com.br\/canaldana\/2025\/01\/28\/translocave-estreia-nova-frota-iveco-bus-em-lucas-do-rio-verde-mt\/","url":"https:\/\/dana.com.br\/canaldana\/2025\/01\/28\/translocave-estreia-nova-frota-iveco-bus-em-lucas-do-rio-verde-mt\/","name":"Translocave estreia nova frota IVECO BUS em Lucas do Rio Verde (MT) - Canal Dana","isPartOf":{"@id":"https:\/\/dana.com.br\/canaldana\/#website"},"datePublished":"2025-01-28T11:09:28+00:00","author":{"@id":"https:\/\/dana.com.br\/canaldana\/#\/schema\/person\/3c21f22f56fcf3bc46b94bc60ea4fef6"},"breadcrumb":{"@id":"https:\/\/dana.com.br\/canaldana\/2025\/01\/28\/translocave-estreia-nova-frota-iveco-bus-em-lucas-do-rio-verde-mt\/#breadcrumb"},"inLanguage":"pt-BR","potentialAction":[{"@type":"ReadAction","target":["https:\/\/dana.com.br\/canaldana\/2025\/01\/28\/translocave-estreia-nova-frota-iveco-bus-em-lucas-do-rio-verde-mt\/"]}]},{"@type":"BreadcrumbList","@id":"https:\/\/dana.com.br\/canaldana\/2025\/01\/28\/translocave-estreia-nova-frota-iveco-bus-em-lucas-do-rio-verde-mt\/#breadcrumb","itemListElement":[{"@type":"ListItem","position":1,"name":"Home","item":"https:\/\/dana.com.br\/canaldana\/"},{"@type":"ListItem","position":2,"name":"Mercado","item":"https:\/\/dana.com.br\/canaldana\/mercado\/"},{"@type":"ListItem","position":3,"name":"Translocave estreia nova frota IVECO BUS em Lucas do Rio Verde (MT)"}]},{"@type":"WebSite","@id":"https:\/\/dana.com.br\/canaldana\/#website","url":"https:\/\/dana.com.br\/canaldana\/","name":"Canal Dana","description":"Informativo com as principais not\u00edcias da ind\u00fastria automotiva","potentialAction":[{"@type":"SearchAction","target":{"@type":"EntryPoint","urlTemplate":"https:\/\/dana.com.br\/canaldana\/?s={search_term_string}"},"query-input":{"@type":"PropertyValueSpecification","valueRequired":true,"valueName":"search_term_string"}}],"inLanguage":"pt-BR"},{"@type":"Person","@id":"https:\/\/dana.com.br\/canaldana\/#\/schema\/person\/3c21f22f56fcf3bc46b94bc60ea4fef6","name":"Canal Dana","image":{"@type":"ImageObject","inLanguage":"pt-BR","@id":"https:\/\/secure.gravatar.com\/avatar\/420aaf9278582877d9018637c6817617705899d2858d7572ef0fe59a6b6454b4?s=96&d=mm&r=g","url":"https:\/\/secure.gravatar.com\/avatar\/420aaf9278582877d9018637c6817617705899d2858d7572ef0fe59a6b6454b4?s=96&d=mm&r=g","contentUrl":"https:\/\/secure.gravatar.com\/avatar\/420aaf9278582877d9018637c6817617705899d2858d7572ef0fe59a6b6454b4?s=96&d=mm&r=g","caption":"Canal Dana"},"url":"https:\/\/dana.com.br\/canaldana\/author\/cdeditor\/"}]}},"_links":{"self":[{"href":"https:\/\/dana.com.br\/canaldana\/wp-json\/wp\/v2\/posts\/79269","targetHints":{"allow":["GET"]}}],"collection":[{"href":"https:\/\/dana.com.br\/canaldana\/wp-json\/wp\/v2\/posts"}],"about":[{"href":"https:\/\/dana.com.br\/canaldana\/wp-json\/wp\/v2\/types\/post"}],"author":[{"embeddable":true,"href":"https:\/\/dana.com.br\/canaldana\/wp-json\/wp\/v2\/users\/3"}],"replies":[{"embeddable":true,"href":"https:\/\/dana.com.br\/canaldana\/wp-json\/wp\/v2\/comments?post=79269"}],"version-history":[{"count":1,"href":"https:\/\/dana.com.br\/canaldana\/wp-json\/wp\/v2\/posts\/79269\/revisions"}],"predecessor-version":[{"id":79270,"href":"https:\/\/dana.com.br\/canaldana\/wp-json\/wp\/v2\/posts\/79269\/revisions\/79270"}],"wp:attachment":[{"href":"https:\/\/dana.com.br\/canaldana\/wp-json\/wp\/v2\/media?parent=79269"}],"wp:term":[{"taxonomy":"category","embeddable":true,"href":"https:\/\/dana.com.br\/canaldana\/wp-json\/wp\/v2\/categories?post=79269"},{"taxonomy":"post_tag","embeddable":true,"href":"https:\/\/dana.com.br\/canaldana\/wp-json\/wp\/v2\/tags?post=79269"}],"curies":[{"name":"wp","href":"https:\/\/api.w.org\/{rel}","templated":true}]}}