{"id":79267,"date":"2025-01-28T08:08:58","date_gmt":"2025-01-28T11:08:58","guid":{"rendered":"https:\/\/dana.com.br\/canaldana\/?p=79267"},"modified":"2025-01-28T08:08:58","modified_gmt":"2025-01-28T11:08:58","slug":"iberfrut-e-o-primeiro-cliente-a-adquirir-o-novo-caminhao-leve-accelo-1117-no-brasil","status":"publish","type":"post","link":"https:\/\/dana.com.br\/canaldana\/2025\/01\/28\/iberfrut-e-o-primeiro-cliente-a-adquirir-o-novo-caminhao-leve-accelo-1117-no-brasil\/","title":{"rendered":"Iberfrut \u00e9 o primeiro cliente a adquirir o novo caminh\u00e3o leve Accelo 1117 no Brasil"},"content":{"rendered":"<p><em>Truck &amp; Bus Builder Am\u00e9rica do Sul<\/em><\/p>\n<p>&nbsp;<\/p>\n<p>A Iberfrut, fornecedora de hortifrutigranjeiros com 50 anos de atua\u00e7\u00e3o no Rio de Janeiro, \u00e9 a primeira empresa a adquirir o novo caminh\u00e3o leve Mercedes-Benz 1117, lan\u00e7ado na Fenatran 2024, em novembro. O modelo \u00e9 uma grande novidade do portf\u00f3lio 2025 da fabricante para o segmento de caminh\u00f5es leves e m\u00e9dios e marca a entrada no segmento de caminh\u00f5es m\u00e9dios com 11 toneladas de PBT.<\/p>\n<p>&nbsp;<\/p>\n<p>O novo e moderno design re\u00fane detalhes futuristas e cl\u00e1ssicos. O Accelo \u00e9 o primeiro caminh\u00e3o com uma identidade visual que segue as linhas do novo Actros L e do caminh\u00e3o el\u00e9trico eActros, que foram atra\u00e7\u00f5es da Mercedes-Benz no sal\u00e3o IAA 2024 na Alemanha.<\/p>\n<p>&nbsp;<\/p>\n<p>O visual \u00e9 clean. J\u00e1 a grade dianteira preta refor\u00e7a a tradi\u00e7\u00e3o e a confian\u00e7a que a marca conquistou no Brasil. Assim, os engenheiros da Empresa juntaram a atual linha futurista de design da Mercedes-Benz com o passado glorioso de \u00edcones da marca no Brasil, como os cl\u00e1ssicos L 1113 e L 608.<\/p>\n<p>&nbsp;<\/p>\n<p>\u201cFiquei encantado com o novo Accelo 1117 e imediatamente fechei neg\u00f3cio com a Rio Diesel no pr\u00f3prio evento. O ve\u00edculo foi encarro\u00e7ado, adesivado e entrou em opera\u00e7\u00e3o neste m\u00eas de janeiro\u201d, destaca Virg\u00edlio Cardoso Diniz, diretor da Iberfruit. O cliente relata que trabalha com caminh\u00f5es Mercedes-Benz h\u00e1 30 anos, possuindo atualmente mais de 20 ve\u00edculos Accelo Euro 6, entre modelos 817 e 1017, para atendimento a clientes da Regi\u00e3o Metropolitana, oce\u00e2nica e interior fluminense.<\/p>\n<p>&nbsp;<\/p>\n<p><strong>Novo Accelo se destaca pelo design e mais capacidade de carga<\/strong><\/p>\n<p>&nbsp;<\/p>\n<p>\u201cEles chegam ao mercado com um in\u00e9dito design futurista e moderno, mais capacidade de carga e novos modelos, al\u00e9m de diversas novidades em termos de tecnologia e configura\u00e7\u00f5es\u201d, diz Jefferson Ferrarez. \u201cEssa robusta renova\u00e7\u00e3o coincide com a recente marca de 20 anos de sucesso dessa fam\u00edlia de caminh\u00f5es no mercado brasileiro\u201d.<\/p>\n<p>&nbsp;<\/p>\n<p>Os novos modelos Accelo 917, 1117 e 1417 6\u00d72 passam a atender as faixas de PBT de 9, 11 e 14 toneladas, resultando num ganho de at\u00e9 1,2 tonelada de capacidade de carga. Al\u00e9m disso,<\/p>\n<p>&nbsp;<\/p>\n<p>Al\u00e9m da est\u00e9tica, o novo painel frontal da cabina, a grade dianteira, o para-choque e a saia dianteira trazem vantagens operacionais aos clientes. O menor n\u00famero de pe\u00e7as, a maioria em material pl\u00e1stico de grande resist\u00eancia e maleabilidade, resulta em menor peso e maior durabilidade. Tamb\u00e9m h\u00e1 menor demanda de itens de manuten\u00e7\u00e3o, ideal para a aplica\u00e7\u00e3o urbana.<\/p>\n<p>&nbsp;<\/p>\n<p>Al\u00e9m de evidenciar com eleg\u00e2ncia o design do novo Accelo, o conjunto \u00f3ptico em LED aumenta a seguran\u00e7a. Ele oferece maior efici\u00eancia de ilumina\u00e7\u00e3o e vida \u00fatil at\u00e9 30% maior em rela\u00e7\u00e3o \u00e0s l\u00e2mpadas hal\u00f3genas. Isso diminui a manuten\u00e7\u00e3o, reduzindo custos para o cliente.<\/p>\n<p>&nbsp;<\/p>\n<p>Outro grande destaque \u00e9 o motor Mercedes-Benz OM 924 LA, que mant\u00e9m assim um elevado n\u00edvel de desempenho com pot\u00eancia de 163 cv e torque m\u00e1ximo de 610 Nm. Esse motor \u00e9 robusto e resistente, sendo o mesmo, ali\u00e1s, aplicado no Atego de 17 toneladas de PBT. Ele recebeu um novo mapa de inje\u00e7\u00e3o e otimiza\u00e7\u00f5es no sistema de gerenciamento do p\u00f3s-tratamento e, como resultado, teve um ganho de at\u00e9 3% de economia de combust\u00edvel, dependendo da aplica\u00e7\u00e3o. Ainda no que se refere ao trem de for\u00e7a, o c\u00e2mbio manual Eaton de 6 marchas e o c\u00e2mbio automatizado G90 de 6 marchas Powershift 3 maximizam o desempenho, a economia e a produtividade do ve\u00edculo.<\/p>\n<p>&nbsp;<\/p>\n<p>A cabina do novo Accelo continua a ser oferecida em duas vers\u00f5es: Curta e Estendida. Ambas asseguram excelente conforto e ergonomia, dando op\u00e7\u00e3o de escolha para o cliente de acordo com sua aplica\u00e7\u00e3o. O interior da cabina, reafirmando o seu conceito home office, se destaca pelo conforto e tamb\u00e9m pela praticidade, a fim de garantir uma melhor experi\u00eancia ao motorista.<\/p>\n<p>&nbsp;<\/p>\n<p><strong>Atendimento a 250 clientes por dia<\/strong><\/p>\n<p>&nbsp;<\/p>\n<p>Com mais de 250 clientes atendidos diariamente, a Iberfrut, com sede no CEASA no bairro de Iraj\u00e1, no Rio de Janeiro, \u00e9 uma empresa especializada no fornecimento de hortifrutigranjeiros para hot\u00e9is, resorts, restaurantes, fast-foods, hospitais, cozinhas industriais, escolas, creches, clubes, casas de festas e outros estabelecimentos.<\/p>\n<p>&nbsp;<\/p>\n<p>H\u00e1 mais de 50 anos no mercado, a Iberfrut come\u00e7ou como um neg\u00f3cio familiar e hoje conta com frota pr\u00f3pria e moderna, estrutura refrigerada com quatro c\u00e2maras modulares de \u00faltima gera\u00e7\u00e3o e packing house para frutas, legumes e congelados. (Truck &amp; Bus Builder Am\u00e9rica do Sul)<\/p>\n","protected":false},"excerpt":{"rendered":"<p>Truck &amp; Bus Builder Am\u00e9rica do Sul &nbsp; A Iberfrut, fornecedora de hortifrutigranjeiros com 50 anos de atua\u00e7\u00e3o no Rio de Janeiro, \u00e9 a primeira empresa a adquirir o novo caminh\u00e3o leve Mercedes-Benz 1117, lan\u00e7ado na Fenatran 2024, em novembro. O modelo \u00e9 uma grande novidade do portf\u00f3lio 2025 da fabricante para o segmento de\u2026 <a class=\"readmore\" href=\"https:\/\/dana.com.br\/canaldana\/2025\/01\/28\/iberfrut-e-o-primeiro-cliente-a-adquirir-o-novo-caminhao-leve-accelo-1117-no-brasil\/\">Leia mais \u00bb<\/a><\/p>\n","protected":false},"author":3,"featured_media":0,"comment_status":"closed","ping_status":"closed","sticky":false,"template":"","format":"standard","meta":{"_acf_changed":false,"footnotes":""},"categories":[79],"tags":[],"class_list":["post-79267","post","type-post","status-publish","format-standard","hentry","category-mercado"],"acf":[],"yoast_head":"<!-- This site is optimized with the Yoast SEO plugin v27.3 - https:\/\/yoast.com\/product\/yoast-seo-wordpress\/ -->\n<title>Iberfrut \u00e9 o primeiro cliente a adquirir o novo caminh\u00e3o leve Accelo 1117 no Brasil - Canal Dana<\/title>\n<meta name=\"robots\" content=\"index, follow, max-snippet:-1, max-image-preview:large, max-video-preview:-1\" \/>\n<link rel=\"canonical\" href=\"https:\/\/dana.com.br\/canaldana\/2025\/01\/28\/iberfrut-e-o-primeiro-cliente-a-adquirir-o-novo-caminhao-leve-accelo-1117-no-brasil\/\" \/>\n<meta property=\"og:locale\" content=\"pt_BR\" \/>\n<meta property=\"og:type\" content=\"article\" \/>\n<meta property=\"og:title\" content=\"Iberfrut \u00e9 o primeiro cliente a adquirir o novo caminh\u00e3o leve Accelo 1117 no Brasil - Canal Dana\" \/>\n<meta property=\"og:description\" content=\"Truck &amp; Bus Builder Am\u00e9rica do Sul &nbsp; A Iberfrut, fornecedora de hortifrutigranjeiros com 50 anos de atua\u00e7\u00e3o no Rio de Janeiro, \u00e9 a primeira empresa a adquirir o novo caminh\u00e3o leve Mercedes-Benz 1117, lan\u00e7ado na Fenatran 2024, em novembro. O modelo \u00e9 uma grande novidade do portf\u00f3lio 2025 da fabricante para o segmento de\u2026 Leia mais \u00bb\" \/>\n<meta property=\"og:url\" content=\"https:\/\/dana.com.br\/canaldana\/2025\/01\/28\/iberfrut-e-o-primeiro-cliente-a-adquirir-o-novo-caminhao-leve-accelo-1117-no-brasil\/\" \/>\n<meta property=\"og:site_name\" content=\"Canal Dana\" \/>\n<meta property=\"article:published_time\" content=\"2025-01-28T11:08:58+00:00\" \/>\n<meta name=\"author\" content=\"Canal Dana\" \/>\n<meta name=\"twitter:card\" content=\"summary_large_image\" \/>\n<meta name=\"twitter:label1\" content=\"Escrito por\" \/>\n\t<meta name=\"twitter:data1\" content=\"Canal Dana\" \/>\n\t<meta name=\"twitter:label2\" content=\"Est. tempo de leitura\" \/>\n\t<meta name=\"twitter:data2\" content=\"4 minutos\" \/>\n<script type=\"application\/ld+json\" class=\"yoast-schema-graph\">{\"@context\":\"https:\\\/\\\/schema.org\",\"@graph\":[{\"@type\":\"Article\",\"@id\":\"https:\\\/\\\/dana.com.br\\\/canaldana\\\/2025\\\/01\\\/28\\\/iberfrut-e-o-primeiro-cliente-a-adquirir-o-novo-caminhao-leve-accelo-1117-no-brasil\\\/#article\",\"isPartOf\":{\"@id\":\"https:\\\/\\\/dana.com.br\\\/canaldana\\\/2025\\\/01\\\/28\\\/iberfrut-e-o-primeiro-cliente-a-adquirir-o-novo-caminhao-leve-accelo-1117-no-brasil\\\/\"},\"author\":{\"name\":\"Canal Dana\",\"@id\":\"https:\\\/\\\/dana.com.br\\\/canaldana\\\/#\\\/schema\\\/person\\\/3c21f22f56fcf3bc46b94bc60ea4fef6\"},\"headline\":\"Iberfrut \u00e9 o primeiro cliente a adquirir o novo caminh\u00e3o leve Accelo 1117 no Brasil\",\"datePublished\":\"2025-01-28T11:08:58+00:00\",\"mainEntityOfPage\":{\"@id\":\"https:\\\/\\\/dana.com.br\\\/canaldana\\\/2025\\\/01\\\/28\\\/iberfrut-e-o-primeiro-cliente-a-adquirir-o-novo-caminhao-leve-accelo-1117-no-brasil\\\/\"},\"wordCount\":782,\"articleSection\":[\"Mercado\"],\"inLanguage\":\"pt-BR\"},{\"@type\":\"WebPage\",\"@id\":\"https:\\\/\\\/dana.com.br\\\/canaldana\\\/2025\\\/01\\\/28\\\/iberfrut-e-o-primeiro-cliente-a-adquirir-o-novo-caminhao-leve-accelo-1117-no-brasil\\\/\",\"url\":\"https:\\\/\\\/dana.com.br\\\/canaldana\\\/2025\\\/01\\\/28\\\/iberfrut-e-o-primeiro-cliente-a-adquirir-o-novo-caminhao-leve-accelo-1117-no-brasil\\\/\",\"name\":\"Iberfrut \u00e9 o primeiro cliente a adquirir o novo caminh\u00e3o leve Accelo 1117 no Brasil - Canal Dana\",\"isPartOf\":{\"@id\":\"https:\\\/\\\/dana.com.br\\\/canaldana\\\/#website\"},\"datePublished\":\"2025-01-28T11:08:58+00:00\",\"author\":{\"@id\":\"https:\\\/\\\/dana.com.br\\\/canaldana\\\/#\\\/schema\\\/person\\\/3c21f22f56fcf3bc46b94bc60ea4fef6\"},\"breadcrumb\":{\"@id\":\"https:\\\/\\\/dana.com.br\\\/canaldana\\\/2025\\\/01\\\/28\\\/iberfrut-e-o-primeiro-cliente-a-adquirir-o-novo-caminhao-leve-accelo-1117-no-brasil\\\/#breadcrumb\"},\"inLanguage\":\"pt-BR\",\"potentialAction\":[{\"@type\":\"ReadAction\",\"target\":[\"https:\\\/\\\/dana.com.br\\\/canaldana\\\/2025\\\/01\\\/28\\\/iberfrut-e-o-primeiro-cliente-a-adquirir-o-novo-caminhao-leve-accelo-1117-no-brasil\\\/\"]}]},{\"@type\":\"BreadcrumbList\",\"@id\":\"https:\\\/\\\/dana.com.br\\\/canaldana\\\/2025\\\/01\\\/28\\\/iberfrut-e-o-primeiro-cliente-a-adquirir-o-novo-caminhao-leve-accelo-1117-no-brasil\\\/#breadcrumb\",\"itemListElement\":[{\"@type\":\"ListItem\",\"position\":1,\"name\":\"Home\",\"item\":\"https:\\\/\\\/dana.com.br\\\/canaldana\\\/\"},{\"@type\":\"ListItem\",\"position\":2,\"name\":\"Mercado\",\"item\":\"https:\\\/\\\/dana.com.br\\\/canaldana\\\/mercado\\\/\"},{\"@type\":\"ListItem\",\"position\":3,\"name\":\"Iberfrut \u00e9 o primeiro cliente a adquirir o novo caminh\u00e3o leve Accelo 1117 no Brasil\"}]},{\"@type\":\"WebSite\",\"@id\":\"https:\\\/\\\/dana.com.br\\\/canaldana\\\/#website\",\"url\":\"https:\\\/\\\/dana.com.br\\\/canaldana\\\/\",\"name\":\"Canal Dana\",\"description\":\"Informativo com as principais not\u00edcias da ind\u00fastria automotiva\",\"potentialAction\":[{\"@type\":\"SearchAction\",\"target\":{\"@type\":\"EntryPoint\",\"urlTemplate\":\"https:\\\/\\\/dana.com.br\\\/canaldana\\\/?s={search_term_string}\"},\"query-input\":{\"@type\":\"PropertyValueSpecification\",\"valueRequired\":true,\"valueName\":\"search_term_string\"}}],\"inLanguage\":\"pt-BR\"},{\"@type\":\"Person\",\"@id\":\"https:\\\/\\\/dana.com.br\\\/canaldana\\\/#\\\/schema\\\/person\\\/3c21f22f56fcf3bc46b94bc60ea4fef6\",\"name\":\"Canal Dana\",\"image\":{\"@type\":\"ImageObject\",\"inLanguage\":\"pt-BR\",\"@id\":\"https:\\\/\\\/secure.gravatar.com\\\/avatar\\\/420aaf9278582877d9018637c6817617705899d2858d7572ef0fe59a6b6454b4?s=96&d=mm&r=g\",\"url\":\"https:\\\/\\\/secure.gravatar.com\\\/avatar\\\/420aaf9278582877d9018637c6817617705899d2858d7572ef0fe59a6b6454b4?s=96&d=mm&r=g\",\"contentUrl\":\"https:\\\/\\\/secure.gravatar.com\\\/avatar\\\/420aaf9278582877d9018637c6817617705899d2858d7572ef0fe59a6b6454b4?s=96&d=mm&r=g\",\"caption\":\"Canal Dana\"},\"url\":\"https:\\\/\\\/dana.com.br\\\/canaldana\\\/author\\\/cdeditor\\\/\"}]}<\/script>\n<!-- \/ Yoast SEO plugin. -->","yoast_head_json":{"title":"Iberfrut \u00e9 o primeiro cliente a adquirir o novo caminh\u00e3o leve Accelo 1117 no Brasil - Canal Dana","robots":{"index":"index","follow":"follow","max-snippet":"max-snippet:-1","max-image-preview":"max-image-preview:large","max-video-preview":"max-video-preview:-1"},"canonical":"https:\/\/dana.com.br\/canaldana\/2025\/01\/28\/iberfrut-e-o-primeiro-cliente-a-adquirir-o-novo-caminhao-leve-accelo-1117-no-brasil\/","og_locale":"pt_BR","og_type":"article","og_title":"Iberfrut \u00e9 o primeiro cliente a adquirir o novo caminh\u00e3o leve Accelo 1117 no Brasil - Canal Dana","og_description":"Truck &amp; Bus Builder Am\u00e9rica do Sul &nbsp; A Iberfrut, fornecedora de hortifrutigranjeiros com 50 anos de atua\u00e7\u00e3o no Rio de Janeiro, \u00e9 a primeira empresa a adquirir o novo caminh\u00e3o leve Mercedes-Benz 1117, lan\u00e7ado na Fenatran 2024, em novembro. O modelo \u00e9 uma grande novidade do portf\u00f3lio 2025 da fabricante para o segmento de\u2026 Leia mais \u00bb","og_url":"https:\/\/dana.com.br\/canaldana\/2025\/01\/28\/iberfrut-e-o-primeiro-cliente-a-adquirir-o-novo-caminhao-leve-accelo-1117-no-brasil\/","og_site_name":"Canal Dana","article_published_time":"2025-01-28T11:08:58+00:00","author":"Canal Dana","twitter_card":"summary_large_image","twitter_misc":{"Escrito por":"Canal Dana","Est. tempo de leitura":"4 minutos"},"schema":{"@context":"https:\/\/schema.org","@graph":[{"@type":"Article","@id":"https:\/\/dana.com.br\/canaldana\/2025\/01\/28\/iberfrut-e-o-primeiro-cliente-a-adquirir-o-novo-caminhao-leve-accelo-1117-no-brasil\/#article","isPartOf":{"@id":"https:\/\/dana.com.br\/canaldana\/2025\/01\/28\/iberfrut-e-o-primeiro-cliente-a-adquirir-o-novo-caminhao-leve-accelo-1117-no-brasil\/"},"author":{"name":"Canal Dana","@id":"https:\/\/dana.com.br\/canaldana\/#\/schema\/person\/3c21f22f56fcf3bc46b94bc60ea4fef6"},"headline":"Iberfrut \u00e9 o primeiro cliente a adquirir o novo caminh\u00e3o leve Accelo 1117 no Brasil","datePublished":"2025-01-28T11:08:58+00:00","mainEntityOfPage":{"@id":"https:\/\/dana.com.br\/canaldana\/2025\/01\/28\/iberfrut-e-o-primeiro-cliente-a-adquirir-o-novo-caminhao-leve-accelo-1117-no-brasil\/"},"wordCount":782,"articleSection":["Mercado"],"inLanguage":"pt-BR"},{"@type":"WebPage","@id":"https:\/\/dana.com.br\/canaldana\/2025\/01\/28\/iberfrut-e-o-primeiro-cliente-a-adquirir-o-novo-caminhao-leve-accelo-1117-no-brasil\/","url":"https:\/\/dana.com.br\/canaldana\/2025\/01\/28\/iberfrut-e-o-primeiro-cliente-a-adquirir-o-novo-caminhao-leve-accelo-1117-no-brasil\/","name":"Iberfrut \u00e9 o primeiro cliente a adquirir o novo caminh\u00e3o leve Accelo 1117 no Brasil - Canal Dana","isPartOf":{"@id":"https:\/\/dana.com.br\/canaldana\/#website"},"datePublished":"2025-01-28T11:08:58+00:00","author":{"@id":"https:\/\/dana.com.br\/canaldana\/#\/schema\/person\/3c21f22f56fcf3bc46b94bc60ea4fef6"},"breadcrumb":{"@id":"https:\/\/dana.com.br\/canaldana\/2025\/01\/28\/iberfrut-e-o-primeiro-cliente-a-adquirir-o-novo-caminhao-leve-accelo-1117-no-brasil\/#breadcrumb"},"inLanguage":"pt-BR","potentialAction":[{"@type":"ReadAction","target":["https:\/\/dana.com.br\/canaldana\/2025\/01\/28\/iberfrut-e-o-primeiro-cliente-a-adquirir-o-novo-caminhao-leve-accelo-1117-no-brasil\/"]}]},{"@type":"BreadcrumbList","@id":"https:\/\/dana.com.br\/canaldana\/2025\/01\/28\/iberfrut-e-o-primeiro-cliente-a-adquirir-o-novo-caminhao-leve-accelo-1117-no-brasil\/#breadcrumb","itemListElement":[{"@type":"ListItem","position":1,"name":"Home","item":"https:\/\/dana.com.br\/canaldana\/"},{"@type":"ListItem","position":2,"name":"Mercado","item":"https:\/\/dana.com.br\/canaldana\/mercado\/"},{"@type":"ListItem","position":3,"name":"Iberfrut \u00e9 o primeiro cliente a adquirir o novo caminh\u00e3o leve Accelo 1117 no Brasil"}]},{"@type":"WebSite","@id":"https:\/\/dana.com.br\/canaldana\/#website","url":"https:\/\/dana.com.br\/canaldana\/","name":"Canal Dana","description":"Informativo com as principais not\u00edcias da ind\u00fastria automotiva","potentialAction":[{"@type":"SearchAction","target":{"@type":"EntryPoint","urlTemplate":"https:\/\/dana.com.br\/canaldana\/?s={search_term_string}"},"query-input":{"@type":"PropertyValueSpecification","valueRequired":true,"valueName":"search_term_string"}}],"inLanguage":"pt-BR"},{"@type":"Person","@id":"https:\/\/dana.com.br\/canaldana\/#\/schema\/person\/3c21f22f56fcf3bc46b94bc60ea4fef6","name":"Canal Dana","image":{"@type":"ImageObject","inLanguage":"pt-BR","@id":"https:\/\/secure.gravatar.com\/avatar\/420aaf9278582877d9018637c6817617705899d2858d7572ef0fe59a6b6454b4?s=96&d=mm&r=g","url":"https:\/\/secure.gravatar.com\/avatar\/420aaf9278582877d9018637c6817617705899d2858d7572ef0fe59a6b6454b4?s=96&d=mm&r=g","contentUrl":"https:\/\/secure.gravatar.com\/avatar\/420aaf9278582877d9018637c6817617705899d2858d7572ef0fe59a6b6454b4?s=96&d=mm&r=g","caption":"Canal Dana"},"url":"https:\/\/dana.com.br\/canaldana\/author\/cdeditor\/"}]}},"_links":{"self":[{"href":"https:\/\/dana.com.br\/canaldana\/wp-json\/wp\/v2\/posts\/79267","targetHints":{"allow":["GET"]}}],"collection":[{"href":"https:\/\/dana.com.br\/canaldana\/wp-json\/wp\/v2\/posts"}],"about":[{"href":"https:\/\/dana.com.br\/canaldana\/wp-json\/wp\/v2\/types\/post"}],"author":[{"embeddable":true,"href":"https:\/\/dana.com.br\/canaldana\/wp-json\/wp\/v2\/users\/3"}],"replies":[{"embeddable":true,"href":"https:\/\/dana.com.br\/canaldana\/wp-json\/wp\/v2\/comments?post=79267"}],"version-history":[{"count":1,"href":"https:\/\/dana.com.br\/canaldana\/wp-json\/wp\/v2\/posts\/79267\/revisions"}],"predecessor-version":[{"id":79268,"href":"https:\/\/dana.com.br\/canaldana\/wp-json\/wp\/v2\/posts\/79267\/revisions\/79268"}],"wp:attachment":[{"href":"https:\/\/dana.com.br\/canaldana\/wp-json\/wp\/v2\/media?parent=79267"}],"wp:term":[{"taxonomy":"category","embeddable":true,"href":"https:\/\/dana.com.br\/canaldana\/wp-json\/wp\/v2\/categories?post=79267"},{"taxonomy":"post_tag","embeddable":true,"href":"https:\/\/dana.com.br\/canaldana\/wp-json\/wp\/v2\/tags?post=79267"}],"curies":[{"name":"wp","href":"https:\/\/api.w.org\/{rel}","templated":true}]}}