{"id":79123,"date":"2025-01-22T08:21:39","date_gmt":"2025-01-22T11:21:39","guid":{"rendered":"https:\/\/dana.com.br\/canaldana\/?p=79123"},"modified":"2025-01-22T08:21:39","modified_gmt":"2025-01-22T11:21:39","slug":"onibus-e-o-meio-de-transporte-mais-utilizado-pelos-brasileiros-para-ir-ao-trabalho-diz-pesquisa","status":"publish","type":"post","link":"https:\/\/dana.com.br\/canaldana\/2025\/01\/22\/onibus-e-o-meio-de-transporte-mais-utilizado-pelos-brasileiros-para-ir-ao-trabalho-diz-pesquisa\/","title":{"rendered":"\u00d4nibus \u00e9 o meio de transporte mais utilizado pelos brasileiros para ir ao trabalho, diz pesquisa"},"content":{"rendered":"<p><em>Portal Technibus<\/em><\/p>\n<p>&nbsp;<\/p>\n<p>Uma pesquisa com abrang\u00eancia nacional feita pela Ticket e RB, plataforma especializada na gest\u00e3o de vale-transporte que foi adquirida pela Edenred, com cerca de quatro mil pessoas, revelou que o \u00f4nibus \u00e9 o meio de transporte mais utilizado pelos brasileiros para se deslocar at\u00e9 o trabalho, citado por 35% dos respondentes. Na sequ\u00eancia, aparecem o carro particular, com 30% das men\u00e7\u00f5es, e a motocicleta, com 11%. Tamb\u00e9m foram mencionados os transportes sobre trilhos (trem e metr\u00f4), com 8%, carros de aplicativo (4%), bicicleta (3%) e outras op\u00e7\u00f5es (9%).<\/p>\n<p>&nbsp;<\/p>\n<p>Entre os homens que participaram da pesquisa, \u00f4nibus e carro particular empatam, cada um sendo citado por 32% das pessoas. Em terceiro aparece a motocicleta, com 14%. J\u00e1 entre as mulheres, a diferen\u00e7a de quem utiliza o \u00f4nibus (39%) para quem se desloca com carro particular (28%), os dois primeiros no ranking, \u00e9 de 11 pontos percentuais. Entre o p\u00fablico feminino, trem e metr\u00f4 ficaram na terceira posi\u00e7\u00e3o, com 10% das men\u00e7\u00f5es.<\/p>\n<p>&nbsp;<\/p>\n<p>No recorte por regi\u00e3o, o Sul se destacou por ser a \u00fanica localidade onde o carro particular \u00e9 o mais utilizado pelas pessoas para ir ao trabalho (36%), e \u00e9 a regi\u00e3o em que os trabalhadores mais utilizam a bicicleta (4,5%). No Centro-Oeste, Nordeste e Norte, o \u00f4nibus ocupa a primeira posi\u00e7\u00e3o com folga das demais op\u00e7\u00f5es, sendo citadas por 41%, 41% e 43%, respectivamente.<\/p>\n<p>&nbsp;<\/p>\n<p>Norte e Nordeste s\u00e3o as regi\u00f5es em que as pessoas mais utilizam motocicleta, com 19% das men\u00e7\u00f5es em ambas, e onde os trabalhadores menos usam carro particular, op\u00e7\u00e3o citada por apenas 21% nas duas regi\u00f5es. O Sudeste, por sua vez, se destacou como o local em que as pessoas mais utilizam trem e metr\u00f4 (13%) e por apresentar empate entre o carro particular e o \u00f4nibus (31,5%).<\/p>\n<p>&nbsp;<\/p>\n<p>\u201cEm grandes centros urbanos, como os da regi\u00e3o Sudeste, modais como trem e metr\u00f4 s\u00e3o fundamentais para atender \u00e0 alta demanda de trabalhadores, oferecendo alternativas r\u00e1pidas e eficientes frente ao tr\u00e2nsito intenso. Esse cen\u00e1rio refor\u00e7a o papel estrat\u00e9gico do vale-transporte na promo\u00e7\u00e3o da mobilidade urbana e na produtividade das cidades\u201d, destaca Andr\u00e9 Martins, Diretor da Unidade de Vale-transporte da Ticket.<\/p>\n<p>&nbsp;<\/p>\n<p>Em todas as regi\u00f5es, o transporte p\u00fablico se destaca como o principal meio de deslocamento, refor\u00e7ando a relev\u00e2ncia do vale-transporte como benef\u00edcio oferecido pelas empresas. Segundo a pesquisa, 74% das pessoas que utilizam transporte p\u00fablico dependem desse recurso para chegar ao trabalho.<\/p>\n<p>&nbsp;<\/p>\n<p>Quando questionados sobre o principal motivo que as levam a escolher determinado meio de transporte, 27% responderam que \u00e9 o \u00fanico dispon\u00edvel, quanto 23% disseram que \u00e9 o mais r\u00e1pido e outros 23% que ele apresenta o melhor custo. Por fim, 18% mencionaram o conforto.<\/p>\n<p>&nbsp;<\/p>\n<p><strong>Sul tem deslocamento mais r\u00e1pido<\/strong><\/p>\n<p>&nbsp;<\/p>\n<p>A pesquisa da Ticket tamb\u00e9m questionou os trabalhadores sobre quanto tempo gastam para se deslocarem at\u00e9 o trabalho. A op\u00e7\u00e3o mais mencionada, por 37% dos respondentes, foi menos de 30 minutos. Na sequ\u00eancia, 34% das pessoas citaram o per\u00edodo de 30 minutos a uma hora, enquanto 21% disseram que levam entre uma e duas horas. Apenas 8% revelaram que gastam mais de duas horas no deslocamento.<\/p>\n<p>&nbsp;<\/p>\n<p>Na an\u00e1lise regional, os trabalhadores do Sul s\u00e3o os que menos passam tempo no trajeto at\u00e9 a empresa, j\u00e1 que quase metade deles (48%) leva menos de 30 minutos por percurso. J\u00e1 no Sudeste est\u00e1 a maior quantidade de pessoas (33%) que gastam mais de uma hora para chegar no trabalho: 24% levam de uma a duas horas 9% mais que duas horas. Enquanto isso, o Nordeste apresenta a maior porcentagem de pessoas que levam de 30 minutos a uma hora (42%). (Portal Technibus)<\/p>\n","protected":false},"excerpt":{"rendered":"<p>Portal Technibus &nbsp; Uma pesquisa com abrang\u00eancia nacional feita pela Ticket e RB, plataforma especializada na gest\u00e3o de vale-transporte que foi adquirida pela Edenred, com cerca de quatro mil pessoas, revelou que o \u00f4nibus \u00e9 o meio de transporte mais utilizado pelos brasileiros para se deslocar at\u00e9 o trabalho, citado por 35% dos respondentes. Na\u2026 <a class=\"readmore\" href=\"https:\/\/dana.com.br\/canaldana\/2025\/01\/22\/onibus-e-o-meio-de-transporte-mais-utilizado-pelos-brasileiros-para-ir-ao-trabalho-diz-pesquisa\/\">Leia mais \u00bb<\/a><\/p>\n","protected":false},"author":3,"featured_media":0,"comment_status":"closed","ping_status":"closed","sticky":false,"template":"","format":"standard","meta":{"_acf_changed":false,"footnotes":""},"categories":[79],"tags":[],"class_list":["post-79123","post","type-post","status-publish","format-standard","hentry","category-mercado"],"acf":[],"yoast_head":"<!-- This site is optimized with the Yoast SEO plugin v27.3 - https:\/\/yoast.com\/product\/yoast-seo-wordpress\/ -->\n<title>\u00d4nibus \u00e9 o meio de transporte mais utilizado pelos brasileiros para ir ao trabalho, diz pesquisa - Canal Dana<\/title>\n<meta name=\"robots\" content=\"index, follow, max-snippet:-1, max-image-preview:large, max-video-preview:-1\" \/>\n<link rel=\"canonical\" href=\"https:\/\/dana.com.br\/canaldana\/2025\/01\/22\/onibus-e-o-meio-de-transporte-mais-utilizado-pelos-brasileiros-para-ir-ao-trabalho-diz-pesquisa\/\" \/>\n<meta property=\"og:locale\" content=\"pt_BR\" \/>\n<meta property=\"og:type\" content=\"article\" \/>\n<meta property=\"og:title\" content=\"\u00d4nibus \u00e9 o meio de transporte mais utilizado pelos brasileiros para ir ao trabalho, diz pesquisa - Canal Dana\" \/>\n<meta property=\"og:description\" content=\"Portal Technibus &nbsp; Uma pesquisa com abrang\u00eancia nacional feita pela Ticket e RB, plataforma especializada na gest\u00e3o de vale-transporte que foi adquirida pela Edenred, com cerca de quatro mil pessoas, revelou que o \u00f4nibus \u00e9 o meio de transporte mais utilizado pelos brasileiros para se deslocar at\u00e9 o trabalho, citado por 35% dos respondentes. Na\u2026 Leia mais \u00bb\" \/>\n<meta property=\"og:url\" content=\"https:\/\/dana.com.br\/canaldana\/2025\/01\/22\/onibus-e-o-meio-de-transporte-mais-utilizado-pelos-brasileiros-para-ir-ao-trabalho-diz-pesquisa\/\" \/>\n<meta property=\"og:site_name\" content=\"Canal Dana\" \/>\n<meta property=\"article:published_time\" content=\"2025-01-22T11:21:39+00:00\" \/>\n<meta name=\"author\" content=\"Canal Dana\" \/>\n<meta name=\"twitter:card\" content=\"summary_large_image\" \/>\n<meta name=\"twitter:label1\" content=\"Escrito por\" \/>\n\t<meta name=\"twitter:data1\" content=\"Canal Dana\" \/>\n\t<meta name=\"twitter:label2\" content=\"Est. tempo de leitura\" \/>\n\t<meta name=\"twitter:data2\" content=\"4 minutos\" \/>\n<script type=\"application\/ld+json\" class=\"yoast-schema-graph\">{\"@context\":\"https:\\\/\\\/schema.org\",\"@graph\":[{\"@type\":\"Article\",\"@id\":\"https:\\\/\\\/dana.com.br\\\/canaldana\\\/2025\\\/01\\\/22\\\/onibus-e-o-meio-de-transporte-mais-utilizado-pelos-brasileiros-para-ir-ao-trabalho-diz-pesquisa\\\/#article\",\"isPartOf\":{\"@id\":\"https:\\\/\\\/dana.com.br\\\/canaldana\\\/2025\\\/01\\\/22\\\/onibus-e-o-meio-de-transporte-mais-utilizado-pelos-brasileiros-para-ir-ao-trabalho-diz-pesquisa\\\/\"},\"author\":{\"name\":\"Canal Dana\",\"@id\":\"https:\\\/\\\/dana.com.br\\\/canaldana\\\/#\\\/schema\\\/person\\\/3c21f22f56fcf3bc46b94bc60ea4fef6\"},\"headline\":\"\u00d4nibus \u00e9 o meio de transporte mais utilizado pelos brasileiros para ir ao trabalho, diz pesquisa\",\"datePublished\":\"2025-01-22T11:21:39+00:00\",\"mainEntityOfPage\":{\"@id\":\"https:\\\/\\\/dana.com.br\\\/canaldana\\\/2025\\\/01\\\/22\\\/onibus-e-o-meio-de-transporte-mais-utilizado-pelos-brasileiros-para-ir-ao-trabalho-diz-pesquisa\\\/\"},\"wordCount\":616,\"articleSection\":[\"Mercado\"],\"inLanguage\":\"pt-BR\"},{\"@type\":\"WebPage\",\"@id\":\"https:\\\/\\\/dana.com.br\\\/canaldana\\\/2025\\\/01\\\/22\\\/onibus-e-o-meio-de-transporte-mais-utilizado-pelos-brasileiros-para-ir-ao-trabalho-diz-pesquisa\\\/\",\"url\":\"https:\\\/\\\/dana.com.br\\\/canaldana\\\/2025\\\/01\\\/22\\\/onibus-e-o-meio-de-transporte-mais-utilizado-pelos-brasileiros-para-ir-ao-trabalho-diz-pesquisa\\\/\",\"name\":\"\u00d4nibus \u00e9 o meio de transporte mais utilizado pelos brasileiros para ir ao trabalho, diz pesquisa - Canal Dana\",\"isPartOf\":{\"@id\":\"https:\\\/\\\/dana.com.br\\\/canaldana\\\/#website\"},\"datePublished\":\"2025-01-22T11:21:39+00:00\",\"author\":{\"@id\":\"https:\\\/\\\/dana.com.br\\\/canaldana\\\/#\\\/schema\\\/person\\\/3c21f22f56fcf3bc46b94bc60ea4fef6\"},\"breadcrumb\":{\"@id\":\"https:\\\/\\\/dana.com.br\\\/canaldana\\\/2025\\\/01\\\/22\\\/onibus-e-o-meio-de-transporte-mais-utilizado-pelos-brasileiros-para-ir-ao-trabalho-diz-pesquisa\\\/#breadcrumb\"},\"inLanguage\":\"pt-BR\",\"potentialAction\":[{\"@type\":\"ReadAction\",\"target\":[\"https:\\\/\\\/dana.com.br\\\/canaldana\\\/2025\\\/01\\\/22\\\/onibus-e-o-meio-de-transporte-mais-utilizado-pelos-brasileiros-para-ir-ao-trabalho-diz-pesquisa\\\/\"]}]},{\"@type\":\"BreadcrumbList\",\"@id\":\"https:\\\/\\\/dana.com.br\\\/canaldana\\\/2025\\\/01\\\/22\\\/onibus-e-o-meio-de-transporte-mais-utilizado-pelos-brasileiros-para-ir-ao-trabalho-diz-pesquisa\\\/#breadcrumb\",\"itemListElement\":[{\"@type\":\"ListItem\",\"position\":1,\"name\":\"Home\",\"item\":\"https:\\\/\\\/dana.com.br\\\/canaldana\\\/\"},{\"@type\":\"ListItem\",\"position\":2,\"name\":\"Mercado\",\"item\":\"https:\\\/\\\/dana.com.br\\\/canaldana\\\/mercado\\\/\"},{\"@type\":\"ListItem\",\"position\":3,\"name\":\"\u00d4nibus \u00e9 o meio de transporte mais utilizado pelos brasileiros para ir ao trabalho, diz pesquisa\"}]},{\"@type\":\"WebSite\",\"@id\":\"https:\\\/\\\/dana.com.br\\\/canaldana\\\/#website\",\"url\":\"https:\\\/\\\/dana.com.br\\\/canaldana\\\/\",\"name\":\"Canal Dana\",\"description\":\"Informativo com as principais not\u00edcias da ind\u00fastria automotiva\",\"potentialAction\":[{\"@type\":\"SearchAction\",\"target\":{\"@type\":\"EntryPoint\",\"urlTemplate\":\"https:\\\/\\\/dana.com.br\\\/canaldana\\\/?s={search_term_string}\"},\"query-input\":{\"@type\":\"PropertyValueSpecification\",\"valueRequired\":true,\"valueName\":\"search_term_string\"}}],\"inLanguage\":\"pt-BR\"},{\"@type\":\"Person\",\"@id\":\"https:\\\/\\\/dana.com.br\\\/canaldana\\\/#\\\/schema\\\/person\\\/3c21f22f56fcf3bc46b94bc60ea4fef6\",\"name\":\"Canal Dana\",\"image\":{\"@type\":\"ImageObject\",\"inLanguage\":\"pt-BR\",\"@id\":\"https:\\\/\\\/secure.gravatar.com\\\/avatar\\\/420aaf9278582877d9018637c6817617705899d2858d7572ef0fe59a6b6454b4?s=96&d=mm&r=g\",\"url\":\"https:\\\/\\\/secure.gravatar.com\\\/avatar\\\/420aaf9278582877d9018637c6817617705899d2858d7572ef0fe59a6b6454b4?s=96&d=mm&r=g\",\"contentUrl\":\"https:\\\/\\\/secure.gravatar.com\\\/avatar\\\/420aaf9278582877d9018637c6817617705899d2858d7572ef0fe59a6b6454b4?s=96&d=mm&r=g\",\"caption\":\"Canal Dana\"},\"url\":\"https:\\\/\\\/dana.com.br\\\/canaldana\\\/author\\\/cdeditor\\\/\"}]}<\/script>\n<!-- \/ Yoast SEO plugin. -->","yoast_head_json":{"title":"\u00d4nibus \u00e9 o meio de transporte mais utilizado pelos brasileiros para ir ao trabalho, diz pesquisa - Canal Dana","robots":{"index":"index","follow":"follow","max-snippet":"max-snippet:-1","max-image-preview":"max-image-preview:large","max-video-preview":"max-video-preview:-1"},"canonical":"https:\/\/dana.com.br\/canaldana\/2025\/01\/22\/onibus-e-o-meio-de-transporte-mais-utilizado-pelos-brasileiros-para-ir-ao-trabalho-diz-pesquisa\/","og_locale":"pt_BR","og_type":"article","og_title":"\u00d4nibus \u00e9 o meio de transporte mais utilizado pelos brasileiros para ir ao trabalho, diz pesquisa - Canal Dana","og_description":"Portal Technibus &nbsp; Uma pesquisa com abrang\u00eancia nacional feita pela Ticket e RB, plataforma especializada na gest\u00e3o de vale-transporte que foi adquirida pela Edenred, com cerca de quatro mil pessoas, revelou que o \u00f4nibus \u00e9 o meio de transporte mais utilizado pelos brasileiros para se deslocar at\u00e9 o trabalho, citado por 35% dos respondentes. Na\u2026 Leia mais \u00bb","og_url":"https:\/\/dana.com.br\/canaldana\/2025\/01\/22\/onibus-e-o-meio-de-transporte-mais-utilizado-pelos-brasileiros-para-ir-ao-trabalho-diz-pesquisa\/","og_site_name":"Canal Dana","article_published_time":"2025-01-22T11:21:39+00:00","author":"Canal Dana","twitter_card":"summary_large_image","twitter_misc":{"Escrito por":"Canal Dana","Est. tempo de leitura":"4 minutos"},"schema":{"@context":"https:\/\/schema.org","@graph":[{"@type":"Article","@id":"https:\/\/dana.com.br\/canaldana\/2025\/01\/22\/onibus-e-o-meio-de-transporte-mais-utilizado-pelos-brasileiros-para-ir-ao-trabalho-diz-pesquisa\/#article","isPartOf":{"@id":"https:\/\/dana.com.br\/canaldana\/2025\/01\/22\/onibus-e-o-meio-de-transporte-mais-utilizado-pelos-brasileiros-para-ir-ao-trabalho-diz-pesquisa\/"},"author":{"name":"Canal Dana","@id":"https:\/\/dana.com.br\/canaldana\/#\/schema\/person\/3c21f22f56fcf3bc46b94bc60ea4fef6"},"headline":"\u00d4nibus \u00e9 o meio de transporte mais utilizado pelos brasileiros para ir ao trabalho, diz pesquisa","datePublished":"2025-01-22T11:21:39+00:00","mainEntityOfPage":{"@id":"https:\/\/dana.com.br\/canaldana\/2025\/01\/22\/onibus-e-o-meio-de-transporte-mais-utilizado-pelos-brasileiros-para-ir-ao-trabalho-diz-pesquisa\/"},"wordCount":616,"articleSection":["Mercado"],"inLanguage":"pt-BR"},{"@type":"WebPage","@id":"https:\/\/dana.com.br\/canaldana\/2025\/01\/22\/onibus-e-o-meio-de-transporte-mais-utilizado-pelos-brasileiros-para-ir-ao-trabalho-diz-pesquisa\/","url":"https:\/\/dana.com.br\/canaldana\/2025\/01\/22\/onibus-e-o-meio-de-transporte-mais-utilizado-pelos-brasileiros-para-ir-ao-trabalho-diz-pesquisa\/","name":"\u00d4nibus \u00e9 o meio de transporte mais utilizado pelos brasileiros para ir ao trabalho, diz pesquisa - Canal Dana","isPartOf":{"@id":"https:\/\/dana.com.br\/canaldana\/#website"},"datePublished":"2025-01-22T11:21:39+00:00","author":{"@id":"https:\/\/dana.com.br\/canaldana\/#\/schema\/person\/3c21f22f56fcf3bc46b94bc60ea4fef6"},"breadcrumb":{"@id":"https:\/\/dana.com.br\/canaldana\/2025\/01\/22\/onibus-e-o-meio-de-transporte-mais-utilizado-pelos-brasileiros-para-ir-ao-trabalho-diz-pesquisa\/#breadcrumb"},"inLanguage":"pt-BR","potentialAction":[{"@type":"ReadAction","target":["https:\/\/dana.com.br\/canaldana\/2025\/01\/22\/onibus-e-o-meio-de-transporte-mais-utilizado-pelos-brasileiros-para-ir-ao-trabalho-diz-pesquisa\/"]}]},{"@type":"BreadcrumbList","@id":"https:\/\/dana.com.br\/canaldana\/2025\/01\/22\/onibus-e-o-meio-de-transporte-mais-utilizado-pelos-brasileiros-para-ir-ao-trabalho-diz-pesquisa\/#breadcrumb","itemListElement":[{"@type":"ListItem","position":1,"name":"Home","item":"https:\/\/dana.com.br\/canaldana\/"},{"@type":"ListItem","position":2,"name":"Mercado","item":"https:\/\/dana.com.br\/canaldana\/mercado\/"},{"@type":"ListItem","position":3,"name":"\u00d4nibus \u00e9 o meio de transporte mais utilizado pelos brasileiros para ir ao trabalho, diz pesquisa"}]},{"@type":"WebSite","@id":"https:\/\/dana.com.br\/canaldana\/#website","url":"https:\/\/dana.com.br\/canaldana\/","name":"Canal Dana","description":"Informativo com as principais not\u00edcias da ind\u00fastria automotiva","potentialAction":[{"@type":"SearchAction","target":{"@type":"EntryPoint","urlTemplate":"https:\/\/dana.com.br\/canaldana\/?s={search_term_string}"},"query-input":{"@type":"PropertyValueSpecification","valueRequired":true,"valueName":"search_term_string"}}],"inLanguage":"pt-BR"},{"@type":"Person","@id":"https:\/\/dana.com.br\/canaldana\/#\/schema\/person\/3c21f22f56fcf3bc46b94bc60ea4fef6","name":"Canal Dana","image":{"@type":"ImageObject","inLanguage":"pt-BR","@id":"https:\/\/secure.gravatar.com\/avatar\/420aaf9278582877d9018637c6817617705899d2858d7572ef0fe59a6b6454b4?s=96&d=mm&r=g","url":"https:\/\/secure.gravatar.com\/avatar\/420aaf9278582877d9018637c6817617705899d2858d7572ef0fe59a6b6454b4?s=96&d=mm&r=g","contentUrl":"https:\/\/secure.gravatar.com\/avatar\/420aaf9278582877d9018637c6817617705899d2858d7572ef0fe59a6b6454b4?s=96&d=mm&r=g","caption":"Canal Dana"},"url":"https:\/\/dana.com.br\/canaldana\/author\/cdeditor\/"}]}},"_links":{"self":[{"href":"https:\/\/dana.com.br\/canaldana\/wp-json\/wp\/v2\/posts\/79123","targetHints":{"allow":["GET"]}}],"collection":[{"href":"https:\/\/dana.com.br\/canaldana\/wp-json\/wp\/v2\/posts"}],"about":[{"href":"https:\/\/dana.com.br\/canaldana\/wp-json\/wp\/v2\/types\/post"}],"author":[{"embeddable":true,"href":"https:\/\/dana.com.br\/canaldana\/wp-json\/wp\/v2\/users\/3"}],"replies":[{"embeddable":true,"href":"https:\/\/dana.com.br\/canaldana\/wp-json\/wp\/v2\/comments?post=79123"}],"version-history":[{"count":1,"href":"https:\/\/dana.com.br\/canaldana\/wp-json\/wp\/v2\/posts\/79123\/revisions"}],"predecessor-version":[{"id":79124,"href":"https:\/\/dana.com.br\/canaldana\/wp-json\/wp\/v2\/posts\/79123\/revisions\/79124"}],"wp:attachment":[{"href":"https:\/\/dana.com.br\/canaldana\/wp-json\/wp\/v2\/media?parent=79123"}],"wp:term":[{"taxonomy":"category","embeddable":true,"href":"https:\/\/dana.com.br\/canaldana\/wp-json\/wp\/v2\/categories?post=79123"},{"taxonomy":"post_tag","embeddable":true,"href":"https:\/\/dana.com.br\/canaldana\/wp-json\/wp\/v2\/tags?post=79123"}],"curies":[{"name":"wp","href":"https:\/\/api.w.org\/{rel}","templated":true}]}}