{"id":79121,"date":"2025-01-22T08:21:04","date_gmt":"2025-01-22T11:21:04","guid":{"rendered":"https:\/\/dana.com.br\/canaldana\/?p=79121"},"modified":"2025-01-22T08:21:04","modified_gmt":"2025-01-22T11:21:04","slug":"isencao-de-icms-no-rs-proporcionara-folego-para-a-renovacao-da-frota-na-regiao-diz-sindicato","status":"publish","type":"post","link":"https:\/\/dana.com.br\/canaldana\/2025\/01\/22\/isencao-de-icms-no-rs-proporcionara-folego-para-a-renovacao-da-frota-na-regiao-diz-sindicato\/","title":{"rendered":"Isen\u00e7\u00e3o de ICMS no RS proporcionar\u00e1 f\u00f4lego para a renova\u00e7\u00e3o da frota na regi\u00e3o, diz sindicato"},"content":{"rendered":"<p><em>Transporte Moderno <\/em><\/p>\n<p>&nbsp;<\/p>\n<p>A prorroga\u00e7\u00e3o da isen\u00e7\u00e3o do ICMS e o creditamento integral do imposto sobre a aquisi\u00e7\u00e3o de caminh\u00f5es e \u00f4nibus destinados \u00e0s empresas de transporte rodovi\u00e1rio no Rio Grande do Sul trar\u00e1 um al\u00edvio fiscal significativo para o setor de log\u00edstica. A medida, autorizada pelo Conselho Nacional de Pol\u00edtica Fazend\u00e1ria (CONFAZ) em 10 de janeiro de 2025, visa beneficiar as empresas que foram severamente impactadas pelas enchentes de maio de 2024. A informa\u00e7\u00e3o foi divulgada em nota pelo Sindicato das Empresas de Transporte de Cargas e Log\u00edstica no Rio Grande do Sul (SETCERGS).<\/p>\n<p>&nbsp;<\/p>\n<p>Segundo o comunicado, a prorroga\u00e7\u00e3o do benef\u00edcio representa uma oportunidade de renova\u00e7\u00e3o para as frotas de caminh\u00f5es e \u00f4nibus, fundamentais para a mobiliza\u00e7\u00e3o de cargas e a manuten\u00e7\u00e3o das cadeias produtivas do estado. Com a isen\u00e7\u00e3o de ICMS, as empresas ter\u00e3o condi\u00e7\u00f5es mais favor\u00e1veis para adquirir novos ve\u00edculos, o que facilita a moderniza\u00e7\u00e3o da frota e a continuidade das opera\u00e7\u00f5es, t\u00e3o afetadas pelas fortes chuvas que devastaram diversas regi\u00f5es do Rio Grande do Sul no ano passado.<\/p>\n<p>&nbsp;<\/p>\n<p>O STECERGS afirma que a medida \u00e9 uma importante vit\u00f3ria para o setor, especialmente para as empresas de transporte rodovi\u00e1rio de cargas, que enfrentam desafios relacionados \u00e0 escassez de ve\u00edculos no mercado e ao longo prazo de fabrica\u00e7\u00e3o de novos modelos \u2013 um processo que pode levar at\u00e9 seis meses. A renova\u00e7\u00e3o da frota ser\u00e1 uma pe\u00e7a-chave na recupera\u00e7\u00e3o operacional das empresas e no fortalecimento da log\u00edstica estadual, que \u00e9 essencial para o bom andamento da economia. (Transporte Moderno\/Aline Feltrin)<\/p>\n","protected":false},"excerpt":{"rendered":"<p>Transporte Moderno &nbsp; A prorroga\u00e7\u00e3o da isen\u00e7\u00e3o do ICMS e o creditamento integral do imposto sobre a aquisi\u00e7\u00e3o de caminh\u00f5es e \u00f4nibus destinados \u00e0s empresas de transporte rodovi\u00e1rio no Rio Grande do Sul trar\u00e1 um al\u00edvio fiscal significativo para o setor de log\u00edstica. A medida, autorizada pelo Conselho Nacional de Pol\u00edtica Fazend\u00e1ria (CONFAZ) em 10\u2026 <a class=\"readmore\" href=\"https:\/\/dana.com.br\/canaldana\/2025\/01\/22\/isencao-de-icms-no-rs-proporcionara-folego-para-a-renovacao-da-frota-na-regiao-diz-sindicato\/\">Leia mais \u00bb<\/a><\/p>\n","protected":false},"author":3,"featured_media":0,"comment_status":"closed","ping_status":"closed","sticky":false,"template":"","format":"standard","meta":{"_acf_changed":false,"footnotes":""},"categories":[79],"tags":[],"class_list":["post-79121","post","type-post","status-publish","format-standard","hentry","category-mercado"],"acf":[],"yoast_head":"<!-- This site is optimized with the Yoast SEO plugin v27.3 - https:\/\/yoast.com\/product\/yoast-seo-wordpress\/ -->\n<title>Isen\u00e7\u00e3o de ICMS no RS proporcionar\u00e1 f\u00f4lego para a renova\u00e7\u00e3o da frota na regi\u00e3o, diz sindicato - Canal Dana<\/title>\n<meta name=\"robots\" content=\"index, follow, max-snippet:-1, max-image-preview:large, max-video-preview:-1\" \/>\n<link rel=\"canonical\" href=\"https:\/\/dana.com.br\/canaldana\/2025\/01\/22\/isencao-de-icms-no-rs-proporcionara-folego-para-a-renovacao-da-frota-na-regiao-diz-sindicato\/\" \/>\n<meta property=\"og:locale\" content=\"pt_BR\" \/>\n<meta property=\"og:type\" content=\"article\" \/>\n<meta property=\"og:title\" content=\"Isen\u00e7\u00e3o de ICMS no RS proporcionar\u00e1 f\u00f4lego para a renova\u00e7\u00e3o da frota na regi\u00e3o, diz sindicato - Canal Dana\" \/>\n<meta property=\"og:description\" content=\"Transporte Moderno &nbsp; A prorroga\u00e7\u00e3o da isen\u00e7\u00e3o do ICMS e o creditamento integral do imposto sobre a aquisi\u00e7\u00e3o de caminh\u00f5es e \u00f4nibus destinados \u00e0s empresas de transporte rodovi\u00e1rio no Rio Grande do Sul trar\u00e1 um al\u00edvio fiscal significativo para o setor de log\u00edstica. A medida, autorizada pelo Conselho Nacional de Pol\u00edtica Fazend\u00e1ria (CONFAZ) em 10\u2026 Leia mais \u00bb\" \/>\n<meta property=\"og:url\" content=\"https:\/\/dana.com.br\/canaldana\/2025\/01\/22\/isencao-de-icms-no-rs-proporcionara-folego-para-a-renovacao-da-frota-na-regiao-diz-sindicato\/\" \/>\n<meta property=\"og:site_name\" content=\"Canal Dana\" \/>\n<meta property=\"article:published_time\" content=\"2025-01-22T11:21:04+00:00\" \/>\n<meta name=\"author\" content=\"Canal Dana\" \/>\n<meta name=\"twitter:card\" content=\"summary_large_image\" \/>\n<meta name=\"twitter:label1\" content=\"Escrito por\" \/>\n\t<meta name=\"twitter:data1\" content=\"Canal Dana\" \/>\n\t<meta name=\"twitter:label2\" content=\"Est. tempo de leitura\" \/>\n\t<meta name=\"twitter:data2\" content=\"2 minutos\" \/>\n<script type=\"application\/ld+json\" class=\"yoast-schema-graph\">{\"@context\":\"https:\\\/\\\/schema.org\",\"@graph\":[{\"@type\":\"Article\",\"@id\":\"https:\\\/\\\/dana.com.br\\\/canaldana\\\/2025\\\/01\\\/22\\\/isencao-de-icms-no-rs-proporcionara-folego-para-a-renovacao-da-frota-na-regiao-diz-sindicato\\\/#article\",\"isPartOf\":{\"@id\":\"https:\\\/\\\/dana.com.br\\\/canaldana\\\/2025\\\/01\\\/22\\\/isencao-de-icms-no-rs-proporcionara-folego-para-a-renovacao-da-frota-na-regiao-diz-sindicato\\\/\"},\"author\":{\"name\":\"Canal Dana\",\"@id\":\"https:\\\/\\\/dana.com.br\\\/canaldana\\\/#\\\/schema\\\/person\\\/3c21f22f56fcf3bc46b94bc60ea4fef6\"},\"headline\":\"Isen\u00e7\u00e3o de ICMS no RS proporcionar\u00e1 f\u00f4lego para a renova\u00e7\u00e3o da frota na regi\u00e3o, diz sindicato\",\"datePublished\":\"2025-01-22T11:21:04+00:00\",\"mainEntityOfPage\":{\"@id\":\"https:\\\/\\\/dana.com.br\\\/canaldana\\\/2025\\\/01\\\/22\\\/isencao-de-icms-no-rs-proporcionara-folego-para-a-renovacao-da-frota-na-regiao-diz-sindicato\\\/\"},\"wordCount\":302,\"articleSection\":[\"Mercado\"],\"inLanguage\":\"pt-BR\"},{\"@type\":\"WebPage\",\"@id\":\"https:\\\/\\\/dana.com.br\\\/canaldana\\\/2025\\\/01\\\/22\\\/isencao-de-icms-no-rs-proporcionara-folego-para-a-renovacao-da-frota-na-regiao-diz-sindicato\\\/\",\"url\":\"https:\\\/\\\/dana.com.br\\\/canaldana\\\/2025\\\/01\\\/22\\\/isencao-de-icms-no-rs-proporcionara-folego-para-a-renovacao-da-frota-na-regiao-diz-sindicato\\\/\",\"name\":\"Isen\u00e7\u00e3o de ICMS no RS proporcionar\u00e1 f\u00f4lego para a renova\u00e7\u00e3o da frota na regi\u00e3o, diz sindicato - Canal Dana\",\"isPartOf\":{\"@id\":\"https:\\\/\\\/dana.com.br\\\/canaldana\\\/#website\"},\"datePublished\":\"2025-01-22T11:21:04+00:00\",\"author\":{\"@id\":\"https:\\\/\\\/dana.com.br\\\/canaldana\\\/#\\\/schema\\\/person\\\/3c21f22f56fcf3bc46b94bc60ea4fef6\"},\"breadcrumb\":{\"@id\":\"https:\\\/\\\/dana.com.br\\\/canaldana\\\/2025\\\/01\\\/22\\\/isencao-de-icms-no-rs-proporcionara-folego-para-a-renovacao-da-frota-na-regiao-diz-sindicato\\\/#breadcrumb\"},\"inLanguage\":\"pt-BR\",\"potentialAction\":[{\"@type\":\"ReadAction\",\"target\":[\"https:\\\/\\\/dana.com.br\\\/canaldana\\\/2025\\\/01\\\/22\\\/isencao-de-icms-no-rs-proporcionara-folego-para-a-renovacao-da-frota-na-regiao-diz-sindicato\\\/\"]}]},{\"@type\":\"BreadcrumbList\",\"@id\":\"https:\\\/\\\/dana.com.br\\\/canaldana\\\/2025\\\/01\\\/22\\\/isencao-de-icms-no-rs-proporcionara-folego-para-a-renovacao-da-frota-na-regiao-diz-sindicato\\\/#breadcrumb\",\"itemListElement\":[{\"@type\":\"ListItem\",\"position\":1,\"name\":\"Home\",\"item\":\"https:\\\/\\\/dana.com.br\\\/canaldana\\\/\"},{\"@type\":\"ListItem\",\"position\":2,\"name\":\"Mercado\",\"item\":\"https:\\\/\\\/dana.com.br\\\/canaldana\\\/mercado\\\/\"},{\"@type\":\"ListItem\",\"position\":3,\"name\":\"Isen\u00e7\u00e3o de ICMS no RS proporcionar\u00e1 f\u00f4lego para a renova\u00e7\u00e3o da frota na regi\u00e3o, diz sindicato\"}]},{\"@type\":\"WebSite\",\"@id\":\"https:\\\/\\\/dana.com.br\\\/canaldana\\\/#website\",\"url\":\"https:\\\/\\\/dana.com.br\\\/canaldana\\\/\",\"name\":\"Canal Dana\",\"description\":\"Informativo com as principais not\u00edcias da ind\u00fastria automotiva\",\"potentialAction\":[{\"@type\":\"SearchAction\",\"target\":{\"@type\":\"EntryPoint\",\"urlTemplate\":\"https:\\\/\\\/dana.com.br\\\/canaldana\\\/?s={search_term_string}\"},\"query-input\":{\"@type\":\"PropertyValueSpecification\",\"valueRequired\":true,\"valueName\":\"search_term_string\"}}],\"inLanguage\":\"pt-BR\"},{\"@type\":\"Person\",\"@id\":\"https:\\\/\\\/dana.com.br\\\/canaldana\\\/#\\\/schema\\\/person\\\/3c21f22f56fcf3bc46b94bc60ea4fef6\",\"name\":\"Canal Dana\",\"image\":{\"@type\":\"ImageObject\",\"inLanguage\":\"pt-BR\",\"@id\":\"https:\\\/\\\/secure.gravatar.com\\\/avatar\\\/420aaf9278582877d9018637c6817617705899d2858d7572ef0fe59a6b6454b4?s=96&d=mm&r=g\",\"url\":\"https:\\\/\\\/secure.gravatar.com\\\/avatar\\\/420aaf9278582877d9018637c6817617705899d2858d7572ef0fe59a6b6454b4?s=96&d=mm&r=g\",\"contentUrl\":\"https:\\\/\\\/secure.gravatar.com\\\/avatar\\\/420aaf9278582877d9018637c6817617705899d2858d7572ef0fe59a6b6454b4?s=96&d=mm&r=g\",\"caption\":\"Canal Dana\"},\"url\":\"https:\\\/\\\/dana.com.br\\\/canaldana\\\/author\\\/cdeditor\\\/\"}]}<\/script>\n<!-- \/ Yoast SEO plugin. -->","yoast_head_json":{"title":"Isen\u00e7\u00e3o de ICMS no RS proporcionar\u00e1 f\u00f4lego para a renova\u00e7\u00e3o da frota na regi\u00e3o, diz sindicato - Canal Dana","robots":{"index":"index","follow":"follow","max-snippet":"max-snippet:-1","max-image-preview":"max-image-preview:large","max-video-preview":"max-video-preview:-1"},"canonical":"https:\/\/dana.com.br\/canaldana\/2025\/01\/22\/isencao-de-icms-no-rs-proporcionara-folego-para-a-renovacao-da-frota-na-regiao-diz-sindicato\/","og_locale":"pt_BR","og_type":"article","og_title":"Isen\u00e7\u00e3o de ICMS no RS proporcionar\u00e1 f\u00f4lego para a renova\u00e7\u00e3o da frota na regi\u00e3o, diz sindicato - Canal Dana","og_description":"Transporte Moderno &nbsp; A prorroga\u00e7\u00e3o da isen\u00e7\u00e3o do ICMS e o creditamento integral do imposto sobre a aquisi\u00e7\u00e3o de caminh\u00f5es e \u00f4nibus destinados \u00e0s empresas de transporte rodovi\u00e1rio no Rio Grande do Sul trar\u00e1 um al\u00edvio fiscal significativo para o setor de log\u00edstica. A medida, autorizada pelo Conselho Nacional de Pol\u00edtica Fazend\u00e1ria (CONFAZ) em 10\u2026 Leia mais \u00bb","og_url":"https:\/\/dana.com.br\/canaldana\/2025\/01\/22\/isencao-de-icms-no-rs-proporcionara-folego-para-a-renovacao-da-frota-na-regiao-diz-sindicato\/","og_site_name":"Canal Dana","article_published_time":"2025-01-22T11:21:04+00:00","author":"Canal Dana","twitter_card":"summary_large_image","twitter_misc":{"Escrito por":"Canal Dana","Est. tempo de leitura":"2 minutos"},"schema":{"@context":"https:\/\/schema.org","@graph":[{"@type":"Article","@id":"https:\/\/dana.com.br\/canaldana\/2025\/01\/22\/isencao-de-icms-no-rs-proporcionara-folego-para-a-renovacao-da-frota-na-regiao-diz-sindicato\/#article","isPartOf":{"@id":"https:\/\/dana.com.br\/canaldana\/2025\/01\/22\/isencao-de-icms-no-rs-proporcionara-folego-para-a-renovacao-da-frota-na-regiao-diz-sindicato\/"},"author":{"name":"Canal Dana","@id":"https:\/\/dana.com.br\/canaldana\/#\/schema\/person\/3c21f22f56fcf3bc46b94bc60ea4fef6"},"headline":"Isen\u00e7\u00e3o de ICMS no RS proporcionar\u00e1 f\u00f4lego para a renova\u00e7\u00e3o da frota na regi\u00e3o, diz sindicato","datePublished":"2025-01-22T11:21:04+00:00","mainEntityOfPage":{"@id":"https:\/\/dana.com.br\/canaldana\/2025\/01\/22\/isencao-de-icms-no-rs-proporcionara-folego-para-a-renovacao-da-frota-na-regiao-diz-sindicato\/"},"wordCount":302,"articleSection":["Mercado"],"inLanguage":"pt-BR"},{"@type":"WebPage","@id":"https:\/\/dana.com.br\/canaldana\/2025\/01\/22\/isencao-de-icms-no-rs-proporcionara-folego-para-a-renovacao-da-frota-na-regiao-diz-sindicato\/","url":"https:\/\/dana.com.br\/canaldana\/2025\/01\/22\/isencao-de-icms-no-rs-proporcionara-folego-para-a-renovacao-da-frota-na-regiao-diz-sindicato\/","name":"Isen\u00e7\u00e3o de ICMS no RS proporcionar\u00e1 f\u00f4lego para a renova\u00e7\u00e3o da frota na regi\u00e3o, diz sindicato - Canal Dana","isPartOf":{"@id":"https:\/\/dana.com.br\/canaldana\/#website"},"datePublished":"2025-01-22T11:21:04+00:00","author":{"@id":"https:\/\/dana.com.br\/canaldana\/#\/schema\/person\/3c21f22f56fcf3bc46b94bc60ea4fef6"},"breadcrumb":{"@id":"https:\/\/dana.com.br\/canaldana\/2025\/01\/22\/isencao-de-icms-no-rs-proporcionara-folego-para-a-renovacao-da-frota-na-regiao-diz-sindicato\/#breadcrumb"},"inLanguage":"pt-BR","potentialAction":[{"@type":"ReadAction","target":["https:\/\/dana.com.br\/canaldana\/2025\/01\/22\/isencao-de-icms-no-rs-proporcionara-folego-para-a-renovacao-da-frota-na-regiao-diz-sindicato\/"]}]},{"@type":"BreadcrumbList","@id":"https:\/\/dana.com.br\/canaldana\/2025\/01\/22\/isencao-de-icms-no-rs-proporcionara-folego-para-a-renovacao-da-frota-na-regiao-diz-sindicato\/#breadcrumb","itemListElement":[{"@type":"ListItem","position":1,"name":"Home","item":"https:\/\/dana.com.br\/canaldana\/"},{"@type":"ListItem","position":2,"name":"Mercado","item":"https:\/\/dana.com.br\/canaldana\/mercado\/"},{"@type":"ListItem","position":3,"name":"Isen\u00e7\u00e3o de ICMS no RS proporcionar\u00e1 f\u00f4lego para a renova\u00e7\u00e3o da frota na regi\u00e3o, diz sindicato"}]},{"@type":"WebSite","@id":"https:\/\/dana.com.br\/canaldana\/#website","url":"https:\/\/dana.com.br\/canaldana\/","name":"Canal Dana","description":"Informativo com as principais not\u00edcias da ind\u00fastria automotiva","potentialAction":[{"@type":"SearchAction","target":{"@type":"EntryPoint","urlTemplate":"https:\/\/dana.com.br\/canaldana\/?s={search_term_string}"},"query-input":{"@type":"PropertyValueSpecification","valueRequired":true,"valueName":"search_term_string"}}],"inLanguage":"pt-BR"},{"@type":"Person","@id":"https:\/\/dana.com.br\/canaldana\/#\/schema\/person\/3c21f22f56fcf3bc46b94bc60ea4fef6","name":"Canal Dana","image":{"@type":"ImageObject","inLanguage":"pt-BR","@id":"https:\/\/secure.gravatar.com\/avatar\/420aaf9278582877d9018637c6817617705899d2858d7572ef0fe59a6b6454b4?s=96&d=mm&r=g","url":"https:\/\/secure.gravatar.com\/avatar\/420aaf9278582877d9018637c6817617705899d2858d7572ef0fe59a6b6454b4?s=96&d=mm&r=g","contentUrl":"https:\/\/secure.gravatar.com\/avatar\/420aaf9278582877d9018637c6817617705899d2858d7572ef0fe59a6b6454b4?s=96&d=mm&r=g","caption":"Canal Dana"},"url":"https:\/\/dana.com.br\/canaldana\/author\/cdeditor\/"}]}},"_links":{"self":[{"href":"https:\/\/dana.com.br\/canaldana\/wp-json\/wp\/v2\/posts\/79121","targetHints":{"allow":["GET"]}}],"collection":[{"href":"https:\/\/dana.com.br\/canaldana\/wp-json\/wp\/v2\/posts"}],"about":[{"href":"https:\/\/dana.com.br\/canaldana\/wp-json\/wp\/v2\/types\/post"}],"author":[{"embeddable":true,"href":"https:\/\/dana.com.br\/canaldana\/wp-json\/wp\/v2\/users\/3"}],"replies":[{"embeddable":true,"href":"https:\/\/dana.com.br\/canaldana\/wp-json\/wp\/v2\/comments?post=79121"}],"version-history":[{"count":1,"href":"https:\/\/dana.com.br\/canaldana\/wp-json\/wp\/v2\/posts\/79121\/revisions"}],"predecessor-version":[{"id":79122,"href":"https:\/\/dana.com.br\/canaldana\/wp-json\/wp\/v2\/posts\/79121\/revisions\/79122"}],"wp:attachment":[{"href":"https:\/\/dana.com.br\/canaldana\/wp-json\/wp\/v2\/media?parent=79121"}],"wp:term":[{"taxonomy":"category","embeddable":true,"href":"https:\/\/dana.com.br\/canaldana\/wp-json\/wp\/v2\/categories?post=79121"},{"taxonomy":"post_tag","embeddable":true,"href":"https:\/\/dana.com.br\/canaldana\/wp-json\/wp\/v2\/tags?post=79121"}],"curies":[{"name":"wp","href":"https:\/\/api.w.org\/{rel}","templated":true}]}}