{"id":79119,"date":"2025-01-22T08:20:33","date_gmt":"2025-01-22T11:20:33","guid":{"rendered":"https:\/\/dana.com.br\/canaldana\/?p=79119"},"modified":"2025-01-22T08:20:33","modified_gmt":"2025-01-22T11:20:33","slug":"corelog-adquire-oito-caminhoes-extrapesados-mercedes-benz-actros-para-ampliacao-de-frota","status":"publish","type":"post","link":"https:\/\/dana.com.br\/canaldana\/2025\/01\/22\/corelog-adquire-oito-caminhoes-extrapesados-mercedes-benz-actros-para-ampliacao-de-frota\/","title":{"rendered":"Corelog adquire oito caminh\u00f5es extrapesados Mercedes-Benz Actros para amplia\u00e7\u00e3o de frota"},"content":{"rendered":"<p><em>Truck &amp; Bus Builder Am\u00e9rica do Sul<\/em><\/p>\n<p>&nbsp;<\/p>\n<p>Com cinco anos de atividades no setor de log\u00edstica, a empresa ga\u00facha Corelog acaba de receber sete extrapesados Actros 2045 4\u00d72 e um Actros 2553 6\u00d72, ampliando sua frota pr\u00f3pria para 30 caminh\u00f5es, todos da marca Mercedes-Benz. Os novos Actros foram adquiridos no final de 2024 e comercializados pela Savar, concession\u00e1rio de Porto Alegre, capital do Rio Grande do Sul.<\/p>\n<p>&nbsp;<\/p>\n<p>Com matriz em Cachoeirinha, munic\u00edpio da Regi\u00e3o Metropolitana de Porto Alegre, e com unidades nos estados das regi\u00f5es Sul e Sudeste e nos pa\u00edses do Mercosul, a Corelog iniciou suas opera\u00e7\u00f5es com caminh\u00f5es Mercedes-Benz. \u201cEm 2021, precis\u00e1vamos rapidamente dos ve\u00edculos para iniciar nossas opera\u00e7\u00f5es de log\u00edstica e a Mercedes-Benz, juntamente com a Savar, foi quem satisfez a nossa necessidade. Esse foi um ponto muito importante na escolha da marca\u201d, diz Eduardo Eichenberg, fundador e presidente da Corelog. \u201cNa log\u00edstica, tudo \u00e9 muito r\u00e1pido e a gente precisa de um parceiro que nos atenda em curto espa\u00e7o de tempo. Quando fechamos um contrato, precisamos colocar os ve\u00edculos rapidamente em opera\u00e7\u00e3o. A Savar e a Mercedes-Benz s\u00e3o esses parceiros\u201d.<\/p>\n<p>&nbsp;<\/p>\n<p>De acordo com o cliente, a Corelog oferece solu\u00e7\u00f5es log\u00edsticas estrat\u00e9gicas e transporte rodovi\u00e1rio no Brasil e no Mercosul, al\u00e9m de armazenagem de mercadorias e de documentos e projetos log\u00edsticos. \u201cNossa empresa est\u00e1 crescendo muito r\u00e1pido. Em seus cinco anos no mercado, a Corelog cresceu uma m\u00e9dia de 40% ao ano. Nossa meta \u00e9 quadruplicar de tamanho nos pr\u00f3ximos cinco anos. Para esse crescimento, necessitamos estar amparados por bons fornecedores. \u00c9 o que alcan\u00e7amos com a Savar, um grande parceiro nessa nossa trajet\u00f3ria\u201d, destaca Eduardo Eichenberg.<\/p>\n<p>&nbsp;<\/p>\n<p><strong>Actros assegura efici\u00eancia e rentabilidade ao cliente<\/strong><\/p>\n<p>&nbsp;<\/p>\n<p>\u201c\u00c9 uma grande satisfa\u00e7\u00e3o e orgulho para a Mercedes-Benz ter sido a marca escolhida pela Corelog para iniciar suas atividades no exigente e competitivo setor de log\u00edstica. Essa nova amplia\u00e7\u00e3o de frota com o Actros refor\u00e7a o compromisso do cliente com a tecnologia a favor da efici\u00eancia, produtividade e rentabilidade no transporte\u201d, diz Jefferson Ferrarez,vice-presidente de Vendas, Marketing e Pe\u00e7as &amp; Servi\u00e7os Caminh\u00f5es da Mercedes-Benz do Brasil. \u201cJuntamente com a Savar, queremos seguir apoiando o not\u00e1vel crescimento da Corelog, oferecendo sempre caminh\u00f5es e servi\u00e7os com a reconhecida qualidade da nossa marca\u201d. (Truck &amp; Bus Builder Am\u00e9rica do Sul)<\/p>\n","protected":false},"excerpt":{"rendered":"<p>Truck &amp; Bus Builder Am\u00e9rica do Sul &nbsp; Com cinco anos de atividades no setor de log\u00edstica, a empresa ga\u00facha Corelog acaba de receber sete extrapesados Actros 2045 4\u00d72 e um Actros 2553 6\u00d72, ampliando sua frota pr\u00f3pria para 30 caminh\u00f5es, todos da marca Mercedes-Benz. Os novos Actros foram adquiridos no final de 2024 e\u2026 <a class=\"readmore\" href=\"https:\/\/dana.com.br\/canaldana\/2025\/01\/22\/corelog-adquire-oito-caminhoes-extrapesados-mercedes-benz-actros-para-ampliacao-de-frota\/\">Leia mais \u00bb<\/a><\/p>\n","protected":false},"author":3,"featured_media":0,"comment_status":"closed","ping_status":"closed","sticky":false,"template":"","format":"standard","meta":{"_acf_changed":false,"footnotes":""},"categories":[79],"tags":[],"class_list":["post-79119","post","type-post","status-publish","format-standard","hentry","category-mercado"],"acf":[],"yoast_head":"<!-- This site is optimized with the Yoast SEO plugin v27.3 - https:\/\/yoast.com\/product\/yoast-seo-wordpress\/ -->\n<title>Corelog adquire oito caminh\u00f5es extrapesados Mercedes-Benz Actros para amplia\u00e7\u00e3o de frota - Canal Dana<\/title>\n<meta name=\"robots\" content=\"index, follow, max-snippet:-1, max-image-preview:large, max-video-preview:-1\" \/>\n<link rel=\"canonical\" href=\"https:\/\/dana.com.br\/canaldana\/2025\/01\/22\/corelog-adquire-oito-caminhoes-extrapesados-mercedes-benz-actros-para-ampliacao-de-frota\/\" \/>\n<meta property=\"og:locale\" content=\"pt_BR\" \/>\n<meta property=\"og:type\" content=\"article\" \/>\n<meta property=\"og:title\" content=\"Corelog adquire oito caminh\u00f5es extrapesados Mercedes-Benz Actros para amplia\u00e7\u00e3o de frota - Canal Dana\" \/>\n<meta property=\"og:description\" content=\"Truck &amp; Bus Builder Am\u00e9rica do Sul &nbsp; Com cinco anos de atividades no setor de log\u00edstica, a empresa ga\u00facha Corelog acaba de receber sete extrapesados Actros 2045 4\u00d72 e um Actros 2553 6\u00d72, ampliando sua frota pr\u00f3pria para 30 caminh\u00f5es, todos da marca Mercedes-Benz. Os novos Actros foram adquiridos no final de 2024 e\u2026 Leia mais \u00bb\" \/>\n<meta property=\"og:url\" content=\"https:\/\/dana.com.br\/canaldana\/2025\/01\/22\/corelog-adquire-oito-caminhoes-extrapesados-mercedes-benz-actros-para-ampliacao-de-frota\/\" \/>\n<meta property=\"og:site_name\" content=\"Canal Dana\" \/>\n<meta property=\"article:published_time\" content=\"2025-01-22T11:20:33+00:00\" \/>\n<meta name=\"author\" content=\"Canal Dana\" \/>\n<meta name=\"twitter:card\" content=\"summary_large_image\" \/>\n<meta name=\"twitter:label1\" content=\"Escrito por\" \/>\n\t<meta name=\"twitter:data1\" content=\"Canal Dana\" \/>\n\t<meta name=\"twitter:label2\" content=\"Est. tempo de leitura\" \/>\n\t<meta name=\"twitter:data2\" content=\"3 minutos\" \/>\n<script type=\"application\/ld+json\" class=\"yoast-schema-graph\">{\"@context\":\"https:\\\/\\\/schema.org\",\"@graph\":[{\"@type\":\"Article\",\"@id\":\"https:\\\/\\\/dana.com.br\\\/canaldana\\\/2025\\\/01\\\/22\\\/corelog-adquire-oito-caminhoes-extrapesados-mercedes-benz-actros-para-ampliacao-de-frota\\\/#article\",\"isPartOf\":{\"@id\":\"https:\\\/\\\/dana.com.br\\\/canaldana\\\/2025\\\/01\\\/22\\\/corelog-adquire-oito-caminhoes-extrapesados-mercedes-benz-actros-para-ampliacao-de-frota\\\/\"},\"author\":{\"name\":\"Canal Dana\",\"@id\":\"https:\\\/\\\/dana.com.br\\\/canaldana\\\/#\\\/schema\\\/person\\\/3c21f22f56fcf3bc46b94bc60ea4fef6\"},\"headline\":\"Corelog adquire oito caminh\u00f5es extrapesados Mercedes-Benz Actros para amplia\u00e7\u00e3o de frota\",\"datePublished\":\"2025-01-22T11:20:33+00:00\",\"mainEntityOfPage\":{\"@id\":\"https:\\\/\\\/dana.com.br\\\/canaldana\\\/2025\\\/01\\\/22\\\/corelog-adquire-oito-caminhoes-extrapesados-mercedes-benz-actros-para-ampliacao-de-frota\\\/\"},\"wordCount\":428,\"articleSection\":[\"Mercado\"],\"inLanguage\":\"pt-BR\"},{\"@type\":\"WebPage\",\"@id\":\"https:\\\/\\\/dana.com.br\\\/canaldana\\\/2025\\\/01\\\/22\\\/corelog-adquire-oito-caminhoes-extrapesados-mercedes-benz-actros-para-ampliacao-de-frota\\\/\",\"url\":\"https:\\\/\\\/dana.com.br\\\/canaldana\\\/2025\\\/01\\\/22\\\/corelog-adquire-oito-caminhoes-extrapesados-mercedes-benz-actros-para-ampliacao-de-frota\\\/\",\"name\":\"Corelog adquire oito caminh\u00f5es extrapesados Mercedes-Benz Actros para amplia\u00e7\u00e3o de frota - Canal Dana\",\"isPartOf\":{\"@id\":\"https:\\\/\\\/dana.com.br\\\/canaldana\\\/#website\"},\"datePublished\":\"2025-01-22T11:20:33+00:00\",\"author\":{\"@id\":\"https:\\\/\\\/dana.com.br\\\/canaldana\\\/#\\\/schema\\\/person\\\/3c21f22f56fcf3bc46b94bc60ea4fef6\"},\"breadcrumb\":{\"@id\":\"https:\\\/\\\/dana.com.br\\\/canaldana\\\/2025\\\/01\\\/22\\\/corelog-adquire-oito-caminhoes-extrapesados-mercedes-benz-actros-para-ampliacao-de-frota\\\/#breadcrumb\"},\"inLanguage\":\"pt-BR\",\"potentialAction\":[{\"@type\":\"ReadAction\",\"target\":[\"https:\\\/\\\/dana.com.br\\\/canaldana\\\/2025\\\/01\\\/22\\\/corelog-adquire-oito-caminhoes-extrapesados-mercedes-benz-actros-para-ampliacao-de-frota\\\/\"]}]},{\"@type\":\"BreadcrumbList\",\"@id\":\"https:\\\/\\\/dana.com.br\\\/canaldana\\\/2025\\\/01\\\/22\\\/corelog-adquire-oito-caminhoes-extrapesados-mercedes-benz-actros-para-ampliacao-de-frota\\\/#breadcrumb\",\"itemListElement\":[{\"@type\":\"ListItem\",\"position\":1,\"name\":\"Home\",\"item\":\"https:\\\/\\\/dana.com.br\\\/canaldana\\\/\"},{\"@type\":\"ListItem\",\"position\":2,\"name\":\"Mercado\",\"item\":\"https:\\\/\\\/dana.com.br\\\/canaldana\\\/mercado\\\/\"},{\"@type\":\"ListItem\",\"position\":3,\"name\":\"Corelog adquire oito caminh\u00f5es extrapesados Mercedes-Benz Actros para amplia\u00e7\u00e3o de frota\"}]},{\"@type\":\"WebSite\",\"@id\":\"https:\\\/\\\/dana.com.br\\\/canaldana\\\/#website\",\"url\":\"https:\\\/\\\/dana.com.br\\\/canaldana\\\/\",\"name\":\"Canal Dana\",\"description\":\"Informativo com as principais not\u00edcias da ind\u00fastria automotiva\",\"potentialAction\":[{\"@type\":\"SearchAction\",\"target\":{\"@type\":\"EntryPoint\",\"urlTemplate\":\"https:\\\/\\\/dana.com.br\\\/canaldana\\\/?s={search_term_string}\"},\"query-input\":{\"@type\":\"PropertyValueSpecification\",\"valueRequired\":true,\"valueName\":\"search_term_string\"}}],\"inLanguage\":\"pt-BR\"},{\"@type\":\"Person\",\"@id\":\"https:\\\/\\\/dana.com.br\\\/canaldana\\\/#\\\/schema\\\/person\\\/3c21f22f56fcf3bc46b94bc60ea4fef6\",\"name\":\"Canal Dana\",\"image\":{\"@type\":\"ImageObject\",\"inLanguage\":\"pt-BR\",\"@id\":\"https:\\\/\\\/secure.gravatar.com\\\/avatar\\\/420aaf9278582877d9018637c6817617705899d2858d7572ef0fe59a6b6454b4?s=96&d=mm&r=g\",\"url\":\"https:\\\/\\\/secure.gravatar.com\\\/avatar\\\/420aaf9278582877d9018637c6817617705899d2858d7572ef0fe59a6b6454b4?s=96&d=mm&r=g\",\"contentUrl\":\"https:\\\/\\\/secure.gravatar.com\\\/avatar\\\/420aaf9278582877d9018637c6817617705899d2858d7572ef0fe59a6b6454b4?s=96&d=mm&r=g\",\"caption\":\"Canal Dana\"},\"url\":\"https:\\\/\\\/dana.com.br\\\/canaldana\\\/author\\\/cdeditor\\\/\"}]}<\/script>\n<!-- \/ Yoast SEO plugin. -->","yoast_head_json":{"title":"Corelog adquire oito caminh\u00f5es extrapesados Mercedes-Benz Actros para amplia\u00e7\u00e3o de frota - Canal Dana","robots":{"index":"index","follow":"follow","max-snippet":"max-snippet:-1","max-image-preview":"max-image-preview:large","max-video-preview":"max-video-preview:-1"},"canonical":"https:\/\/dana.com.br\/canaldana\/2025\/01\/22\/corelog-adquire-oito-caminhoes-extrapesados-mercedes-benz-actros-para-ampliacao-de-frota\/","og_locale":"pt_BR","og_type":"article","og_title":"Corelog adquire oito caminh\u00f5es extrapesados Mercedes-Benz Actros para amplia\u00e7\u00e3o de frota - Canal Dana","og_description":"Truck &amp; Bus Builder Am\u00e9rica do Sul &nbsp; Com cinco anos de atividades no setor de log\u00edstica, a empresa ga\u00facha Corelog acaba de receber sete extrapesados Actros 2045 4\u00d72 e um Actros 2553 6\u00d72, ampliando sua frota pr\u00f3pria para 30 caminh\u00f5es, todos da marca Mercedes-Benz. Os novos Actros foram adquiridos no final de 2024 e\u2026 Leia mais \u00bb","og_url":"https:\/\/dana.com.br\/canaldana\/2025\/01\/22\/corelog-adquire-oito-caminhoes-extrapesados-mercedes-benz-actros-para-ampliacao-de-frota\/","og_site_name":"Canal Dana","article_published_time":"2025-01-22T11:20:33+00:00","author":"Canal Dana","twitter_card":"summary_large_image","twitter_misc":{"Escrito por":"Canal Dana","Est. tempo de leitura":"3 minutos"},"schema":{"@context":"https:\/\/schema.org","@graph":[{"@type":"Article","@id":"https:\/\/dana.com.br\/canaldana\/2025\/01\/22\/corelog-adquire-oito-caminhoes-extrapesados-mercedes-benz-actros-para-ampliacao-de-frota\/#article","isPartOf":{"@id":"https:\/\/dana.com.br\/canaldana\/2025\/01\/22\/corelog-adquire-oito-caminhoes-extrapesados-mercedes-benz-actros-para-ampliacao-de-frota\/"},"author":{"name":"Canal Dana","@id":"https:\/\/dana.com.br\/canaldana\/#\/schema\/person\/3c21f22f56fcf3bc46b94bc60ea4fef6"},"headline":"Corelog adquire oito caminh\u00f5es extrapesados Mercedes-Benz Actros para amplia\u00e7\u00e3o de frota","datePublished":"2025-01-22T11:20:33+00:00","mainEntityOfPage":{"@id":"https:\/\/dana.com.br\/canaldana\/2025\/01\/22\/corelog-adquire-oito-caminhoes-extrapesados-mercedes-benz-actros-para-ampliacao-de-frota\/"},"wordCount":428,"articleSection":["Mercado"],"inLanguage":"pt-BR"},{"@type":"WebPage","@id":"https:\/\/dana.com.br\/canaldana\/2025\/01\/22\/corelog-adquire-oito-caminhoes-extrapesados-mercedes-benz-actros-para-ampliacao-de-frota\/","url":"https:\/\/dana.com.br\/canaldana\/2025\/01\/22\/corelog-adquire-oito-caminhoes-extrapesados-mercedes-benz-actros-para-ampliacao-de-frota\/","name":"Corelog adquire oito caminh\u00f5es extrapesados Mercedes-Benz Actros para amplia\u00e7\u00e3o de frota - Canal Dana","isPartOf":{"@id":"https:\/\/dana.com.br\/canaldana\/#website"},"datePublished":"2025-01-22T11:20:33+00:00","author":{"@id":"https:\/\/dana.com.br\/canaldana\/#\/schema\/person\/3c21f22f56fcf3bc46b94bc60ea4fef6"},"breadcrumb":{"@id":"https:\/\/dana.com.br\/canaldana\/2025\/01\/22\/corelog-adquire-oito-caminhoes-extrapesados-mercedes-benz-actros-para-ampliacao-de-frota\/#breadcrumb"},"inLanguage":"pt-BR","potentialAction":[{"@type":"ReadAction","target":["https:\/\/dana.com.br\/canaldana\/2025\/01\/22\/corelog-adquire-oito-caminhoes-extrapesados-mercedes-benz-actros-para-ampliacao-de-frota\/"]}]},{"@type":"BreadcrumbList","@id":"https:\/\/dana.com.br\/canaldana\/2025\/01\/22\/corelog-adquire-oito-caminhoes-extrapesados-mercedes-benz-actros-para-ampliacao-de-frota\/#breadcrumb","itemListElement":[{"@type":"ListItem","position":1,"name":"Home","item":"https:\/\/dana.com.br\/canaldana\/"},{"@type":"ListItem","position":2,"name":"Mercado","item":"https:\/\/dana.com.br\/canaldana\/mercado\/"},{"@type":"ListItem","position":3,"name":"Corelog adquire oito caminh\u00f5es extrapesados Mercedes-Benz Actros para amplia\u00e7\u00e3o de frota"}]},{"@type":"WebSite","@id":"https:\/\/dana.com.br\/canaldana\/#website","url":"https:\/\/dana.com.br\/canaldana\/","name":"Canal Dana","description":"Informativo com as principais not\u00edcias da ind\u00fastria automotiva","potentialAction":[{"@type":"SearchAction","target":{"@type":"EntryPoint","urlTemplate":"https:\/\/dana.com.br\/canaldana\/?s={search_term_string}"},"query-input":{"@type":"PropertyValueSpecification","valueRequired":true,"valueName":"search_term_string"}}],"inLanguage":"pt-BR"},{"@type":"Person","@id":"https:\/\/dana.com.br\/canaldana\/#\/schema\/person\/3c21f22f56fcf3bc46b94bc60ea4fef6","name":"Canal Dana","image":{"@type":"ImageObject","inLanguage":"pt-BR","@id":"https:\/\/secure.gravatar.com\/avatar\/420aaf9278582877d9018637c6817617705899d2858d7572ef0fe59a6b6454b4?s=96&d=mm&r=g","url":"https:\/\/secure.gravatar.com\/avatar\/420aaf9278582877d9018637c6817617705899d2858d7572ef0fe59a6b6454b4?s=96&d=mm&r=g","contentUrl":"https:\/\/secure.gravatar.com\/avatar\/420aaf9278582877d9018637c6817617705899d2858d7572ef0fe59a6b6454b4?s=96&d=mm&r=g","caption":"Canal Dana"},"url":"https:\/\/dana.com.br\/canaldana\/author\/cdeditor\/"}]}},"_links":{"self":[{"href":"https:\/\/dana.com.br\/canaldana\/wp-json\/wp\/v2\/posts\/79119","targetHints":{"allow":["GET"]}}],"collection":[{"href":"https:\/\/dana.com.br\/canaldana\/wp-json\/wp\/v2\/posts"}],"about":[{"href":"https:\/\/dana.com.br\/canaldana\/wp-json\/wp\/v2\/types\/post"}],"author":[{"embeddable":true,"href":"https:\/\/dana.com.br\/canaldana\/wp-json\/wp\/v2\/users\/3"}],"replies":[{"embeddable":true,"href":"https:\/\/dana.com.br\/canaldana\/wp-json\/wp\/v2\/comments?post=79119"}],"version-history":[{"count":1,"href":"https:\/\/dana.com.br\/canaldana\/wp-json\/wp\/v2\/posts\/79119\/revisions"}],"predecessor-version":[{"id":79120,"href":"https:\/\/dana.com.br\/canaldana\/wp-json\/wp\/v2\/posts\/79119\/revisions\/79120"}],"wp:attachment":[{"href":"https:\/\/dana.com.br\/canaldana\/wp-json\/wp\/v2\/media?parent=79119"}],"wp:term":[{"taxonomy":"category","embeddable":true,"href":"https:\/\/dana.com.br\/canaldana\/wp-json\/wp\/v2\/categories?post=79119"},{"taxonomy":"post_tag","embeddable":true,"href":"https:\/\/dana.com.br\/canaldana\/wp-json\/wp\/v2\/tags?post=79119"}],"curies":[{"name":"wp","href":"https:\/\/api.w.org\/{rel}","templated":true}]}}