{"id":79115,"date":"2025-01-22T08:19:14","date_gmt":"2025-01-22T11:19:14","guid":{"rendered":"https:\/\/dana.com.br\/canaldana\/?p=79115"},"modified":"2025-01-22T08:19:14","modified_gmt":"2025-01-22T11:19:14","slug":"segunda-geracao-do-kicks-esta-proxima-de-chegar-as-ruas-brasileiras","status":"publish","type":"post","link":"https:\/\/dana.com.br\/canaldana\/2025\/01\/22\/segunda-geracao-do-kicks-esta-proxima-de-chegar-as-ruas-brasileiras\/","title":{"rendered":"Segunda gera\u00e7\u00e3o do Kicks est\u00e1 pr\u00f3xima de chegar \u00e0s ruas brasileiras"},"content":{"rendered":"<p><em>AutoInd\u00fastria <\/em><\/p>\n<p>&nbsp;<\/p>\n<p>A segunda gera\u00e7\u00e3o do Kicks brasileiro est\u00e1 muito pr\u00f3xima de chegar \u00e0s ruas brasileiras. O lan\u00e7amento do novo SUV j\u00e1 produzido pela Nissan no M\u00e9xico desde o terceiro trimestre do ano passado, n\u00e3o tem data oficialmente confirmada, mas deve ocorrer bem antes do encerramento do primeiro semestre.<\/p>\n<p>&nbsp;<\/p>\n<p>Prova de que o cronograma para in\u00edcio de produ\u00e7\u00e3o da segunda gera\u00e7\u00e3o em Resende, RJ, est\u00e1 adiantado \u00e9 a decis\u00e3o da Nissan de fazer uma \u201chomenagem\u201d ao modelo atual j\u00e1 na primeira semana de fevereiro.<\/p>\n<p>&nbsp;<\/p>\n<p>Ou seja, ainda que n\u00e3o com todas as palavras, a montadora deixa a entender que se trata de encerramento de um ciclo, uma honrosa despedida, embora a montadora tenha afirmado que seguir\u00e1 com o atual em linha.<\/p>\n<p>&nbsp;<\/p>\n<p>\u201cOs dois modelos v\u00e3o conviver no mercado, ampliando a oferta de produtos da marca\u201d, afirma a Nissan.<\/p>\n<p>&nbsp;<\/p>\n<p><strong>Novo Nissan Kicks<\/strong><\/p>\n<p>&nbsp;<\/p>\n<p>Seja como for, o primeiro Kicks merece mesmo uma particular defer\u00eancia. Com a natural exce\u00e7\u00e3o de 2016, seu primeiro ano de vendas e produ\u00e7\u00e3o, quando ficou atr\u00e1s do compacto March e do Versa, o SUV \u00e9 o ve\u00edculo mais vendido da marca desde ent\u00e3o.<\/p>\n<p>&nbsp;<\/p>\n<p>Diferente do que ocorre com a maioria dos autom\u00f3veis, o pioneiro Kicks chegar\u00e1 ao fim do ciclo de vida em alta, em seu melhor momento de mercado. Em 2024, com 60,4 mil unidades, estabeleceu o maior volume negociado em nove anos de exist\u00eancia e 19% acima do consolidado em 2023.<\/p>\n<p>&nbsp;<\/p>\n<p>Na verdade, o modelo vinha numa crescente desde 2020, quando os licenciamentos, por conta da pandemia, limitaram-se a 36,4 mil depois dos 56,1 mil registrados em 2019, n\u00famero superado somente no ano passado.<\/p>\n<p>&nbsp;<\/p>\n<p>O SUV respondeu por 69% dos 87,4 mil licenciamentos. Considerados apenas os de autom\u00f3veis de passeio, a participa\u00e7\u00e3o sobe para 79%. Depois do Kicks, o segundo Nissan mais licenciado em 2024 foi o Versa, com distantes 9,2 unidades.<\/p>\n<p>&nbsp;<\/p>\n<p>Desde 2016, cerca de 370 mil unidades do Kicks foram negociadas no mercado interno. Mudan\u00e7a visual mais evidente ocorreu somente em 2021. A segunda gera\u00e7\u00e3o, por\u00e9m, n\u00e3o guarda qualquer semelhan\u00e7a com a atual e chama a aten\u00e7\u00e3o pelo arrojo de suas formas.<\/p>\n<p>&nbsp;<\/p>\n<p>Mais \u201cencorpado\u2019 do que o atual, o novo modelo ser\u00e1 montado sobre a plataforma CMF-B e deve ser dotado de motor 1. turbo flex de 120 cavalos. Apesar das adequa\u00e7\u00f5es para o carro da Nissan, ambos \u2014 plataforma e motor \u2014 debutaram no ano passado no brasileiro Kardian, SUV compacto da ainda parceira de alian\u00e7a global Renault. (AutoInd\u00fastria\/George Guimar\u00e3es)<\/p>\n","protected":false},"excerpt":{"rendered":"<p>AutoInd\u00fastria &nbsp; A segunda gera\u00e7\u00e3o do Kicks brasileiro est\u00e1 muito pr\u00f3xima de chegar \u00e0s ruas brasileiras. O lan\u00e7amento do novo SUV j\u00e1 produzido pela Nissan no M\u00e9xico desde o terceiro trimestre do ano passado, n\u00e3o tem data oficialmente confirmada, mas deve ocorrer bem antes do encerramento do primeiro semestre. &nbsp; Prova de que o cronograma\u2026 <a class=\"readmore\" href=\"https:\/\/dana.com.br\/canaldana\/2025\/01\/22\/segunda-geracao-do-kicks-esta-proxima-de-chegar-as-ruas-brasileiras\/\">Leia mais \u00bb<\/a><\/p>\n","protected":false},"author":3,"featured_media":0,"comment_status":"closed","ping_status":"closed","sticky":false,"template":"","format":"standard","meta":{"_acf_changed":false,"footnotes":""},"categories":[79],"tags":[],"class_list":["post-79115","post","type-post","status-publish","format-standard","hentry","category-mercado"],"acf":[],"yoast_head":"<!-- This site is optimized with the Yoast SEO plugin v27.3 - https:\/\/yoast.com\/product\/yoast-seo-wordpress\/ -->\n<title>Segunda gera\u00e7\u00e3o do Kicks est\u00e1 pr\u00f3xima de chegar \u00e0s ruas brasileiras - Canal Dana<\/title>\n<meta name=\"robots\" content=\"index, follow, max-snippet:-1, max-image-preview:large, max-video-preview:-1\" \/>\n<link rel=\"canonical\" href=\"https:\/\/dana.com.br\/canaldana\/2025\/01\/22\/segunda-geracao-do-kicks-esta-proxima-de-chegar-as-ruas-brasileiras\/\" \/>\n<meta property=\"og:locale\" content=\"pt_BR\" \/>\n<meta property=\"og:type\" content=\"article\" \/>\n<meta property=\"og:title\" content=\"Segunda gera\u00e7\u00e3o do Kicks est\u00e1 pr\u00f3xima de chegar \u00e0s ruas brasileiras - Canal Dana\" \/>\n<meta property=\"og:description\" content=\"AutoInd\u00fastria &nbsp; A segunda gera\u00e7\u00e3o do Kicks brasileiro est\u00e1 muito pr\u00f3xima de chegar \u00e0s ruas brasileiras. O lan\u00e7amento do novo SUV j\u00e1 produzido pela Nissan no M\u00e9xico desde o terceiro trimestre do ano passado, n\u00e3o tem data oficialmente confirmada, mas deve ocorrer bem antes do encerramento do primeiro semestre. &nbsp; Prova de que o cronograma\u2026 Leia mais \u00bb\" \/>\n<meta property=\"og:url\" content=\"https:\/\/dana.com.br\/canaldana\/2025\/01\/22\/segunda-geracao-do-kicks-esta-proxima-de-chegar-as-ruas-brasileiras\/\" \/>\n<meta property=\"og:site_name\" content=\"Canal Dana\" \/>\n<meta property=\"article:published_time\" content=\"2025-01-22T11:19:14+00:00\" \/>\n<meta name=\"author\" content=\"Canal Dana\" \/>\n<meta name=\"twitter:card\" content=\"summary_large_image\" \/>\n<meta name=\"twitter:label1\" content=\"Escrito por\" \/>\n\t<meta name=\"twitter:data1\" content=\"Canal Dana\" \/>\n\t<meta name=\"twitter:label2\" content=\"Est. tempo de leitura\" \/>\n\t<meta name=\"twitter:data2\" content=\"3 minutos\" \/>\n<script type=\"application\/ld+json\" class=\"yoast-schema-graph\">{\"@context\":\"https:\\\/\\\/schema.org\",\"@graph\":[{\"@type\":\"Article\",\"@id\":\"https:\\\/\\\/dana.com.br\\\/canaldana\\\/2025\\\/01\\\/22\\\/segunda-geracao-do-kicks-esta-proxima-de-chegar-as-ruas-brasileiras\\\/#article\",\"isPartOf\":{\"@id\":\"https:\\\/\\\/dana.com.br\\\/canaldana\\\/2025\\\/01\\\/22\\\/segunda-geracao-do-kicks-esta-proxima-de-chegar-as-ruas-brasileiras\\\/\"},\"author\":{\"name\":\"Canal Dana\",\"@id\":\"https:\\\/\\\/dana.com.br\\\/canaldana\\\/#\\\/schema\\\/person\\\/3c21f22f56fcf3bc46b94bc60ea4fef6\"},\"headline\":\"Segunda gera\u00e7\u00e3o do Kicks est\u00e1 pr\u00f3xima de chegar \u00e0s ruas brasileiras\",\"datePublished\":\"2025-01-22T11:19:14+00:00\",\"mainEntityOfPage\":{\"@id\":\"https:\\\/\\\/dana.com.br\\\/canaldana\\\/2025\\\/01\\\/22\\\/segunda-geracao-do-kicks-esta-proxima-de-chegar-as-ruas-brasileiras\\\/\"},\"wordCount\":441,\"articleSection\":[\"Mercado\"],\"inLanguage\":\"pt-BR\"},{\"@type\":\"WebPage\",\"@id\":\"https:\\\/\\\/dana.com.br\\\/canaldana\\\/2025\\\/01\\\/22\\\/segunda-geracao-do-kicks-esta-proxima-de-chegar-as-ruas-brasileiras\\\/\",\"url\":\"https:\\\/\\\/dana.com.br\\\/canaldana\\\/2025\\\/01\\\/22\\\/segunda-geracao-do-kicks-esta-proxima-de-chegar-as-ruas-brasileiras\\\/\",\"name\":\"Segunda gera\u00e7\u00e3o do Kicks est\u00e1 pr\u00f3xima de chegar \u00e0s ruas brasileiras - Canal Dana\",\"isPartOf\":{\"@id\":\"https:\\\/\\\/dana.com.br\\\/canaldana\\\/#website\"},\"datePublished\":\"2025-01-22T11:19:14+00:00\",\"author\":{\"@id\":\"https:\\\/\\\/dana.com.br\\\/canaldana\\\/#\\\/schema\\\/person\\\/3c21f22f56fcf3bc46b94bc60ea4fef6\"},\"breadcrumb\":{\"@id\":\"https:\\\/\\\/dana.com.br\\\/canaldana\\\/2025\\\/01\\\/22\\\/segunda-geracao-do-kicks-esta-proxima-de-chegar-as-ruas-brasileiras\\\/#breadcrumb\"},\"inLanguage\":\"pt-BR\",\"potentialAction\":[{\"@type\":\"ReadAction\",\"target\":[\"https:\\\/\\\/dana.com.br\\\/canaldana\\\/2025\\\/01\\\/22\\\/segunda-geracao-do-kicks-esta-proxima-de-chegar-as-ruas-brasileiras\\\/\"]}]},{\"@type\":\"BreadcrumbList\",\"@id\":\"https:\\\/\\\/dana.com.br\\\/canaldana\\\/2025\\\/01\\\/22\\\/segunda-geracao-do-kicks-esta-proxima-de-chegar-as-ruas-brasileiras\\\/#breadcrumb\",\"itemListElement\":[{\"@type\":\"ListItem\",\"position\":1,\"name\":\"Home\",\"item\":\"https:\\\/\\\/dana.com.br\\\/canaldana\\\/\"},{\"@type\":\"ListItem\",\"position\":2,\"name\":\"Mercado\",\"item\":\"https:\\\/\\\/dana.com.br\\\/canaldana\\\/mercado\\\/\"},{\"@type\":\"ListItem\",\"position\":3,\"name\":\"Segunda gera\u00e7\u00e3o do Kicks est\u00e1 pr\u00f3xima de chegar \u00e0s ruas brasileiras\"}]},{\"@type\":\"WebSite\",\"@id\":\"https:\\\/\\\/dana.com.br\\\/canaldana\\\/#website\",\"url\":\"https:\\\/\\\/dana.com.br\\\/canaldana\\\/\",\"name\":\"Canal Dana\",\"description\":\"Informativo com as principais not\u00edcias da ind\u00fastria automotiva\",\"potentialAction\":[{\"@type\":\"SearchAction\",\"target\":{\"@type\":\"EntryPoint\",\"urlTemplate\":\"https:\\\/\\\/dana.com.br\\\/canaldana\\\/?s={search_term_string}\"},\"query-input\":{\"@type\":\"PropertyValueSpecification\",\"valueRequired\":true,\"valueName\":\"search_term_string\"}}],\"inLanguage\":\"pt-BR\"},{\"@type\":\"Person\",\"@id\":\"https:\\\/\\\/dana.com.br\\\/canaldana\\\/#\\\/schema\\\/person\\\/3c21f22f56fcf3bc46b94bc60ea4fef6\",\"name\":\"Canal Dana\",\"image\":{\"@type\":\"ImageObject\",\"inLanguage\":\"pt-BR\",\"@id\":\"https:\\\/\\\/secure.gravatar.com\\\/avatar\\\/420aaf9278582877d9018637c6817617705899d2858d7572ef0fe59a6b6454b4?s=96&d=mm&r=g\",\"url\":\"https:\\\/\\\/secure.gravatar.com\\\/avatar\\\/420aaf9278582877d9018637c6817617705899d2858d7572ef0fe59a6b6454b4?s=96&d=mm&r=g\",\"contentUrl\":\"https:\\\/\\\/secure.gravatar.com\\\/avatar\\\/420aaf9278582877d9018637c6817617705899d2858d7572ef0fe59a6b6454b4?s=96&d=mm&r=g\",\"caption\":\"Canal Dana\"},\"url\":\"https:\\\/\\\/dana.com.br\\\/canaldana\\\/author\\\/cdeditor\\\/\"}]}<\/script>\n<!-- \/ Yoast SEO plugin. -->","yoast_head_json":{"title":"Segunda gera\u00e7\u00e3o do Kicks est\u00e1 pr\u00f3xima de chegar \u00e0s ruas brasileiras - Canal Dana","robots":{"index":"index","follow":"follow","max-snippet":"max-snippet:-1","max-image-preview":"max-image-preview:large","max-video-preview":"max-video-preview:-1"},"canonical":"https:\/\/dana.com.br\/canaldana\/2025\/01\/22\/segunda-geracao-do-kicks-esta-proxima-de-chegar-as-ruas-brasileiras\/","og_locale":"pt_BR","og_type":"article","og_title":"Segunda gera\u00e7\u00e3o do Kicks est\u00e1 pr\u00f3xima de chegar \u00e0s ruas brasileiras - Canal Dana","og_description":"AutoInd\u00fastria &nbsp; A segunda gera\u00e7\u00e3o do Kicks brasileiro est\u00e1 muito pr\u00f3xima de chegar \u00e0s ruas brasileiras. O lan\u00e7amento do novo SUV j\u00e1 produzido pela Nissan no M\u00e9xico desde o terceiro trimestre do ano passado, n\u00e3o tem data oficialmente confirmada, mas deve ocorrer bem antes do encerramento do primeiro semestre. &nbsp; Prova de que o cronograma\u2026 Leia mais \u00bb","og_url":"https:\/\/dana.com.br\/canaldana\/2025\/01\/22\/segunda-geracao-do-kicks-esta-proxima-de-chegar-as-ruas-brasileiras\/","og_site_name":"Canal Dana","article_published_time":"2025-01-22T11:19:14+00:00","author":"Canal Dana","twitter_card":"summary_large_image","twitter_misc":{"Escrito por":"Canal Dana","Est. tempo de leitura":"3 minutos"},"schema":{"@context":"https:\/\/schema.org","@graph":[{"@type":"Article","@id":"https:\/\/dana.com.br\/canaldana\/2025\/01\/22\/segunda-geracao-do-kicks-esta-proxima-de-chegar-as-ruas-brasileiras\/#article","isPartOf":{"@id":"https:\/\/dana.com.br\/canaldana\/2025\/01\/22\/segunda-geracao-do-kicks-esta-proxima-de-chegar-as-ruas-brasileiras\/"},"author":{"name":"Canal Dana","@id":"https:\/\/dana.com.br\/canaldana\/#\/schema\/person\/3c21f22f56fcf3bc46b94bc60ea4fef6"},"headline":"Segunda gera\u00e7\u00e3o do Kicks est\u00e1 pr\u00f3xima de chegar \u00e0s ruas brasileiras","datePublished":"2025-01-22T11:19:14+00:00","mainEntityOfPage":{"@id":"https:\/\/dana.com.br\/canaldana\/2025\/01\/22\/segunda-geracao-do-kicks-esta-proxima-de-chegar-as-ruas-brasileiras\/"},"wordCount":441,"articleSection":["Mercado"],"inLanguage":"pt-BR"},{"@type":"WebPage","@id":"https:\/\/dana.com.br\/canaldana\/2025\/01\/22\/segunda-geracao-do-kicks-esta-proxima-de-chegar-as-ruas-brasileiras\/","url":"https:\/\/dana.com.br\/canaldana\/2025\/01\/22\/segunda-geracao-do-kicks-esta-proxima-de-chegar-as-ruas-brasileiras\/","name":"Segunda gera\u00e7\u00e3o do Kicks est\u00e1 pr\u00f3xima de chegar \u00e0s ruas brasileiras - Canal Dana","isPartOf":{"@id":"https:\/\/dana.com.br\/canaldana\/#website"},"datePublished":"2025-01-22T11:19:14+00:00","author":{"@id":"https:\/\/dana.com.br\/canaldana\/#\/schema\/person\/3c21f22f56fcf3bc46b94bc60ea4fef6"},"breadcrumb":{"@id":"https:\/\/dana.com.br\/canaldana\/2025\/01\/22\/segunda-geracao-do-kicks-esta-proxima-de-chegar-as-ruas-brasileiras\/#breadcrumb"},"inLanguage":"pt-BR","potentialAction":[{"@type":"ReadAction","target":["https:\/\/dana.com.br\/canaldana\/2025\/01\/22\/segunda-geracao-do-kicks-esta-proxima-de-chegar-as-ruas-brasileiras\/"]}]},{"@type":"BreadcrumbList","@id":"https:\/\/dana.com.br\/canaldana\/2025\/01\/22\/segunda-geracao-do-kicks-esta-proxima-de-chegar-as-ruas-brasileiras\/#breadcrumb","itemListElement":[{"@type":"ListItem","position":1,"name":"Home","item":"https:\/\/dana.com.br\/canaldana\/"},{"@type":"ListItem","position":2,"name":"Mercado","item":"https:\/\/dana.com.br\/canaldana\/mercado\/"},{"@type":"ListItem","position":3,"name":"Segunda gera\u00e7\u00e3o do Kicks est\u00e1 pr\u00f3xima de chegar \u00e0s ruas brasileiras"}]},{"@type":"WebSite","@id":"https:\/\/dana.com.br\/canaldana\/#website","url":"https:\/\/dana.com.br\/canaldana\/","name":"Canal Dana","description":"Informativo com as principais not\u00edcias da ind\u00fastria automotiva","potentialAction":[{"@type":"SearchAction","target":{"@type":"EntryPoint","urlTemplate":"https:\/\/dana.com.br\/canaldana\/?s={search_term_string}"},"query-input":{"@type":"PropertyValueSpecification","valueRequired":true,"valueName":"search_term_string"}}],"inLanguage":"pt-BR"},{"@type":"Person","@id":"https:\/\/dana.com.br\/canaldana\/#\/schema\/person\/3c21f22f56fcf3bc46b94bc60ea4fef6","name":"Canal Dana","image":{"@type":"ImageObject","inLanguage":"pt-BR","@id":"https:\/\/secure.gravatar.com\/avatar\/420aaf9278582877d9018637c6817617705899d2858d7572ef0fe59a6b6454b4?s=96&d=mm&r=g","url":"https:\/\/secure.gravatar.com\/avatar\/420aaf9278582877d9018637c6817617705899d2858d7572ef0fe59a6b6454b4?s=96&d=mm&r=g","contentUrl":"https:\/\/secure.gravatar.com\/avatar\/420aaf9278582877d9018637c6817617705899d2858d7572ef0fe59a6b6454b4?s=96&d=mm&r=g","caption":"Canal Dana"},"url":"https:\/\/dana.com.br\/canaldana\/author\/cdeditor\/"}]}},"_links":{"self":[{"href":"https:\/\/dana.com.br\/canaldana\/wp-json\/wp\/v2\/posts\/79115","targetHints":{"allow":["GET"]}}],"collection":[{"href":"https:\/\/dana.com.br\/canaldana\/wp-json\/wp\/v2\/posts"}],"about":[{"href":"https:\/\/dana.com.br\/canaldana\/wp-json\/wp\/v2\/types\/post"}],"author":[{"embeddable":true,"href":"https:\/\/dana.com.br\/canaldana\/wp-json\/wp\/v2\/users\/3"}],"replies":[{"embeddable":true,"href":"https:\/\/dana.com.br\/canaldana\/wp-json\/wp\/v2\/comments?post=79115"}],"version-history":[{"count":1,"href":"https:\/\/dana.com.br\/canaldana\/wp-json\/wp\/v2\/posts\/79115\/revisions"}],"predecessor-version":[{"id":79116,"href":"https:\/\/dana.com.br\/canaldana\/wp-json\/wp\/v2\/posts\/79115\/revisions\/79116"}],"wp:attachment":[{"href":"https:\/\/dana.com.br\/canaldana\/wp-json\/wp\/v2\/media?parent=79115"}],"wp:term":[{"taxonomy":"category","embeddable":true,"href":"https:\/\/dana.com.br\/canaldana\/wp-json\/wp\/v2\/categories?post=79115"},{"taxonomy":"post_tag","embeddable":true,"href":"https:\/\/dana.com.br\/canaldana\/wp-json\/wp\/v2\/tags?post=79115"}],"curies":[{"name":"wp","href":"https:\/\/api.w.org\/{rel}","templated":true}]}}