{"id":79021,"date":"2025-01-17T08:28:03","date_gmt":"2025-01-17T11:28:03","guid":{"rendered":"https:\/\/dana.com.br\/canaldana\/?p=79021"},"modified":"2025-01-17T08:28:03","modified_gmt":"2025-01-17T11:28:03","slug":"precos-do-diesel-comum-e-s-10-comecam-2025-em-alta-aponta-levantamento","status":"publish","type":"post","link":"https:\/\/dana.com.br\/canaldana\/2025\/01\/17\/precos-do-diesel-comum-e-s-10-comecam-2025-em-alta-aponta-levantamento\/","title":{"rendered":"Pre\u00e7os do diesel comum e S-10 come\u00e7am 2025 em alta, aponta levantamento"},"content":{"rendered":"<p><em>Transporte Moderno<\/em><\/p>\n<p>&nbsp;<\/p>\n<p>Os pre\u00e7os do diesel comum e do S-10 registraram aumentos na primeira quinzena de janeiro, de acordo com o \u00cdndice de Pre\u00e7os Edenred Ticket Log (IPTL). O levantamento aponta que, no comparativo com o mesmo per\u00edodo de dezembro, o diesel comum teve alta de 0,65%, alcan\u00e7ando o pre\u00e7o m\u00e9dio de R$ 6,23. J\u00e1 o diesel S-10 apresentou um aumento de 0,32%, com pre\u00e7o m\u00e9dio de R$ 6,29.<\/p>\n<p>&nbsp;<\/p>\n<p>A valoriza\u00e7\u00e3o do d\u00f3lar e o impacto no custo de importa\u00e7\u00e3o de insumos e combust\u00edveis foram os principais fatores que impulsionaram o aumento nos pre\u00e7os. \u201cOs combust\u00edveis, assim como a gasolina e o etanol, seguiram a tend\u00eancia de alta observada no final de 2024\u201d, explicou Douglas Pina, diretor geral de mobilidade da Edenred Brasil. A maior parte do Pa\u00eds registrou aumento no valor dos combust\u00edveis, com exce\u00e7\u00e3o da regi\u00e3o Norte, onde o pre\u00e7o do diesel S-10 caiu 0,15%.<\/p>\n<p>&nbsp;<\/p>\n<p><strong>Maiores aumentos no Nordeste<\/strong><\/p>\n<p>&nbsp;<\/p>\n<p>Na an\u00e1lise regional, o Nordeste se destacou com os maiores aumentos: o diesel comum subiu 1,58%, alcan\u00e7ando R$ 6,42, e o S-10 teve alta de 1,11%, chegando a R$ 6,39. J\u00e1 no Norte, os pre\u00e7os atingiram os maiores valores m\u00e9dios do Pa\u00eds, com o diesel comum a R$ 6,82 e o S-10 a R$ 6,65, mesmo com uma leve queda no pre\u00e7o do S-10.<\/p>\n<p>&nbsp;<\/p>\n<p>O Acre foi o estado com os maiores pre\u00e7os para ambos os tipos de diesel. O diesel comum foi encontrado a R$ 7,64, enquanto o S-10 alcan\u00e7ou R$ 7,63, ap\u00f3s aumentos de 0,39% e 0,66%, respectivamente. Por outro lado, o Rio Grande do Sul registrou os menores pre\u00e7os para o diesel comum, a R$ 6,03, e o Paran\u00e1, para o diesel S-10, a R$ 6,10.<\/p>\n<p>&nbsp;<\/p>\n<p>O IPTL, que considera dados de mais de 21 mil postos credenciados, oferece uma m\u00e9dia precisa e confi\u00e1vel sobre os pre\u00e7os dos combust\u00edveis no Brasil. (Transporte Moderno)<\/p>\n","protected":false},"excerpt":{"rendered":"<p>Transporte Moderno &nbsp; Os pre\u00e7os do diesel comum e do S-10 registraram aumentos na primeira quinzena de janeiro, de acordo com o \u00cdndice de Pre\u00e7os Edenred Ticket Log (IPTL). O levantamento aponta que, no comparativo com o mesmo per\u00edodo de dezembro, o diesel comum teve alta de 0,65%, alcan\u00e7ando o pre\u00e7o m\u00e9dio de R$ 6,23.\u2026 <a class=\"readmore\" href=\"https:\/\/dana.com.br\/canaldana\/2025\/01\/17\/precos-do-diesel-comum-e-s-10-comecam-2025-em-alta-aponta-levantamento\/\">Leia mais \u00bb<\/a><\/p>\n","protected":false},"author":3,"featured_media":0,"comment_status":"closed","ping_status":"closed","sticky":false,"template":"","format":"standard","meta":{"_acf_changed":false,"footnotes":""},"categories":[79],"tags":[],"class_list":["post-79021","post","type-post","status-publish","format-standard","hentry","category-mercado"],"acf":[],"yoast_head":"<!-- This site is optimized with the Yoast SEO plugin v27.3 - https:\/\/yoast.com\/product\/yoast-seo-wordpress\/ -->\n<title>Pre\u00e7os do diesel comum e S-10 come\u00e7am 2025 em alta, aponta levantamento - Canal Dana<\/title>\n<meta name=\"robots\" content=\"index, follow, max-snippet:-1, max-image-preview:large, max-video-preview:-1\" \/>\n<link rel=\"canonical\" href=\"https:\/\/dana.com.br\/canaldana\/2025\/01\/17\/precos-do-diesel-comum-e-s-10-comecam-2025-em-alta-aponta-levantamento\/\" \/>\n<meta property=\"og:locale\" content=\"pt_BR\" \/>\n<meta property=\"og:type\" content=\"article\" \/>\n<meta property=\"og:title\" content=\"Pre\u00e7os do diesel comum e S-10 come\u00e7am 2025 em alta, aponta levantamento - Canal Dana\" \/>\n<meta property=\"og:description\" content=\"Transporte Moderno &nbsp; Os pre\u00e7os do diesel comum e do S-10 registraram aumentos na primeira quinzena de janeiro, de acordo com o \u00cdndice de Pre\u00e7os Edenred Ticket Log (IPTL). O levantamento aponta que, no comparativo com o mesmo per\u00edodo de dezembro, o diesel comum teve alta de 0,65%, alcan\u00e7ando o pre\u00e7o m\u00e9dio de R$ 6,23.\u2026 Leia mais \u00bb\" \/>\n<meta property=\"og:url\" content=\"https:\/\/dana.com.br\/canaldana\/2025\/01\/17\/precos-do-diesel-comum-e-s-10-comecam-2025-em-alta-aponta-levantamento\/\" \/>\n<meta property=\"og:site_name\" content=\"Canal Dana\" \/>\n<meta property=\"article:published_time\" content=\"2025-01-17T11:28:03+00:00\" \/>\n<meta name=\"author\" content=\"Canal Dana\" \/>\n<meta name=\"twitter:card\" content=\"summary_large_image\" \/>\n<meta name=\"twitter:label1\" content=\"Escrito por\" \/>\n\t<meta name=\"twitter:data1\" content=\"Canal Dana\" \/>\n\t<meta name=\"twitter:label2\" content=\"Est. tempo de leitura\" \/>\n\t<meta name=\"twitter:data2\" content=\"2 minutos\" \/>\n<script type=\"application\/ld+json\" class=\"yoast-schema-graph\">{\"@context\":\"https:\\\/\\\/schema.org\",\"@graph\":[{\"@type\":\"Article\",\"@id\":\"https:\\\/\\\/dana.com.br\\\/canaldana\\\/2025\\\/01\\\/17\\\/precos-do-diesel-comum-e-s-10-comecam-2025-em-alta-aponta-levantamento\\\/#article\",\"isPartOf\":{\"@id\":\"https:\\\/\\\/dana.com.br\\\/canaldana\\\/2025\\\/01\\\/17\\\/precos-do-diesel-comum-e-s-10-comecam-2025-em-alta-aponta-levantamento\\\/\"},\"author\":{\"name\":\"Canal Dana\",\"@id\":\"https:\\\/\\\/dana.com.br\\\/canaldana\\\/#\\\/schema\\\/person\\\/3c21f22f56fcf3bc46b94bc60ea4fef6\"},\"headline\":\"Pre\u00e7os do diesel comum e S-10 come\u00e7am 2025 em alta, aponta levantamento\",\"datePublished\":\"2025-01-17T11:28:03+00:00\",\"mainEntityOfPage\":{\"@id\":\"https:\\\/\\\/dana.com.br\\\/canaldana\\\/2025\\\/01\\\/17\\\/precos-do-diesel-comum-e-s-10-comecam-2025-em-alta-aponta-levantamento\\\/\"},\"wordCount\":341,\"articleSection\":[\"Mercado\"],\"inLanguage\":\"pt-BR\"},{\"@type\":\"WebPage\",\"@id\":\"https:\\\/\\\/dana.com.br\\\/canaldana\\\/2025\\\/01\\\/17\\\/precos-do-diesel-comum-e-s-10-comecam-2025-em-alta-aponta-levantamento\\\/\",\"url\":\"https:\\\/\\\/dana.com.br\\\/canaldana\\\/2025\\\/01\\\/17\\\/precos-do-diesel-comum-e-s-10-comecam-2025-em-alta-aponta-levantamento\\\/\",\"name\":\"Pre\u00e7os do diesel comum e S-10 come\u00e7am 2025 em alta, aponta levantamento - Canal Dana\",\"isPartOf\":{\"@id\":\"https:\\\/\\\/dana.com.br\\\/canaldana\\\/#website\"},\"datePublished\":\"2025-01-17T11:28:03+00:00\",\"author\":{\"@id\":\"https:\\\/\\\/dana.com.br\\\/canaldana\\\/#\\\/schema\\\/person\\\/3c21f22f56fcf3bc46b94bc60ea4fef6\"},\"breadcrumb\":{\"@id\":\"https:\\\/\\\/dana.com.br\\\/canaldana\\\/2025\\\/01\\\/17\\\/precos-do-diesel-comum-e-s-10-comecam-2025-em-alta-aponta-levantamento\\\/#breadcrumb\"},\"inLanguage\":\"pt-BR\",\"potentialAction\":[{\"@type\":\"ReadAction\",\"target\":[\"https:\\\/\\\/dana.com.br\\\/canaldana\\\/2025\\\/01\\\/17\\\/precos-do-diesel-comum-e-s-10-comecam-2025-em-alta-aponta-levantamento\\\/\"]}]},{\"@type\":\"BreadcrumbList\",\"@id\":\"https:\\\/\\\/dana.com.br\\\/canaldana\\\/2025\\\/01\\\/17\\\/precos-do-diesel-comum-e-s-10-comecam-2025-em-alta-aponta-levantamento\\\/#breadcrumb\",\"itemListElement\":[{\"@type\":\"ListItem\",\"position\":1,\"name\":\"Home\",\"item\":\"https:\\\/\\\/dana.com.br\\\/canaldana\\\/\"},{\"@type\":\"ListItem\",\"position\":2,\"name\":\"Mercado\",\"item\":\"https:\\\/\\\/dana.com.br\\\/canaldana\\\/mercado\\\/\"},{\"@type\":\"ListItem\",\"position\":3,\"name\":\"Pre\u00e7os do diesel comum e S-10 come\u00e7am 2025 em alta, aponta levantamento\"}]},{\"@type\":\"WebSite\",\"@id\":\"https:\\\/\\\/dana.com.br\\\/canaldana\\\/#website\",\"url\":\"https:\\\/\\\/dana.com.br\\\/canaldana\\\/\",\"name\":\"Canal Dana\",\"description\":\"Informativo com as principais not\u00edcias da ind\u00fastria automotiva\",\"potentialAction\":[{\"@type\":\"SearchAction\",\"target\":{\"@type\":\"EntryPoint\",\"urlTemplate\":\"https:\\\/\\\/dana.com.br\\\/canaldana\\\/?s={search_term_string}\"},\"query-input\":{\"@type\":\"PropertyValueSpecification\",\"valueRequired\":true,\"valueName\":\"search_term_string\"}}],\"inLanguage\":\"pt-BR\"},{\"@type\":\"Person\",\"@id\":\"https:\\\/\\\/dana.com.br\\\/canaldana\\\/#\\\/schema\\\/person\\\/3c21f22f56fcf3bc46b94bc60ea4fef6\",\"name\":\"Canal Dana\",\"image\":{\"@type\":\"ImageObject\",\"inLanguage\":\"pt-BR\",\"@id\":\"https:\\\/\\\/secure.gravatar.com\\\/avatar\\\/420aaf9278582877d9018637c6817617705899d2858d7572ef0fe59a6b6454b4?s=96&d=mm&r=g\",\"url\":\"https:\\\/\\\/secure.gravatar.com\\\/avatar\\\/420aaf9278582877d9018637c6817617705899d2858d7572ef0fe59a6b6454b4?s=96&d=mm&r=g\",\"contentUrl\":\"https:\\\/\\\/secure.gravatar.com\\\/avatar\\\/420aaf9278582877d9018637c6817617705899d2858d7572ef0fe59a6b6454b4?s=96&d=mm&r=g\",\"caption\":\"Canal Dana\"},\"url\":\"https:\\\/\\\/dana.com.br\\\/canaldana\\\/author\\\/cdeditor\\\/\"}]}<\/script>\n<!-- \/ Yoast SEO plugin. -->","yoast_head_json":{"title":"Pre\u00e7os do diesel comum e S-10 come\u00e7am 2025 em alta, aponta levantamento - Canal Dana","robots":{"index":"index","follow":"follow","max-snippet":"max-snippet:-1","max-image-preview":"max-image-preview:large","max-video-preview":"max-video-preview:-1"},"canonical":"https:\/\/dana.com.br\/canaldana\/2025\/01\/17\/precos-do-diesel-comum-e-s-10-comecam-2025-em-alta-aponta-levantamento\/","og_locale":"pt_BR","og_type":"article","og_title":"Pre\u00e7os do diesel comum e S-10 come\u00e7am 2025 em alta, aponta levantamento - Canal Dana","og_description":"Transporte Moderno &nbsp; Os pre\u00e7os do diesel comum e do S-10 registraram aumentos na primeira quinzena de janeiro, de acordo com o \u00cdndice de Pre\u00e7os Edenred Ticket Log (IPTL). O levantamento aponta que, no comparativo com o mesmo per\u00edodo de dezembro, o diesel comum teve alta de 0,65%, alcan\u00e7ando o pre\u00e7o m\u00e9dio de R$ 6,23.\u2026 Leia mais \u00bb","og_url":"https:\/\/dana.com.br\/canaldana\/2025\/01\/17\/precos-do-diesel-comum-e-s-10-comecam-2025-em-alta-aponta-levantamento\/","og_site_name":"Canal Dana","article_published_time":"2025-01-17T11:28:03+00:00","author":"Canal Dana","twitter_card":"summary_large_image","twitter_misc":{"Escrito por":"Canal Dana","Est. tempo de leitura":"2 minutos"},"schema":{"@context":"https:\/\/schema.org","@graph":[{"@type":"Article","@id":"https:\/\/dana.com.br\/canaldana\/2025\/01\/17\/precos-do-diesel-comum-e-s-10-comecam-2025-em-alta-aponta-levantamento\/#article","isPartOf":{"@id":"https:\/\/dana.com.br\/canaldana\/2025\/01\/17\/precos-do-diesel-comum-e-s-10-comecam-2025-em-alta-aponta-levantamento\/"},"author":{"name":"Canal Dana","@id":"https:\/\/dana.com.br\/canaldana\/#\/schema\/person\/3c21f22f56fcf3bc46b94bc60ea4fef6"},"headline":"Pre\u00e7os do diesel comum e S-10 come\u00e7am 2025 em alta, aponta levantamento","datePublished":"2025-01-17T11:28:03+00:00","mainEntityOfPage":{"@id":"https:\/\/dana.com.br\/canaldana\/2025\/01\/17\/precos-do-diesel-comum-e-s-10-comecam-2025-em-alta-aponta-levantamento\/"},"wordCount":341,"articleSection":["Mercado"],"inLanguage":"pt-BR"},{"@type":"WebPage","@id":"https:\/\/dana.com.br\/canaldana\/2025\/01\/17\/precos-do-diesel-comum-e-s-10-comecam-2025-em-alta-aponta-levantamento\/","url":"https:\/\/dana.com.br\/canaldana\/2025\/01\/17\/precos-do-diesel-comum-e-s-10-comecam-2025-em-alta-aponta-levantamento\/","name":"Pre\u00e7os do diesel comum e S-10 come\u00e7am 2025 em alta, aponta levantamento - Canal Dana","isPartOf":{"@id":"https:\/\/dana.com.br\/canaldana\/#website"},"datePublished":"2025-01-17T11:28:03+00:00","author":{"@id":"https:\/\/dana.com.br\/canaldana\/#\/schema\/person\/3c21f22f56fcf3bc46b94bc60ea4fef6"},"breadcrumb":{"@id":"https:\/\/dana.com.br\/canaldana\/2025\/01\/17\/precos-do-diesel-comum-e-s-10-comecam-2025-em-alta-aponta-levantamento\/#breadcrumb"},"inLanguage":"pt-BR","potentialAction":[{"@type":"ReadAction","target":["https:\/\/dana.com.br\/canaldana\/2025\/01\/17\/precos-do-diesel-comum-e-s-10-comecam-2025-em-alta-aponta-levantamento\/"]}]},{"@type":"BreadcrumbList","@id":"https:\/\/dana.com.br\/canaldana\/2025\/01\/17\/precos-do-diesel-comum-e-s-10-comecam-2025-em-alta-aponta-levantamento\/#breadcrumb","itemListElement":[{"@type":"ListItem","position":1,"name":"Home","item":"https:\/\/dana.com.br\/canaldana\/"},{"@type":"ListItem","position":2,"name":"Mercado","item":"https:\/\/dana.com.br\/canaldana\/mercado\/"},{"@type":"ListItem","position":3,"name":"Pre\u00e7os do diesel comum e S-10 come\u00e7am 2025 em alta, aponta levantamento"}]},{"@type":"WebSite","@id":"https:\/\/dana.com.br\/canaldana\/#website","url":"https:\/\/dana.com.br\/canaldana\/","name":"Canal Dana","description":"Informativo com as principais not\u00edcias da ind\u00fastria automotiva","potentialAction":[{"@type":"SearchAction","target":{"@type":"EntryPoint","urlTemplate":"https:\/\/dana.com.br\/canaldana\/?s={search_term_string}"},"query-input":{"@type":"PropertyValueSpecification","valueRequired":true,"valueName":"search_term_string"}}],"inLanguage":"pt-BR"},{"@type":"Person","@id":"https:\/\/dana.com.br\/canaldana\/#\/schema\/person\/3c21f22f56fcf3bc46b94bc60ea4fef6","name":"Canal Dana","image":{"@type":"ImageObject","inLanguage":"pt-BR","@id":"https:\/\/secure.gravatar.com\/avatar\/420aaf9278582877d9018637c6817617705899d2858d7572ef0fe59a6b6454b4?s=96&d=mm&r=g","url":"https:\/\/secure.gravatar.com\/avatar\/420aaf9278582877d9018637c6817617705899d2858d7572ef0fe59a6b6454b4?s=96&d=mm&r=g","contentUrl":"https:\/\/secure.gravatar.com\/avatar\/420aaf9278582877d9018637c6817617705899d2858d7572ef0fe59a6b6454b4?s=96&d=mm&r=g","caption":"Canal Dana"},"url":"https:\/\/dana.com.br\/canaldana\/author\/cdeditor\/"}]}},"_links":{"self":[{"href":"https:\/\/dana.com.br\/canaldana\/wp-json\/wp\/v2\/posts\/79021","targetHints":{"allow":["GET"]}}],"collection":[{"href":"https:\/\/dana.com.br\/canaldana\/wp-json\/wp\/v2\/posts"}],"about":[{"href":"https:\/\/dana.com.br\/canaldana\/wp-json\/wp\/v2\/types\/post"}],"author":[{"embeddable":true,"href":"https:\/\/dana.com.br\/canaldana\/wp-json\/wp\/v2\/users\/3"}],"replies":[{"embeddable":true,"href":"https:\/\/dana.com.br\/canaldana\/wp-json\/wp\/v2\/comments?post=79021"}],"version-history":[{"count":1,"href":"https:\/\/dana.com.br\/canaldana\/wp-json\/wp\/v2\/posts\/79021\/revisions"}],"predecessor-version":[{"id":79022,"href":"https:\/\/dana.com.br\/canaldana\/wp-json\/wp\/v2\/posts\/79021\/revisions\/79022"}],"wp:attachment":[{"href":"https:\/\/dana.com.br\/canaldana\/wp-json\/wp\/v2\/media?parent=79021"}],"wp:term":[{"taxonomy":"category","embeddable":true,"href":"https:\/\/dana.com.br\/canaldana\/wp-json\/wp\/v2\/categories?post=79021"},{"taxonomy":"post_tag","embeddable":true,"href":"https:\/\/dana.com.br\/canaldana\/wp-json\/wp\/v2\/tags?post=79021"}],"curies":[{"name":"wp","href":"https:\/\/api.w.org\/{rel}","templated":true}]}}