{"id":78998,"date":"2025-01-16T08:06:41","date_gmt":"2025-01-16T11:06:41","guid":{"rendered":"https:\/\/dana.com.br\/canaldana\/?p=78998"},"modified":"2025-01-16T08:06:41","modified_gmt":"2025-01-16T11:06:41","slug":"prefeitura-de-sp-nao-autoriza-99-a-transportar-passageiros-em-motos","status":"publish","type":"post","link":"https:\/\/dana.com.br\/canaldana\/2025\/01\/16\/prefeitura-de-sp-nao-autoriza-99-a-transportar-passageiros-em-motos\/","title":{"rendered":"Prefeitura de SP n\u00e3o autoriza 99 a transportar passageiros em motos"},"content":{"rendered":"<p><em>Portal Technibus\/Ag\u00eancia Brasil<\/em><\/p>\n<p>&nbsp;<\/p>\n<p>O prefeito de S\u00e3o Paulo, Ricardo Nunes, disse nesta \u00faltima ter\u00e7a-feira (14\/01) que a empresa 99 n\u00e3o tem autoriza\u00e7\u00e3o para fazer o servi\u00e7o de transporte de passageiros em motocicletas na capital paulista. A 99 havia informado que come\u00e7ou a oferecer o servi\u00e7o, inicialmente fora do centro expandido de S\u00e3o Paulo. Segundo a empresa, a primeira viagem ocorreu por volta das 9h de ontem.<\/p>\n<p>&nbsp;<\/p>\n<p>\u201cN\u00f3s temos 1 milh\u00e3o e 300 mil motos na cidade. N\u00f3s tivemos um aumento do n\u00famero de \u00f3bitos no tr\u00e2nsito, puxado por acidentes com moto. Ent\u00e3o, n\u00e3o \u00e9 poss\u00edvel que uma empresa venha para a cidade de S\u00e3o Paulo e queira, sem nenhuma autoriza\u00e7\u00e3o, achar que aqui ela vai fazer o que deseja. Ela n\u00e3o vai fazer\u201d, afirmou o prefeito.<\/p>\n<p>&nbsp;<\/p>\n<p>Ele informou que vai entrar na Justi\u00e7a contra a empresa e determinou a fiscaliza\u00e7\u00e3o em todas as motos que estiverem prestando o servi\u00e7o. \u201cTodas as motos que estiverem cadastradas para fazer esse tipo de servi\u00e7o na cidade ser\u00e3o paradas e vistoriadas\u201d, disse Ricardo Nunes.<\/p>\n<p>&nbsp;<\/p>\n<p><strong>Carnificina<\/strong><\/p>\n<p>&nbsp;<\/p>\n<p>O prefeito afirmou que o servi\u00e7o de transporte de passageiros em motocicletas na capital paulista poder\u00e1 causar uma \u201ccarnificina\u201d e criticou a 99, dizendo que a empresa \u00e9 irrespons\u00e1vel e busca apenas o lucro.<\/p>\n<p>&nbsp;<\/p>\n<p>\u201cN\u00f3s n\u00e3o vamos permitir que essa empresa venha para c\u00e1 e fa\u00e7a uma carnificina. S\u00e3o assassinos. Essas empresas s\u00e3o empresas assassinas e irrespons\u00e1veis. Elas n\u00e3o v\u00e3o fazer na cidade de S\u00e3o Paulo aquilo que elas pretendem, s\u00f3 buscando lucro\u201d, enfatizou. \u201cElas j\u00e1 ganham tanto dinheiro, n\u00e3o chega? Querem levar a vida das pessoas? Elas j\u00e1 levam muito dinheiro para fora da cidade. As vidas, n\u00e3o\u201d, acrescentou Nunes.<\/p>\n<p>&nbsp;<\/p>\n<p>De acordo com a prefeitura, o funcionamento do servi\u00e7o descumpre decreto assinado por Nunes em janeiro de 2023, que suspende essa modalidade de transporte. Segundo a administra\u00e7\u00e3o municipal, em 2023, de janeiro a julho, foram registrados 240 \u00f3bitos de motociclistas na capital paulista. Em 2024, no mesmo per\u00edodo, foram 329 mortes, um aumento de 37%.<\/p>\n<p>&nbsp;<\/p>\n<p><strong>Servi\u00e7o clandestino<\/strong><\/p>\n<p>&nbsp;<\/p>\n<p>O Comit\u00ea Municipal de Uso do Vi\u00e1rio de S\u00e3o Paulo j\u00e1 notificou, nesta ter\u00e7a-feira, a 99. No documento, \u201cdetermina-se a imediata suspens\u00e3o\/interrup\u00e7\u00e3o de qualquer atividade relativa ao clandestino servi\u00e7o de utiliza\u00e7\u00e3o de motociclistas para o transporte individual remunerado de passageiros por meio de aplicativos nesta cidade\u201d.<\/p>\n<p>&nbsp;<\/p>\n<p><strong>Decreto inconstitucional<\/strong><\/p>\n<p>&nbsp;<\/p>\n<p>Em nota, a 99 diz que o decreto citado pelo prefeito \u00e9 inconstitucional e que o servi\u00e7o de transporte individual privado de passageiros mediado por aplicativos \u00e9 permitido em todo o Brasil, tanto para carros quanto para motocicletas, de acordo com a Pol\u00edtica Nacional de Mobilidade Urbana.<\/p>\n<p>&nbsp;<\/p>\n<p>\u201cA legisla\u00e7\u00e3o federal estabelece que as prefeituras podem regulamentar e fiscalizar a atividade com exig\u00eancias espec\u00edficas, mas n\u00e3o t\u00eam o poder de proibi-la. J\u00e1 existem 20 decis\u00f5es judiciais confirmando esse entendimento sobre a legalidade da categoria. O Supremo Tribunal Federal (STF) decidiu em 2019 pela impossibilidade de proibi\u00e7\u00e3o, por se tratar de atividade leg\u00edtima, exercida de livre iniciativa e autorizada pela Constitui\u00e7\u00e3o.\u201d<\/p>\n<p>&nbsp;<\/p>\n<p>A 99 destacou ainda que seu modelo de transporte de passageiros em motos \u00e9 seguro. \u201cEm 2024, apenas 0,0003% das corridas tiveram algum acidente de tr\u00e2nsito. Isso foi poss\u00edvel gra\u00e7as \u00e0s 50 funcionalidades de seguran\u00e7a, incluindo: alerta de velocidade, que emite avisos em casos de excesso; governan\u00e7a contra dire\u00e7\u00e3o perigosa no tr\u00e2nsito, que promove a conscientiza\u00e7\u00e3o e, se necess\u00e1rio, tamb\u00e9m bloqueios a motociclistas imprudentes; cursos e orienta\u00e7\u00f5es preventivas sobre dire\u00e7\u00e3o; al\u00e9m de checagem de dados, monitoramento das corridas; entre outros\u201d.<\/p>\n<p>&nbsp;<\/p>\n<p>A empresa destaca ainda o compromisso de aprimorar suas ferramentas e promover viagens seguras. \u201cTodas as corridas realizadas pelo App est\u00e3o protegidas por seguro e, em caso de acidentes, a 99 segue um protocolo r\u00edgido de atendimento, que inclui suporte financeiro\u201d, diz o texto. (Portal Technibus\/Ag\u00eancia Brasil)<\/p>\n","protected":false},"excerpt":{"rendered":"<p>Portal Technibus\/Ag\u00eancia Brasil &nbsp; O prefeito de S\u00e3o Paulo, Ricardo Nunes, disse nesta \u00faltima ter\u00e7a-feira (14\/01) que a empresa 99 n\u00e3o tem autoriza\u00e7\u00e3o para fazer o servi\u00e7o de transporte de passageiros em motocicletas na capital paulista. A 99 havia informado que come\u00e7ou a oferecer o servi\u00e7o, inicialmente fora do centro expandido de S\u00e3o Paulo. Segundo\u2026 <a class=\"readmore\" href=\"https:\/\/dana.com.br\/canaldana\/2025\/01\/16\/prefeitura-de-sp-nao-autoriza-99-a-transportar-passageiros-em-motos\/\">Leia mais \u00bb<\/a><\/p>\n","protected":false},"author":3,"featured_media":0,"comment_status":"closed","ping_status":"closed","sticky":false,"template":"","format":"standard","meta":{"_acf_changed":false,"footnotes":""},"categories":[79],"tags":[],"class_list":["post-78998","post","type-post","status-publish","format-standard","hentry","category-mercado"],"acf":[],"yoast_head":"<!-- This site is optimized with the Yoast SEO plugin v27.3 - https:\/\/yoast.com\/product\/yoast-seo-wordpress\/ -->\n<title>Prefeitura de SP n\u00e3o autoriza 99 a transportar passageiros em motos - Canal Dana<\/title>\n<meta name=\"robots\" content=\"index, follow, max-snippet:-1, max-image-preview:large, max-video-preview:-1\" \/>\n<link rel=\"canonical\" href=\"https:\/\/dana.com.br\/canaldana\/2025\/01\/16\/prefeitura-de-sp-nao-autoriza-99-a-transportar-passageiros-em-motos\/\" \/>\n<meta property=\"og:locale\" content=\"pt_BR\" \/>\n<meta property=\"og:type\" content=\"article\" \/>\n<meta property=\"og:title\" content=\"Prefeitura de SP n\u00e3o autoriza 99 a transportar passageiros em motos - Canal Dana\" \/>\n<meta property=\"og:description\" content=\"Portal Technibus\/Ag\u00eancia Brasil &nbsp; O prefeito de S\u00e3o Paulo, Ricardo Nunes, disse nesta \u00faltima ter\u00e7a-feira (14\/01) que a empresa 99 n\u00e3o tem autoriza\u00e7\u00e3o para fazer o servi\u00e7o de transporte de passageiros em motocicletas na capital paulista. A 99 havia informado que come\u00e7ou a oferecer o servi\u00e7o, inicialmente fora do centro expandido de S\u00e3o Paulo. Segundo\u2026 Leia mais \u00bb\" \/>\n<meta property=\"og:url\" content=\"https:\/\/dana.com.br\/canaldana\/2025\/01\/16\/prefeitura-de-sp-nao-autoriza-99-a-transportar-passageiros-em-motos\/\" \/>\n<meta property=\"og:site_name\" content=\"Canal Dana\" \/>\n<meta property=\"article:published_time\" content=\"2025-01-16T11:06:41+00:00\" \/>\n<meta name=\"author\" content=\"Canal Dana\" \/>\n<meta name=\"twitter:card\" content=\"summary_large_image\" \/>\n<meta name=\"twitter:label1\" content=\"Escrito por\" \/>\n\t<meta name=\"twitter:data1\" content=\"Canal Dana\" \/>\n\t<meta name=\"twitter:label2\" content=\"Est. tempo de leitura\" \/>\n\t<meta name=\"twitter:data2\" content=\"4 minutos\" \/>\n<script type=\"application\/ld+json\" class=\"yoast-schema-graph\">{\"@context\":\"https:\\\/\\\/schema.org\",\"@graph\":[{\"@type\":\"Article\",\"@id\":\"https:\\\/\\\/dana.com.br\\\/canaldana\\\/2025\\\/01\\\/16\\\/prefeitura-de-sp-nao-autoriza-99-a-transportar-passageiros-em-motos\\\/#article\",\"isPartOf\":{\"@id\":\"https:\\\/\\\/dana.com.br\\\/canaldana\\\/2025\\\/01\\\/16\\\/prefeitura-de-sp-nao-autoriza-99-a-transportar-passageiros-em-motos\\\/\"},\"author\":{\"name\":\"Canal Dana\",\"@id\":\"https:\\\/\\\/dana.com.br\\\/canaldana\\\/#\\\/schema\\\/person\\\/3c21f22f56fcf3bc46b94bc60ea4fef6\"},\"headline\":\"Prefeitura de SP n\u00e3o autoriza 99 a transportar passageiros em motos\",\"datePublished\":\"2025-01-16T11:06:41+00:00\",\"mainEntityOfPage\":{\"@id\":\"https:\\\/\\\/dana.com.br\\\/canaldana\\\/2025\\\/01\\\/16\\\/prefeitura-de-sp-nao-autoriza-99-a-transportar-passageiros-em-motos\\\/\"},\"wordCount\":691,\"articleSection\":[\"Mercado\"],\"inLanguage\":\"pt-BR\"},{\"@type\":\"WebPage\",\"@id\":\"https:\\\/\\\/dana.com.br\\\/canaldana\\\/2025\\\/01\\\/16\\\/prefeitura-de-sp-nao-autoriza-99-a-transportar-passageiros-em-motos\\\/\",\"url\":\"https:\\\/\\\/dana.com.br\\\/canaldana\\\/2025\\\/01\\\/16\\\/prefeitura-de-sp-nao-autoriza-99-a-transportar-passageiros-em-motos\\\/\",\"name\":\"Prefeitura de SP n\u00e3o autoriza 99 a transportar passageiros em motos - Canal Dana\",\"isPartOf\":{\"@id\":\"https:\\\/\\\/dana.com.br\\\/canaldana\\\/#website\"},\"datePublished\":\"2025-01-16T11:06:41+00:00\",\"author\":{\"@id\":\"https:\\\/\\\/dana.com.br\\\/canaldana\\\/#\\\/schema\\\/person\\\/3c21f22f56fcf3bc46b94bc60ea4fef6\"},\"breadcrumb\":{\"@id\":\"https:\\\/\\\/dana.com.br\\\/canaldana\\\/2025\\\/01\\\/16\\\/prefeitura-de-sp-nao-autoriza-99-a-transportar-passageiros-em-motos\\\/#breadcrumb\"},\"inLanguage\":\"pt-BR\",\"potentialAction\":[{\"@type\":\"ReadAction\",\"target\":[\"https:\\\/\\\/dana.com.br\\\/canaldana\\\/2025\\\/01\\\/16\\\/prefeitura-de-sp-nao-autoriza-99-a-transportar-passageiros-em-motos\\\/\"]}]},{\"@type\":\"BreadcrumbList\",\"@id\":\"https:\\\/\\\/dana.com.br\\\/canaldana\\\/2025\\\/01\\\/16\\\/prefeitura-de-sp-nao-autoriza-99-a-transportar-passageiros-em-motos\\\/#breadcrumb\",\"itemListElement\":[{\"@type\":\"ListItem\",\"position\":1,\"name\":\"Home\",\"item\":\"https:\\\/\\\/dana.com.br\\\/canaldana\\\/\"},{\"@type\":\"ListItem\",\"position\":2,\"name\":\"Mercado\",\"item\":\"https:\\\/\\\/dana.com.br\\\/canaldana\\\/mercado\\\/\"},{\"@type\":\"ListItem\",\"position\":3,\"name\":\"Prefeitura de SP n\u00e3o autoriza 99 a transportar passageiros em motos\"}]},{\"@type\":\"WebSite\",\"@id\":\"https:\\\/\\\/dana.com.br\\\/canaldana\\\/#website\",\"url\":\"https:\\\/\\\/dana.com.br\\\/canaldana\\\/\",\"name\":\"Canal Dana\",\"description\":\"Informativo com as principais not\u00edcias da ind\u00fastria automotiva\",\"potentialAction\":[{\"@type\":\"SearchAction\",\"target\":{\"@type\":\"EntryPoint\",\"urlTemplate\":\"https:\\\/\\\/dana.com.br\\\/canaldana\\\/?s={search_term_string}\"},\"query-input\":{\"@type\":\"PropertyValueSpecification\",\"valueRequired\":true,\"valueName\":\"search_term_string\"}}],\"inLanguage\":\"pt-BR\"},{\"@type\":\"Person\",\"@id\":\"https:\\\/\\\/dana.com.br\\\/canaldana\\\/#\\\/schema\\\/person\\\/3c21f22f56fcf3bc46b94bc60ea4fef6\",\"name\":\"Canal Dana\",\"image\":{\"@type\":\"ImageObject\",\"inLanguage\":\"pt-BR\",\"@id\":\"https:\\\/\\\/secure.gravatar.com\\\/avatar\\\/420aaf9278582877d9018637c6817617705899d2858d7572ef0fe59a6b6454b4?s=96&d=mm&r=g\",\"url\":\"https:\\\/\\\/secure.gravatar.com\\\/avatar\\\/420aaf9278582877d9018637c6817617705899d2858d7572ef0fe59a6b6454b4?s=96&d=mm&r=g\",\"contentUrl\":\"https:\\\/\\\/secure.gravatar.com\\\/avatar\\\/420aaf9278582877d9018637c6817617705899d2858d7572ef0fe59a6b6454b4?s=96&d=mm&r=g\",\"caption\":\"Canal Dana\"},\"url\":\"https:\\\/\\\/dana.com.br\\\/canaldana\\\/author\\\/cdeditor\\\/\"}]}<\/script>\n<!-- \/ Yoast SEO plugin. -->","yoast_head_json":{"title":"Prefeitura de SP n\u00e3o autoriza 99 a transportar passageiros em motos - Canal Dana","robots":{"index":"index","follow":"follow","max-snippet":"max-snippet:-1","max-image-preview":"max-image-preview:large","max-video-preview":"max-video-preview:-1"},"canonical":"https:\/\/dana.com.br\/canaldana\/2025\/01\/16\/prefeitura-de-sp-nao-autoriza-99-a-transportar-passageiros-em-motos\/","og_locale":"pt_BR","og_type":"article","og_title":"Prefeitura de SP n\u00e3o autoriza 99 a transportar passageiros em motos - Canal Dana","og_description":"Portal Technibus\/Ag\u00eancia Brasil &nbsp; O prefeito de S\u00e3o Paulo, Ricardo Nunes, disse nesta \u00faltima ter\u00e7a-feira (14\/01) que a empresa 99 n\u00e3o tem autoriza\u00e7\u00e3o para fazer o servi\u00e7o de transporte de passageiros em motocicletas na capital paulista. A 99 havia informado que come\u00e7ou a oferecer o servi\u00e7o, inicialmente fora do centro expandido de S\u00e3o Paulo. Segundo\u2026 Leia mais \u00bb","og_url":"https:\/\/dana.com.br\/canaldana\/2025\/01\/16\/prefeitura-de-sp-nao-autoriza-99-a-transportar-passageiros-em-motos\/","og_site_name":"Canal Dana","article_published_time":"2025-01-16T11:06:41+00:00","author":"Canal Dana","twitter_card":"summary_large_image","twitter_misc":{"Escrito por":"Canal Dana","Est. tempo de leitura":"4 minutos"},"schema":{"@context":"https:\/\/schema.org","@graph":[{"@type":"Article","@id":"https:\/\/dana.com.br\/canaldana\/2025\/01\/16\/prefeitura-de-sp-nao-autoriza-99-a-transportar-passageiros-em-motos\/#article","isPartOf":{"@id":"https:\/\/dana.com.br\/canaldana\/2025\/01\/16\/prefeitura-de-sp-nao-autoriza-99-a-transportar-passageiros-em-motos\/"},"author":{"name":"Canal Dana","@id":"https:\/\/dana.com.br\/canaldana\/#\/schema\/person\/3c21f22f56fcf3bc46b94bc60ea4fef6"},"headline":"Prefeitura de SP n\u00e3o autoriza 99 a transportar passageiros em motos","datePublished":"2025-01-16T11:06:41+00:00","mainEntityOfPage":{"@id":"https:\/\/dana.com.br\/canaldana\/2025\/01\/16\/prefeitura-de-sp-nao-autoriza-99-a-transportar-passageiros-em-motos\/"},"wordCount":691,"articleSection":["Mercado"],"inLanguage":"pt-BR"},{"@type":"WebPage","@id":"https:\/\/dana.com.br\/canaldana\/2025\/01\/16\/prefeitura-de-sp-nao-autoriza-99-a-transportar-passageiros-em-motos\/","url":"https:\/\/dana.com.br\/canaldana\/2025\/01\/16\/prefeitura-de-sp-nao-autoriza-99-a-transportar-passageiros-em-motos\/","name":"Prefeitura de SP n\u00e3o autoriza 99 a transportar passageiros em motos - Canal Dana","isPartOf":{"@id":"https:\/\/dana.com.br\/canaldana\/#website"},"datePublished":"2025-01-16T11:06:41+00:00","author":{"@id":"https:\/\/dana.com.br\/canaldana\/#\/schema\/person\/3c21f22f56fcf3bc46b94bc60ea4fef6"},"breadcrumb":{"@id":"https:\/\/dana.com.br\/canaldana\/2025\/01\/16\/prefeitura-de-sp-nao-autoriza-99-a-transportar-passageiros-em-motos\/#breadcrumb"},"inLanguage":"pt-BR","potentialAction":[{"@type":"ReadAction","target":["https:\/\/dana.com.br\/canaldana\/2025\/01\/16\/prefeitura-de-sp-nao-autoriza-99-a-transportar-passageiros-em-motos\/"]}]},{"@type":"BreadcrumbList","@id":"https:\/\/dana.com.br\/canaldana\/2025\/01\/16\/prefeitura-de-sp-nao-autoriza-99-a-transportar-passageiros-em-motos\/#breadcrumb","itemListElement":[{"@type":"ListItem","position":1,"name":"Home","item":"https:\/\/dana.com.br\/canaldana\/"},{"@type":"ListItem","position":2,"name":"Mercado","item":"https:\/\/dana.com.br\/canaldana\/mercado\/"},{"@type":"ListItem","position":3,"name":"Prefeitura de SP n\u00e3o autoriza 99 a transportar passageiros em motos"}]},{"@type":"WebSite","@id":"https:\/\/dana.com.br\/canaldana\/#website","url":"https:\/\/dana.com.br\/canaldana\/","name":"Canal Dana","description":"Informativo com as principais not\u00edcias da ind\u00fastria automotiva","potentialAction":[{"@type":"SearchAction","target":{"@type":"EntryPoint","urlTemplate":"https:\/\/dana.com.br\/canaldana\/?s={search_term_string}"},"query-input":{"@type":"PropertyValueSpecification","valueRequired":true,"valueName":"search_term_string"}}],"inLanguage":"pt-BR"},{"@type":"Person","@id":"https:\/\/dana.com.br\/canaldana\/#\/schema\/person\/3c21f22f56fcf3bc46b94bc60ea4fef6","name":"Canal Dana","image":{"@type":"ImageObject","inLanguage":"pt-BR","@id":"https:\/\/secure.gravatar.com\/avatar\/420aaf9278582877d9018637c6817617705899d2858d7572ef0fe59a6b6454b4?s=96&d=mm&r=g","url":"https:\/\/secure.gravatar.com\/avatar\/420aaf9278582877d9018637c6817617705899d2858d7572ef0fe59a6b6454b4?s=96&d=mm&r=g","contentUrl":"https:\/\/secure.gravatar.com\/avatar\/420aaf9278582877d9018637c6817617705899d2858d7572ef0fe59a6b6454b4?s=96&d=mm&r=g","caption":"Canal Dana"},"url":"https:\/\/dana.com.br\/canaldana\/author\/cdeditor\/"}]}},"_links":{"self":[{"href":"https:\/\/dana.com.br\/canaldana\/wp-json\/wp\/v2\/posts\/78998","targetHints":{"allow":["GET"]}}],"collection":[{"href":"https:\/\/dana.com.br\/canaldana\/wp-json\/wp\/v2\/posts"}],"about":[{"href":"https:\/\/dana.com.br\/canaldana\/wp-json\/wp\/v2\/types\/post"}],"author":[{"embeddable":true,"href":"https:\/\/dana.com.br\/canaldana\/wp-json\/wp\/v2\/users\/3"}],"replies":[{"embeddable":true,"href":"https:\/\/dana.com.br\/canaldana\/wp-json\/wp\/v2\/comments?post=78998"}],"version-history":[{"count":1,"href":"https:\/\/dana.com.br\/canaldana\/wp-json\/wp\/v2\/posts\/78998\/revisions"}],"predecessor-version":[{"id":78999,"href":"https:\/\/dana.com.br\/canaldana\/wp-json\/wp\/v2\/posts\/78998\/revisions\/78999"}],"wp:attachment":[{"href":"https:\/\/dana.com.br\/canaldana\/wp-json\/wp\/v2\/media?parent=78998"}],"wp:term":[{"taxonomy":"category","embeddable":true,"href":"https:\/\/dana.com.br\/canaldana\/wp-json\/wp\/v2\/categories?post=78998"},{"taxonomy":"post_tag","embeddable":true,"href":"https:\/\/dana.com.br\/canaldana\/wp-json\/wp\/v2\/tags?post=78998"}],"curies":[{"name":"wp","href":"https:\/\/api.w.org\/{rel}","templated":true}]}}