{"id":78927,"date":"2025-01-14T08:58:03","date_gmt":"2025-01-14T11:58:03","guid":{"rendered":"https:\/\/dana.com.br\/canaldana\/?p=78927"},"modified":"2025-01-14T08:58:03","modified_gmt":"2025-01-14T11:58:03","slug":"projecao-de-pib-para-2026-e-de-18-o-pior-da-atual-gestao","status":"publish","type":"post","link":"https:\/\/dana.com.br\/canaldana\/2025\/01\/14\/projecao-de-pib-para-2026-e-de-18-o-pior-da-atual-gestao\/","title":{"rendered":"Proje\u00e7\u00e3o de PIB para 2026 \u00e9 de 1,8%, o pior da atual gest\u00e3o"},"content":{"rendered":"<p><em>O Estado de S. Paulo<\/em><\/p>\n<p>&nbsp;<\/p>\n<p>Em 2023, no primeiro ano do terceiro mandato de Lula, a economia brasileira cresceu 3,2%. No ano passado, o Produto Interno Bruto (PIB) deve ter avan\u00e7ando um pouco mais de 3,5% \u2013 o dado ser\u00e1 conhecido em mar\u00e7o \u2013 e as proje\u00e7\u00f5es para 2025 e 2026 indicam uma alta pr\u00f3xima de 2%.<\/p>\n<p>&nbsp;<\/p>\n<p>Desde o in\u00edcio do governo, existia uma grande desconfian\u00e7a com rela\u00e7\u00e3o ao futuro das contas p\u00fablicas do Brasil. No fim do ano passado, a equipe econ\u00f4mica apresentou um projeto de conten\u00e7\u00e3o dos gastos p\u00fablicos com o objetivo de garantir a sobreviv\u00eancia do arcabou\u00e7o fiscal e tentar recuperar a credibilidade fiscal do Pa\u00eds. O pacote, por\u00e9m, foi mal recebido. As medidas foram consideradas aqu\u00e9m do necess\u00e1rio para uma economia que precisa controlar seu endividamento \u2013 que tende a ser crescente ao longo dos pr\u00f3ximos anos.<\/p>\n<p>&nbsp;<\/p>\n<p>O mau humor cresceu ainda mais porque a equipe econ\u00f4mica apresentou junto uma proposta de isen\u00e7\u00e3o de Imposto de Renda para quem ganha at\u00e9 R$ 5 mil. Embora o governo tenha proposto a taxa\u00e7\u00e3o de quem recebe mais de R$ 50 mil mensais para compensar a isen\u00e7\u00e3o do IR, h\u00e1 uma grande preocupa\u00e7\u00e3o com uma poss\u00edvel perda de arrecada\u00e7\u00e3o bilion\u00e1ria. A medida tamb\u00e9m foi vista como uma derrota da ala econ\u00f4mica.<\/p>\n<p>&nbsp;<\/p>\n<p>\u201cO que nos preocupa \u00e9 que n\u00e3o estamos enxergando condi\u00e7\u00f5es pol\u00edticas para o presidente Lula encaminhar uma nova rodada de ajuste fiscal capaz de apaziguar a crise de confian\u00e7a que estamos vendo nas contas p\u00fablicas\u201d, afirma Christopher Garman, diretor da Eurasia Group para as Am\u00e9ricas. \u201cO que n\u00e3o significa que n\u00e3o haver\u00e1 respostas. Acredito que a equipe econ\u00f4mica ter\u00e1 condi\u00e7\u00f5es de encaminhar medidas de conten\u00e7\u00e3o de gastos discricion\u00e1rios para tentar cumprir a meta de 2025.\u201d<\/p>\n<p>&nbsp;<\/p>\n<p><strong>Resultado prim\u00e1rio<\/strong><\/p>\n<p>&nbsp;<\/p>\n<p>A equipe econ\u00f4mica tamb\u00e9m promete entregar uma meta de resultado prim\u00e1rio zero em 2025 e um super\u00e1vit de 0,25% do PIB no ano que vem. Os alvos j\u00e1 foram mais ambiciosos, mas foram alterados em abril do ano passado. \u201c\u00c9 muito imprevis\u00edvel n\u00e3o apenas o que vai acontecer quando essa desacelera\u00e7\u00e3o chegar, mas at\u00e9 depois. N\u00e3o \u00e9 dado como certo que, ap\u00f3s uma desacelera\u00e7\u00e3o, vai haver uma mudan\u00e7a de pol\u00edtica econ\u00f4mica\u201d, diz Solange Srour, diretora de macroeconomia para o Brasil do UBS Global Wealth Management. \u201cExiste uma incerteza muito grande sobre como vamos viver os pr\u00f3ximos dois anos.\u201d<\/p>\n<p>&nbsp;<\/p>\n<p>N\u00e3o houve um al\u00edvio nos pre\u00e7os dos ativos desde que o pacote de conten\u00e7\u00e3o de gastos foi apresentado. O combo de medidas fez com que o d\u00f3lar ultrapassasse e se consolidasse acima do patamar de R$ 6. Os juros futuros dispararam. No relat\u00f3rio Focus desta semana, os analistas esperam que o Banco Central suba a taxa b\u00e1sica de juros (Selic) \u2013 atualmente em 12,25% ao ano \u2013 para 15% \u2013 patamar que seguir\u00e1 at\u00e9 o fim do ano.<\/p>\n<p>&nbsp;<\/p>\n<p>\u201cQuando voc\u00ea olha as proje\u00e7\u00f5es do relat\u00f3rio Focus, por exemplo, elas s\u00e3o de um pouso suave. O gasto vai subir menos em 2025 e a taxa de juros vai estar extremamente alta. \u00c9 menos aumento de gastos e mais juros para tentar segurar um pouco a economia e a infla\u00e7\u00e3o e, talvez, esse cen\u00e1rio crie algum espa\u00e7o para a infla\u00e7\u00e3o estar mais baixa em 2026\u201d, diz Armando Castelar, pesquisador do Instituto Brasileiro de Economia da Funda\u00e7\u00e3o Getulio Vargas (FGV\/Ibre).<\/p>\n<p>&nbsp;<\/p>\n<p>\u201cO problema \u00e9 que esses pousos nem sempre s\u00e3o t\u00e3o tranquilos assim\u201d, acrescenta. \u201cQuando desacelerar, o mercado de trabalho vai sentir, a folha salarial vai sentir. Como se evita um aumento mais forte de inadimpl\u00eancia, de problema de cr\u00e9dito? Esse \u00e9 um risco. Um outro risco \u00e9 a economia desacelerar, e o governo dizer que n\u00e3o quer isso, porque tem elei\u00e7\u00e3o no ano que vem\u201d. (O Estado de S. Paulo\/Luiz Guilherme Gerbelli)<\/p>\n","protected":false},"excerpt":{"rendered":"<p>O Estado de S. Paulo &nbsp; Em 2023, no primeiro ano do terceiro mandato de Lula, a economia brasileira cresceu 3,2%. No ano passado, o Produto Interno Bruto (PIB) deve ter avan\u00e7ando um pouco mais de 3,5% \u2013 o dado ser\u00e1 conhecido em mar\u00e7o \u2013 e as proje\u00e7\u00f5es para 2025 e 2026 indicam uma alta\u2026 <a class=\"readmore\" href=\"https:\/\/dana.com.br\/canaldana\/2025\/01\/14\/projecao-de-pib-para-2026-e-de-18-o-pior-da-atual-gestao\/\">Leia mais \u00bb<\/a><\/p>\n","protected":false},"author":3,"featured_media":0,"comment_status":"closed","ping_status":"closed","sticky":false,"template":"","format":"standard","meta":{"_acf_changed":false,"footnotes":""},"categories":[79],"tags":[],"class_list":["post-78927","post","type-post","status-publish","format-standard","hentry","category-mercado"],"acf":[],"yoast_head":"<!-- This site is optimized with the Yoast SEO plugin v27.3 - https:\/\/yoast.com\/product\/yoast-seo-wordpress\/ -->\n<title>Proje\u00e7\u00e3o de PIB para 2026 \u00e9 de 1,8%, o pior da atual gest\u00e3o - Canal Dana<\/title>\n<meta name=\"robots\" content=\"index, follow, max-snippet:-1, max-image-preview:large, max-video-preview:-1\" \/>\n<link rel=\"canonical\" href=\"https:\/\/dana.com.br\/canaldana\/2025\/01\/14\/projecao-de-pib-para-2026-e-de-18-o-pior-da-atual-gestao\/\" \/>\n<meta property=\"og:locale\" content=\"pt_BR\" \/>\n<meta property=\"og:type\" content=\"article\" \/>\n<meta property=\"og:title\" content=\"Proje\u00e7\u00e3o de PIB para 2026 \u00e9 de 1,8%, o pior da atual gest\u00e3o - Canal Dana\" \/>\n<meta property=\"og:description\" content=\"O Estado de S. Paulo &nbsp; Em 2023, no primeiro ano do terceiro mandato de Lula, a economia brasileira cresceu 3,2%. No ano passado, o Produto Interno Bruto (PIB) deve ter avan\u00e7ando um pouco mais de 3,5% \u2013 o dado ser\u00e1 conhecido em mar\u00e7o \u2013 e as proje\u00e7\u00f5es para 2025 e 2026 indicam uma alta\u2026 Leia mais \u00bb\" \/>\n<meta property=\"og:url\" content=\"https:\/\/dana.com.br\/canaldana\/2025\/01\/14\/projecao-de-pib-para-2026-e-de-18-o-pior-da-atual-gestao\/\" \/>\n<meta property=\"og:site_name\" content=\"Canal Dana\" \/>\n<meta property=\"article:published_time\" content=\"2025-01-14T11:58:03+00:00\" \/>\n<meta name=\"author\" content=\"Canal Dana\" \/>\n<meta name=\"twitter:card\" content=\"summary_large_image\" \/>\n<meta name=\"twitter:label1\" content=\"Escrito por\" \/>\n\t<meta name=\"twitter:data1\" content=\"Canal Dana\" \/>\n\t<meta name=\"twitter:label2\" content=\"Est. tempo de leitura\" \/>\n\t<meta name=\"twitter:data2\" content=\"4 minutos\" \/>\n<script type=\"application\/ld+json\" class=\"yoast-schema-graph\">{\"@context\":\"https:\\\/\\\/schema.org\",\"@graph\":[{\"@type\":\"Article\",\"@id\":\"https:\\\/\\\/dana.com.br\\\/canaldana\\\/2025\\\/01\\\/14\\\/projecao-de-pib-para-2026-e-de-18-o-pior-da-atual-gestao\\\/#article\",\"isPartOf\":{\"@id\":\"https:\\\/\\\/dana.com.br\\\/canaldana\\\/2025\\\/01\\\/14\\\/projecao-de-pib-para-2026-e-de-18-o-pior-da-atual-gestao\\\/\"},\"author\":{\"name\":\"Canal Dana\",\"@id\":\"https:\\\/\\\/dana.com.br\\\/canaldana\\\/#\\\/schema\\\/person\\\/3c21f22f56fcf3bc46b94bc60ea4fef6\"},\"headline\":\"Proje\u00e7\u00e3o de PIB para 2026 \u00e9 de 1,8%, o pior da atual gest\u00e3o\",\"datePublished\":\"2025-01-14T11:58:03+00:00\",\"mainEntityOfPage\":{\"@id\":\"https:\\\/\\\/dana.com.br\\\/canaldana\\\/2025\\\/01\\\/14\\\/projecao-de-pib-para-2026-e-de-18-o-pior-da-atual-gestao\\\/\"},\"wordCount\":686,\"articleSection\":[\"Mercado\"],\"inLanguage\":\"pt-BR\"},{\"@type\":\"WebPage\",\"@id\":\"https:\\\/\\\/dana.com.br\\\/canaldana\\\/2025\\\/01\\\/14\\\/projecao-de-pib-para-2026-e-de-18-o-pior-da-atual-gestao\\\/\",\"url\":\"https:\\\/\\\/dana.com.br\\\/canaldana\\\/2025\\\/01\\\/14\\\/projecao-de-pib-para-2026-e-de-18-o-pior-da-atual-gestao\\\/\",\"name\":\"Proje\u00e7\u00e3o de PIB para 2026 \u00e9 de 1,8%, o pior da atual gest\u00e3o - Canal Dana\",\"isPartOf\":{\"@id\":\"https:\\\/\\\/dana.com.br\\\/canaldana\\\/#website\"},\"datePublished\":\"2025-01-14T11:58:03+00:00\",\"author\":{\"@id\":\"https:\\\/\\\/dana.com.br\\\/canaldana\\\/#\\\/schema\\\/person\\\/3c21f22f56fcf3bc46b94bc60ea4fef6\"},\"breadcrumb\":{\"@id\":\"https:\\\/\\\/dana.com.br\\\/canaldana\\\/2025\\\/01\\\/14\\\/projecao-de-pib-para-2026-e-de-18-o-pior-da-atual-gestao\\\/#breadcrumb\"},\"inLanguage\":\"pt-BR\",\"potentialAction\":[{\"@type\":\"ReadAction\",\"target\":[\"https:\\\/\\\/dana.com.br\\\/canaldana\\\/2025\\\/01\\\/14\\\/projecao-de-pib-para-2026-e-de-18-o-pior-da-atual-gestao\\\/\"]}]},{\"@type\":\"BreadcrumbList\",\"@id\":\"https:\\\/\\\/dana.com.br\\\/canaldana\\\/2025\\\/01\\\/14\\\/projecao-de-pib-para-2026-e-de-18-o-pior-da-atual-gestao\\\/#breadcrumb\",\"itemListElement\":[{\"@type\":\"ListItem\",\"position\":1,\"name\":\"Home\",\"item\":\"https:\\\/\\\/dana.com.br\\\/canaldana\\\/\"},{\"@type\":\"ListItem\",\"position\":2,\"name\":\"Mercado\",\"item\":\"https:\\\/\\\/dana.com.br\\\/canaldana\\\/mercado\\\/\"},{\"@type\":\"ListItem\",\"position\":3,\"name\":\"Proje\u00e7\u00e3o de PIB para 2026 \u00e9 de 1,8%, o pior da atual gest\u00e3o\"}]},{\"@type\":\"WebSite\",\"@id\":\"https:\\\/\\\/dana.com.br\\\/canaldana\\\/#website\",\"url\":\"https:\\\/\\\/dana.com.br\\\/canaldana\\\/\",\"name\":\"Canal Dana\",\"description\":\"Informativo com as principais not\u00edcias da ind\u00fastria automotiva\",\"potentialAction\":[{\"@type\":\"SearchAction\",\"target\":{\"@type\":\"EntryPoint\",\"urlTemplate\":\"https:\\\/\\\/dana.com.br\\\/canaldana\\\/?s={search_term_string}\"},\"query-input\":{\"@type\":\"PropertyValueSpecification\",\"valueRequired\":true,\"valueName\":\"search_term_string\"}}],\"inLanguage\":\"pt-BR\"},{\"@type\":\"Person\",\"@id\":\"https:\\\/\\\/dana.com.br\\\/canaldana\\\/#\\\/schema\\\/person\\\/3c21f22f56fcf3bc46b94bc60ea4fef6\",\"name\":\"Canal Dana\",\"image\":{\"@type\":\"ImageObject\",\"inLanguage\":\"pt-BR\",\"@id\":\"https:\\\/\\\/secure.gravatar.com\\\/avatar\\\/420aaf9278582877d9018637c6817617705899d2858d7572ef0fe59a6b6454b4?s=96&d=mm&r=g\",\"url\":\"https:\\\/\\\/secure.gravatar.com\\\/avatar\\\/420aaf9278582877d9018637c6817617705899d2858d7572ef0fe59a6b6454b4?s=96&d=mm&r=g\",\"contentUrl\":\"https:\\\/\\\/secure.gravatar.com\\\/avatar\\\/420aaf9278582877d9018637c6817617705899d2858d7572ef0fe59a6b6454b4?s=96&d=mm&r=g\",\"caption\":\"Canal Dana\"},\"url\":\"https:\\\/\\\/dana.com.br\\\/canaldana\\\/author\\\/cdeditor\\\/\"}]}<\/script>\n<!-- \/ Yoast SEO plugin. -->","yoast_head_json":{"title":"Proje\u00e7\u00e3o de PIB para 2026 \u00e9 de 1,8%, o pior da atual gest\u00e3o - Canal Dana","robots":{"index":"index","follow":"follow","max-snippet":"max-snippet:-1","max-image-preview":"max-image-preview:large","max-video-preview":"max-video-preview:-1"},"canonical":"https:\/\/dana.com.br\/canaldana\/2025\/01\/14\/projecao-de-pib-para-2026-e-de-18-o-pior-da-atual-gestao\/","og_locale":"pt_BR","og_type":"article","og_title":"Proje\u00e7\u00e3o de PIB para 2026 \u00e9 de 1,8%, o pior da atual gest\u00e3o - Canal Dana","og_description":"O Estado de S. Paulo &nbsp; Em 2023, no primeiro ano do terceiro mandato de Lula, a economia brasileira cresceu 3,2%. No ano passado, o Produto Interno Bruto (PIB) deve ter avan\u00e7ando um pouco mais de 3,5% \u2013 o dado ser\u00e1 conhecido em mar\u00e7o \u2013 e as proje\u00e7\u00f5es para 2025 e 2026 indicam uma alta\u2026 Leia mais \u00bb","og_url":"https:\/\/dana.com.br\/canaldana\/2025\/01\/14\/projecao-de-pib-para-2026-e-de-18-o-pior-da-atual-gestao\/","og_site_name":"Canal Dana","article_published_time":"2025-01-14T11:58:03+00:00","author":"Canal Dana","twitter_card":"summary_large_image","twitter_misc":{"Escrito por":"Canal Dana","Est. tempo de leitura":"4 minutos"},"schema":{"@context":"https:\/\/schema.org","@graph":[{"@type":"Article","@id":"https:\/\/dana.com.br\/canaldana\/2025\/01\/14\/projecao-de-pib-para-2026-e-de-18-o-pior-da-atual-gestao\/#article","isPartOf":{"@id":"https:\/\/dana.com.br\/canaldana\/2025\/01\/14\/projecao-de-pib-para-2026-e-de-18-o-pior-da-atual-gestao\/"},"author":{"name":"Canal Dana","@id":"https:\/\/dana.com.br\/canaldana\/#\/schema\/person\/3c21f22f56fcf3bc46b94bc60ea4fef6"},"headline":"Proje\u00e7\u00e3o de PIB para 2026 \u00e9 de 1,8%, o pior da atual gest\u00e3o","datePublished":"2025-01-14T11:58:03+00:00","mainEntityOfPage":{"@id":"https:\/\/dana.com.br\/canaldana\/2025\/01\/14\/projecao-de-pib-para-2026-e-de-18-o-pior-da-atual-gestao\/"},"wordCount":686,"articleSection":["Mercado"],"inLanguage":"pt-BR"},{"@type":"WebPage","@id":"https:\/\/dana.com.br\/canaldana\/2025\/01\/14\/projecao-de-pib-para-2026-e-de-18-o-pior-da-atual-gestao\/","url":"https:\/\/dana.com.br\/canaldana\/2025\/01\/14\/projecao-de-pib-para-2026-e-de-18-o-pior-da-atual-gestao\/","name":"Proje\u00e7\u00e3o de PIB para 2026 \u00e9 de 1,8%, o pior da atual gest\u00e3o - Canal Dana","isPartOf":{"@id":"https:\/\/dana.com.br\/canaldana\/#website"},"datePublished":"2025-01-14T11:58:03+00:00","author":{"@id":"https:\/\/dana.com.br\/canaldana\/#\/schema\/person\/3c21f22f56fcf3bc46b94bc60ea4fef6"},"breadcrumb":{"@id":"https:\/\/dana.com.br\/canaldana\/2025\/01\/14\/projecao-de-pib-para-2026-e-de-18-o-pior-da-atual-gestao\/#breadcrumb"},"inLanguage":"pt-BR","potentialAction":[{"@type":"ReadAction","target":["https:\/\/dana.com.br\/canaldana\/2025\/01\/14\/projecao-de-pib-para-2026-e-de-18-o-pior-da-atual-gestao\/"]}]},{"@type":"BreadcrumbList","@id":"https:\/\/dana.com.br\/canaldana\/2025\/01\/14\/projecao-de-pib-para-2026-e-de-18-o-pior-da-atual-gestao\/#breadcrumb","itemListElement":[{"@type":"ListItem","position":1,"name":"Home","item":"https:\/\/dana.com.br\/canaldana\/"},{"@type":"ListItem","position":2,"name":"Mercado","item":"https:\/\/dana.com.br\/canaldana\/mercado\/"},{"@type":"ListItem","position":3,"name":"Proje\u00e7\u00e3o de PIB para 2026 \u00e9 de 1,8%, o pior da atual gest\u00e3o"}]},{"@type":"WebSite","@id":"https:\/\/dana.com.br\/canaldana\/#website","url":"https:\/\/dana.com.br\/canaldana\/","name":"Canal Dana","description":"Informativo com as principais not\u00edcias da ind\u00fastria automotiva","potentialAction":[{"@type":"SearchAction","target":{"@type":"EntryPoint","urlTemplate":"https:\/\/dana.com.br\/canaldana\/?s={search_term_string}"},"query-input":{"@type":"PropertyValueSpecification","valueRequired":true,"valueName":"search_term_string"}}],"inLanguage":"pt-BR"},{"@type":"Person","@id":"https:\/\/dana.com.br\/canaldana\/#\/schema\/person\/3c21f22f56fcf3bc46b94bc60ea4fef6","name":"Canal Dana","image":{"@type":"ImageObject","inLanguage":"pt-BR","@id":"https:\/\/secure.gravatar.com\/avatar\/420aaf9278582877d9018637c6817617705899d2858d7572ef0fe59a6b6454b4?s=96&d=mm&r=g","url":"https:\/\/secure.gravatar.com\/avatar\/420aaf9278582877d9018637c6817617705899d2858d7572ef0fe59a6b6454b4?s=96&d=mm&r=g","contentUrl":"https:\/\/secure.gravatar.com\/avatar\/420aaf9278582877d9018637c6817617705899d2858d7572ef0fe59a6b6454b4?s=96&d=mm&r=g","caption":"Canal Dana"},"url":"https:\/\/dana.com.br\/canaldana\/author\/cdeditor\/"}]}},"_links":{"self":[{"href":"https:\/\/dana.com.br\/canaldana\/wp-json\/wp\/v2\/posts\/78927","targetHints":{"allow":["GET"]}}],"collection":[{"href":"https:\/\/dana.com.br\/canaldana\/wp-json\/wp\/v2\/posts"}],"about":[{"href":"https:\/\/dana.com.br\/canaldana\/wp-json\/wp\/v2\/types\/post"}],"author":[{"embeddable":true,"href":"https:\/\/dana.com.br\/canaldana\/wp-json\/wp\/v2\/users\/3"}],"replies":[{"embeddable":true,"href":"https:\/\/dana.com.br\/canaldana\/wp-json\/wp\/v2\/comments?post=78927"}],"version-history":[{"count":1,"href":"https:\/\/dana.com.br\/canaldana\/wp-json\/wp\/v2\/posts\/78927\/revisions"}],"predecessor-version":[{"id":78928,"href":"https:\/\/dana.com.br\/canaldana\/wp-json\/wp\/v2\/posts\/78927\/revisions\/78928"}],"wp:attachment":[{"href":"https:\/\/dana.com.br\/canaldana\/wp-json\/wp\/v2\/media?parent=78927"}],"wp:term":[{"taxonomy":"category","embeddable":true,"href":"https:\/\/dana.com.br\/canaldana\/wp-json\/wp\/v2\/categories?post=78927"},{"taxonomy":"post_tag","embeddable":true,"href":"https:\/\/dana.com.br\/canaldana\/wp-json\/wp\/v2\/tags?post=78927"}],"curies":[{"name":"wp","href":"https:\/\/api.w.org\/{rel}","templated":true}]}}