{"id":78919,"date":"2025-01-14T08:54:51","date_gmt":"2025-01-14T11:54:51","guid":{"rendered":"https:\/\/dana.com.br\/canaldana\/?p=78919"},"modified":"2025-01-14T08:54:51","modified_gmt":"2025-01-14T11:54:51","slug":"servicos-conectados-scania-mostram-forte-evolucao-desde-o-lancamento","status":"publish","type":"post","link":"https:\/\/dana.com.br\/canaldana\/2025\/01\/14\/servicos-conectados-scania-mostram-forte-evolucao-desde-o-lancamento\/","title":{"rendered":"Servi\u00e7os Conectados Scania mostram forte evolu\u00e7\u00e3o desde o lan\u00e7amento"},"content":{"rendered":"<p><em>Frota &amp; Cia\u00a0 <\/em><\/p>\n<p>&nbsp;<\/p>\n<p>A Scania foi uma das montadoras pioneiras no uso da conectividade. Depois de iniciar os estudos em 2012, efetivamente surge o Mais Scania, em 2017, que garantia manuten\u00e7\u00e3o preventiva acompanhada. Um dos canais era o Scania Pro. \u201cO programa j\u00e1 garantia uma s\u00e9rie de benef\u00edcios, colocando em destaque o trip\u00e9 seguran\u00e7a, efici\u00eancia e economia de custos\u201d, diz Fernando Valiate, diretor de Servi\u00e7os e Pe\u00e7as da Scania.<\/p>\n<p>&nbsp;<\/p>\n<p>A solu\u00e7\u00e3o reunia dez funcionalidades. Relat\u00f3rios de servi\u00e7o, aumento substancial da efici\u00eancia operacional, uso do aplicativo Scania Driver, avalia\u00e7\u00e3o do motorista, posicionamento da frota, desempenho dos ve\u00edculos e an\u00e1lise profissional com mais de 60 vari\u00e1veis e comparativos.<\/p>\n<p>&nbsp;<\/p>\n<p>Obviamente o objetivo maior era diminuir o consumo de combust\u00edvel, o principal custo de qualquer empresa de transporte. \u201cO reflexo da aplica\u00e7\u00e3o daquele tipo de monitoramento chamou a aten\u00e7\u00e3o de todos os transportadores. As bombas registravam 12% a menos de consumo de diesel\u201d, diz Valiate. O data AXS e ERB integravam os dados e produziam uma poderosa ferramenta de parametriza\u00e7\u00e3o. \u201cUm sistema novo com a funcionalidade de um portal\u201d, completa o executivo.<\/p>\n<p>&nbsp;<\/p>\n<p><strong>Dados para gest\u00e3o<\/strong><\/p>\n<p>&nbsp;<\/p>\n<p>Nascia assim uma ferramenta que gerava alertas operacionais, como controle de velocidade; de seguran\u00e7a, como as cercas eletr\u00f4nicas e de gest\u00e3o, gra\u00e7as \u00e0s recomenda\u00e7\u00f5es de treinamento e os melhores perfis de condu\u00e7\u00e3o para a maior efici\u00eancia.<\/p>\n<p>&nbsp;<\/p>\n<p>Com 80 mil ve\u00edculos conectados, amplia-se a efici\u00eancia para formata\u00e7\u00e3o do melhor perfil de condu\u00e7\u00e3o. \u201cGra\u00e7as a administra\u00e7\u00e3o do feedback, as recomenda\u00e7\u00f5es de treinamento foram otimizadas, produzindo resultados mais r\u00e1pidos e eficientes\u201d, lembra Valiate.<\/p>\n<p>&nbsp;<\/p>\n<p>A solu\u00e7\u00e3o passava a apresentar resultados substanciais quanto \u00e0 economia de custos e tamb\u00e9m mostrava \u00edndices de sustentabilidade crescentes. A preserva\u00e7\u00e3o de danos levava \u00e0 diminui\u00e7\u00e3o das despesas e a diminui\u00e7\u00e3o brusca dos tempos de parada para manuten\u00e7\u00e3o, elevando a disponibilidade do ve\u00edculo.<\/p>\n<p>&nbsp;<\/p>\n<p>\u201cHoje, oferecemos pacotes para diferentes tipos de gest\u00e3o e prioridades\u201d, classifica Valiate. H\u00e1 setores que priorizam caracter\u00edsticas como alta velocidade m\u00e9dia, economia de combust\u00edvel, sempre na busca de \u201catacar\u201d os maiores problemas da empresa cliente.<\/p>\n<p>&nbsp;<\/p>\n<p><strong>\u00daltima gera\u00e7\u00e3o<\/strong><\/p>\n<p>&nbsp;<\/p>\n<p>O Scania Zone integra v\u00e1rias solu\u00e7\u00f5es, inclusive com dados de concorrentes tanto para comparativo entre performances em trechos semelhantes como para incrementar a seguran\u00e7a operacional.<\/p>\n<p>&nbsp;<\/p>\n<p>Para isso, nada melhor que conhecer opera\u00e7\u00f5es que apresentam altos \u00edndices de acidentes para evit\u00e1-las. Da mesma forma, aquelas que n\u00e3o cumprem prazos, mostram consumo elevado de diesel, paradas frequentes para manuten\u00e7\u00e3o, desgaste excessivo dos pneus etc.<\/p>\n<p>&nbsp;<\/p>\n<p>Os caminh\u00f5es j\u00e1 v\u00eam de f\u00e1brica com os dispositivos comunicadores instalados. \u201cAssim, basta o pagamento da mensalidade para usufruir dos benef\u00edcios da conectividade\u201d, diz Valiate.<\/p>\n<p>&nbsp;<\/p>\n<p>Com o sistema 5G chegando, grandes investimentos foram realizados para oferecer sistema consistente para gest\u00e3o de frota. \u201cA intelig\u00eancia artificial permite chegar ao topo de avalia\u00e7\u00e3o de motoristas e otimiza\u00e7\u00e3o de performance com a gera\u00e7\u00e3o de insights\u201d.<\/p>\n<p>&nbsp;<\/p>\n<p><strong>Torre de controle<\/strong><\/p>\n<p>&nbsp;<\/p>\n<p>A grande evolu\u00e7\u00e3o no segmento de conectividade foi o lan\u00e7amento do Scania ProDriver, com foco total \u00e0 capacita\u00e7\u00e3o dos motoristas e elevada assertividade nos resultados.<\/p>\n<p>&nbsp;<\/p>\n<p>Contribui para isso os pacotes PRO de servi\u00e7os conectados Scania. Essas solu\u00e7\u00f5es incluem o Scania FIT, uma ferramenta de Intelig\u00eancia de Frota, e o portal My Scania, desenvolvido para gest\u00e3o de frotas, utilizando dados dos ve\u00edculos para analisar e controlar a efici\u00eancia operacional e a mitiga\u00e7\u00e3o dos custos operacionais.<\/p>\n<p>&nbsp;<\/p>\n<p>Misturando o \u00fatil ao agrad\u00e1vel, o sistema de conectividade Scania, passou a oferecer o ProDriver, uma solu\u00e7\u00e3o digital combinando tecnologia de ponta com servi\u00e7os de suporte para maximizar a efici\u00eancia nas opera\u00e7\u00f5es. O resultado \u00e9 a economia de at\u00e9 5% no consumo de combust\u00edvel e o monitoramento e otimiza\u00e7\u00e3o das frotas, garantindo maior rentabilidade ao transportadores e sustentabilidade ao neg\u00f3cio.<\/p>\n<p>&nbsp;<\/p>\n<p>Agora tamb\u00e9m dispon\u00edvel est\u00e1 a Torre de Controle, que permite o monitoramento em concession\u00e1rias, garantindo maior disponibilidade aos ve\u00edculos e redu\u00e7\u00e3o de consumo de combust\u00edvel e do Scania Zone.<\/p>\n<p>&nbsp;<\/p>\n<p>\u201cO cont\u00ednuo compromisso da Scania com a inova\u00e7\u00e3o sustent\u00e1vel vai al\u00e9m de nossos produtos. Estamos focados em entregar servi\u00e7os que garantam o menor tempo poss\u00edvel do ve\u00edculo parado em nossas oficinas da rede\u201d, garante Valiate.<\/p>\n<p>&nbsp;<\/p>\n<p>O executivo adiciona: \u201cOs Servi\u00e7os Scania PRO e nossas outras ferramentas formam um amplo leque de solu\u00e7\u00f5es para o cliente ter na sua opera\u00e7\u00e3o a cobertura e garantias dos servi\u00e7os Scania para toda a linha de ve\u00edculos, incluindo a novidade, o caminh\u00e3o el\u00e9trico\u201d. (Frota &amp; Cia\/Jos\u00e9 Augusto Ferraz)<\/p>\n","protected":false},"excerpt":{"rendered":"<p>Frota &amp; Cia\u00a0 &nbsp; A Scania foi uma das montadoras pioneiras no uso da conectividade. Depois de iniciar os estudos em 2012, efetivamente surge o Mais Scania, em 2017, que garantia manuten\u00e7\u00e3o preventiva acompanhada. Um dos canais era o Scania Pro. \u201cO programa j\u00e1 garantia uma s\u00e9rie de benef\u00edcios, colocando em destaque o trip\u00e9 seguran\u00e7a,\u2026 <a class=\"readmore\" href=\"https:\/\/dana.com.br\/canaldana\/2025\/01\/14\/servicos-conectados-scania-mostram-forte-evolucao-desde-o-lancamento\/\">Leia mais \u00bb<\/a><\/p>\n","protected":false},"author":3,"featured_media":0,"comment_status":"closed","ping_status":"closed","sticky":false,"template":"","format":"standard","meta":{"_acf_changed":false,"footnotes":""},"categories":[79],"tags":[],"class_list":["post-78919","post","type-post","status-publish","format-standard","hentry","category-mercado"],"acf":[],"yoast_head":"<!-- This site is optimized with the Yoast SEO plugin v27.3 - https:\/\/yoast.com\/product\/yoast-seo-wordpress\/ -->\n<title>Servi\u00e7os Conectados Scania mostram forte evolu\u00e7\u00e3o desde o lan\u00e7amento - Canal Dana<\/title>\n<meta name=\"robots\" content=\"index, follow, max-snippet:-1, max-image-preview:large, max-video-preview:-1\" \/>\n<link rel=\"canonical\" href=\"https:\/\/dana.com.br\/canaldana\/2025\/01\/14\/servicos-conectados-scania-mostram-forte-evolucao-desde-o-lancamento\/\" \/>\n<meta property=\"og:locale\" content=\"pt_BR\" \/>\n<meta property=\"og:type\" content=\"article\" \/>\n<meta property=\"og:title\" content=\"Servi\u00e7os Conectados Scania mostram forte evolu\u00e7\u00e3o desde o lan\u00e7amento - Canal Dana\" \/>\n<meta property=\"og:description\" content=\"Frota &amp; Cia\u00a0 &nbsp; A Scania foi uma das montadoras pioneiras no uso da conectividade. Depois de iniciar os estudos em 2012, efetivamente surge o Mais Scania, em 2017, que garantia manuten\u00e7\u00e3o preventiva acompanhada. Um dos canais era o Scania Pro. \u201cO programa j\u00e1 garantia uma s\u00e9rie de benef\u00edcios, colocando em destaque o trip\u00e9 seguran\u00e7a,\u2026 Leia mais \u00bb\" \/>\n<meta property=\"og:url\" content=\"https:\/\/dana.com.br\/canaldana\/2025\/01\/14\/servicos-conectados-scania-mostram-forte-evolucao-desde-o-lancamento\/\" \/>\n<meta property=\"og:site_name\" content=\"Canal Dana\" \/>\n<meta property=\"article:published_time\" content=\"2025-01-14T11:54:51+00:00\" \/>\n<meta name=\"author\" content=\"Canal Dana\" \/>\n<meta name=\"twitter:card\" content=\"summary_large_image\" \/>\n<meta name=\"twitter:label1\" content=\"Escrito por\" \/>\n\t<meta name=\"twitter:data1\" content=\"Canal Dana\" \/>\n\t<meta name=\"twitter:label2\" content=\"Est. tempo de leitura\" \/>\n\t<meta name=\"twitter:data2\" content=\"4 minutos\" \/>\n<script type=\"application\/ld+json\" class=\"yoast-schema-graph\">{\"@context\":\"https:\\\/\\\/schema.org\",\"@graph\":[{\"@type\":\"Article\",\"@id\":\"https:\\\/\\\/dana.com.br\\\/canaldana\\\/2025\\\/01\\\/14\\\/servicos-conectados-scania-mostram-forte-evolucao-desde-o-lancamento\\\/#article\",\"isPartOf\":{\"@id\":\"https:\\\/\\\/dana.com.br\\\/canaldana\\\/2025\\\/01\\\/14\\\/servicos-conectados-scania-mostram-forte-evolucao-desde-o-lancamento\\\/\"},\"author\":{\"name\":\"Canal Dana\",\"@id\":\"https:\\\/\\\/dana.com.br\\\/canaldana\\\/#\\\/schema\\\/person\\\/3c21f22f56fcf3bc46b94bc60ea4fef6\"},\"headline\":\"Servi\u00e7os Conectados Scania mostram forte evolu\u00e7\u00e3o desde o lan\u00e7amento\",\"datePublished\":\"2025-01-14T11:54:51+00:00\",\"mainEntityOfPage\":{\"@id\":\"https:\\\/\\\/dana.com.br\\\/canaldana\\\/2025\\\/01\\\/14\\\/servicos-conectados-scania-mostram-forte-evolucao-desde-o-lancamento\\\/\"},\"wordCount\":828,\"articleSection\":[\"Mercado\"],\"inLanguage\":\"pt-BR\"},{\"@type\":\"WebPage\",\"@id\":\"https:\\\/\\\/dana.com.br\\\/canaldana\\\/2025\\\/01\\\/14\\\/servicos-conectados-scania-mostram-forte-evolucao-desde-o-lancamento\\\/\",\"url\":\"https:\\\/\\\/dana.com.br\\\/canaldana\\\/2025\\\/01\\\/14\\\/servicos-conectados-scania-mostram-forte-evolucao-desde-o-lancamento\\\/\",\"name\":\"Servi\u00e7os Conectados Scania mostram forte evolu\u00e7\u00e3o desde o lan\u00e7amento - Canal Dana\",\"isPartOf\":{\"@id\":\"https:\\\/\\\/dana.com.br\\\/canaldana\\\/#website\"},\"datePublished\":\"2025-01-14T11:54:51+00:00\",\"author\":{\"@id\":\"https:\\\/\\\/dana.com.br\\\/canaldana\\\/#\\\/schema\\\/person\\\/3c21f22f56fcf3bc46b94bc60ea4fef6\"},\"breadcrumb\":{\"@id\":\"https:\\\/\\\/dana.com.br\\\/canaldana\\\/2025\\\/01\\\/14\\\/servicos-conectados-scania-mostram-forte-evolucao-desde-o-lancamento\\\/#breadcrumb\"},\"inLanguage\":\"pt-BR\",\"potentialAction\":[{\"@type\":\"ReadAction\",\"target\":[\"https:\\\/\\\/dana.com.br\\\/canaldana\\\/2025\\\/01\\\/14\\\/servicos-conectados-scania-mostram-forte-evolucao-desde-o-lancamento\\\/\"]}]},{\"@type\":\"BreadcrumbList\",\"@id\":\"https:\\\/\\\/dana.com.br\\\/canaldana\\\/2025\\\/01\\\/14\\\/servicos-conectados-scania-mostram-forte-evolucao-desde-o-lancamento\\\/#breadcrumb\",\"itemListElement\":[{\"@type\":\"ListItem\",\"position\":1,\"name\":\"Home\",\"item\":\"https:\\\/\\\/dana.com.br\\\/canaldana\\\/\"},{\"@type\":\"ListItem\",\"position\":2,\"name\":\"Mercado\",\"item\":\"https:\\\/\\\/dana.com.br\\\/canaldana\\\/mercado\\\/\"},{\"@type\":\"ListItem\",\"position\":3,\"name\":\"Servi\u00e7os Conectados Scania mostram forte evolu\u00e7\u00e3o desde o lan\u00e7amento\"}]},{\"@type\":\"WebSite\",\"@id\":\"https:\\\/\\\/dana.com.br\\\/canaldana\\\/#website\",\"url\":\"https:\\\/\\\/dana.com.br\\\/canaldana\\\/\",\"name\":\"Canal Dana\",\"description\":\"Informativo com as principais not\u00edcias da ind\u00fastria automotiva\",\"potentialAction\":[{\"@type\":\"SearchAction\",\"target\":{\"@type\":\"EntryPoint\",\"urlTemplate\":\"https:\\\/\\\/dana.com.br\\\/canaldana\\\/?s={search_term_string}\"},\"query-input\":{\"@type\":\"PropertyValueSpecification\",\"valueRequired\":true,\"valueName\":\"search_term_string\"}}],\"inLanguage\":\"pt-BR\"},{\"@type\":\"Person\",\"@id\":\"https:\\\/\\\/dana.com.br\\\/canaldana\\\/#\\\/schema\\\/person\\\/3c21f22f56fcf3bc46b94bc60ea4fef6\",\"name\":\"Canal Dana\",\"image\":{\"@type\":\"ImageObject\",\"inLanguage\":\"pt-BR\",\"@id\":\"https:\\\/\\\/secure.gravatar.com\\\/avatar\\\/420aaf9278582877d9018637c6817617705899d2858d7572ef0fe59a6b6454b4?s=96&d=mm&r=g\",\"url\":\"https:\\\/\\\/secure.gravatar.com\\\/avatar\\\/420aaf9278582877d9018637c6817617705899d2858d7572ef0fe59a6b6454b4?s=96&d=mm&r=g\",\"contentUrl\":\"https:\\\/\\\/secure.gravatar.com\\\/avatar\\\/420aaf9278582877d9018637c6817617705899d2858d7572ef0fe59a6b6454b4?s=96&d=mm&r=g\",\"caption\":\"Canal Dana\"},\"url\":\"https:\\\/\\\/dana.com.br\\\/canaldana\\\/author\\\/cdeditor\\\/\"}]}<\/script>\n<!-- \/ Yoast SEO plugin. -->","yoast_head_json":{"title":"Servi\u00e7os Conectados Scania mostram forte evolu\u00e7\u00e3o desde o lan\u00e7amento - Canal Dana","robots":{"index":"index","follow":"follow","max-snippet":"max-snippet:-1","max-image-preview":"max-image-preview:large","max-video-preview":"max-video-preview:-1"},"canonical":"https:\/\/dana.com.br\/canaldana\/2025\/01\/14\/servicos-conectados-scania-mostram-forte-evolucao-desde-o-lancamento\/","og_locale":"pt_BR","og_type":"article","og_title":"Servi\u00e7os Conectados Scania mostram forte evolu\u00e7\u00e3o desde o lan\u00e7amento - Canal Dana","og_description":"Frota &amp; Cia\u00a0 &nbsp; A Scania foi uma das montadoras pioneiras no uso da conectividade. Depois de iniciar os estudos em 2012, efetivamente surge o Mais Scania, em 2017, que garantia manuten\u00e7\u00e3o preventiva acompanhada. Um dos canais era o Scania Pro. \u201cO programa j\u00e1 garantia uma s\u00e9rie de benef\u00edcios, colocando em destaque o trip\u00e9 seguran\u00e7a,\u2026 Leia mais \u00bb","og_url":"https:\/\/dana.com.br\/canaldana\/2025\/01\/14\/servicos-conectados-scania-mostram-forte-evolucao-desde-o-lancamento\/","og_site_name":"Canal Dana","article_published_time":"2025-01-14T11:54:51+00:00","author":"Canal Dana","twitter_card":"summary_large_image","twitter_misc":{"Escrito por":"Canal Dana","Est. tempo de leitura":"4 minutos"},"schema":{"@context":"https:\/\/schema.org","@graph":[{"@type":"Article","@id":"https:\/\/dana.com.br\/canaldana\/2025\/01\/14\/servicos-conectados-scania-mostram-forte-evolucao-desde-o-lancamento\/#article","isPartOf":{"@id":"https:\/\/dana.com.br\/canaldana\/2025\/01\/14\/servicos-conectados-scania-mostram-forte-evolucao-desde-o-lancamento\/"},"author":{"name":"Canal Dana","@id":"https:\/\/dana.com.br\/canaldana\/#\/schema\/person\/3c21f22f56fcf3bc46b94bc60ea4fef6"},"headline":"Servi\u00e7os Conectados Scania mostram forte evolu\u00e7\u00e3o desde o lan\u00e7amento","datePublished":"2025-01-14T11:54:51+00:00","mainEntityOfPage":{"@id":"https:\/\/dana.com.br\/canaldana\/2025\/01\/14\/servicos-conectados-scania-mostram-forte-evolucao-desde-o-lancamento\/"},"wordCount":828,"articleSection":["Mercado"],"inLanguage":"pt-BR"},{"@type":"WebPage","@id":"https:\/\/dana.com.br\/canaldana\/2025\/01\/14\/servicos-conectados-scania-mostram-forte-evolucao-desde-o-lancamento\/","url":"https:\/\/dana.com.br\/canaldana\/2025\/01\/14\/servicos-conectados-scania-mostram-forte-evolucao-desde-o-lancamento\/","name":"Servi\u00e7os Conectados Scania mostram forte evolu\u00e7\u00e3o desde o lan\u00e7amento - Canal Dana","isPartOf":{"@id":"https:\/\/dana.com.br\/canaldana\/#website"},"datePublished":"2025-01-14T11:54:51+00:00","author":{"@id":"https:\/\/dana.com.br\/canaldana\/#\/schema\/person\/3c21f22f56fcf3bc46b94bc60ea4fef6"},"breadcrumb":{"@id":"https:\/\/dana.com.br\/canaldana\/2025\/01\/14\/servicos-conectados-scania-mostram-forte-evolucao-desde-o-lancamento\/#breadcrumb"},"inLanguage":"pt-BR","potentialAction":[{"@type":"ReadAction","target":["https:\/\/dana.com.br\/canaldana\/2025\/01\/14\/servicos-conectados-scania-mostram-forte-evolucao-desde-o-lancamento\/"]}]},{"@type":"BreadcrumbList","@id":"https:\/\/dana.com.br\/canaldana\/2025\/01\/14\/servicos-conectados-scania-mostram-forte-evolucao-desde-o-lancamento\/#breadcrumb","itemListElement":[{"@type":"ListItem","position":1,"name":"Home","item":"https:\/\/dana.com.br\/canaldana\/"},{"@type":"ListItem","position":2,"name":"Mercado","item":"https:\/\/dana.com.br\/canaldana\/mercado\/"},{"@type":"ListItem","position":3,"name":"Servi\u00e7os Conectados Scania mostram forte evolu\u00e7\u00e3o desde o lan\u00e7amento"}]},{"@type":"WebSite","@id":"https:\/\/dana.com.br\/canaldana\/#website","url":"https:\/\/dana.com.br\/canaldana\/","name":"Canal Dana","description":"Informativo com as principais not\u00edcias da ind\u00fastria automotiva","potentialAction":[{"@type":"SearchAction","target":{"@type":"EntryPoint","urlTemplate":"https:\/\/dana.com.br\/canaldana\/?s={search_term_string}"},"query-input":{"@type":"PropertyValueSpecification","valueRequired":true,"valueName":"search_term_string"}}],"inLanguage":"pt-BR"},{"@type":"Person","@id":"https:\/\/dana.com.br\/canaldana\/#\/schema\/person\/3c21f22f56fcf3bc46b94bc60ea4fef6","name":"Canal Dana","image":{"@type":"ImageObject","inLanguage":"pt-BR","@id":"https:\/\/secure.gravatar.com\/avatar\/420aaf9278582877d9018637c6817617705899d2858d7572ef0fe59a6b6454b4?s=96&d=mm&r=g","url":"https:\/\/secure.gravatar.com\/avatar\/420aaf9278582877d9018637c6817617705899d2858d7572ef0fe59a6b6454b4?s=96&d=mm&r=g","contentUrl":"https:\/\/secure.gravatar.com\/avatar\/420aaf9278582877d9018637c6817617705899d2858d7572ef0fe59a6b6454b4?s=96&d=mm&r=g","caption":"Canal Dana"},"url":"https:\/\/dana.com.br\/canaldana\/author\/cdeditor\/"}]}},"_links":{"self":[{"href":"https:\/\/dana.com.br\/canaldana\/wp-json\/wp\/v2\/posts\/78919","targetHints":{"allow":["GET"]}}],"collection":[{"href":"https:\/\/dana.com.br\/canaldana\/wp-json\/wp\/v2\/posts"}],"about":[{"href":"https:\/\/dana.com.br\/canaldana\/wp-json\/wp\/v2\/types\/post"}],"author":[{"embeddable":true,"href":"https:\/\/dana.com.br\/canaldana\/wp-json\/wp\/v2\/users\/3"}],"replies":[{"embeddable":true,"href":"https:\/\/dana.com.br\/canaldana\/wp-json\/wp\/v2\/comments?post=78919"}],"version-history":[{"count":1,"href":"https:\/\/dana.com.br\/canaldana\/wp-json\/wp\/v2\/posts\/78919\/revisions"}],"predecessor-version":[{"id":78920,"href":"https:\/\/dana.com.br\/canaldana\/wp-json\/wp\/v2\/posts\/78919\/revisions\/78920"}],"wp:attachment":[{"href":"https:\/\/dana.com.br\/canaldana\/wp-json\/wp\/v2\/media?parent=78919"}],"wp:term":[{"taxonomy":"category","embeddable":true,"href":"https:\/\/dana.com.br\/canaldana\/wp-json\/wp\/v2\/categories?post=78919"},{"taxonomy":"post_tag","embeddable":true,"href":"https:\/\/dana.com.br\/canaldana\/wp-json\/wp\/v2\/tags?post=78919"}],"curies":[{"name":"wp","href":"https:\/\/api.w.org\/{rel}","templated":true}]}}