{"id":7875,"date":"2016-04-26T08:28:34","date_gmt":"2016-04-26T11:28:34","guid":{"rendered":"http:\/\/dana.com.br\/canaldana\/?p=7875"},"modified":"2016-04-26T08:28:34","modified_gmt":"2016-04-26T11:28:34","slug":"montadoras-pedem-plano-perene-contra-desemprego","status":"publish","type":"post","link":"https:\/\/dana.com.br\/canaldana\/2016\/04\/26\/montadoras-pedem-plano-perene-contra-desemprego\/","title":{"rendered":"Montadoras pedem plano \u201cperene\u201d contra desemprego"},"content":{"rendered":"<p><em>O Estado de S. Paulo<\/em><\/p>\n<p>&nbsp;<\/p>\n<p>As montadoras querem que o governo, independentemente de quem seja &#8211; se Dilma Rousseff ou Michel Temer -, mantenha o Programa de Prote\u00e7\u00e3o ao Emprego (PPE) como medida &#8220;perene&#8221; para evitar demiss\u00f5es no setor. O programa, iniciado neste ano, permite a redu\u00e7\u00e3o de jornada e sal\u00e1rios dos trabalhadores em per\u00edodos de crise, mas a vers\u00e3o atual tem dois anos de validade, ou seja, at\u00e9 o fim de 2017.<\/p>\n<p>&nbsp;<\/p>\n<p>&#8220;Defendemos que seja uma pol\u00edtica perene, pois temos certeza de que vamos sair dessa situa\u00e7\u00e3o atual de dificuldades, mas l\u00e1 na frente pode ocorrer novamente&#8221;, diz Antonio Megale, que assumiu ontem a presid\u00eancia da Associa\u00e7\u00e3o Nacional dos Fabricantes de Ve\u00edculos Automotores (Anfavea), para uma gest\u00e3o de tr\u00eas anos. Atualmente, 39 mil trabalhadores das montadoras est\u00e3o em PPE ou em lay-off (suspens\u00e3o tempor\u00e1ria dos contratos de trabalho), o equivalente a 30 da m\u00e3o de obra do setor.<\/p>\n<p>&nbsp;<\/p>\n<p>Al\u00e9m dessas medidas, as empresas continuam dando f\u00e9rias coletivas. A partir de ontem, a Fiat dispensou, por 10 dias, grande parte dos 19 mil funcion\u00e1rios da f\u00e1brica de Betim (MG). A f\u00e1brica que produz os modelos Palio, Uno e o rec\u00e9m lan\u00e7ado Mobi, entre outros, manter\u00e1 apenas uma de suas quatro linhas em atividade, para &#8220;ajuste de produ\u00e7\u00e3o \u00e0 demandado mercado&#8221;, informa a montadora. Essa \u00e9 a terceira vez no ano que a Fiat adota essa medida, somando ao todo 40 dias de dispensas coletivas.<\/p>\n<p>&nbsp;<\/p>\n<p>Um dos entraves que a Anfavea deve encontrar \u00e9 a dificuldade de caixa do Fundo de Amparo ao Trabalhador (FAT), que banca metade do valor do sal\u00e1rio reduzido do trabalhador.<\/p>\n<p>&nbsp;<\/p>\n<p>Hoje, j\u00e1 ocorrem atrasos no repasse \u00e0s empresas que aderiram \u00e0 medida &#8211; que inclui per\u00edodo de garantia de emprego ap\u00f3s o fim do programa e pode ser adotada por at\u00e9 cinco meses. Segundo a entidade, os custos com o programa s\u00e3o inferiores aos do sal\u00e1rio-desemprego.<\/p>\n<p>&nbsp;<\/p>\n<p>Megale tamb\u00e9m defende que prevale\u00e7am os acordos fechados entre empresas e sindicato de trabalhadores. Em muitos casos, diz ele, a Justi\u00e7a do Trabalho tem entendimento diferente e d\u00e1 ganhos de causa aos funcion\u00e1rios em a\u00e7\u00f5es trabalhistas. &#8220;E uma quest\u00e3o que gera muita inseguran\u00e7a jur\u00eddica&#8221;, afirma o executivo, de 59 anos, tamb\u00e9m diretor de Assuntos Governamentais da Volkswagen. Ele substitui Luiz Moan, que esteve \u00e0 frente da Anfavea nos \u00faltimos tr\u00eas anos.<\/p>\n<p>&nbsp;<\/p>\n<p>Mesmo com o PPE, as montadoras demitiram nos \u00faltimos 12 meses 12,3 mil funcion\u00e1rios em programas de voluntariado e incentivos ap\u00f3s o fim do per\u00edodo de lay-off.&#8217; Elas empregam atualmente 128,5 mil trabalhadores. A produ\u00e7\u00e3o de ve\u00edculos caiu 27,8 no primeiro trimestre ante 2015, para 594 mil unidades. J\u00e1 as vendas no mercado interno tiveram retra\u00e7\u00e3o de 27%, para 481,3 mil unidades.<\/p>\n<p>&nbsp;<\/p>\n<p><strong>Confian\u00e7a<\/strong><\/p>\n<p>&nbsp;<\/p>\n<p>Megale acredita numa retomada do mercado assim que a crise pol\u00edtica for resolvida.<\/p>\n<p>&nbsp;<\/p>\n<p>&#8220;O que temos hoje \u00e9 uma crise de confian\u00e7a, mas quando tivermos um quadro pol\u00edtico est\u00e1vel acreditamos que a economia ser\u00e1 retomada.&#8221; Ao falar de suas prioridades, Megale listou em primeiro lugar a necessidade de se trabalhar com previsibilidade e estabilidade. &#8220;Qualquer que seja o governo, precisamos de regras claras&#8221;.<\/p>\n<p>&nbsp;<\/p>\n<p>Tradicionalmente, o novo presidente da Anfavea faz uma visita ao presidente da Rep\u00fablica e ministros logo ap\u00f3s a posse, para se apresentar e falar de seus planos. Desta vez, Megale aguardar\u00e1 a decis\u00e3o do Senado, sobre o impeachrnent de Dilma ou n\u00e3o, para depois seguir o ritual.<\/p>\n<p>&nbsp;<\/p>\n<p>A Anfavea tem 32 empresas associadas e o setor responde por 20 do PIE industrial. (O Estado de S. Paulo\/Cleide Silva)<\/p>\n","protected":false},"excerpt":{"rendered":"<p>O Estado de S. Paulo &nbsp; As montadoras querem que o governo, independentemente de quem seja &#8211; se Dilma Rousseff ou Michel Temer -, mantenha o Programa de Prote\u00e7\u00e3o ao Emprego (PPE) como medida &#8220;perene&#8221; para evitar demiss\u00f5es no setor. O programa, iniciado neste ano, permite a redu\u00e7\u00e3o de jornada e sal\u00e1rios dos trabalhadores em\u2026 <a class=\"readmore\" href=\"https:\/\/dana.com.br\/canaldana\/2016\/04\/26\/montadoras-pedem-plano-perene-contra-desemprego\/\">Leia mais \u00bb<\/a><\/p>\n","protected":false},"author":3,"featured_media":0,"comment_status":"closed","ping_status":"closed","sticky":false,"template":"","format":"standard","meta":{"_acf_changed":false,"footnotes":""},"categories":[61],"tags":[],"class_list":["post-7875","post","type-post","status-publish","format-standard","hentry","category-destaques"],"acf":[],"yoast_head":"<!-- This site is optimized with the Yoast SEO plugin v27.3 - https:\/\/yoast.com\/product\/yoast-seo-wordpress\/ -->\n<title>Montadoras pedem plano \u201cperene\u201d contra desemprego - Canal Dana<\/title>\n<meta name=\"robots\" content=\"index, follow, max-snippet:-1, max-image-preview:large, max-video-preview:-1\" \/>\n<link rel=\"canonical\" href=\"https:\/\/dana.com.br\/canaldana\/2016\/04\/26\/montadoras-pedem-plano-perene-contra-desemprego\/\" \/>\n<meta property=\"og:locale\" content=\"pt_BR\" \/>\n<meta property=\"og:type\" content=\"article\" \/>\n<meta property=\"og:title\" content=\"Montadoras pedem plano \u201cperene\u201d contra desemprego - Canal Dana\" \/>\n<meta property=\"og:description\" content=\"O Estado de S. Paulo &nbsp; As montadoras querem que o governo, independentemente de quem seja &#8211; se Dilma Rousseff ou Michel Temer -, mantenha o Programa de Prote\u00e7\u00e3o ao Emprego (PPE) como medida &#8220;perene&#8221; para evitar demiss\u00f5es no setor. O programa, iniciado neste ano, permite a redu\u00e7\u00e3o de jornada e sal\u00e1rios dos trabalhadores em\u2026 Leia mais \u00bb\" \/>\n<meta property=\"og:url\" content=\"https:\/\/dana.com.br\/canaldana\/2016\/04\/26\/montadoras-pedem-plano-perene-contra-desemprego\/\" \/>\n<meta property=\"og:site_name\" content=\"Canal Dana\" \/>\n<meta property=\"article:published_time\" content=\"2016-04-26T11:28:34+00:00\" \/>\n<meta name=\"author\" content=\"Canal Dana\" \/>\n<meta name=\"twitter:card\" content=\"summary_large_image\" \/>\n<meta name=\"twitter:label1\" content=\"Escrito por\" \/>\n\t<meta name=\"twitter:data1\" content=\"Canal Dana\" \/>\n\t<meta name=\"twitter:label2\" content=\"Est. tempo de leitura\" \/>\n\t<meta name=\"twitter:data2\" content=\"3 minutos\" \/>\n<script type=\"application\/ld+json\" class=\"yoast-schema-graph\">{\"@context\":\"https:\\\/\\\/schema.org\",\"@graph\":[{\"@type\":\"Article\",\"@id\":\"https:\\\/\\\/dana.com.br\\\/canaldana\\\/2016\\\/04\\\/26\\\/montadoras-pedem-plano-perene-contra-desemprego\\\/#article\",\"isPartOf\":{\"@id\":\"https:\\\/\\\/dana.com.br\\\/canaldana\\\/2016\\\/04\\\/26\\\/montadoras-pedem-plano-perene-contra-desemprego\\\/\"},\"author\":{\"name\":\"Canal Dana\",\"@id\":\"https:\\\/\\\/dana.com.br\\\/canaldana\\\/#\\\/schema\\\/person\\\/3c21f22f56fcf3bc46b94bc60ea4fef6\"},\"headline\":\"Montadoras pedem plano \u201cperene\u201d contra desemprego\",\"datePublished\":\"2016-04-26T11:28:34+00:00\",\"mainEntityOfPage\":{\"@id\":\"https:\\\/\\\/dana.com.br\\\/canaldana\\\/2016\\\/04\\\/26\\\/montadoras-pedem-plano-perene-contra-desemprego\\\/\"},\"wordCount\":627,\"articleSection\":[\"Destaques\"],\"inLanguage\":\"pt-BR\"},{\"@type\":\"WebPage\",\"@id\":\"https:\\\/\\\/dana.com.br\\\/canaldana\\\/2016\\\/04\\\/26\\\/montadoras-pedem-plano-perene-contra-desemprego\\\/\",\"url\":\"https:\\\/\\\/dana.com.br\\\/canaldana\\\/2016\\\/04\\\/26\\\/montadoras-pedem-plano-perene-contra-desemprego\\\/\",\"name\":\"Montadoras pedem plano \u201cperene\u201d contra desemprego - Canal Dana\",\"isPartOf\":{\"@id\":\"https:\\\/\\\/dana.com.br\\\/canaldana\\\/#website\"},\"datePublished\":\"2016-04-26T11:28:34+00:00\",\"author\":{\"@id\":\"https:\\\/\\\/dana.com.br\\\/canaldana\\\/#\\\/schema\\\/person\\\/3c21f22f56fcf3bc46b94bc60ea4fef6\"},\"breadcrumb\":{\"@id\":\"https:\\\/\\\/dana.com.br\\\/canaldana\\\/2016\\\/04\\\/26\\\/montadoras-pedem-plano-perene-contra-desemprego\\\/#breadcrumb\"},\"inLanguage\":\"pt-BR\",\"potentialAction\":[{\"@type\":\"ReadAction\",\"target\":[\"https:\\\/\\\/dana.com.br\\\/canaldana\\\/2016\\\/04\\\/26\\\/montadoras-pedem-plano-perene-contra-desemprego\\\/\"]}]},{\"@type\":\"BreadcrumbList\",\"@id\":\"https:\\\/\\\/dana.com.br\\\/canaldana\\\/2016\\\/04\\\/26\\\/montadoras-pedem-plano-perene-contra-desemprego\\\/#breadcrumb\",\"itemListElement\":[{\"@type\":\"ListItem\",\"position\":1,\"name\":\"Home\",\"item\":\"https:\\\/\\\/dana.com.br\\\/canaldana\\\/\"},{\"@type\":\"ListItem\",\"position\":2,\"name\":\"Destaques\",\"item\":\"https:\\\/\\\/dana.com.br\\\/canaldana\\\/destaques\\\/\"},{\"@type\":\"ListItem\",\"position\":3,\"name\":\"Montadoras pedem plano \u201cperene\u201d contra desemprego\"}]},{\"@type\":\"WebSite\",\"@id\":\"https:\\\/\\\/dana.com.br\\\/canaldana\\\/#website\",\"url\":\"https:\\\/\\\/dana.com.br\\\/canaldana\\\/\",\"name\":\"Canal Dana\",\"description\":\"Informativo com as principais not\u00edcias da ind\u00fastria automotiva\",\"potentialAction\":[{\"@type\":\"SearchAction\",\"target\":{\"@type\":\"EntryPoint\",\"urlTemplate\":\"https:\\\/\\\/dana.com.br\\\/canaldana\\\/?s={search_term_string}\"},\"query-input\":{\"@type\":\"PropertyValueSpecification\",\"valueRequired\":true,\"valueName\":\"search_term_string\"}}],\"inLanguage\":\"pt-BR\"},{\"@type\":\"Person\",\"@id\":\"https:\\\/\\\/dana.com.br\\\/canaldana\\\/#\\\/schema\\\/person\\\/3c21f22f56fcf3bc46b94bc60ea4fef6\",\"name\":\"Canal Dana\",\"image\":{\"@type\":\"ImageObject\",\"inLanguage\":\"pt-BR\",\"@id\":\"https:\\\/\\\/secure.gravatar.com\\\/avatar\\\/420aaf9278582877d9018637c6817617705899d2858d7572ef0fe59a6b6454b4?s=96&d=mm&r=g\",\"url\":\"https:\\\/\\\/secure.gravatar.com\\\/avatar\\\/420aaf9278582877d9018637c6817617705899d2858d7572ef0fe59a6b6454b4?s=96&d=mm&r=g\",\"contentUrl\":\"https:\\\/\\\/secure.gravatar.com\\\/avatar\\\/420aaf9278582877d9018637c6817617705899d2858d7572ef0fe59a6b6454b4?s=96&d=mm&r=g\",\"caption\":\"Canal Dana\"},\"url\":\"https:\\\/\\\/dana.com.br\\\/canaldana\\\/author\\\/cdeditor\\\/\"}]}<\/script>\n<!-- \/ Yoast SEO plugin. -->","yoast_head_json":{"title":"Montadoras pedem plano \u201cperene\u201d contra desemprego - Canal Dana","robots":{"index":"index","follow":"follow","max-snippet":"max-snippet:-1","max-image-preview":"max-image-preview:large","max-video-preview":"max-video-preview:-1"},"canonical":"https:\/\/dana.com.br\/canaldana\/2016\/04\/26\/montadoras-pedem-plano-perene-contra-desemprego\/","og_locale":"pt_BR","og_type":"article","og_title":"Montadoras pedem plano \u201cperene\u201d contra desemprego - Canal Dana","og_description":"O Estado de S. Paulo &nbsp; As montadoras querem que o governo, independentemente de quem seja &#8211; se Dilma Rousseff ou Michel Temer -, mantenha o Programa de Prote\u00e7\u00e3o ao Emprego (PPE) como medida &#8220;perene&#8221; para evitar demiss\u00f5es no setor. O programa, iniciado neste ano, permite a redu\u00e7\u00e3o de jornada e sal\u00e1rios dos trabalhadores em\u2026 Leia mais \u00bb","og_url":"https:\/\/dana.com.br\/canaldana\/2016\/04\/26\/montadoras-pedem-plano-perene-contra-desemprego\/","og_site_name":"Canal Dana","article_published_time":"2016-04-26T11:28:34+00:00","author":"Canal Dana","twitter_card":"summary_large_image","twitter_misc":{"Escrito por":"Canal Dana","Est. tempo de leitura":"3 minutos"},"schema":{"@context":"https:\/\/schema.org","@graph":[{"@type":"Article","@id":"https:\/\/dana.com.br\/canaldana\/2016\/04\/26\/montadoras-pedem-plano-perene-contra-desemprego\/#article","isPartOf":{"@id":"https:\/\/dana.com.br\/canaldana\/2016\/04\/26\/montadoras-pedem-plano-perene-contra-desemprego\/"},"author":{"name":"Canal Dana","@id":"https:\/\/dana.com.br\/canaldana\/#\/schema\/person\/3c21f22f56fcf3bc46b94bc60ea4fef6"},"headline":"Montadoras pedem plano \u201cperene\u201d contra desemprego","datePublished":"2016-04-26T11:28:34+00:00","mainEntityOfPage":{"@id":"https:\/\/dana.com.br\/canaldana\/2016\/04\/26\/montadoras-pedem-plano-perene-contra-desemprego\/"},"wordCount":627,"articleSection":["Destaques"],"inLanguage":"pt-BR"},{"@type":"WebPage","@id":"https:\/\/dana.com.br\/canaldana\/2016\/04\/26\/montadoras-pedem-plano-perene-contra-desemprego\/","url":"https:\/\/dana.com.br\/canaldana\/2016\/04\/26\/montadoras-pedem-plano-perene-contra-desemprego\/","name":"Montadoras pedem plano \u201cperene\u201d contra desemprego - Canal Dana","isPartOf":{"@id":"https:\/\/dana.com.br\/canaldana\/#website"},"datePublished":"2016-04-26T11:28:34+00:00","author":{"@id":"https:\/\/dana.com.br\/canaldana\/#\/schema\/person\/3c21f22f56fcf3bc46b94bc60ea4fef6"},"breadcrumb":{"@id":"https:\/\/dana.com.br\/canaldana\/2016\/04\/26\/montadoras-pedem-plano-perene-contra-desemprego\/#breadcrumb"},"inLanguage":"pt-BR","potentialAction":[{"@type":"ReadAction","target":["https:\/\/dana.com.br\/canaldana\/2016\/04\/26\/montadoras-pedem-plano-perene-contra-desemprego\/"]}]},{"@type":"BreadcrumbList","@id":"https:\/\/dana.com.br\/canaldana\/2016\/04\/26\/montadoras-pedem-plano-perene-contra-desemprego\/#breadcrumb","itemListElement":[{"@type":"ListItem","position":1,"name":"Home","item":"https:\/\/dana.com.br\/canaldana\/"},{"@type":"ListItem","position":2,"name":"Destaques","item":"https:\/\/dana.com.br\/canaldana\/destaques\/"},{"@type":"ListItem","position":3,"name":"Montadoras pedem plano \u201cperene\u201d contra desemprego"}]},{"@type":"WebSite","@id":"https:\/\/dana.com.br\/canaldana\/#website","url":"https:\/\/dana.com.br\/canaldana\/","name":"Canal Dana","description":"Informativo com as principais not\u00edcias da ind\u00fastria automotiva","potentialAction":[{"@type":"SearchAction","target":{"@type":"EntryPoint","urlTemplate":"https:\/\/dana.com.br\/canaldana\/?s={search_term_string}"},"query-input":{"@type":"PropertyValueSpecification","valueRequired":true,"valueName":"search_term_string"}}],"inLanguage":"pt-BR"},{"@type":"Person","@id":"https:\/\/dana.com.br\/canaldana\/#\/schema\/person\/3c21f22f56fcf3bc46b94bc60ea4fef6","name":"Canal Dana","image":{"@type":"ImageObject","inLanguage":"pt-BR","@id":"https:\/\/secure.gravatar.com\/avatar\/420aaf9278582877d9018637c6817617705899d2858d7572ef0fe59a6b6454b4?s=96&d=mm&r=g","url":"https:\/\/secure.gravatar.com\/avatar\/420aaf9278582877d9018637c6817617705899d2858d7572ef0fe59a6b6454b4?s=96&d=mm&r=g","contentUrl":"https:\/\/secure.gravatar.com\/avatar\/420aaf9278582877d9018637c6817617705899d2858d7572ef0fe59a6b6454b4?s=96&d=mm&r=g","caption":"Canal Dana"},"url":"https:\/\/dana.com.br\/canaldana\/author\/cdeditor\/"}]}},"_links":{"self":[{"href":"https:\/\/dana.com.br\/canaldana\/wp-json\/wp\/v2\/posts\/7875","targetHints":{"allow":["GET"]}}],"collection":[{"href":"https:\/\/dana.com.br\/canaldana\/wp-json\/wp\/v2\/posts"}],"about":[{"href":"https:\/\/dana.com.br\/canaldana\/wp-json\/wp\/v2\/types\/post"}],"author":[{"embeddable":true,"href":"https:\/\/dana.com.br\/canaldana\/wp-json\/wp\/v2\/users\/3"}],"replies":[{"embeddable":true,"href":"https:\/\/dana.com.br\/canaldana\/wp-json\/wp\/v2\/comments?post=7875"}],"version-history":[{"count":0,"href":"https:\/\/dana.com.br\/canaldana\/wp-json\/wp\/v2\/posts\/7875\/revisions"}],"wp:attachment":[{"href":"https:\/\/dana.com.br\/canaldana\/wp-json\/wp\/v2\/media?parent=7875"}],"wp:term":[{"taxonomy":"category","embeddable":true,"href":"https:\/\/dana.com.br\/canaldana\/wp-json\/wp\/v2\/categories?post=7875"},{"taxonomy":"post_tag","embeddable":true,"href":"https:\/\/dana.com.br\/canaldana\/wp-json\/wp\/v2\/tags?post=7875"}],"curies":[{"name":"wp","href":"https:\/\/api.w.org\/{rel}","templated":true}]}}