{"id":7867,"date":"2016-04-26T08:25:20","date_gmt":"2016-04-26T11:25:20","guid":{"rendered":"http:\/\/dana.com.br\/canaldana\/?p=7867"},"modified":"2016-04-26T08:25:20","modified_gmt":"2016-04-26T11:25:20","slug":"investimentos-no-setor-de-transporte-no-brasil-sao-insuficientes","status":"publish","type":"post","link":"https:\/\/dana.com.br\/canaldana\/2016\/04\/26\/investimentos-no-setor-de-transporte-no-brasil-sao-insuficientes\/","title":{"rendered":"Investimentos no setor de transporte no Brasil s\u00e3o insuficientes"},"content":{"rendered":"<p><em>Portal NTC&amp;Log\u00edstica<\/em><\/p>\n<p>&nbsp;<\/p>\n<p>No longo prazo, os investimentos em transportes no Brasil v\u00eam sofrendo gradativa deteriora\u00e7\u00e3o. Segundo dados da CNT (Confedera\u00e7\u00e3o Nacional do Transporte), em 1975 estes gastos representavam 1,84% do PIB. Com a crise econ\u00f4mica que se abateu sobre o pa\u00eds na d\u00e9cada de 1980, percentual regrediu para a metade.<\/p>\n<p>&nbsp;<\/p>\n<p>Com o fim da vincula\u00e7\u00e3o de recursos imposto pela Constitui\u00e7\u00e3o de 1988, os investimentos ca\u00edram para 0,15% em 1995. Os anos seguintes mostram ligeira recupera\u00e7\u00e3o (0,28% em 2001). No entanto, os recursos chegariam ao fundo do po\u00e7o em 2003, quando foram gastos apenas 0,07% do PIB.<\/p>\n<p>&nbsp;<\/p>\n<p>Com a entrada em vigor da CIDE (Contribui\u00e7\u00e3o de Interven\u00e7\u00e3o no Dom\u00ednio Econ\u00f4mico) e a execu\u00e7\u00e3o parcial do PAC (Programa de Acelera\u00e7\u00e3o do Crescimento), os recursos atingiram cerca de 0,40% em 2010. A partir da\u00ed, voltaram a declinar, para 0,29% em 2013.<\/p>\n<p>&nbsp;<\/p>\n<p>Em termos num\u00e9ricos, os investimentos p\u00fablicos autorizados em rodovias subiram de R$ 2,65 bilh\u00f5es em 2003 para R$ 18,67 bilh\u00f5es em 2012, mas baixaram para R$ 11,93 bilh\u00f5es em 2014.\u00a0 Nem todos os recursos autorizados foram gastos. O total pago subiu de R$ 0,87 bilh\u00e3o em 2003 para R$ 11,21 bilh\u00f5es em 2011, tendo ca\u00eddo para R$ 6,54 bilh\u00f5es em 2014.<\/p>\n<p>&nbsp;<\/p>\n<p>Houve tamb\u00e9m, nos \u00faltimos anos, razo\u00e1vel contribui\u00e7\u00e3o das concession\u00e1rias de rodovias. De R$ 3.071,6 milh\u00f5es, os investimentos privados chegaram a R$ 6.910,6 e a R$ 3.358,3 milh\u00f5es at\u00e9 junho de 2014.<\/p>\n<p>&nbsp;<\/p>\n<p>S\u00e3o valores extremamente modestos, quando comparados com outros pa\u00edses de grande extens\u00e3o territorial, para um pa\u00eds que tem apenas 13% (218,6 mil km) pavimentados de um total de 1.735,5 mil km. Na China, por exemplo, estavam previstos investimentos em transportes de US$ 409 bilh\u00f5es em 2014, para aumentar a extens\u00e3o das estradas em 93.800 quil\u00f4metros, incluindo 7.450 quil\u00f4metros de autoestradas. Al\u00e9m disso, 230 mil quil\u00f4metros de vias rurais seriam renovadas. Deste total, cerca de R$ 131 bilh\u00f5es seriam investidos em ferrovias. Estava prevista tamb\u00e9m a constru\u00e7\u00e3o de oito novos aeroportos.<\/p>\n<p>&nbsp;<\/p>\n<p>O Plano CNT de Transporte e Log\u00edstica de 2014 estima que s\u00e3o necess\u00e1rias 618 interven\u00e7\u00f5es mandat\u00f3rias para dinamizar o transporte rodovi\u00e1rio. Isso envolve investimento de R$ 293,88 milh\u00f5es, em adequa\u00e7\u00e3o de rodovias (R$ 10,17 bilh\u00f5es), duplica\u00e7\u00e3o (R$ 137,13 bilh\u00f5es), recupera\u00e7\u00e3o de pavimento (R$ 48,25 bilh\u00f5es), constru\u00e7\u00e3o de rodovias (R$ 47,33 bilh\u00f5es) e pavimenta\u00e7\u00e3o (R$ 51 bilh\u00f5es). Em toda a infraestrutura de transportes, os investimentos necess\u00e1rios somam R$ 987 bilh\u00f5es.<\/p>\n<p>&nbsp;<\/p>\n<p>Mesmo que estes investimentos fossem dilu\u00eddos por dez anos, fica clara a enorme dist\u00e2ncia entre o que o pa\u00eds investe e aquilo que seria necess\u00e1rio investir para eliminar os gargalos do transporte brasileiro. (Portal NTC&amp;Log\u00edstica)<\/p>\n","protected":false},"excerpt":{"rendered":"<p>Portal NTC&amp;Log\u00edstica &nbsp; No longo prazo, os investimentos em transportes no Brasil v\u00eam sofrendo gradativa deteriora\u00e7\u00e3o. Segundo dados da CNT (Confedera\u00e7\u00e3o Nacional do Transporte), em 1975 estes gastos representavam 1,84% do PIB. Com a crise econ\u00f4mica que se abateu sobre o pa\u00eds na d\u00e9cada de 1980, percentual regrediu para a metade. &nbsp; Com o fim\u2026 <a class=\"readmore\" href=\"https:\/\/dana.com.br\/canaldana\/2016\/04\/26\/investimentos-no-setor-de-transporte-no-brasil-sao-insuficientes\/\">Leia mais \u00bb<\/a><\/p>\n","protected":false},"author":3,"featured_media":0,"comment_status":"closed","ping_status":"closed","sticky":false,"template":"","format":"standard","meta":{"_acf_changed":false,"footnotes":""},"categories":[79],"tags":[],"class_list":["post-7867","post","type-post","status-publish","format-standard","hentry","category-mercado"],"acf":[],"yoast_head":"<!-- This site is optimized with the Yoast SEO plugin v27.5 - https:\/\/yoast.com\/product\/yoast-seo-wordpress\/ -->\n<title>Investimentos no setor de transporte no Brasil s\u00e3o insuficientes - Canal Dana<\/title>\n<meta name=\"robots\" content=\"index, follow, max-snippet:-1, max-image-preview:large, max-video-preview:-1\" \/>\n<link rel=\"canonical\" href=\"https:\/\/dana.com.br\/canaldana\/2016\/04\/26\/investimentos-no-setor-de-transporte-no-brasil-sao-insuficientes\/\" \/>\n<meta property=\"og:locale\" content=\"pt_BR\" \/>\n<meta property=\"og:type\" content=\"article\" \/>\n<meta property=\"og:title\" content=\"Investimentos no setor de transporte no Brasil s\u00e3o insuficientes - Canal Dana\" \/>\n<meta property=\"og:description\" content=\"Portal NTC&amp;Log\u00edstica &nbsp; No longo prazo, os investimentos em transportes no Brasil v\u00eam sofrendo gradativa deteriora\u00e7\u00e3o. Segundo dados da CNT (Confedera\u00e7\u00e3o Nacional do Transporte), em 1975 estes gastos representavam 1,84% do PIB. Com a crise econ\u00f4mica que se abateu sobre o pa\u00eds na d\u00e9cada de 1980, percentual regrediu para a metade. &nbsp; Com o fim\u2026 Leia mais \u00bb\" \/>\n<meta property=\"og:url\" content=\"https:\/\/dana.com.br\/canaldana\/2016\/04\/26\/investimentos-no-setor-de-transporte-no-brasil-sao-insuficientes\/\" \/>\n<meta property=\"og:site_name\" content=\"Canal Dana\" \/>\n<meta property=\"article:published_time\" content=\"2016-04-26T11:25:20+00:00\" \/>\n<meta name=\"author\" content=\"Canal Dana\" \/>\n<meta name=\"twitter:card\" content=\"summary_large_image\" \/>\n<meta name=\"twitter:label1\" content=\"Escrito por\" \/>\n\t<meta name=\"twitter:data1\" content=\"Canal Dana\" \/>\n\t<meta name=\"twitter:label2\" content=\"Est. tempo de leitura\" \/>\n\t<meta name=\"twitter:data2\" content=\"2 minutos\" \/>\n<script type=\"application\/ld+json\" class=\"yoast-schema-graph\">{\"@context\":\"https:\\\/\\\/schema.org\",\"@graph\":[{\"@type\":\"Article\",\"@id\":\"https:\\\/\\\/dana.com.br\\\/canaldana\\\/2016\\\/04\\\/26\\\/investimentos-no-setor-de-transporte-no-brasil-sao-insuficientes\\\/#article\",\"isPartOf\":{\"@id\":\"https:\\\/\\\/dana.com.br\\\/canaldana\\\/2016\\\/04\\\/26\\\/investimentos-no-setor-de-transporte-no-brasil-sao-insuficientes\\\/\"},\"author\":{\"name\":\"Canal Dana\",\"@id\":\"https:\\\/\\\/dana.com.br\\\/canaldana\\\/#\\\/schema\\\/person\\\/3c21f22f56fcf3bc46b94bc60ea4fef6\"},\"headline\":\"Investimentos no setor de transporte no Brasil s\u00e3o insuficientes\",\"datePublished\":\"2016-04-26T11:25:20+00:00\",\"mainEntityOfPage\":{\"@id\":\"https:\\\/\\\/dana.com.br\\\/canaldana\\\/2016\\\/04\\\/26\\\/investimentos-no-setor-de-transporte-no-brasil-sao-insuficientes\\\/\"},\"wordCount\":468,\"articleSection\":[\"Mercado\"],\"inLanguage\":\"pt-BR\"},{\"@type\":\"WebPage\",\"@id\":\"https:\\\/\\\/dana.com.br\\\/canaldana\\\/2016\\\/04\\\/26\\\/investimentos-no-setor-de-transporte-no-brasil-sao-insuficientes\\\/\",\"url\":\"https:\\\/\\\/dana.com.br\\\/canaldana\\\/2016\\\/04\\\/26\\\/investimentos-no-setor-de-transporte-no-brasil-sao-insuficientes\\\/\",\"name\":\"Investimentos no setor de transporte no Brasil s\u00e3o insuficientes - Canal Dana\",\"isPartOf\":{\"@id\":\"https:\\\/\\\/dana.com.br\\\/canaldana\\\/#website\"},\"datePublished\":\"2016-04-26T11:25:20+00:00\",\"author\":{\"@id\":\"https:\\\/\\\/dana.com.br\\\/canaldana\\\/#\\\/schema\\\/person\\\/3c21f22f56fcf3bc46b94bc60ea4fef6\"},\"breadcrumb\":{\"@id\":\"https:\\\/\\\/dana.com.br\\\/canaldana\\\/2016\\\/04\\\/26\\\/investimentos-no-setor-de-transporte-no-brasil-sao-insuficientes\\\/#breadcrumb\"},\"inLanguage\":\"pt-BR\",\"potentialAction\":[{\"@type\":\"ReadAction\",\"target\":[\"https:\\\/\\\/dana.com.br\\\/canaldana\\\/2016\\\/04\\\/26\\\/investimentos-no-setor-de-transporte-no-brasil-sao-insuficientes\\\/\"]}]},{\"@type\":\"BreadcrumbList\",\"@id\":\"https:\\\/\\\/dana.com.br\\\/canaldana\\\/2016\\\/04\\\/26\\\/investimentos-no-setor-de-transporte-no-brasil-sao-insuficientes\\\/#breadcrumb\",\"itemListElement\":[{\"@type\":\"ListItem\",\"position\":1,\"name\":\"Home\",\"item\":\"https:\\\/\\\/dana.com.br\\\/canaldana\\\/\"},{\"@type\":\"ListItem\",\"position\":2,\"name\":\"Mercado\",\"item\":\"https:\\\/\\\/dana.com.br\\\/canaldana\\\/mercado\\\/\"},{\"@type\":\"ListItem\",\"position\":3,\"name\":\"Investimentos no setor de transporte no Brasil s\u00e3o insuficientes\"}]},{\"@type\":\"WebSite\",\"@id\":\"https:\\\/\\\/dana.com.br\\\/canaldana\\\/#website\",\"url\":\"https:\\\/\\\/dana.com.br\\\/canaldana\\\/\",\"name\":\"Canal Dana\",\"description\":\"Informativo com as principais not\u00edcias da ind\u00fastria automotiva\",\"potentialAction\":[{\"@type\":\"SearchAction\",\"target\":{\"@type\":\"EntryPoint\",\"urlTemplate\":\"https:\\\/\\\/dana.com.br\\\/canaldana\\\/?s={search_term_string}\"},\"query-input\":{\"@type\":\"PropertyValueSpecification\",\"valueRequired\":true,\"valueName\":\"search_term_string\"}}],\"inLanguage\":\"pt-BR\"},{\"@type\":\"Person\",\"@id\":\"https:\\\/\\\/dana.com.br\\\/canaldana\\\/#\\\/schema\\\/person\\\/3c21f22f56fcf3bc46b94bc60ea4fef6\",\"name\":\"Canal Dana\",\"image\":{\"@type\":\"ImageObject\",\"inLanguage\":\"pt-BR\",\"@id\":\"https:\\\/\\\/secure.gravatar.com\\\/avatar\\\/420aaf9278582877d9018637c6817617705899d2858d7572ef0fe59a6b6454b4?s=96&d=mm&r=g\",\"url\":\"https:\\\/\\\/secure.gravatar.com\\\/avatar\\\/420aaf9278582877d9018637c6817617705899d2858d7572ef0fe59a6b6454b4?s=96&d=mm&r=g\",\"contentUrl\":\"https:\\\/\\\/secure.gravatar.com\\\/avatar\\\/420aaf9278582877d9018637c6817617705899d2858d7572ef0fe59a6b6454b4?s=96&d=mm&r=g\",\"caption\":\"Canal Dana\"},\"url\":\"https:\\\/\\\/dana.com.br\\\/canaldana\\\/author\\\/cdeditor\\\/\"}]}<\/script>\n<!-- \/ Yoast SEO plugin. -->","yoast_head_json":{"title":"Investimentos no setor de transporte no Brasil s\u00e3o insuficientes - Canal Dana","robots":{"index":"index","follow":"follow","max-snippet":"max-snippet:-1","max-image-preview":"max-image-preview:large","max-video-preview":"max-video-preview:-1"},"canonical":"https:\/\/dana.com.br\/canaldana\/2016\/04\/26\/investimentos-no-setor-de-transporte-no-brasil-sao-insuficientes\/","og_locale":"pt_BR","og_type":"article","og_title":"Investimentos no setor de transporte no Brasil s\u00e3o insuficientes - Canal Dana","og_description":"Portal NTC&amp;Log\u00edstica &nbsp; No longo prazo, os investimentos em transportes no Brasil v\u00eam sofrendo gradativa deteriora\u00e7\u00e3o. Segundo dados da CNT (Confedera\u00e7\u00e3o Nacional do Transporte), em 1975 estes gastos representavam 1,84% do PIB. Com a crise econ\u00f4mica que se abateu sobre o pa\u00eds na d\u00e9cada de 1980, percentual regrediu para a metade. &nbsp; Com o fim\u2026 Leia mais \u00bb","og_url":"https:\/\/dana.com.br\/canaldana\/2016\/04\/26\/investimentos-no-setor-de-transporte-no-brasil-sao-insuficientes\/","og_site_name":"Canal Dana","article_published_time":"2016-04-26T11:25:20+00:00","author":"Canal Dana","twitter_card":"summary_large_image","twitter_misc":{"Escrito por":"Canal Dana","Est. tempo de leitura":"2 minutos"},"schema":{"@context":"https:\/\/schema.org","@graph":[{"@type":"Article","@id":"https:\/\/dana.com.br\/canaldana\/2016\/04\/26\/investimentos-no-setor-de-transporte-no-brasil-sao-insuficientes\/#article","isPartOf":{"@id":"https:\/\/dana.com.br\/canaldana\/2016\/04\/26\/investimentos-no-setor-de-transporte-no-brasil-sao-insuficientes\/"},"author":{"name":"Canal Dana","@id":"https:\/\/dana.com.br\/canaldana\/#\/schema\/person\/3c21f22f56fcf3bc46b94bc60ea4fef6"},"headline":"Investimentos no setor de transporte no Brasil s\u00e3o insuficientes","datePublished":"2016-04-26T11:25:20+00:00","mainEntityOfPage":{"@id":"https:\/\/dana.com.br\/canaldana\/2016\/04\/26\/investimentos-no-setor-de-transporte-no-brasil-sao-insuficientes\/"},"wordCount":468,"articleSection":["Mercado"],"inLanguage":"pt-BR"},{"@type":"WebPage","@id":"https:\/\/dana.com.br\/canaldana\/2016\/04\/26\/investimentos-no-setor-de-transporte-no-brasil-sao-insuficientes\/","url":"https:\/\/dana.com.br\/canaldana\/2016\/04\/26\/investimentos-no-setor-de-transporte-no-brasil-sao-insuficientes\/","name":"Investimentos no setor de transporte no Brasil s\u00e3o insuficientes - Canal Dana","isPartOf":{"@id":"https:\/\/dana.com.br\/canaldana\/#website"},"datePublished":"2016-04-26T11:25:20+00:00","author":{"@id":"https:\/\/dana.com.br\/canaldana\/#\/schema\/person\/3c21f22f56fcf3bc46b94bc60ea4fef6"},"breadcrumb":{"@id":"https:\/\/dana.com.br\/canaldana\/2016\/04\/26\/investimentos-no-setor-de-transporte-no-brasil-sao-insuficientes\/#breadcrumb"},"inLanguage":"pt-BR","potentialAction":[{"@type":"ReadAction","target":["https:\/\/dana.com.br\/canaldana\/2016\/04\/26\/investimentos-no-setor-de-transporte-no-brasil-sao-insuficientes\/"]}]},{"@type":"BreadcrumbList","@id":"https:\/\/dana.com.br\/canaldana\/2016\/04\/26\/investimentos-no-setor-de-transporte-no-brasil-sao-insuficientes\/#breadcrumb","itemListElement":[{"@type":"ListItem","position":1,"name":"Home","item":"https:\/\/dana.com.br\/canaldana\/"},{"@type":"ListItem","position":2,"name":"Mercado","item":"https:\/\/dana.com.br\/canaldana\/mercado\/"},{"@type":"ListItem","position":3,"name":"Investimentos no setor de transporte no Brasil s\u00e3o insuficientes"}]},{"@type":"WebSite","@id":"https:\/\/dana.com.br\/canaldana\/#website","url":"https:\/\/dana.com.br\/canaldana\/","name":"Canal Dana","description":"Informativo com as principais not\u00edcias da ind\u00fastria automotiva","potentialAction":[{"@type":"SearchAction","target":{"@type":"EntryPoint","urlTemplate":"https:\/\/dana.com.br\/canaldana\/?s={search_term_string}"},"query-input":{"@type":"PropertyValueSpecification","valueRequired":true,"valueName":"search_term_string"}}],"inLanguage":"pt-BR"},{"@type":"Person","@id":"https:\/\/dana.com.br\/canaldana\/#\/schema\/person\/3c21f22f56fcf3bc46b94bc60ea4fef6","name":"Canal Dana","image":{"@type":"ImageObject","inLanguage":"pt-BR","@id":"https:\/\/secure.gravatar.com\/avatar\/420aaf9278582877d9018637c6817617705899d2858d7572ef0fe59a6b6454b4?s=96&d=mm&r=g","url":"https:\/\/secure.gravatar.com\/avatar\/420aaf9278582877d9018637c6817617705899d2858d7572ef0fe59a6b6454b4?s=96&d=mm&r=g","contentUrl":"https:\/\/secure.gravatar.com\/avatar\/420aaf9278582877d9018637c6817617705899d2858d7572ef0fe59a6b6454b4?s=96&d=mm&r=g","caption":"Canal Dana"},"url":"https:\/\/dana.com.br\/canaldana\/author\/cdeditor\/"}]}},"_links":{"self":[{"href":"https:\/\/dana.com.br\/canaldana\/wp-json\/wp\/v2\/posts\/7867","targetHints":{"allow":["GET"]}}],"collection":[{"href":"https:\/\/dana.com.br\/canaldana\/wp-json\/wp\/v2\/posts"}],"about":[{"href":"https:\/\/dana.com.br\/canaldana\/wp-json\/wp\/v2\/types\/post"}],"author":[{"embeddable":true,"href":"https:\/\/dana.com.br\/canaldana\/wp-json\/wp\/v2\/users\/3"}],"replies":[{"embeddable":true,"href":"https:\/\/dana.com.br\/canaldana\/wp-json\/wp\/v2\/comments?post=7867"}],"version-history":[{"count":0,"href":"https:\/\/dana.com.br\/canaldana\/wp-json\/wp\/v2\/posts\/7867\/revisions"}],"wp:attachment":[{"href":"https:\/\/dana.com.br\/canaldana\/wp-json\/wp\/v2\/media?parent=7867"}],"wp:term":[{"taxonomy":"category","embeddable":true,"href":"https:\/\/dana.com.br\/canaldana\/wp-json\/wp\/v2\/categories?post=7867"},{"taxonomy":"post_tag","embeddable":true,"href":"https:\/\/dana.com.br\/canaldana\/wp-json\/wp\/v2\/tags?post=7867"}],"curies":[{"name":"wp","href":"https:\/\/api.w.org\/{rel}","templated":true}]}}