{"id":78489,"date":"2024-12-11T08:07:34","date_gmt":"2024-12-11T11:07:34","guid":{"rendered":"https:\/\/dana.com.br\/canaldana\/?p=78489"},"modified":"2024-12-11T08:19:45","modified_gmt":"2024-12-11T11:19:45","slug":"iveco-entrega-primeiros-onibus-eletricos-de-roma","status":"publish","type":"post","link":"https:\/\/dana.com.br\/canaldana\/2024\/12\/11\/iveco-entrega-primeiros-onibus-eletricos-de-roma\/","title":{"rendered":"IVECO entrega primeiros \u00f4nibus el\u00e9tricos de Roma"},"content":{"rendered":"<p><em>Frota &amp; Cia <\/em><\/p>\n<p>&nbsp;<\/p>\n<p>Nesta \u00faltima ter\u00e7a-feira (10), a IVECO come\u00e7ou a entrega de seus \u00f4nibus el\u00e9tricos para a cidade de Roma, na It\u00e1lia. Os ve\u00edculos t\u00eam 12 metros e ao todo v\u00e3o somar 411 e-buses (concedidos no in\u00edcio de 2024) que devem estar em circula\u00e7\u00e3o at\u00e9 2026 nas estradas.<\/p>\n<p>&nbsp;<\/p>\n<p>Os primeiros oito \u00f4nibus el\u00e9tricos, apresentados hoje, entrar\u00e3o em servi\u00e7o em 20 de janeiro, enquanto a entrega completa ser\u00e1 conclu\u00edda at\u00e9 abril de 2026. Eugenio Patan\u00e8, Conselheiro da Mobilidade de Roma, comemorou o marco.<\/p>\n<p>&nbsp;<\/p>\n<p>\u201cGra\u00e7as aos 411 \u00f4nibus el\u00e9tricos e aos mais de 1.100 novos ve\u00edculos que colocaremos em servi\u00e7o at\u00e9 2026, em Roma teremos uma frota com uma idade m\u00e9dia de pouco mais de 5 anos, ou seja, entre as mais baixas da Europa, e com sistemas avan\u00e7ados como o Tap&amp;Go, que continua a ser extraordinariamente bem-sucedido\u2019.<\/p>\n<p>&nbsp;<\/p>\n<p><strong>Detalhes t\u00e9cnicos<\/strong><\/p>\n<p>&nbsp;<\/p>\n<p>Configurados com carrocerias de 12 e 18 metros de comprimento, os e-Way ser\u00e1 equipados com baterias de 69,3 kWh. As baterias NMC (N\u00edquel-Mangan\u00eas-Cobalto) utilizadas nos E-Way s\u00e3o consideradas uma das mais avan\u00e7adas tecnologias por ter alta densidade de energia.<\/p>\n<p>&nbsp;<\/p>\n<p>Com o pedido da ATAC (operadora do transporte de Roma), a Iveco Bus enfileira uma sequ\u00eancia de encomendas recentes de \u00f4nibus el\u00e9tricos, casos Busitalia, Grupo Autoguidovie, GTT Turin e ATM Mil\u00e3o. \u201cEste novo contrato confirma que a nossa solu\u00e7\u00e3o E-Way satisfaz as expectativas de descarboniza\u00e7\u00e3o do transporte p\u00fablico italiano\u201d, resume Giorgio Zino, diretor de Opera\u00e7\u00f5es Comerciais da IVECO BUS Europe. (Frota &amp; Cia\/Victor Fagarassi)<\/p>\n","protected":false},"excerpt":{"rendered":"<p>Frota &amp; Cia &nbsp; Nesta \u00faltima ter\u00e7a-feira (10), a IVECO come\u00e7ou a entrega de seus \u00f4nibus el\u00e9tricos para a cidade de Roma, na It\u00e1lia. Os ve\u00edculos t\u00eam 12 metros e ao todo v\u00e3o somar 411 e-buses (concedidos no in\u00edcio de 2024) que devem estar em circula\u00e7\u00e3o at\u00e9 2026 nas estradas. &nbsp; Os primeiros oito \u00f4nibus\u2026 <a class=\"readmore\" href=\"https:\/\/dana.com.br\/canaldana\/2024\/12\/11\/iveco-entrega-primeiros-onibus-eletricos-de-roma\/\">Leia mais \u00bb<\/a><\/p>\n","protected":false},"author":3,"featured_media":0,"comment_status":"closed","ping_status":"closed","sticky":false,"template":"","format":"standard","meta":{"_acf_changed":false,"footnotes":""},"categories":[110],"tags":[],"class_list":["post-78489","post","type-post","status-publish","format-standard","hentry","category-eletricos"],"acf":[],"yoast_head":"<!-- This site is optimized with the Yoast SEO plugin v27.3 - https:\/\/yoast.com\/product\/yoast-seo-wordpress\/ -->\n<title>IVECO entrega primeiros \u00f4nibus el\u00e9tricos de Roma - Canal Dana<\/title>\n<meta name=\"robots\" content=\"index, follow, max-snippet:-1, max-image-preview:large, max-video-preview:-1\" \/>\n<link rel=\"canonical\" href=\"https:\/\/dana.com.br\/canaldana\/2024\/12\/11\/iveco-entrega-primeiros-onibus-eletricos-de-roma\/\" \/>\n<meta property=\"og:locale\" content=\"pt_BR\" \/>\n<meta property=\"og:type\" content=\"article\" \/>\n<meta property=\"og:title\" content=\"IVECO entrega primeiros \u00f4nibus el\u00e9tricos de Roma - Canal Dana\" \/>\n<meta property=\"og:description\" content=\"Frota &amp; Cia &nbsp; Nesta \u00faltima ter\u00e7a-feira (10), a IVECO come\u00e7ou a entrega de seus \u00f4nibus el\u00e9tricos para a cidade de Roma, na It\u00e1lia. Os ve\u00edculos t\u00eam 12 metros e ao todo v\u00e3o somar 411 e-buses (concedidos no in\u00edcio de 2024) que devem estar em circula\u00e7\u00e3o at\u00e9 2026 nas estradas. &nbsp; Os primeiros oito \u00f4nibus\u2026 Leia mais \u00bb\" \/>\n<meta property=\"og:url\" content=\"https:\/\/dana.com.br\/canaldana\/2024\/12\/11\/iveco-entrega-primeiros-onibus-eletricos-de-roma\/\" \/>\n<meta property=\"og:site_name\" content=\"Canal Dana\" \/>\n<meta property=\"article:published_time\" content=\"2024-12-11T11:07:34+00:00\" \/>\n<meta property=\"article:modified_time\" content=\"2024-12-11T11:19:45+00:00\" \/>\n<meta name=\"author\" content=\"Canal Dana\" \/>\n<meta name=\"twitter:card\" content=\"summary_large_image\" \/>\n<meta name=\"twitter:label1\" content=\"Escrito por\" \/>\n\t<meta name=\"twitter:data1\" content=\"Canal Dana\" \/>\n\t<meta name=\"twitter:label2\" content=\"Est. tempo de leitura\" \/>\n\t<meta name=\"twitter:data2\" content=\"2 minutos\" \/>\n<script type=\"application\/ld+json\" class=\"yoast-schema-graph\">{\"@context\":\"https:\\\/\\\/schema.org\",\"@graph\":[{\"@type\":\"Article\",\"@id\":\"https:\\\/\\\/dana.com.br\\\/canaldana\\\/2024\\\/12\\\/11\\\/iveco-entrega-primeiros-onibus-eletricos-de-roma\\\/#article\",\"isPartOf\":{\"@id\":\"https:\\\/\\\/dana.com.br\\\/canaldana\\\/2024\\\/12\\\/11\\\/iveco-entrega-primeiros-onibus-eletricos-de-roma\\\/\"},\"author\":{\"name\":\"Canal Dana\",\"@id\":\"https:\\\/\\\/dana.com.br\\\/canaldana\\\/#\\\/schema\\\/person\\\/3c21f22f56fcf3bc46b94bc60ea4fef6\"},\"headline\":\"IVECO entrega primeiros \u00f4nibus el\u00e9tricos de Roma\",\"datePublished\":\"2024-12-11T11:07:34+00:00\",\"dateModified\":\"2024-12-11T11:19:45+00:00\",\"mainEntityOfPage\":{\"@id\":\"https:\\\/\\\/dana.com.br\\\/canaldana\\\/2024\\\/12\\\/11\\\/iveco-entrega-primeiros-onibus-eletricos-de-roma\\\/\"},\"wordCount\":276,\"articleSection\":[\"El\u00e9tricos\"],\"inLanguage\":\"pt-BR\"},{\"@type\":\"WebPage\",\"@id\":\"https:\\\/\\\/dana.com.br\\\/canaldana\\\/2024\\\/12\\\/11\\\/iveco-entrega-primeiros-onibus-eletricos-de-roma\\\/\",\"url\":\"https:\\\/\\\/dana.com.br\\\/canaldana\\\/2024\\\/12\\\/11\\\/iveco-entrega-primeiros-onibus-eletricos-de-roma\\\/\",\"name\":\"IVECO entrega primeiros \u00f4nibus el\u00e9tricos de Roma - Canal Dana\",\"isPartOf\":{\"@id\":\"https:\\\/\\\/dana.com.br\\\/canaldana\\\/#website\"},\"datePublished\":\"2024-12-11T11:07:34+00:00\",\"dateModified\":\"2024-12-11T11:19:45+00:00\",\"author\":{\"@id\":\"https:\\\/\\\/dana.com.br\\\/canaldana\\\/#\\\/schema\\\/person\\\/3c21f22f56fcf3bc46b94bc60ea4fef6\"},\"breadcrumb\":{\"@id\":\"https:\\\/\\\/dana.com.br\\\/canaldana\\\/2024\\\/12\\\/11\\\/iveco-entrega-primeiros-onibus-eletricos-de-roma\\\/#breadcrumb\"},\"inLanguage\":\"pt-BR\",\"potentialAction\":[{\"@type\":\"ReadAction\",\"target\":[\"https:\\\/\\\/dana.com.br\\\/canaldana\\\/2024\\\/12\\\/11\\\/iveco-entrega-primeiros-onibus-eletricos-de-roma\\\/\"]}]},{\"@type\":\"BreadcrumbList\",\"@id\":\"https:\\\/\\\/dana.com.br\\\/canaldana\\\/2024\\\/12\\\/11\\\/iveco-entrega-primeiros-onibus-eletricos-de-roma\\\/#breadcrumb\",\"itemListElement\":[{\"@type\":\"ListItem\",\"position\":1,\"name\":\"Home\",\"item\":\"https:\\\/\\\/dana.com.br\\\/canaldana\\\/\"},{\"@type\":\"ListItem\",\"position\":2,\"name\":\"El\u00e9tricos\",\"item\":\"https:\\\/\\\/dana.com.br\\\/canaldana\\\/eletricos\\\/\"},{\"@type\":\"ListItem\",\"position\":3,\"name\":\"IVECO entrega primeiros \u00f4nibus el\u00e9tricos de Roma\"}]},{\"@type\":\"WebSite\",\"@id\":\"https:\\\/\\\/dana.com.br\\\/canaldana\\\/#website\",\"url\":\"https:\\\/\\\/dana.com.br\\\/canaldana\\\/\",\"name\":\"Canal Dana\",\"description\":\"Informativo com as principais not\u00edcias da ind\u00fastria automotiva\",\"potentialAction\":[{\"@type\":\"SearchAction\",\"target\":{\"@type\":\"EntryPoint\",\"urlTemplate\":\"https:\\\/\\\/dana.com.br\\\/canaldana\\\/?s={search_term_string}\"},\"query-input\":{\"@type\":\"PropertyValueSpecification\",\"valueRequired\":true,\"valueName\":\"search_term_string\"}}],\"inLanguage\":\"pt-BR\"},{\"@type\":\"Person\",\"@id\":\"https:\\\/\\\/dana.com.br\\\/canaldana\\\/#\\\/schema\\\/person\\\/3c21f22f56fcf3bc46b94bc60ea4fef6\",\"name\":\"Canal Dana\",\"image\":{\"@type\":\"ImageObject\",\"inLanguage\":\"pt-BR\",\"@id\":\"https:\\\/\\\/secure.gravatar.com\\\/avatar\\\/420aaf9278582877d9018637c6817617705899d2858d7572ef0fe59a6b6454b4?s=96&d=mm&r=g\",\"url\":\"https:\\\/\\\/secure.gravatar.com\\\/avatar\\\/420aaf9278582877d9018637c6817617705899d2858d7572ef0fe59a6b6454b4?s=96&d=mm&r=g\",\"contentUrl\":\"https:\\\/\\\/secure.gravatar.com\\\/avatar\\\/420aaf9278582877d9018637c6817617705899d2858d7572ef0fe59a6b6454b4?s=96&d=mm&r=g\",\"caption\":\"Canal Dana\"},\"url\":\"https:\\\/\\\/dana.com.br\\\/canaldana\\\/author\\\/cdeditor\\\/\"}]}<\/script>\n<!-- \/ Yoast SEO plugin. -->","yoast_head_json":{"title":"IVECO entrega primeiros \u00f4nibus el\u00e9tricos de Roma - Canal Dana","robots":{"index":"index","follow":"follow","max-snippet":"max-snippet:-1","max-image-preview":"max-image-preview:large","max-video-preview":"max-video-preview:-1"},"canonical":"https:\/\/dana.com.br\/canaldana\/2024\/12\/11\/iveco-entrega-primeiros-onibus-eletricos-de-roma\/","og_locale":"pt_BR","og_type":"article","og_title":"IVECO entrega primeiros \u00f4nibus el\u00e9tricos de Roma - Canal Dana","og_description":"Frota &amp; Cia &nbsp; Nesta \u00faltima ter\u00e7a-feira (10), a IVECO come\u00e7ou a entrega de seus \u00f4nibus el\u00e9tricos para a cidade de Roma, na It\u00e1lia. Os ve\u00edculos t\u00eam 12 metros e ao todo v\u00e3o somar 411 e-buses (concedidos no in\u00edcio de 2024) que devem estar em circula\u00e7\u00e3o at\u00e9 2026 nas estradas. &nbsp; Os primeiros oito \u00f4nibus\u2026 Leia mais \u00bb","og_url":"https:\/\/dana.com.br\/canaldana\/2024\/12\/11\/iveco-entrega-primeiros-onibus-eletricos-de-roma\/","og_site_name":"Canal Dana","article_published_time":"2024-12-11T11:07:34+00:00","article_modified_time":"2024-12-11T11:19:45+00:00","author":"Canal Dana","twitter_card":"summary_large_image","twitter_misc":{"Escrito por":"Canal Dana","Est. tempo de leitura":"2 minutos"},"schema":{"@context":"https:\/\/schema.org","@graph":[{"@type":"Article","@id":"https:\/\/dana.com.br\/canaldana\/2024\/12\/11\/iveco-entrega-primeiros-onibus-eletricos-de-roma\/#article","isPartOf":{"@id":"https:\/\/dana.com.br\/canaldana\/2024\/12\/11\/iveco-entrega-primeiros-onibus-eletricos-de-roma\/"},"author":{"name":"Canal Dana","@id":"https:\/\/dana.com.br\/canaldana\/#\/schema\/person\/3c21f22f56fcf3bc46b94bc60ea4fef6"},"headline":"IVECO entrega primeiros \u00f4nibus el\u00e9tricos de Roma","datePublished":"2024-12-11T11:07:34+00:00","dateModified":"2024-12-11T11:19:45+00:00","mainEntityOfPage":{"@id":"https:\/\/dana.com.br\/canaldana\/2024\/12\/11\/iveco-entrega-primeiros-onibus-eletricos-de-roma\/"},"wordCount":276,"articleSection":["El\u00e9tricos"],"inLanguage":"pt-BR"},{"@type":"WebPage","@id":"https:\/\/dana.com.br\/canaldana\/2024\/12\/11\/iveco-entrega-primeiros-onibus-eletricos-de-roma\/","url":"https:\/\/dana.com.br\/canaldana\/2024\/12\/11\/iveco-entrega-primeiros-onibus-eletricos-de-roma\/","name":"IVECO entrega primeiros \u00f4nibus el\u00e9tricos de Roma - Canal Dana","isPartOf":{"@id":"https:\/\/dana.com.br\/canaldana\/#website"},"datePublished":"2024-12-11T11:07:34+00:00","dateModified":"2024-12-11T11:19:45+00:00","author":{"@id":"https:\/\/dana.com.br\/canaldana\/#\/schema\/person\/3c21f22f56fcf3bc46b94bc60ea4fef6"},"breadcrumb":{"@id":"https:\/\/dana.com.br\/canaldana\/2024\/12\/11\/iveco-entrega-primeiros-onibus-eletricos-de-roma\/#breadcrumb"},"inLanguage":"pt-BR","potentialAction":[{"@type":"ReadAction","target":["https:\/\/dana.com.br\/canaldana\/2024\/12\/11\/iveco-entrega-primeiros-onibus-eletricos-de-roma\/"]}]},{"@type":"BreadcrumbList","@id":"https:\/\/dana.com.br\/canaldana\/2024\/12\/11\/iveco-entrega-primeiros-onibus-eletricos-de-roma\/#breadcrumb","itemListElement":[{"@type":"ListItem","position":1,"name":"Home","item":"https:\/\/dana.com.br\/canaldana\/"},{"@type":"ListItem","position":2,"name":"El\u00e9tricos","item":"https:\/\/dana.com.br\/canaldana\/eletricos\/"},{"@type":"ListItem","position":3,"name":"IVECO entrega primeiros \u00f4nibus el\u00e9tricos de Roma"}]},{"@type":"WebSite","@id":"https:\/\/dana.com.br\/canaldana\/#website","url":"https:\/\/dana.com.br\/canaldana\/","name":"Canal Dana","description":"Informativo com as principais not\u00edcias da ind\u00fastria automotiva","potentialAction":[{"@type":"SearchAction","target":{"@type":"EntryPoint","urlTemplate":"https:\/\/dana.com.br\/canaldana\/?s={search_term_string}"},"query-input":{"@type":"PropertyValueSpecification","valueRequired":true,"valueName":"search_term_string"}}],"inLanguage":"pt-BR"},{"@type":"Person","@id":"https:\/\/dana.com.br\/canaldana\/#\/schema\/person\/3c21f22f56fcf3bc46b94bc60ea4fef6","name":"Canal Dana","image":{"@type":"ImageObject","inLanguage":"pt-BR","@id":"https:\/\/secure.gravatar.com\/avatar\/420aaf9278582877d9018637c6817617705899d2858d7572ef0fe59a6b6454b4?s=96&d=mm&r=g","url":"https:\/\/secure.gravatar.com\/avatar\/420aaf9278582877d9018637c6817617705899d2858d7572ef0fe59a6b6454b4?s=96&d=mm&r=g","contentUrl":"https:\/\/secure.gravatar.com\/avatar\/420aaf9278582877d9018637c6817617705899d2858d7572ef0fe59a6b6454b4?s=96&d=mm&r=g","caption":"Canal Dana"},"url":"https:\/\/dana.com.br\/canaldana\/author\/cdeditor\/"}]}},"_links":{"self":[{"href":"https:\/\/dana.com.br\/canaldana\/wp-json\/wp\/v2\/posts\/78489","targetHints":{"allow":["GET"]}}],"collection":[{"href":"https:\/\/dana.com.br\/canaldana\/wp-json\/wp\/v2\/posts"}],"about":[{"href":"https:\/\/dana.com.br\/canaldana\/wp-json\/wp\/v2\/types\/post"}],"author":[{"embeddable":true,"href":"https:\/\/dana.com.br\/canaldana\/wp-json\/wp\/v2\/users\/3"}],"replies":[{"embeddable":true,"href":"https:\/\/dana.com.br\/canaldana\/wp-json\/wp\/v2\/comments?post=78489"}],"version-history":[{"count":1,"href":"https:\/\/dana.com.br\/canaldana\/wp-json\/wp\/v2\/posts\/78489\/revisions"}],"predecessor-version":[{"id":78490,"href":"https:\/\/dana.com.br\/canaldana\/wp-json\/wp\/v2\/posts\/78489\/revisions\/78490"}],"wp:attachment":[{"href":"https:\/\/dana.com.br\/canaldana\/wp-json\/wp\/v2\/media?parent=78489"}],"wp:term":[{"taxonomy":"category","embeddable":true,"href":"https:\/\/dana.com.br\/canaldana\/wp-json\/wp\/v2\/categories?post=78489"},{"taxonomy":"post_tag","embeddable":true,"href":"https:\/\/dana.com.br\/canaldana\/wp-json\/wp\/v2\/tags?post=78489"}],"curies":[{"name":"wp","href":"https:\/\/api.w.org\/{rel}","templated":true}]}}