{"id":78487,"date":"2024-12-11T08:06:51","date_gmt":"2024-12-11T11:06:51","guid":{"rendered":"https:\/\/dana.com.br\/canaldana\/?p=78487"},"modified":"2024-12-11T08:06:51","modified_gmt":"2024-12-11T11:06:51","slug":"fiat-e-reconhecida-em-mais-duas-importantes-premiacoes","status":"publish","type":"post","link":"https:\/\/dana.com.br\/canaldana\/2024\/12\/11\/fiat-e-reconhecida-em-mais-duas-importantes-premiacoes\/","title":{"rendered":"Fiat \u00e9 reconhecida em mais duas importantes premia\u00e7\u00f5es"},"content":{"rendered":"<p><em>Motor Mais<\/em><\/p>\n<p>&nbsp;<\/p>\n<p>A Fiat foi reconhecida em mais dois importantes pr\u00eamios do setor automotivo. Com o modelo Fastback, a marca ganhou como \u201cMelhor SUV Cup\u00ea\u201d na pesquisa \u201cOs Eleitos\u201d, realizada pela revista Quatro Rodas. J\u00e1 no Pr\u00eamio Maior Valor de Revenda \u2013 Autos, promovido pela Ag\u00eancia Autoinforme, a Fiat venceu em tr\u00eas categorias: com a Strada, em Picape Pequena, Cronos em Sed\u00e3 Pequeno, e Mobi, como carro de Entrada.<\/p>\n<p>&nbsp;<\/p>\n<p>Nesta premia\u00e7\u00e3o, os propriet\u00e1rios avaliam seus carros em 23 quesitos, resultando nos vencedores de cada categoria.<\/p>\n<p>&nbsp;<\/p>\n<p>O Fiat Fastback, eleito o \u201cMelhor SUV Cup\u00ea\u201d, \u00e9 o segundo SUV da marca a ser produzido no Brasil. O modelo \u00e9 destaque no segmento, com o maior porta-malas da categoria, al\u00e9m de ter o design como ponto forte. Com curvas fluidas e esportivas, faz com que ele pare\u00e7a estar em movimento at\u00e9 quando parado, reunindo conceitos do renomado design italiano.<\/p>\n<p>&nbsp;<\/p>\n<p>Seguindo com o compromisso de manter o modelo como refer\u00eancia no segmento, recentemente, a Fiat lan\u00e7ou o novo Fastback equipado com o motor T200 Hybrid, 1.0 turbo mais potente do segmento com 130cv e 20,4 kgfm de torque, que na configura\u00e7\u00e3o h\u00edbrida entrega maior efici\u00eancia energ\u00e9tica e melhor custo-benef\u00edcio.<\/p>\n<p>&nbsp;<\/p>\n<p>Realizada desde 2001, a pesquisa da Quatro Rodas contempla os 50 carros mais vendidos do Brasil no \u00faltimo ano e est\u00e1 aberta para carros fabricados nos \u00faltimos cinco anos. O question\u00e1rio deve ser respondido pelo dono do carro, que comprova a propriedade do ve\u00edculo atrav\u00e9s do Renavam. Desta forma, fica garantido que cada pessoa responder\u00e1 a pesquisa penas uma vez e que se trata, realmente, do dono do ve\u00edculo avaliado.<\/p>\n<p>&nbsp;<\/p>\n<p>Pelo segundo ano consecutivo, a Fiat venceu em tr\u00eas categorias no Pr\u00eamio Maior Valor de Revenda \u2013 Autos, promovido pela Ag\u00eancia Autoinforme. Neste ano, a marca foi destaque com a Strada, na categoria Picape Pequena, com o Cronos em Sed\u00e3 Pequeno, e Mobi, na categoria Entrada. Com a Strada e Mobi, n\u00e3o \u00e9 a primeira vez que a marca \u00e9 reconhecida na premia\u00e7\u00e3o.<\/p>\n<p>&nbsp;<\/p>\n<p>Refer\u00eancia no segmento de picapes, onde recentemente atingiu o maior volume anual de sua s\u00e9rie hist\u00f3rica, com 182.558 unidades emplacadas, a Strada teve apenas 6% de desvaloriza\u00e7\u00e3o. O modelo que une robustez, versatilidade, tecnologia e desempenho.<\/p>\n<p>&nbsp;<\/p>\n<p>J\u00e1 o Fiat Cronos, campe\u00e3o na categoria Sed\u00e3 Pequeno, registrou 9,2% de desvaloriza\u00e7\u00e3o em 2024. O modelo tem design arrojado, interior espa\u00e7oso com \u00f3timo acabamento e o maior porta-malas do segmento (525 litros). Ele conta, por exemplo, com central multim\u00eddia de 7\u2033 Touchscreen com Android Auto e Apple Car Play em todas as quatro vers\u00f5es e bancos em couro ecol\u00f3gico de s\u00e9rie na Precision 1.3 AT.<\/p>\n<p>&nbsp;<\/p>\n<p>O vencedor na categoria Entrada, o Mobi teve 9,3% de desvaloriza\u00e7\u00e3o. Fabricado no Polo Automotivo Stellantis de Betim (MG), o hatch conquistou as ruas desde o lan\u00e7amento e, no m\u00eas passado, atingiu a marca de 600 mil unidades produzidas. O modelo tamb\u00e9m est\u00e1 entre os 10 carros mais vendidos do Pa\u00eds em 2024.<\/p>\n<p>&nbsp;<\/p>\n<p>A Fiat, l\u00edder absoluta de mercado no acumulado do ano, se preocupa com os clientes e trabalha para que seus carros mantenham o seu valor de revenda ao longo do tempo.<\/p>\n<p>&nbsp;<\/p>\n<p>Em sua 11\u00aa edi\u00e7\u00e3o, o pr\u00eamio Maior Valor de Revenda \u2013 Autos contou com 20 categorias, al\u00e9m dos dois campe\u00f5es gerais. (Motor Mais)<\/p>\n","protected":false},"excerpt":{"rendered":"<p>Motor Mais &nbsp; A Fiat foi reconhecida em mais dois importantes pr\u00eamios do setor automotivo. Com o modelo Fastback, a marca ganhou como \u201cMelhor SUV Cup\u00ea\u201d na pesquisa \u201cOs Eleitos\u201d, realizada pela revista Quatro Rodas. J\u00e1 no Pr\u00eamio Maior Valor de Revenda \u2013 Autos, promovido pela Ag\u00eancia Autoinforme, a Fiat venceu em tr\u00eas categorias: com\u2026 <a class=\"readmore\" href=\"https:\/\/dana.com.br\/canaldana\/2024\/12\/11\/fiat-e-reconhecida-em-mais-duas-importantes-premiacoes\/\">Leia mais \u00bb<\/a><\/p>\n","protected":false},"author":3,"featured_media":0,"comment_status":"closed","ping_status":"closed","sticky":false,"template":"","format":"standard","meta":{"_acf_changed":false,"footnotes":""},"categories":[74],"tags":[],"class_list":["post-78487","post","type-post","status-publish","format-standard","hentry","category-premios"],"acf":[],"yoast_head":"<!-- This site is optimized with the Yoast SEO plugin v27.3 - https:\/\/yoast.com\/product\/yoast-seo-wordpress\/ -->\n<title>Fiat \u00e9 reconhecida em mais duas importantes premia\u00e7\u00f5es - Canal Dana<\/title>\n<meta name=\"robots\" content=\"index, follow, max-snippet:-1, max-image-preview:large, max-video-preview:-1\" \/>\n<link rel=\"canonical\" href=\"https:\/\/dana.com.br\/canaldana\/2024\/12\/11\/fiat-e-reconhecida-em-mais-duas-importantes-premiacoes\/\" \/>\n<meta property=\"og:locale\" content=\"pt_BR\" \/>\n<meta property=\"og:type\" content=\"article\" \/>\n<meta property=\"og:title\" content=\"Fiat \u00e9 reconhecida em mais duas importantes premia\u00e7\u00f5es - Canal Dana\" \/>\n<meta property=\"og:description\" content=\"Motor Mais &nbsp; A Fiat foi reconhecida em mais dois importantes pr\u00eamios do setor automotivo. Com o modelo Fastback, a marca ganhou como \u201cMelhor SUV Cup\u00ea\u201d na pesquisa \u201cOs Eleitos\u201d, realizada pela revista Quatro Rodas. J\u00e1 no Pr\u00eamio Maior Valor de Revenda \u2013 Autos, promovido pela Ag\u00eancia Autoinforme, a Fiat venceu em tr\u00eas categorias: com\u2026 Leia mais \u00bb\" \/>\n<meta property=\"og:url\" content=\"https:\/\/dana.com.br\/canaldana\/2024\/12\/11\/fiat-e-reconhecida-em-mais-duas-importantes-premiacoes\/\" \/>\n<meta property=\"og:site_name\" content=\"Canal Dana\" \/>\n<meta property=\"article:published_time\" content=\"2024-12-11T11:06:51+00:00\" \/>\n<meta name=\"author\" content=\"Canal Dana\" \/>\n<meta name=\"twitter:card\" content=\"summary_large_image\" \/>\n<meta name=\"twitter:label1\" content=\"Escrito por\" \/>\n\t<meta name=\"twitter:data1\" content=\"Canal Dana\" \/>\n\t<meta name=\"twitter:label2\" content=\"Est. tempo de leitura\" \/>\n\t<meta name=\"twitter:data2\" content=\"3 minutos\" \/>\n<script type=\"application\/ld+json\" class=\"yoast-schema-graph\">{\"@context\":\"https:\\\/\\\/schema.org\",\"@graph\":[{\"@type\":\"Article\",\"@id\":\"https:\\\/\\\/dana.com.br\\\/canaldana\\\/2024\\\/12\\\/11\\\/fiat-e-reconhecida-em-mais-duas-importantes-premiacoes\\\/#article\",\"isPartOf\":{\"@id\":\"https:\\\/\\\/dana.com.br\\\/canaldana\\\/2024\\\/12\\\/11\\\/fiat-e-reconhecida-em-mais-duas-importantes-premiacoes\\\/\"},\"author\":{\"name\":\"Canal Dana\",\"@id\":\"https:\\\/\\\/dana.com.br\\\/canaldana\\\/#\\\/schema\\\/person\\\/3c21f22f56fcf3bc46b94bc60ea4fef6\"},\"headline\":\"Fiat \u00e9 reconhecida em mais duas importantes premia\u00e7\u00f5es\",\"datePublished\":\"2024-12-11T11:06:51+00:00\",\"mainEntityOfPage\":{\"@id\":\"https:\\\/\\\/dana.com.br\\\/canaldana\\\/2024\\\/12\\\/11\\\/fiat-e-reconhecida-em-mais-duas-importantes-premiacoes\\\/\"},\"wordCount\":576,\"articleSection\":[\"Pr\u00eamios\"],\"inLanguage\":\"pt-BR\"},{\"@type\":\"WebPage\",\"@id\":\"https:\\\/\\\/dana.com.br\\\/canaldana\\\/2024\\\/12\\\/11\\\/fiat-e-reconhecida-em-mais-duas-importantes-premiacoes\\\/\",\"url\":\"https:\\\/\\\/dana.com.br\\\/canaldana\\\/2024\\\/12\\\/11\\\/fiat-e-reconhecida-em-mais-duas-importantes-premiacoes\\\/\",\"name\":\"Fiat \u00e9 reconhecida em mais duas importantes premia\u00e7\u00f5es - Canal Dana\",\"isPartOf\":{\"@id\":\"https:\\\/\\\/dana.com.br\\\/canaldana\\\/#website\"},\"datePublished\":\"2024-12-11T11:06:51+00:00\",\"author\":{\"@id\":\"https:\\\/\\\/dana.com.br\\\/canaldana\\\/#\\\/schema\\\/person\\\/3c21f22f56fcf3bc46b94bc60ea4fef6\"},\"breadcrumb\":{\"@id\":\"https:\\\/\\\/dana.com.br\\\/canaldana\\\/2024\\\/12\\\/11\\\/fiat-e-reconhecida-em-mais-duas-importantes-premiacoes\\\/#breadcrumb\"},\"inLanguage\":\"pt-BR\",\"potentialAction\":[{\"@type\":\"ReadAction\",\"target\":[\"https:\\\/\\\/dana.com.br\\\/canaldana\\\/2024\\\/12\\\/11\\\/fiat-e-reconhecida-em-mais-duas-importantes-premiacoes\\\/\"]}]},{\"@type\":\"BreadcrumbList\",\"@id\":\"https:\\\/\\\/dana.com.br\\\/canaldana\\\/2024\\\/12\\\/11\\\/fiat-e-reconhecida-em-mais-duas-importantes-premiacoes\\\/#breadcrumb\",\"itemListElement\":[{\"@type\":\"ListItem\",\"position\":1,\"name\":\"Home\",\"item\":\"https:\\\/\\\/dana.com.br\\\/canaldana\\\/\"},{\"@type\":\"ListItem\",\"position\":2,\"name\":\"Pr\u00eamios\",\"item\":\"https:\\\/\\\/dana.com.br\\\/canaldana\\\/premios\\\/\"},{\"@type\":\"ListItem\",\"position\":3,\"name\":\"Fiat \u00e9 reconhecida em mais duas importantes premia\u00e7\u00f5es\"}]},{\"@type\":\"WebSite\",\"@id\":\"https:\\\/\\\/dana.com.br\\\/canaldana\\\/#website\",\"url\":\"https:\\\/\\\/dana.com.br\\\/canaldana\\\/\",\"name\":\"Canal Dana\",\"description\":\"Informativo com as principais not\u00edcias da ind\u00fastria automotiva\",\"potentialAction\":[{\"@type\":\"SearchAction\",\"target\":{\"@type\":\"EntryPoint\",\"urlTemplate\":\"https:\\\/\\\/dana.com.br\\\/canaldana\\\/?s={search_term_string}\"},\"query-input\":{\"@type\":\"PropertyValueSpecification\",\"valueRequired\":true,\"valueName\":\"search_term_string\"}}],\"inLanguage\":\"pt-BR\"},{\"@type\":\"Person\",\"@id\":\"https:\\\/\\\/dana.com.br\\\/canaldana\\\/#\\\/schema\\\/person\\\/3c21f22f56fcf3bc46b94bc60ea4fef6\",\"name\":\"Canal Dana\",\"image\":{\"@type\":\"ImageObject\",\"inLanguage\":\"pt-BR\",\"@id\":\"https:\\\/\\\/secure.gravatar.com\\\/avatar\\\/420aaf9278582877d9018637c6817617705899d2858d7572ef0fe59a6b6454b4?s=96&d=mm&r=g\",\"url\":\"https:\\\/\\\/secure.gravatar.com\\\/avatar\\\/420aaf9278582877d9018637c6817617705899d2858d7572ef0fe59a6b6454b4?s=96&d=mm&r=g\",\"contentUrl\":\"https:\\\/\\\/secure.gravatar.com\\\/avatar\\\/420aaf9278582877d9018637c6817617705899d2858d7572ef0fe59a6b6454b4?s=96&d=mm&r=g\",\"caption\":\"Canal Dana\"},\"url\":\"https:\\\/\\\/dana.com.br\\\/canaldana\\\/author\\\/cdeditor\\\/\"}]}<\/script>\n<!-- \/ Yoast SEO plugin. -->","yoast_head_json":{"title":"Fiat \u00e9 reconhecida em mais duas importantes premia\u00e7\u00f5es - Canal Dana","robots":{"index":"index","follow":"follow","max-snippet":"max-snippet:-1","max-image-preview":"max-image-preview:large","max-video-preview":"max-video-preview:-1"},"canonical":"https:\/\/dana.com.br\/canaldana\/2024\/12\/11\/fiat-e-reconhecida-em-mais-duas-importantes-premiacoes\/","og_locale":"pt_BR","og_type":"article","og_title":"Fiat \u00e9 reconhecida em mais duas importantes premia\u00e7\u00f5es - Canal Dana","og_description":"Motor Mais &nbsp; A Fiat foi reconhecida em mais dois importantes pr\u00eamios do setor automotivo. Com o modelo Fastback, a marca ganhou como \u201cMelhor SUV Cup\u00ea\u201d na pesquisa \u201cOs Eleitos\u201d, realizada pela revista Quatro Rodas. J\u00e1 no Pr\u00eamio Maior Valor de Revenda \u2013 Autos, promovido pela Ag\u00eancia Autoinforme, a Fiat venceu em tr\u00eas categorias: com\u2026 Leia mais \u00bb","og_url":"https:\/\/dana.com.br\/canaldana\/2024\/12\/11\/fiat-e-reconhecida-em-mais-duas-importantes-premiacoes\/","og_site_name":"Canal Dana","article_published_time":"2024-12-11T11:06:51+00:00","author":"Canal Dana","twitter_card":"summary_large_image","twitter_misc":{"Escrito por":"Canal Dana","Est. tempo de leitura":"3 minutos"},"schema":{"@context":"https:\/\/schema.org","@graph":[{"@type":"Article","@id":"https:\/\/dana.com.br\/canaldana\/2024\/12\/11\/fiat-e-reconhecida-em-mais-duas-importantes-premiacoes\/#article","isPartOf":{"@id":"https:\/\/dana.com.br\/canaldana\/2024\/12\/11\/fiat-e-reconhecida-em-mais-duas-importantes-premiacoes\/"},"author":{"name":"Canal Dana","@id":"https:\/\/dana.com.br\/canaldana\/#\/schema\/person\/3c21f22f56fcf3bc46b94bc60ea4fef6"},"headline":"Fiat \u00e9 reconhecida em mais duas importantes premia\u00e7\u00f5es","datePublished":"2024-12-11T11:06:51+00:00","mainEntityOfPage":{"@id":"https:\/\/dana.com.br\/canaldana\/2024\/12\/11\/fiat-e-reconhecida-em-mais-duas-importantes-premiacoes\/"},"wordCount":576,"articleSection":["Pr\u00eamios"],"inLanguage":"pt-BR"},{"@type":"WebPage","@id":"https:\/\/dana.com.br\/canaldana\/2024\/12\/11\/fiat-e-reconhecida-em-mais-duas-importantes-premiacoes\/","url":"https:\/\/dana.com.br\/canaldana\/2024\/12\/11\/fiat-e-reconhecida-em-mais-duas-importantes-premiacoes\/","name":"Fiat \u00e9 reconhecida em mais duas importantes premia\u00e7\u00f5es - Canal Dana","isPartOf":{"@id":"https:\/\/dana.com.br\/canaldana\/#website"},"datePublished":"2024-12-11T11:06:51+00:00","author":{"@id":"https:\/\/dana.com.br\/canaldana\/#\/schema\/person\/3c21f22f56fcf3bc46b94bc60ea4fef6"},"breadcrumb":{"@id":"https:\/\/dana.com.br\/canaldana\/2024\/12\/11\/fiat-e-reconhecida-em-mais-duas-importantes-premiacoes\/#breadcrumb"},"inLanguage":"pt-BR","potentialAction":[{"@type":"ReadAction","target":["https:\/\/dana.com.br\/canaldana\/2024\/12\/11\/fiat-e-reconhecida-em-mais-duas-importantes-premiacoes\/"]}]},{"@type":"BreadcrumbList","@id":"https:\/\/dana.com.br\/canaldana\/2024\/12\/11\/fiat-e-reconhecida-em-mais-duas-importantes-premiacoes\/#breadcrumb","itemListElement":[{"@type":"ListItem","position":1,"name":"Home","item":"https:\/\/dana.com.br\/canaldana\/"},{"@type":"ListItem","position":2,"name":"Pr\u00eamios","item":"https:\/\/dana.com.br\/canaldana\/premios\/"},{"@type":"ListItem","position":3,"name":"Fiat \u00e9 reconhecida em mais duas importantes premia\u00e7\u00f5es"}]},{"@type":"WebSite","@id":"https:\/\/dana.com.br\/canaldana\/#website","url":"https:\/\/dana.com.br\/canaldana\/","name":"Canal Dana","description":"Informativo com as principais not\u00edcias da ind\u00fastria automotiva","potentialAction":[{"@type":"SearchAction","target":{"@type":"EntryPoint","urlTemplate":"https:\/\/dana.com.br\/canaldana\/?s={search_term_string}"},"query-input":{"@type":"PropertyValueSpecification","valueRequired":true,"valueName":"search_term_string"}}],"inLanguage":"pt-BR"},{"@type":"Person","@id":"https:\/\/dana.com.br\/canaldana\/#\/schema\/person\/3c21f22f56fcf3bc46b94bc60ea4fef6","name":"Canal Dana","image":{"@type":"ImageObject","inLanguage":"pt-BR","@id":"https:\/\/secure.gravatar.com\/avatar\/420aaf9278582877d9018637c6817617705899d2858d7572ef0fe59a6b6454b4?s=96&d=mm&r=g","url":"https:\/\/secure.gravatar.com\/avatar\/420aaf9278582877d9018637c6817617705899d2858d7572ef0fe59a6b6454b4?s=96&d=mm&r=g","contentUrl":"https:\/\/secure.gravatar.com\/avatar\/420aaf9278582877d9018637c6817617705899d2858d7572ef0fe59a6b6454b4?s=96&d=mm&r=g","caption":"Canal Dana"},"url":"https:\/\/dana.com.br\/canaldana\/author\/cdeditor\/"}]}},"_links":{"self":[{"href":"https:\/\/dana.com.br\/canaldana\/wp-json\/wp\/v2\/posts\/78487","targetHints":{"allow":["GET"]}}],"collection":[{"href":"https:\/\/dana.com.br\/canaldana\/wp-json\/wp\/v2\/posts"}],"about":[{"href":"https:\/\/dana.com.br\/canaldana\/wp-json\/wp\/v2\/types\/post"}],"author":[{"embeddable":true,"href":"https:\/\/dana.com.br\/canaldana\/wp-json\/wp\/v2\/users\/3"}],"replies":[{"embeddable":true,"href":"https:\/\/dana.com.br\/canaldana\/wp-json\/wp\/v2\/comments?post=78487"}],"version-history":[{"count":1,"href":"https:\/\/dana.com.br\/canaldana\/wp-json\/wp\/v2\/posts\/78487\/revisions"}],"predecessor-version":[{"id":78488,"href":"https:\/\/dana.com.br\/canaldana\/wp-json\/wp\/v2\/posts\/78487\/revisions\/78488"}],"wp:attachment":[{"href":"https:\/\/dana.com.br\/canaldana\/wp-json\/wp\/v2\/media?parent=78487"}],"wp:term":[{"taxonomy":"category","embeddable":true,"href":"https:\/\/dana.com.br\/canaldana\/wp-json\/wp\/v2\/categories?post=78487"},{"taxonomy":"post_tag","embeddable":true,"href":"https:\/\/dana.com.br\/canaldana\/wp-json\/wp\/v2\/tags?post=78487"}],"curies":[{"name":"wp","href":"https:\/\/api.w.org\/{rel}","templated":true}]}}