{"id":78481,"date":"2024-12-10T08:50:23","date_gmt":"2024-12-10T11:50:23","guid":{"rendered":"https:\/\/dana.com.br\/canaldana\/?p=78481"},"modified":"2024-12-10T08:50:23","modified_gmt":"2024-12-10T11:50:23","slug":"anfavea-e-acea-comemoram-acordo-mercosul-uniao-europeia","status":"publish","type":"post","link":"https:\/\/dana.com.br\/canaldana\/2024\/12\/10\/anfavea-e-acea-comemoram-acordo-mercosul-uniao-europeia\/","title":{"rendered":"Anfavea e Acea comemoram acordo Mercosul-Uni\u00e3o Europeia"},"content":{"rendered":"<p><em>AutoInd\u00fastria <\/em><\/p>\n<p>&nbsp;<\/p>\n<p>A Anfavea, representante das montadoras brasileiras, e a Acea, Associa\u00e7\u00e3o Europeia dos Fabricantes de Autom\u00f3veis, emitiram notas de apoio ao acordo de parceria entre o Mercosul e a Uni\u00e3o Europeia, que teve negocia\u00e7\u00f5es conclu\u00eddas na sexta-feira, 6.<\/p>\n<p>&nbsp;<\/p>\n<p>O acordo foi anunciado em coletiva de imprensa em Montevid\u00e9u, no Uruguai, durante a 65\u00aa C\u00fapula de Chefes de Estado do Mercosul, que teve a presen\u00e7a dos presidentes Luiz In\u00e1cio Lula da Silva, do Brasil, e da Uni\u00e3o Europeia, Ursula von der Leyen.<\/p>\n<p>&nbsp;<\/p>\n<p>De acordo com a Ag\u00eancia Brasil, a redu\u00e7\u00e3o das tarifas que o Mercosul cobra da UE pode ser imediata ou ao longo de prazos que, na m\u00e9dia, variam entre 4 e 15 anos. Para o setor automotivo, em especial, os per\u00edodos de redu\u00e7\u00e3o tarif\u00e1ria s\u00e3o mais longos. V\u00e3o de 18 a 30 anos para ve\u00edculos eletrificados, movidos a hidrog\u00eanio e com novas tecnologias.<\/p>\n<p>&nbsp;<\/p>\n<p>Do lado da UE, a redu\u00e7\u00e3o tarif\u00e1ria tamb\u00e9m pode ser imediata ou por per\u00edodos que v\u00e3o de 4 anos a 12 anos, a depender do produto. Est\u00e3o previstas ainda cotas para produtos agr\u00edcolas e agroindustriais do Brasil.<\/p>\n<p>&nbsp;<\/p>\n<p>Em seu comunicado, a Anfavea diz apoiar acordos bilaterais e multilaterais que fomentem um ambiente de maior competitividade para a ind\u00fastria nacional e que beneficiem todas as partes envolvidas, como parece ser o negociado agora com a Uni\u00e3o Europeia.<\/p>\n<p>&nbsp;<\/p>\n<p>A entidade brasileira lembra que acordo entre os dois blocos, gestado h\u00e1 mais de duas d\u00e9cadas, estipula um per\u00edodo de redu\u00e7\u00e3o tarif\u00e1ria de ao menos 15 anos para a maioria dos ve\u00edculos, com salvaguardas aos investimentos no setor automotivo, acion\u00e1veis com base em par\u00e2metros como n\u00edvel de emprego, vendas, produ\u00e7\u00e3o e ocupa\u00e7\u00e3o da capacidade instalada.<\/p>\n<p>&nbsp;<\/p>\n<p>\u201cO mecanismo poder\u00e1 suspender a redu\u00e7\u00e3o das al\u00edquotas, ou at\u00e9 mesmo retorn\u00e1-las a 35%, por um per\u00edodo de 3 anos, renov\u00e1vel por mais 2 anos\u201d, esclarece a associa\u00e7\u00e3o, informando que nos pr\u00f3ximos dias o setor aprofundar\u00e1 em detalhes do acordo para ter um julgamento mais apropriado sobre todos os seus impactos.<\/p>\n<p>&nbsp;<\/p>\n<p><strong>Posi\u00e7\u00e3o das montadoras europeias<\/strong><\/p>\n<p>&nbsp;<\/p>\n<p>A Acea, por sua vez, disse saudar a conclus\u00e3o do acordo comercial entre a Uni\u00e3o Europeia e o bloco Mercosul, apelando para uma r\u00e1pida ratifica\u00e7\u00e3o pelo Conselho e pelo Parlamento Europeu.<\/p>\n<p>&nbsp;<\/p>\n<p>Este acordo, na avalia\u00e7\u00e3o da entidade europeia, criar\u00e1 uma das maiores zonas de com\u00e9rcio livre a n\u00edvel mundial, garantir\u00e1 o crescimento econ\u00f3mico para ambas as regi\u00f5es e promover\u00e1, simultaneamente, o desenvolvimento sustent\u00e1vel atrav\u00e9s de compromissos ambientais e sociais refor\u00e7ados.<\/p>\n<p>&nbsp;<\/p>\n<p>\u201cA conclus\u00e3o deste acordo contribuir\u00e1 para fortalecer a competitividade global dos fabricantes de autom\u00f3veis europeus, eliminando tarifas elevadas e abordando as barreiras t\u00e9cnicas ao com\u00e9rcio nas suas exporta\u00e7\u00f5es para o mercado do Mercosul\u201d, afirmou Sigrid de Vries, diretora geral da Acea.<\/p>\n<p>&nbsp;<\/p>\n<p>Na avalia\u00e7\u00e3o da executiva, a not\u00edcia do acordo de parceria chega num momento crucial para a ind\u00fastria do autom\u00f3vel, \u201cque enfrenta atualmente desafios cr\u00edticos na transi\u00e7\u00e3o para a descarboniza\u00e7\u00e3o\u201d.<\/p>\n<p>&nbsp;<\/p>\n<p>A Acea conclui a nota dizendo que, num contexto de crescente protecionismo e tens\u00f5es geopol\u00edticas, a concretiza\u00e7\u00e3o deste acordo envia um forte sinal ao resto do mundo em apoio ao com\u00e9rcio livre, aberto e baseado em regras:<\/p>\n<p>&nbsp;<\/p>\n<p>\u201cA conclus\u00e3o deste acordo contribuir\u00e1 para refor\u00e7ar a competitividade global dos fabricantes de autom\u00f3veis europeus, eliminando tarifas elevadas e eliminando as barreiras t\u00e9cnicas ao com\u00e9rcio nas suas exporta\u00e7\u00f5es para o mercado do Mercosul\u201d. (AutoInd\u00fastria\/Alzira Rodrigues)<\/p>\n","protected":false},"excerpt":{"rendered":"<p>AutoInd\u00fastria &nbsp; A Anfavea, representante das montadoras brasileiras, e a Acea, Associa\u00e7\u00e3o Europeia dos Fabricantes de Autom\u00f3veis, emitiram notas de apoio ao acordo de parceria entre o Mercosul e a Uni\u00e3o Europeia, que teve negocia\u00e7\u00f5es conclu\u00eddas na sexta-feira, 6. &nbsp; O acordo foi anunciado em coletiva de imprensa em Montevid\u00e9u, no Uruguai, durante a 65\u00aa\u2026 <a class=\"readmore\" href=\"https:\/\/dana.com.br\/canaldana\/2024\/12\/10\/anfavea-e-acea-comemoram-acordo-mercosul-uniao-europeia\/\">Leia mais \u00bb<\/a><\/p>\n","protected":false},"author":3,"featured_media":0,"comment_status":"closed","ping_status":"closed","sticky":false,"template":"","format":"standard","meta":{"_acf_changed":false,"footnotes":""},"categories":[61],"tags":[],"class_list":["post-78481","post","type-post","status-publish","format-standard","hentry","category-destaques"],"acf":[],"yoast_head":"<!-- This site is optimized with the Yoast SEO plugin v27.3 - https:\/\/yoast.com\/product\/yoast-seo-wordpress\/ -->\n<title>Anfavea e Acea comemoram acordo Mercosul-Uni\u00e3o Europeia - Canal Dana<\/title>\n<meta name=\"robots\" content=\"index, follow, max-snippet:-1, max-image-preview:large, max-video-preview:-1\" \/>\n<link rel=\"canonical\" href=\"https:\/\/dana.com.br\/canaldana\/2024\/12\/10\/anfavea-e-acea-comemoram-acordo-mercosul-uniao-europeia\/\" \/>\n<meta property=\"og:locale\" content=\"pt_BR\" \/>\n<meta property=\"og:type\" content=\"article\" \/>\n<meta property=\"og:title\" content=\"Anfavea e Acea comemoram acordo Mercosul-Uni\u00e3o Europeia - Canal Dana\" \/>\n<meta property=\"og:description\" content=\"AutoInd\u00fastria &nbsp; A Anfavea, representante das montadoras brasileiras, e a Acea, Associa\u00e7\u00e3o Europeia dos Fabricantes de Autom\u00f3veis, emitiram notas de apoio ao acordo de parceria entre o Mercosul e a Uni\u00e3o Europeia, que teve negocia\u00e7\u00f5es conclu\u00eddas na sexta-feira, 6. &nbsp; O acordo foi anunciado em coletiva de imprensa em Montevid\u00e9u, no Uruguai, durante a 65\u00aa\u2026 Leia mais \u00bb\" \/>\n<meta property=\"og:url\" content=\"https:\/\/dana.com.br\/canaldana\/2024\/12\/10\/anfavea-e-acea-comemoram-acordo-mercosul-uniao-europeia\/\" \/>\n<meta property=\"og:site_name\" content=\"Canal Dana\" \/>\n<meta property=\"article:published_time\" content=\"2024-12-10T11:50:23+00:00\" \/>\n<meta name=\"author\" content=\"Canal Dana\" \/>\n<meta name=\"twitter:card\" content=\"summary_large_image\" \/>\n<meta name=\"twitter:label1\" content=\"Escrito por\" \/>\n\t<meta name=\"twitter:data1\" content=\"Canal Dana\" \/>\n\t<meta name=\"twitter:label2\" content=\"Est. tempo de leitura\" \/>\n\t<meta name=\"twitter:data2\" content=\"3 minutos\" \/>\n<script type=\"application\/ld+json\" class=\"yoast-schema-graph\">{\"@context\":\"https:\\\/\\\/schema.org\",\"@graph\":[{\"@type\":\"Article\",\"@id\":\"https:\\\/\\\/dana.com.br\\\/canaldana\\\/2024\\\/12\\\/10\\\/anfavea-e-acea-comemoram-acordo-mercosul-uniao-europeia\\\/#article\",\"isPartOf\":{\"@id\":\"https:\\\/\\\/dana.com.br\\\/canaldana\\\/2024\\\/12\\\/10\\\/anfavea-e-acea-comemoram-acordo-mercosul-uniao-europeia\\\/\"},\"author\":{\"name\":\"Canal Dana\",\"@id\":\"https:\\\/\\\/dana.com.br\\\/canaldana\\\/#\\\/schema\\\/person\\\/3c21f22f56fcf3bc46b94bc60ea4fef6\"},\"headline\":\"Anfavea e Acea comemoram acordo Mercosul-Uni\u00e3o Europeia\",\"datePublished\":\"2024-12-10T11:50:23+00:00\",\"mainEntityOfPage\":{\"@id\":\"https:\\\/\\\/dana.com.br\\\/canaldana\\\/2024\\\/12\\\/10\\\/anfavea-e-acea-comemoram-acordo-mercosul-uniao-europeia\\\/\"},\"wordCount\":636,\"articleSection\":[\"Destaques\"],\"inLanguage\":\"pt-BR\"},{\"@type\":\"WebPage\",\"@id\":\"https:\\\/\\\/dana.com.br\\\/canaldana\\\/2024\\\/12\\\/10\\\/anfavea-e-acea-comemoram-acordo-mercosul-uniao-europeia\\\/\",\"url\":\"https:\\\/\\\/dana.com.br\\\/canaldana\\\/2024\\\/12\\\/10\\\/anfavea-e-acea-comemoram-acordo-mercosul-uniao-europeia\\\/\",\"name\":\"Anfavea e Acea comemoram acordo Mercosul-Uni\u00e3o Europeia - Canal Dana\",\"isPartOf\":{\"@id\":\"https:\\\/\\\/dana.com.br\\\/canaldana\\\/#website\"},\"datePublished\":\"2024-12-10T11:50:23+00:00\",\"author\":{\"@id\":\"https:\\\/\\\/dana.com.br\\\/canaldana\\\/#\\\/schema\\\/person\\\/3c21f22f56fcf3bc46b94bc60ea4fef6\"},\"breadcrumb\":{\"@id\":\"https:\\\/\\\/dana.com.br\\\/canaldana\\\/2024\\\/12\\\/10\\\/anfavea-e-acea-comemoram-acordo-mercosul-uniao-europeia\\\/#breadcrumb\"},\"inLanguage\":\"pt-BR\",\"potentialAction\":[{\"@type\":\"ReadAction\",\"target\":[\"https:\\\/\\\/dana.com.br\\\/canaldana\\\/2024\\\/12\\\/10\\\/anfavea-e-acea-comemoram-acordo-mercosul-uniao-europeia\\\/\"]}]},{\"@type\":\"BreadcrumbList\",\"@id\":\"https:\\\/\\\/dana.com.br\\\/canaldana\\\/2024\\\/12\\\/10\\\/anfavea-e-acea-comemoram-acordo-mercosul-uniao-europeia\\\/#breadcrumb\",\"itemListElement\":[{\"@type\":\"ListItem\",\"position\":1,\"name\":\"Home\",\"item\":\"https:\\\/\\\/dana.com.br\\\/canaldana\\\/\"},{\"@type\":\"ListItem\",\"position\":2,\"name\":\"Destaques\",\"item\":\"https:\\\/\\\/dana.com.br\\\/canaldana\\\/destaques\\\/\"},{\"@type\":\"ListItem\",\"position\":3,\"name\":\"Anfavea e Acea comemoram acordo Mercosul-Uni\u00e3o Europeia\"}]},{\"@type\":\"WebSite\",\"@id\":\"https:\\\/\\\/dana.com.br\\\/canaldana\\\/#website\",\"url\":\"https:\\\/\\\/dana.com.br\\\/canaldana\\\/\",\"name\":\"Canal Dana\",\"description\":\"Informativo com as principais not\u00edcias da ind\u00fastria automotiva\",\"potentialAction\":[{\"@type\":\"SearchAction\",\"target\":{\"@type\":\"EntryPoint\",\"urlTemplate\":\"https:\\\/\\\/dana.com.br\\\/canaldana\\\/?s={search_term_string}\"},\"query-input\":{\"@type\":\"PropertyValueSpecification\",\"valueRequired\":true,\"valueName\":\"search_term_string\"}}],\"inLanguage\":\"pt-BR\"},{\"@type\":\"Person\",\"@id\":\"https:\\\/\\\/dana.com.br\\\/canaldana\\\/#\\\/schema\\\/person\\\/3c21f22f56fcf3bc46b94bc60ea4fef6\",\"name\":\"Canal Dana\",\"image\":{\"@type\":\"ImageObject\",\"inLanguage\":\"pt-BR\",\"@id\":\"https:\\\/\\\/secure.gravatar.com\\\/avatar\\\/420aaf9278582877d9018637c6817617705899d2858d7572ef0fe59a6b6454b4?s=96&d=mm&r=g\",\"url\":\"https:\\\/\\\/secure.gravatar.com\\\/avatar\\\/420aaf9278582877d9018637c6817617705899d2858d7572ef0fe59a6b6454b4?s=96&d=mm&r=g\",\"contentUrl\":\"https:\\\/\\\/secure.gravatar.com\\\/avatar\\\/420aaf9278582877d9018637c6817617705899d2858d7572ef0fe59a6b6454b4?s=96&d=mm&r=g\",\"caption\":\"Canal Dana\"},\"url\":\"https:\\\/\\\/dana.com.br\\\/canaldana\\\/author\\\/cdeditor\\\/\"}]}<\/script>\n<!-- \/ Yoast SEO plugin. -->","yoast_head_json":{"title":"Anfavea e Acea comemoram acordo Mercosul-Uni\u00e3o Europeia - Canal Dana","robots":{"index":"index","follow":"follow","max-snippet":"max-snippet:-1","max-image-preview":"max-image-preview:large","max-video-preview":"max-video-preview:-1"},"canonical":"https:\/\/dana.com.br\/canaldana\/2024\/12\/10\/anfavea-e-acea-comemoram-acordo-mercosul-uniao-europeia\/","og_locale":"pt_BR","og_type":"article","og_title":"Anfavea e Acea comemoram acordo Mercosul-Uni\u00e3o Europeia - Canal Dana","og_description":"AutoInd\u00fastria &nbsp; A Anfavea, representante das montadoras brasileiras, e a Acea, Associa\u00e7\u00e3o Europeia dos Fabricantes de Autom\u00f3veis, emitiram notas de apoio ao acordo de parceria entre o Mercosul e a Uni\u00e3o Europeia, que teve negocia\u00e7\u00f5es conclu\u00eddas na sexta-feira, 6. &nbsp; O acordo foi anunciado em coletiva de imprensa em Montevid\u00e9u, no Uruguai, durante a 65\u00aa\u2026 Leia mais \u00bb","og_url":"https:\/\/dana.com.br\/canaldana\/2024\/12\/10\/anfavea-e-acea-comemoram-acordo-mercosul-uniao-europeia\/","og_site_name":"Canal Dana","article_published_time":"2024-12-10T11:50:23+00:00","author":"Canal Dana","twitter_card":"summary_large_image","twitter_misc":{"Escrito por":"Canal Dana","Est. tempo de leitura":"3 minutos"},"schema":{"@context":"https:\/\/schema.org","@graph":[{"@type":"Article","@id":"https:\/\/dana.com.br\/canaldana\/2024\/12\/10\/anfavea-e-acea-comemoram-acordo-mercosul-uniao-europeia\/#article","isPartOf":{"@id":"https:\/\/dana.com.br\/canaldana\/2024\/12\/10\/anfavea-e-acea-comemoram-acordo-mercosul-uniao-europeia\/"},"author":{"name":"Canal Dana","@id":"https:\/\/dana.com.br\/canaldana\/#\/schema\/person\/3c21f22f56fcf3bc46b94bc60ea4fef6"},"headline":"Anfavea e Acea comemoram acordo Mercosul-Uni\u00e3o Europeia","datePublished":"2024-12-10T11:50:23+00:00","mainEntityOfPage":{"@id":"https:\/\/dana.com.br\/canaldana\/2024\/12\/10\/anfavea-e-acea-comemoram-acordo-mercosul-uniao-europeia\/"},"wordCount":636,"articleSection":["Destaques"],"inLanguage":"pt-BR"},{"@type":"WebPage","@id":"https:\/\/dana.com.br\/canaldana\/2024\/12\/10\/anfavea-e-acea-comemoram-acordo-mercosul-uniao-europeia\/","url":"https:\/\/dana.com.br\/canaldana\/2024\/12\/10\/anfavea-e-acea-comemoram-acordo-mercosul-uniao-europeia\/","name":"Anfavea e Acea comemoram acordo Mercosul-Uni\u00e3o Europeia - Canal Dana","isPartOf":{"@id":"https:\/\/dana.com.br\/canaldana\/#website"},"datePublished":"2024-12-10T11:50:23+00:00","author":{"@id":"https:\/\/dana.com.br\/canaldana\/#\/schema\/person\/3c21f22f56fcf3bc46b94bc60ea4fef6"},"breadcrumb":{"@id":"https:\/\/dana.com.br\/canaldana\/2024\/12\/10\/anfavea-e-acea-comemoram-acordo-mercosul-uniao-europeia\/#breadcrumb"},"inLanguage":"pt-BR","potentialAction":[{"@type":"ReadAction","target":["https:\/\/dana.com.br\/canaldana\/2024\/12\/10\/anfavea-e-acea-comemoram-acordo-mercosul-uniao-europeia\/"]}]},{"@type":"BreadcrumbList","@id":"https:\/\/dana.com.br\/canaldana\/2024\/12\/10\/anfavea-e-acea-comemoram-acordo-mercosul-uniao-europeia\/#breadcrumb","itemListElement":[{"@type":"ListItem","position":1,"name":"Home","item":"https:\/\/dana.com.br\/canaldana\/"},{"@type":"ListItem","position":2,"name":"Destaques","item":"https:\/\/dana.com.br\/canaldana\/destaques\/"},{"@type":"ListItem","position":3,"name":"Anfavea e Acea comemoram acordo Mercosul-Uni\u00e3o Europeia"}]},{"@type":"WebSite","@id":"https:\/\/dana.com.br\/canaldana\/#website","url":"https:\/\/dana.com.br\/canaldana\/","name":"Canal Dana","description":"Informativo com as principais not\u00edcias da ind\u00fastria automotiva","potentialAction":[{"@type":"SearchAction","target":{"@type":"EntryPoint","urlTemplate":"https:\/\/dana.com.br\/canaldana\/?s={search_term_string}"},"query-input":{"@type":"PropertyValueSpecification","valueRequired":true,"valueName":"search_term_string"}}],"inLanguage":"pt-BR"},{"@type":"Person","@id":"https:\/\/dana.com.br\/canaldana\/#\/schema\/person\/3c21f22f56fcf3bc46b94bc60ea4fef6","name":"Canal Dana","image":{"@type":"ImageObject","inLanguage":"pt-BR","@id":"https:\/\/secure.gravatar.com\/avatar\/420aaf9278582877d9018637c6817617705899d2858d7572ef0fe59a6b6454b4?s=96&d=mm&r=g","url":"https:\/\/secure.gravatar.com\/avatar\/420aaf9278582877d9018637c6817617705899d2858d7572ef0fe59a6b6454b4?s=96&d=mm&r=g","contentUrl":"https:\/\/secure.gravatar.com\/avatar\/420aaf9278582877d9018637c6817617705899d2858d7572ef0fe59a6b6454b4?s=96&d=mm&r=g","caption":"Canal Dana"},"url":"https:\/\/dana.com.br\/canaldana\/author\/cdeditor\/"}]}},"_links":{"self":[{"href":"https:\/\/dana.com.br\/canaldana\/wp-json\/wp\/v2\/posts\/78481","targetHints":{"allow":["GET"]}}],"collection":[{"href":"https:\/\/dana.com.br\/canaldana\/wp-json\/wp\/v2\/posts"}],"about":[{"href":"https:\/\/dana.com.br\/canaldana\/wp-json\/wp\/v2\/types\/post"}],"author":[{"embeddable":true,"href":"https:\/\/dana.com.br\/canaldana\/wp-json\/wp\/v2\/users\/3"}],"replies":[{"embeddable":true,"href":"https:\/\/dana.com.br\/canaldana\/wp-json\/wp\/v2\/comments?post=78481"}],"version-history":[{"count":1,"href":"https:\/\/dana.com.br\/canaldana\/wp-json\/wp\/v2\/posts\/78481\/revisions"}],"predecessor-version":[{"id":78482,"href":"https:\/\/dana.com.br\/canaldana\/wp-json\/wp\/v2\/posts\/78481\/revisions\/78482"}],"wp:attachment":[{"href":"https:\/\/dana.com.br\/canaldana\/wp-json\/wp\/v2\/media?parent=78481"}],"wp:term":[{"taxonomy":"category","embeddable":true,"href":"https:\/\/dana.com.br\/canaldana\/wp-json\/wp\/v2\/categories?post=78481"},{"taxonomy":"post_tag","embeddable":true,"href":"https:\/\/dana.com.br\/canaldana\/wp-json\/wp\/v2\/tags?post=78481"}],"curies":[{"name":"wp","href":"https:\/\/api.w.org\/{rel}","templated":true}]}}