{"id":77991,"date":"2024-11-21T08:16:41","date_gmt":"2024-11-21T11:16:41","guid":{"rendered":"https:\/\/dana.com.br\/canaldana\/?p=77991"},"modified":"2024-11-21T08:16:41","modified_gmt":"2024-11-21T11:16:41","slug":"falta-de-consenso-nas-analises-cria-polemica-sobre-emissoes-de-gases","status":"publish","type":"post","link":"https:\/\/dana.com.br\/canaldana\/2024\/11\/21\/falta-de-consenso-nas-analises-cria-polemica-sobre-emissoes-de-gases\/","title":{"rendered":"Falta de consenso nas an\u00e1lises cria pol\u00eamica sobre emiss\u00f5es de gases"},"content":{"rendered":"<p><em>O Estado de S. Paulo\/Mobilidade <\/em><\/p>\n<p>&nbsp;<\/p>\n<p>A melhor tecnologia para descarbonizar o setor automotivo \u00e9 um tema que continua gerando controv\u00e9rsias. Qual \u00e9 a maneira mais eficiente de reduzir as emiss\u00f5es de gases de efeito estufa (GEE) \u00e9 uma pergunta com respostas muito diferentes. Depende dos crit\u00e9rios adotados em pesquisas feitas em v\u00e1rias partes do mundo.<\/p>\n<p>&nbsp;<\/p>\n<p>\u201cA todo momento \u00e9 divulgado um novo estudo mostrando que a descarboniza\u00e7\u00e3o da mobilidade depende dessa ou daquela tecnologia\u201d, diz Luiz Augusto Horta Nogueira, especialista em estudos energ\u00e9ticos do N\u00facleo Interdisciplinar de Planejamento Energ\u00e9tico (Nipe), da Universidade Estadual de Campinas (Unicamp). \u201cA conclus\u00e3o vai ao sabor dos par\u00e2metros das an\u00e1lises, que muitas vezes atendem mais a interesses econ\u00f4micos e geopol\u00edticos do que t\u00e9cnicos e cient\u00edficos\u201d, afirma.<\/p>\n<p>&nbsp;<\/p>\n<p>Para refor\u00e7ar a tese de Nogueira, duas pesquisas recentes sobre descarboniza\u00e7\u00e3o no Brasil \u2013 uma internacional e outra feita no Pa\u00eds \u2013 colocam os resultados em lados opostos. O primeiro aponta que os 100% el\u00e9tricos s\u00e3o a melhor alternativa para a frota nacional. O segundo conclui que s\u00e3o os h\u00edbridos. \u201cAmbos est\u00e3o teoricamente corretos, conforme as premissas escolhidas. Mas o que, de fato, mostra-se mais vi\u00e1vel?\u201d, questiona Nogueira.<\/p>\n<p>&nbsp;<\/p>\n<p>A an\u00e1lise levanta d\u00favidas principalmente no tempo de ciclo de vida do autom\u00f3vel. Um deles considerou 160 mil quil\u00f4metros rodados, ou aproximadamente 10 anos \u2013 tempo compat\u00edvel com a garantia das baterias. J\u00e1 o estudo do instituto internacional levou em conta a m\u00e9dia de 288 mil quil\u00f4metros, sem troca de bateria.<\/p>\n<p>&nbsp;<\/p>\n<p>Dessa forma, as emiss\u00f5es de GEE s\u00e3o dilu\u00eddas ao longo de um ciclo de vida e quilometragem muito maiores. Cada estudo tamb\u00e9m usou crit\u00e9rios e n\u00edveis distintos de emiss\u00f5es de di\u00f3xido de carbono (CO2) para a produ\u00e7\u00e3o do etanol e fabrica\u00e7\u00e3o das baterias de carros el\u00e9tricos, por exemplo.<\/p>\n<p>&nbsp;<\/p>\n<p><strong>Zona rural<\/strong><\/p>\n<p>&nbsp;<\/p>\n<p>Diante da pol\u00eamica da defini\u00e7\u00e3o de regras mais assertivas, a Ag\u00eancia Internacional de Energia (IEA) elaborou um documento formal, com o intuito de balizar as discuss\u00f5es sobre o tema. Divulgado em outubro, o relat\u00f3rio \u201cContabilidade de carbono para biocombust\u00edveis sustent\u00e1veis\u201d n\u00e3o estabelece crit\u00e9rios t\u00e9cnicos para avalia\u00e7\u00e3o das emiss\u00f5es de CO2 associadas \u00e0 produ\u00e7\u00e3o e utiliza\u00e7\u00e3o dos biocombust\u00edveis.<\/p>\n<p>&nbsp;<\/p>\n<p>Em compensa\u00e7\u00e3o, o relat\u00f3rio oferece indica\u00e7\u00f5es a respeito da import\u00e2ncia dos biocombust\u00edveis na descarboniza\u00e7\u00e3o.<\/p>\n<p>&nbsp;<\/p>\n<p>\u201cTodas as tecnologias s\u00e3o importantes na transi\u00e7\u00e3o energ\u00e9tica. \u00c9 oportuno conhecer os benef\u00edcios agregados em cada uma delas. Cada pa\u00eds deve buscar as solu\u00e7\u00f5es mais adequadas de acordo com sua realidade\u201d<\/p>\n<p>&nbsp;<\/p>\n<p>Em particular, aborda um aspecto pol\u00eamico do ILUC (sigla para Indirect Land Use Chamge ou a troca indireta do uso da terra, em tradu\u00e7\u00e3o livre).<\/p>\n<p>&nbsp;<\/p>\n<p>O conceito determina que uma \u00e1rea rural destinada \u00e0 produ\u00e7\u00e3o de biocombust\u00edveis deve passar pela an\u00e1lise das emiss\u00f5es de gases de efeito estufa devido ao desmatamento que provavelmente ocorreu para promover a migra\u00e7\u00e3o da cultura original em outro solo ainda intacto.<\/p>\n<p>&nbsp;<\/p>\n<p>\u201cImposs\u00edvel saber o destino da lavoura original. Ela pode ter se transferido para uma \u00e1rea de pasto ou um terreno degradado que foi recuperado. S\u00e3o muitas possibilidades e incertezas\u201d, explica Nogueira. Por isso, o IEA determinou a exclus\u00e3o do ILUC no c\u00e1lculo das emiss\u00f5es dos biocombust\u00edveis, pela dificuldade de calcular seus efeitos.<\/p>\n<p>&nbsp;<\/p>\n<p><strong>Foco econ\u00f4mico<\/strong><\/p>\n<p>&nbsp;<\/p>\n<p>Para o engenheiro e consultor de mobilidade sustent\u00e1vel, Ricardo Sim\u00f5es de Abreu, muitos pa\u00edses desenvolvidos optaram por deixar em segundo plano os fatores social e ambiental da sustentabilidade. \u201cO foco \u00e9 claramente econ\u00f4mico e na busca de seguran\u00e7a energ\u00e9tica\u201d, afirma o especialista.<\/p>\n<p>&nbsp;<\/p>\n<p>Apesar da discuss\u00e3o sobre os crit\u00e9rios dos estudos, Abreu acredita ser poss\u00edvel apontar a melhor op\u00e7\u00e3o para a descarboniza\u00e7\u00e3o automotiva. \u201cH\u00e1 estudos de pesquisadores ou entidades aut\u00f4nomas do mundo todo que d\u00e3o vantagem aos h\u00edbridos. Eles s\u00e3o a m\u00e9dio e longo prazos a alternativa mais sustent\u00e1vel\u201d, defende.<\/p>\n<p>&nbsp;<\/p>\n<p>Segundo o especialista em bioenergia, Marcelo Gauto, todas as tecnologias dispon\u00edveis s\u00e3o importantes na transi\u00e7\u00e3o energ\u00e9tica. \u201cMas \u00e9 oportuno conhecer os benef\u00edcios agregados em cada uma delas. Cada pa\u00eds deve buscar as solu\u00e7\u00f5es mais adequadas \u00e0 sua realidade\u201d, pondera.<\/p>\n<p>&nbsp;<\/p>\n<p>Em meio a tantas diverg\u00eancias, Gauto destaca que no processo de fabrica\u00e7\u00e3o das baterias os carros el\u00e9tricos s\u00e3o menos efetivos na descarboniza\u00e7\u00e3o. \u201cAlguns estudos comprovam que os metais utilizados para a produ\u00e7\u00e3o da bateria de um ve\u00edculo 100% el\u00e9trico de grande porte s\u00e3o suficientes para fazer seis baterias de carros h\u00edbridos plug-in ou 90 para h\u00edbridos n\u00e3o plug-in\u201d, afirma. \u201cPortanto, os h\u00edbridos apresentam mais equil\u00edbrio entre o uso racional dos biocombust\u00edveis e das reservas minerais\u201d. (O Estado de S. Paulo\/Mobilidade\/M\u00e1rio S\u00e9rgio Venditti)<\/p>\n","protected":false},"excerpt":{"rendered":"<p>O Estado de S. Paulo\/Mobilidade &nbsp; A melhor tecnologia para descarbonizar o setor automotivo \u00e9 um tema que continua gerando controv\u00e9rsias. Qual \u00e9 a maneira mais eficiente de reduzir as emiss\u00f5es de gases de efeito estufa (GEE) \u00e9 uma pergunta com respostas muito diferentes. Depende dos crit\u00e9rios adotados em pesquisas feitas em v\u00e1rias partes do\u2026 <a class=\"readmore\" href=\"https:\/\/dana.com.br\/canaldana\/2024\/11\/21\/falta-de-consenso-nas-analises-cria-polemica-sobre-emissoes-de-gases\/\">Leia mais \u00bb<\/a><\/p>\n","protected":false},"author":3,"featured_media":0,"comment_status":"closed","ping_status":"closed","sticky":false,"template":"","format":"standard","meta":{"_acf_changed":false,"footnotes":""},"categories":[63],"tags":[],"class_list":["post-77991","post","type-post","status-publish","format-standard","hentry","category-meio-ambiente"],"acf":[],"yoast_head":"<!-- This site is optimized with the Yoast SEO plugin v27.3 - https:\/\/yoast.com\/product\/yoast-seo-wordpress\/ -->\n<title>Falta de consenso nas an\u00e1lises cria pol\u00eamica sobre emiss\u00f5es de gases - Canal Dana<\/title>\n<meta name=\"robots\" content=\"index, follow, max-snippet:-1, max-image-preview:large, max-video-preview:-1\" \/>\n<link rel=\"canonical\" href=\"https:\/\/dana.com.br\/canaldana\/2024\/11\/21\/falta-de-consenso-nas-analises-cria-polemica-sobre-emissoes-de-gases\/\" \/>\n<meta property=\"og:locale\" content=\"pt_BR\" \/>\n<meta property=\"og:type\" content=\"article\" \/>\n<meta property=\"og:title\" content=\"Falta de consenso nas an\u00e1lises cria pol\u00eamica sobre emiss\u00f5es de gases - Canal Dana\" \/>\n<meta property=\"og:description\" content=\"O Estado de S. Paulo\/Mobilidade &nbsp; A melhor tecnologia para descarbonizar o setor automotivo \u00e9 um tema que continua gerando controv\u00e9rsias. Qual \u00e9 a maneira mais eficiente de reduzir as emiss\u00f5es de gases de efeito estufa (GEE) \u00e9 uma pergunta com respostas muito diferentes. Depende dos crit\u00e9rios adotados em pesquisas feitas em v\u00e1rias partes do\u2026 Leia mais \u00bb\" \/>\n<meta property=\"og:url\" content=\"https:\/\/dana.com.br\/canaldana\/2024\/11\/21\/falta-de-consenso-nas-analises-cria-polemica-sobre-emissoes-de-gases\/\" \/>\n<meta property=\"og:site_name\" content=\"Canal Dana\" \/>\n<meta property=\"article:published_time\" content=\"2024-11-21T11:16:41+00:00\" \/>\n<meta name=\"author\" content=\"Canal Dana\" \/>\n<meta name=\"twitter:card\" content=\"summary_large_image\" \/>\n<meta name=\"twitter:label1\" content=\"Escrito por\" \/>\n\t<meta name=\"twitter:data1\" content=\"Canal Dana\" \/>\n\t<meta name=\"twitter:label2\" content=\"Est. tempo de leitura\" \/>\n\t<meta name=\"twitter:data2\" content=\"4 minutos\" \/>\n<script type=\"application\/ld+json\" class=\"yoast-schema-graph\">{\"@context\":\"https:\\\/\\\/schema.org\",\"@graph\":[{\"@type\":\"Article\",\"@id\":\"https:\\\/\\\/dana.com.br\\\/canaldana\\\/2024\\\/11\\\/21\\\/falta-de-consenso-nas-analises-cria-polemica-sobre-emissoes-de-gases\\\/#article\",\"isPartOf\":{\"@id\":\"https:\\\/\\\/dana.com.br\\\/canaldana\\\/2024\\\/11\\\/21\\\/falta-de-consenso-nas-analises-cria-polemica-sobre-emissoes-de-gases\\\/\"},\"author\":{\"name\":\"Canal Dana\",\"@id\":\"https:\\\/\\\/dana.com.br\\\/canaldana\\\/#\\\/schema\\\/person\\\/3c21f22f56fcf3bc46b94bc60ea4fef6\"},\"headline\":\"Falta de consenso nas an\u00e1lises cria pol\u00eamica sobre emiss\u00f5es de gases\",\"datePublished\":\"2024-11-21T11:16:41+00:00\",\"mainEntityOfPage\":{\"@id\":\"https:\\\/\\\/dana.com.br\\\/canaldana\\\/2024\\\/11\\\/21\\\/falta-de-consenso-nas-analises-cria-polemica-sobre-emissoes-de-gases\\\/\"},\"wordCount\":861,\"articleSection\":[\"Meio Ambiente\"],\"inLanguage\":\"pt-BR\"},{\"@type\":\"WebPage\",\"@id\":\"https:\\\/\\\/dana.com.br\\\/canaldana\\\/2024\\\/11\\\/21\\\/falta-de-consenso-nas-analises-cria-polemica-sobre-emissoes-de-gases\\\/\",\"url\":\"https:\\\/\\\/dana.com.br\\\/canaldana\\\/2024\\\/11\\\/21\\\/falta-de-consenso-nas-analises-cria-polemica-sobre-emissoes-de-gases\\\/\",\"name\":\"Falta de consenso nas an\u00e1lises cria pol\u00eamica sobre emiss\u00f5es de gases - Canal Dana\",\"isPartOf\":{\"@id\":\"https:\\\/\\\/dana.com.br\\\/canaldana\\\/#website\"},\"datePublished\":\"2024-11-21T11:16:41+00:00\",\"author\":{\"@id\":\"https:\\\/\\\/dana.com.br\\\/canaldana\\\/#\\\/schema\\\/person\\\/3c21f22f56fcf3bc46b94bc60ea4fef6\"},\"breadcrumb\":{\"@id\":\"https:\\\/\\\/dana.com.br\\\/canaldana\\\/2024\\\/11\\\/21\\\/falta-de-consenso-nas-analises-cria-polemica-sobre-emissoes-de-gases\\\/#breadcrumb\"},\"inLanguage\":\"pt-BR\",\"potentialAction\":[{\"@type\":\"ReadAction\",\"target\":[\"https:\\\/\\\/dana.com.br\\\/canaldana\\\/2024\\\/11\\\/21\\\/falta-de-consenso-nas-analises-cria-polemica-sobre-emissoes-de-gases\\\/\"]}]},{\"@type\":\"BreadcrumbList\",\"@id\":\"https:\\\/\\\/dana.com.br\\\/canaldana\\\/2024\\\/11\\\/21\\\/falta-de-consenso-nas-analises-cria-polemica-sobre-emissoes-de-gases\\\/#breadcrumb\",\"itemListElement\":[{\"@type\":\"ListItem\",\"position\":1,\"name\":\"Home\",\"item\":\"https:\\\/\\\/dana.com.br\\\/canaldana\\\/\"},{\"@type\":\"ListItem\",\"position\":2,\"name\":\"Meio Ambiente\",\"item\":\"https:\\\/\\\/dana.com.br\\\/canaldana\\\/meio-ambiente\\\/\"},{\"@type\":\"ListItem\",\"position\":3,\"name\":\"Falta de consenso nas an\u00e1lises cria pol\u00eamica sobre emiss\u00f5es de gases\"}]},{\"@type\":\"WebSite\",\"@id\":\"https:\\\/\\\/dana.com.br\\\/canaldana\\\/#website\",\"url\":\"https:\\\/\\\/dana.com.br\\\/canaldana\\\/\",\"name\":\"Canal Dana\",\"description\":\"Informativo com as principais not\u00edcias da ind\u00fastria automotiva\",\"potentialAction\":[{\"@type\":\"SearchAction\",\"target\":{\"@type\":\"EntryPoint\",\"urlTemplate\":\"https:\\\/\\\/dana.com.br\\\/canaldana\\\/?s={search_term_string}\"},\"query-input\":{\"@type\":\"PropertyValueSpecification\",\"valueRequired\":true,\"valueName\":\"search_term_string\"}}],\"inLanguage\":\"pt-BR\"},{\"@type\":\"Person\",\"@id\":\"https:\\\/\\\/dana.com.br\\\/canaldana\\\/#\\\/schema\\\/person\\\/3c21f22f56fcf3bc46b94bc60ea4fef6\",\"name\":\"Canal Dana\",\"image\":{\"@type\":\"ImageObject\",\"inLanguage\":\"pt-BR\",\"@id\":\"https:\\\/\\\/secure.gravatar.com\\\/avatar\\\/420aaf9278582877d9018637c6817617705899d2858d7572ef0fe59a6b6454b4?s=96&d=mm&r=g\",\"url\":\"https:\\\/\\\/secure.gravatar.com\\\/avatar\\\/420aaf9278582877d9018637c6817617705899d2858d7572ef0fe59a6b6454b4?s=96&d=mm&r=g\",\"contentUrl\":\"https:\\\/\\\/secure.gravatar.com\\\/avatar\\\/420aaf9278582877d9018637c6817617705899d2858d7572ef0fe59a6b6454b4?s=96&d=mm&r=g\",\"caption\":\"Canal Dana\"},\"url\":\"https:\\\/\\\/dana.com.br\\\/canaldana\\\/author\\\/cdeditor\\\/\"}]}<\/script>\n<!-- \/ Yoast SEO plugin. -->","yoast_head_json":{"title":"Falta de consenso nas an\u00e1lises cria pol\u00eamica sobre emiss\u00f5es de gases - Canal Dana","robots":{"index":"index","follow":"follow","max-snippet":"max-snippet:-1","max-image-preview":"max-image-preview:large","max-video-preview":"max-video-preview:-1"},"canonical":"https:\/\/dana.com.br\/canaldana\/2024\/11\/21\/falta-de-consenso-nas-analises-cria-polemica-sobre-emissoes-de-gases\/","og_locale":"pt_BR","og_type":"article","og_title":"Falta de consenso nas an\u00e1lises cria pol\u00eamica sobre emiss\u00f5es de gases - Canal Dana","og_description":"O Estado de S. Paulo\/Mobilidade &nbsp; A melhor tecnologia para descarbonizar o setor automotivo \u00e9 um tema que continua gerando controv\u00e9rsias. Qual \u00e9 a maneira mais eficiente de reduzir as emiss\u00f5es de gases de efeito estufa (GEE) \u00e9 uma pergunta com respostas muito diferentes. Depende dos crit\u00e9rios adotados em pesquisas feitas em v\u00e1rias partes do\u2026 Leia mais \u00bb","og_url":"https:\/\/dana.com.br\/canaldana\/2024\/11\/21\/falta-de-consenso-nas-analises-cria-polemica-sobre-emissoes-de-gases\/","og_site_name":"Canal Dana","article_published_time":"2024-11-21T11:16:41+00:00","author":"Canal Dana","twitter_card":"summary_large_image","twitter_misc":{"Escrito por":"Canal Dana","Est. tempo de leitura":"4 minutos"},"schema":{"@context":"https:\/\/schema.org","@graph":[{"@type":"Article","@id":"https:\/\/dana.com.br\/canaldana\/2024\/11\/21\/falta-de-consenso-nas-analises-cria-polemica-sobre-emissoes-de-gases\/#article","isPartOf":{"@id":"https:\/\/dana.com.br\/canaldana\/2024\/11\/21\/falta-de-consenso-nas-analises-cria-polemica-sobre-emissoes-de-gases\/"},"author":{"name":"Canal Dana","@id":"https:\/\/dana.com.br\/canaldana\/#\/schema\/person\/3c21f22f56fcf3bc46b94bc60ea4fef6"},"headline":"Falta de consenso nas an\u00e1lises cria pol\u00eamica sobre emiss\u00f5es de gases","datePublished":"2024-11-21T11:16:41+00:00","mainEntityOfPage":{"@id":"https:\/\/dana.com.br\/canaldana\/2024\/11\/21\/falta-de-consenso-nas-analises-cria-polemica-sobre-emissoes-de-gases\/"},"wordCount":861,"articleSection":["Meio Ambiente"],"inLanguage":"pt-BR"},{"@type":"WebPage","@id":"https:\/\/dana.com.br\/canaldana\/2024\/11\/21\/falta-de-consenso-nas-analises-cria-polemica-sobre-emissoes-de-gases\/","url":"https:\/\/dana.com.br\/canaldana\/2024\/11\/21\/falta-de-consenso-nas-analises-cria-polemica-sobre-emissoes-de-gases\/","name":"Falta de consenso nas an\u00e1lises cria pol\u00eamica sobre emiss\u00f5es de gases - Canal Dana","isPartOf":{"@id":"https:\/\/dana.com.br\/canaldana\/#website"},"datePublished":"2024-11-21T11:16:41+00:00","author":{"@id":"https:\/\/dana.com.br\/canaldana\/#\/schema\/person\/3c21f22f56fcf3bc46b94bc60ea4fef6"},"breadcrumb":{"@id":"https:\/\/dana.com.br\/canaldana\/2024\/11\/21\/falta-de-consenso-nas-analises-cria-polemica-sobre-emissoes-de-gases\/#breadcrumb"},"inLanguage":"pt-BR","potentialAction":[{"@type":"ReadAction","target":["https:\/\/dana.com.br\/canaldana\/2024\/11\/21\/falta-de-consenso-nas-analises-cria-polemica-sobre-emissoes-de-gases\/"]}]},{"@type":"BreadcrumbList","@id":"https:\/\/dana.com.br\/canaldana\/2024\/11\/21\/falta-de-consenso-nas-analises-cria-polemica-sobre-emissoes-de-gases\/#breadcrumb","itemListElement":[{"@type":"ListItem","position":1,"name":"Home","item":"https:\/\/dana.com.br\/canaldana\/"},{"@type":"ListItem","position":2,"name":"Meio Ambiente","item":"https:\/\/dana.com.br\/canaldana\/meio-ambiente\/"},{"@type":"ListItem","position":3,"name":"Falta de consenso nas an\u00e1lises cria pol\u00eamica sobre emiss\u00f5es de gases"}]},{"@type":"WebSite","@id":"https:\/\/dana.com.br\/canaldana\/#website","url":"https:\/\/dana.com.br\/canaldana\/","name":"Canal Dana","description":"Informativo com as principais not\u00edcias da ind\u00fastria automotiva","potentialAction":[{"@type":"SearchAction","target":{"@type":"EntryPoint","urlTemplate":"https:\/\/dana.com.br\/canaldana\/?s={search_term_string}"},"query-input":{"@type":"PropertyValueSpecification","valueRequired":true,"valueName":"search_term_string"}}],"inLanguage":"pt-BR"},{"@type":"Person","@id":"https:\/\/dana.com.br\/canaldana\/#\/schema\/person\/3c21f22f56fcf3bc46b94bc60ea4fef6","name":"Canal Dana","image":{"@type":"ImageObject","inLanguage":"pt-BR","@id":"https:\/\/secure.gravatar.com\/avatar\/420aaf9278582877d9018637c6817617705899d2858d7572ef0fe59a6b6454b4?s=96&d=mm&r=g","url":"https:\/\/secure.gravatar.com\/avatar\/420aaf9278582877d9018637c6817617705899d2858d7572ef0fe59a6b6454b4?s=96&d=mm&r=g","contentUrl":"https:\/\/secure.gravatar.com\/avatar\/420aaf9278582877d9018637c6817617705899d2858d7572ef0fe59a6b6454b4?s=96&d=mm&r=g","caption":"Canal Dana"},"url":"https:\/\/dana.com.br\/canaldana\/author\/cdeditor\/"}]}},"_links":{"self":[{"href":"https:\/\/dana.com.br\/canaldana\/wp-json\/wp\/v2\/posts\/77991","targetHints":{"allow":["GET"]}}],"collection":[{"href":"https:\/\/dana.com.br\/canaldana\/wp-json\/wp\/v2\/posts"}],"about":[{"href":"https:\/\/dana.com.br\/canaldana\/wp-json\/wp\/v2\/types\/post"}],"author":[{"embeddable":true,"href":"https:\/\/dana.com.br\/canaldana\/wp-json\/wp\/v2\/users\/3"}],"replies":[{"embeddable":true,"href":"https:\/\/dana.com.br\/canaldana\/wp-json\/wp\/v2\/comments?post=77991"}],"version-history":[{"count":1,"href":"https:\/\/dana.com.br\/canaldana\/wp-json\/wp\/v2\/posts\/77991\/revisions"}],"predecessor-version":[{"id":77992,"href":"https:\/\/dana.com.br\/canaldana\/wp-json\/wp\/v2\/posts\/77991\/revisions\/77992"}],"wp:attachment":[{"href":"https:\/\/dana.com.br\/canaldana\/wp-json\/wp\/v2\/media?parent=77991"}],"wp:term":[{"taxonomy":"category","embeddable":true,"href":"https:\/\/dana.com.br\/canaldana\/wp-json\/wp\/v2\/categories?post=77991"},{"taxonomy":"post_tag","embeddable":true,"href":"https:\/\/dana.com.br\/canaldana\/wp-json\/wp\/v2\/tags?post=77991"}],"curies":[{"name":"wp","href":"https:\/\/api.w.org\/{rel}","templated":true}]}}