{"id":77975,"date":"2024-11-19T08:26:03","date_gmt":"2024-11-19T11:26:03","guid":{"rendered":"https:\/\/dana.com.br\/canaldana\/?p=77975"},"modified":"2024-11-19T08:26:03","modified_gmt":"2024-11-19T11:26:03","slug":"governo-de-sao-paulo-investe-em-novo-centro-para-producao-de-hidrogenio-verde","status":"publish","type":"post","link":"https:\/\/dana.com.br\/canaldana\/2024\/11\/19\/governo-de-sao-paulo-investe-em-novo-centro-para-producao-de-hidrogenio-verde\/","title":{"rendered":"Governo de S\u00e3o Paulo investe em novo centro para produ\u00e7\u00e3o de hidrog\u00eanio verde"},"content":{"rendered":"<p><em>Transporte Moderno<\/em><\/p>\n<p>&nbsp;<\/p>\n<p>O governo do Estado de S\u00e3o Paulo lan\u00e7ou o Centro de Ci\u00eancias para o Desenvolvimento de Energias Renov\u00e1veis e Combust\u00edveis do Futuro (CCD \u2013 ERCF), que ficar\u00e1 nas instala\u00e7\u00f5es do Instituto de Pesquisas Tecnol\u00f3gicas (IPT). O novo centro tem como miss\u00e3o principal promover a produ\u00e7\u00e3o e o uso do hidrog\u00eanio de baixo carbono, uma fonte de energia com potencial de descarbonizar a economia e reduzir as emiss\u00f5es dos gases de efeito estufa (GEE) na atmosfera.<\/p>\n<p>&nbsp;<\/p>\n<p>Neste projeto foram investidos R$ 32 milh\u00f5es, sendo R$ 9 milh\u00f5es financiados pela Funda\u00e7\u00e3o de Amparo \u00e0 Pesquisa do Estado de S\u00e3o Paulo (Fapesp); R$ 11 milh\u00f5es do IPT e da Secretaria de Meio Ambiente, Infraestrutura e Log\u00edstica (Semil); mais R$ 12 milh\u00f5es de recursos financeiros da Secretaria de Ci\u00eancia, Tecnologia e Inova\u00e7\u00e3o. A verba ser\u00e1 usada em infraestrutura, equipamentos, pesquisa e treinamentos.<\/p>\n<p>&nbsp;<\/p>\n<p>O projeto avaliar\u00e1 diferentes aspectos da produ\u00e7\u00e3o, armazenamento, transporte, distribui\u00e7\u00e3o, uso e regulamenta\u00e7\u00e3o do hidrog\u00eanio de baixo carbono. Esse produto \u00e9 apontado como umas das solu\u00e7\u00f5es para a descarboniza\u00e7\u00e3o, com aplica\u00e7\u00f5es que v\u00e3o desde a gera\u00e7\u00e3o de eletricidade at\u00e9 o uso em processos industriais e no transporte.<\/p>\n<p>&nbsp;<\/p>\n<p>\u201cEstamos em um momento crucial para investir na pesquisa e no desenvolvimento de tecnologias buscando inova\u00e7\u00f5es que no futuro far\u00e3o parte da estrat\u00e9gia de mitiga\u00e7\u00e3o das na\u00e7\u00f5es rumo \u00e0 neutralidade de carbono. Com este projeto, estamos construindo as bases para um futuro mais limpo, seguro e sustent\u00e1vel\u201d, afirma a subsecret\u00e1ria de Energia e Minera\u00e7\u00e3o da Semil, Marisa Barros. (Transporte Moderno)<\/p>\n","protected":false},"excerpt":{"rendered":"<p>Transporte Moderno &nbsp; O governo do Estado de S\u00e3o Paulo lan\u00e7ou o Centro de Ci\u00eancias para o Desenvolvimento de Energias Renov\u00e1veis e Combust\u00edveis do Futuro (CCD \u2013 ERCF), que ficar\u00e1 nas instala\u00e7\u00f5es do Instituto de Pesquisas Tecnol\u00f3gicas (IPT). O novo centro tem como miss\u00e3o principal promover a produ\u00e7\u00e3o e o uso do hidrog\u00eanio de baixo\u2026 <a class=\"readmore\" href=\"https:\/\/dana.com.br\/canaldana\/2024\/11\/19\/governo-de-sao-paulo-investe-em-novo-centro-para-producao-de-hidrogenio-verde\/\">Leia mais \u00bb<\/a><\/p>\n","protected":false},"author":3,"featured_media":0,"comment_status":"closed","ping_status":"closed","sticky":false,"template":"","format":"standard","meta":{"_acf_changed":false,"footnotes":""},"categories":[61],"tags":[],"class_list":["post-77975","post","type-post","status-publish","format-standard","hentry","category-destaques"],"acf":[],"yoast_head":"<!-- This site is optimized with the Yoast SEO plugin v27.3 - https:\/\/yoast.com\/product\/yoast-seo-wordpress\/ -->\n<title>Governo de S\u00e3o Paulo investe em novo centro para produ\u00e7\u00e3o de hidrog\u00eanio verde - Canal Dana<\/title>\n<meta name=\"robots\" content=\"index, follow, max-snippet:-1, max-image-preview:large, max-video-preview:-1\" \/>\n<link rel=\"canonical\" href=\"https:\/\/dana.com.br\/canaldana\/2024\/11\/19\/governo-de-sao-paulo-investe-em-novo-centro-para-producao-de-hidrogenio-verde\/\" \/>\n<meta property=\"og:locale\" content=\"pt_BR\" \/>\n<meta property=\"og:type\" content=\"article\" \/>\n<meta property=\"og:title\" content=\"Governo de S\u00e3o Paulo investe em novo centro para produ\u00e7\u00e3o de hidrog\u00eanio verde - Canal Dana\" \/>\n<meta property=\"og:description\" content=\"Transporte Moderno &nbsp; O governo do Estado de S\u00e3o Paulo lan\u00e7ou o Centro de Ci\u00eancias para o Desenvolvimento de Energias Renov\u00e1veis e Combust\u00edveis do Futuro (CCD \u2013 ERCF), que ficar\u00e1 nas instala\u00e7\u00f5es do Instituto de Pesquisas Tecnol\u00f3gicas (IPT). O novo centro tem como miss\u00e3o principal promover a produ\u00e7\u00e3o e o uso do hidrog\u00eanio de baixo\u2026 Leia mais \u00bb\" \/>\n<meta property=\"og:url\" content=\"https:\/\/dana.com.br\/canaldana\/2024\/11\/19\/governo-de-sao-paulo-investe-em-novo-centro-para-producao-de-hidrogenio-verde\/\" \/>\n<meta property=\"og:site_name\" content=\"Canal Dana\" \/>\n<meta property=\"article:published_time\" content=\"2024-11-19T11:26:03+00:00\" \/>\n<meta name=\"author\" content=\"Canal Dana\" \/>\n<meta name=\"twitter:card\" content=\"summary_large_image\" \/>\n<meta name=\"twitter:label1\" content=\"Escrito por\" \/>\n\t<meta name=\"twitter:data1\" content=\"Canal Dana\" \/>\n\t<meta name=\"twitter:label2\" content=\"Est. tempo de leitura\" \/>\n\t<meta name=\"twitter:data2\" content=\"2 minutos\" \/>\n<script type=\"application\/ld+json\" class=\"yoast-schema-graph\">{\"@context\":\"https:\\\/\\\/schema.org\",\"@graph\":[{\"@type\":\"Article\",\"@id\":\"https:\\\/\\\/dana.com.br\\\/canaldana\\\/2024\\\/11\\\/19\\\/governo-de-sao-paulo-investe-em-novo-centro-para-producao-de-hidrogenio-verde\\\/#article\",\"isPartOf\":{\"@id\":\"https:\\\/\\\/dana.com.br\\\/canaldana\\\/2024\\\/11\\\/19\\\/governo-de-sao-paulo-investe-em-novo-centro-para-producao-de-hidrogenio-verde\\\/\"},\"author\":{\"name\":\"Canal Dana\",\"@id\":\"https:\\\/\\\/dana.com.br\\\/canaldana\\\/#\\\/schema\\\/person\\\/3c21f22f56fcf3bc46b94bc60ea4fef6\"},\"headline\":\"Governo de S\u00e3o Paulo investe em novo centro para produ\u00e7\u00e3o de hidrog\u00eanio verde\",\"datePublished\":\"2024-11-19T11:26:03+00:00\",\"mainEntityOfPage\":{\"@id\":\"https:\\\/\\\/dana.com.br\\\/canaldana\\\/2024\\\/11\\\/19\\\/governo-de-sao-paulo-investe-em-novo-centro-para-producao-de-hidrogenio-verde\\\/\"},\"wordCount\":296,\"articleSection\":[\"Destaques\"],\"inLanguage\":\"pt-BR\"},{\"@type\":\"WebPage\",\"@id\":\"https:\\\/\\\/dana.com.br\\\/canaldana\\\/2024\\\/11\\\/19\\\/governo-de-sao-paulo-investe-em-novo-centro-para-producao-de-hidrogenio-verde\\\/\",\"url\":\"https:\\\/\\\/dana.com.br\\\/canaldana\\\/2024\\\/11\\\/19\\\/governo-de-sao-paulo-investe-em-novo-centro-para-producao-de-hidrogenio-verde\\\/\",\"name\":\"Governo de S\u00e3o Paulo investe em novo centro para produ\u00e7\u00e3o de hidrog\u00eanio verde - Canal Dana\",\"isPartOf\":{\"@id\":\"https:\\\/\\\/dana.com.br\\\/canaldana\\\/#website\"},\"datePublished\":\"2024-11-19T11:26:03+00:00\",\"author\":{\"@id\":\"https:\\\/\\\/dana.com.br\\\/canaldana\\\/#\\\/schema\\\/person\\\/3c21f22f56fcf3bc46b94bc60ea4fef6\"},\"breadcrumb\":{\"@id\":\"https:\\\/\\\/dana.com.br\\\/canaldana\\\/2024\\\/11\\\/19\\\/governo-de-sao-paulo-investe-em-novo-centro-para-producao-de-hidrogenio-verde\\\/#breadcrumb\"},\"inLanguage\":\"pt-BR\",\"potentialAction\":[{\"@type\":\"ReadAction\",\"target\":[\"https:\\\/\\\/dana.com.br\\\/canaldana\\\/2024\\\/11\\\/19\\\/governo-de-sao-paulo-investe-em-novo-centro-para-producao-de-hidrogenio-verde\\\/\"]}]},{\"@type\":\"BreadcrumbList\",\"@id\":\"https:\\\/\\\/dana.com.br\\\/canaldana\\\/2024\\\/11\\\/19\\\/governo-de-sao-paulo-investe-em-novo-centro-para-producao-de-hidrogenio-verde\\\/#breadcrumb\",\"itemListElement\":[{\"@type\":\"ListItem\",\"position\":1,\"name\":\"Home\",\"item\":\"https:\\\/\\\/dana.com.br\\\/canaldana\\\/\"},{\"@type\":\"ListItem\",\"position\":2,\"name\":\"Destaques\",\"item\":\"https:\\\/\\\/dana.com.br\\\/canaldana\\\/destaques\\\/\"},{\"@type\":\"ListItem\",\"position\":3,\"name\":\"Governo de S\u00e3o Paulo investe em novo centro para produ\u00e7\u00e3o de hidrog\u00eanio verde\"}]},{\"@type\":\"WebSite\",\"@id\":\"https:\\\/\\\/dana.com.br\\\/canaldana\\\/#website\",\"url\":\"https:\\\/\\\/dana.com.br\\\/canaldana\\\/\",\"name\":\"Canal Dana\",\"description\":\"Informativo com as principais not\u00edcias da ind\u00fastria automotiva\",\"potentialAction\":[{\"@type\":\"SearchAction\",\"target\":{\"@type\":\"EntryPoint\",\"urlTemplate\":\"https:\\\/\\\/dana.com.br\\\/canaldana\\\/?s={search_term_string}\"},\"query-input\":{\"@type\":\"PropertyValueSpecification\",\"valueRequired\":true,\"valueName\":\"search_term_string\"}}],\"inLanguage\":\"pt-BR\"},{\"@type\":\"Person\",\"@id\":\"https:\\\/\\\/dana.com.br\\\/canaldana\\\/#\\\/schema\\\/person\\\/3c21f22f56fcf3bc46b94bc60ea4fef6\",\"name\":\"Canal Dana\",\"image\":{\"@type\":\"ImageObject\",\"inLanguage\":\"pt-BR\",\"@id\":\"https:\\\/\\\/secure.gravatar.com\\\/avatar\\\/420aaf9278582877d9018637c6817617705899d2858d7572ef0fe59a6b6454b4?s=96&d=mm&r=g\",\"url\":\"https:\\\/\\\/secure.gravatar.com\\\/avatar\\\/420aaf9278582877d9018637c6817617705899d2858d7572ef0fe59a6b6454b4?s=96&d=mm&r=g\",\"contentUrl\":\"https:\\\/\\\/secure.gravatar.com\\\/avatar\\\/420aaf9278582877d9018637c6817617705899d2858d7572ef0fe59a6b6454b4?s=96&d=mm&r=g\",\"caption\":\"Canal Dana\"},\"url\":\"https:\\\/\\\/dana.com.br\\\/canaldana\\\/author\\\/cdeditor\\\/\"}]}<\/script>\n<!-- \/ Yoast SEO plugin. -->","yoast_head_json":{"title":"Governo de S\u00e3o Paulo investe em novo centro para produ\u00e7\u00e3o de hidrog\u00eanio verde - Canal Dana","robots":{"index":"index","follow":"follow","max-snippet":"max-snippet:-1","max-image-preview":"max-image-preview:large","max-video-preview":"max-video-preview:-1"},"canonical":"https:\/\/dana.com.br\/canaldana\/2024\/11\/19\/governo-de-sao-paulo-investe-em-novo-centro-para-producao-de-hidrogenio-verde\/","og_locale":"pt_BR","og_type":"article","og_title":"Governo de S\u00e3o Paulo investe em novo centro para produ\u00e7\u00e3o de hidrog\u00eanio verde - Canal Dana","og_description":"Transporte Moderno &nbsp; O governo do Estado de S\u00e3o Paulo lan\u00e7ou o Centro de Ci\u00eancias para o Desenvolvimento de Energias Renov\u00e1veis e Combust\u00edveis do Futuro (CCD \u2013 ERCF), que ficar\u00e1 nas instala\u00e7\u00f5es do Instituto de Pesquisas Tecnol\u00f3gicas (IPT). O novo centro tem como miss\u00e3o principal promover a produ\u00e7\u00e3o e o uso do hidrog\u00eanio de baixo\u2026 Leia mais \u00bb","og_url":"https:\/\/dana.com.br\/canaldana\/2024\/11\/19\/governo-de-sao-paulo-investe-em-novo-centro-para-producao-de-hidrogenio-verde\/","og_site_name":"Canal Dana","article_published_time":"2024-11-19T11:26:03+00:00","author":"Canal Dana","twitter_card":"summary_large_image","twitter_misc":{"Escrito por":"Canal Dana","Est. tempo de leitura":"2 minutos"},"schema":{"@context":"https:\/\/schema.org","@graph":[{"@type":"Article","@id":"https:\/\/dana.com.br\/canaldana\/2024\/11\/19\/governo-de-sao-paulo-investe-em-novo-centro-para-producao-de-hidrogenio-verde\/#article","isPartOf":{"@id":"https:\/\/dana.com.br\/canaldana\/2024\/11\/19\/governo-de-sao-paulo-investe-em-novo-centro-para-producao-de-hidrogenio-verde\/"},"author":{"name":"Canal Dana","@id":"https:\/\/dana.com.br\/canaldana\/#\/schema\/person\/3c21f22f56fcf3bc46b94bc60ea4fef6"},"headline":"Governo de S\u00e3o Paulo investe em novo centro para produ\u00e7\u00e3o de hidrog\u00eanio verde","datePublished":"2024-11-19T11:26:03+00:00","mainEntityOfPage":{"@id":"https:\/\/dana.com.br\/canaldana\/2024\/11\/19\/governo-de-sao-paulo-investe-em-novo-centro-para-producao-de-hidrogenio-verde\/"},"wordCount":296,"articleSection":["Destaques"],"inLanguage":"pt-BR"},{"@type":"WebPage","@id":"https:\/\/dana.com.br\/canaldana\/2024\/11\/19\/governo-de-sao-paulo-investe-em-novo-centro-para-producao-de-hidrogenio-verde\/","url":"https:\/\/dana.com.br\/canaldana\/2024\/11\/19\/governo-de-sao-paulo-investe-em-novo-centro-para-producao-de-hidrogenio-verde\/","name":"Governo de S\u00e3o Paulo investe em novo centro para produ\u00e7\u00e3o de hidrog\u00eanio verde - Canal Dana","isPartOf":{"@id":"https:\/\/dana.com.br\/canaldana\/#website"},"datePublished":"2024-11-19T11:26:03+00:00","author":{"@id":"https:\/\/dana.com.br\/canaldana\/#\/schema\/person\/3c21f22f56fcf3bc46b94bc60ea4fef6"},"breadcrumb":{"@id":"https:\/\/dana.com.br\/canaldana\/2024\/11\/19\/governo-de-sao-paulo-investe-em-novo-centro-para-producao-de-hidrogenio-verde\/#breadcrumb"},"inLanguage":"pt-BR","potentialAction":[{"@type":"ReadAction","target":["https:\/\/dana.com.br\/canaldana\/2024\/11\/19\/governo-de-sao-paulo-investe-em-novo-centro-para-producao-de-hidrogenio-verde\/"]}]},{"@type":"BreadcrumbList","@id":"https:\/\/dana.com.br\/canaldana\/2024\/11\/19\/governo-de-sao-paulo-investe-em-novo-centro-para-producao-de-hidrogenio-verde\/#breadcrumb","itemListElement":[{"@type":"ListItem","position":1,"name":"Home","item":"https:\/\/dana.com.br\/canaldana\/"},{"@type":"ListItem","position":2,"name":"Destaques","item":"https:\/\/dana.com.br\/canaldana\/destaques\/"},{"@type":"ListItem","position":3,"name":"Governo de S\u00e3o Paulo investe em novo centro para produ\u00e7\u00e3o de hidrog\u00eanio verde"}]},{"@type":"WebSite","@id":"https:\/\/dana.com.br\/canaldana\/#website","url":"https:\/\/dana.com.br\/canaldana\/","name":"Canal Dana","description":"Informativo com as principais not\u00edcias da ind\u00fastria automotiva","potentialAction":[{"@type":"SearchAction","target":{"@type":"EntryPoint","urlTemplate":"https:\/\/dana.com.br\/canaldana\/?s={search_term_string}"},"query-input":{"@type":"PropertyValueSpecification","valueRequired":true,"valueName":"search_term_string"}}],"inLanguage":"pt-BR"},{"@type":"Person","@id":"https:\/\/dana.com.br\/canaldana\/#\/schema\/person\/3c21f22f56fcf3bc46b94bc60ea4fef6","name":"Canal Dana","image":{"@type":"ImageObject","inLanguage":"pt-BR","@id":"https:\/\/secure.gravatar.com\/avatar\/420aaf9278582877d9018637c6817617705899d2858d7572ef0fe59a6b6454b4?s=96&d=mm&r=g","url":"https:\/\/secure.gravatar.com\/avatar\/420aaf9278582877d9018637c6817617705899d2858d7572ef0fe59a6b6454b4?s=96&d=mm&r=g","contentUrl":"https:\/\/secure.gravatar.com\/avatar\/420aaf9278582877d9018637c6817617705899d2858d7572ef0fe59a6b6454b4?s=96&d=mm&r=g","caption":"Canal Dana"},"url":"https:\/\/dana.com.br\/canaldana\/author\/cdeditor\/"}]}},"_links":{"self":[{"href":"https:\/\/dana.com.br\/canaldana\/wp-json\/wp\/v2\/posts\/77975","targetHints":{"allow":["GET"]}}],"collection":[{"href":"https:\/\/dana.com.br\/canaldana\/wp-json\/wp\/v2\/posts"}],"about":[{"href":"https:\/\/dana.com.br\/canaldana\/wp-json\/wp\/v2\/types\/post"}],"author":[{"embeddable":true,"href":"https:\/\/dana.com.br\/canaldana\/wp-json\/wp\/v2\/users\/3"}],"replies":[{"embeddable":true,"href":"https:\/\/dana.com.br\/canaldana\/wp-json\/wp\/v2\/comments?post=77975"}],"version-history":[{"count":1,"href":"https:\/\/dana.com.br\/canaldana\/wp-json\/wp\/v2\/posts\/77975\/revisions"}],"predecessor-version":[{"id":77976,"href":"https:\/\/dana.com.br\/canaldana\/wp-json\/wp\/v2\/posts\/77975\/revisions\/77976"}],"wp:attachment":[{"href":"https:\/\/dana.com.br\/canaldana\/wp-json\/wp\/v2\/media?parent=77975"}],"wp:term":[{"taxonomy":"category","embeddable":true,"href":"https:\/\/dana.com.br\/canaldana\/wp-json\/wp\/v2\/categories?post=77975"},{"taxonomy":"post_tag","embeddable":true,"href":"https:\/\/dana.com.br\/canaldana\/wp-json\/wp\/v2\/tags?post=77975"}],"curies":[{"name":"wp","href":"https:\/\/api.w.org\/{rel}","templated":true}]}}