{"id":77973,"date":"2024-11-19T08:25:32","date_gmt":"2024-11-19T11:25:32","guid":{"rendered":"https:\/\/dana.com.br\/canaldana\/?p=77973"},"modified":"2024-11-19T08:25:32","modified_gmt":"2024-11-19T11:25:32","slug":"locadoras-garantem-alta-no-mercado-automotivo-em-novembro","status":"publish","type":"post","link":"https:\/\/dana.com.br\/canaldana\/2024\/11\/19\/locadoras-garantem-alta-no-mercado-automotivo-em-novembro\/","title":{"rendered":"Locadoras garantem alta no mercado automotivo em novembro"},"content":{"rendered":"<p><em>AutoInd\u00fastria <\/em><\/p>\n<p>&nbsp;<\/p>\n<p>J\u00e1 de olho no aumento da demanda por aluguel de carros no final de ano, as locadoras ampliaram compras na primeira quinzena deste m\u00eas e, com isso, contribu\u00edram para a continuidade do desempenho positivo do mercado de ve\u00edculos leves neste m\u00eas de novembro.<\/p>\n<p>&nbsp;<\/p>\n<p>Balan\u00e7o divulgado pela Bright Consulting indica crescimento de 4,7% na primeira quinzena deste m\u00eas em rela\u00e7\u00e3o ao mesmo per\u00edodo de outubro e de expressivos 45% sobre novembro do ano passado. Foram 118.614 emplacamentos, ante os respectivos totais de 113.275 e 81.848.<\/p>\n<p>&nbsp;<\/p>\n<p>Como na primeira quinzena deste m\u00eas teve menos dias \u00fateis do que nos 15 primeiros dias de outubro \u2013 10 e 11, pela ordem -, verifica-se crescimento pr\u00f3ximo a 15%, de 10.298 para 11.861.<\/p>\n<p>&nbsp;<\/p>\n<p>A participa\u00e7\u00e3o das vendas diretas, que inclui neg\u00f3cios com as locadoras, frotistas em geral, taxistas, produtos rurais e PcD (pessoas com defici\u00eancia) atingiu 54,1% na quinzena, com um pico de 67% registrado em 14 de novembro, v\u00e9spera do feriado da Proclama\u00e7\u00e3o da Rep\u00fablica.<\/p>\n<p>&nbsp;<\/p>\n<p>Por Estado, Minas Gerais foi l\u00edder em vendas diretas na quinzena, com 85,6% \u2013 destaques para Fiat (28,1%), GM (25,9%), VW (16,5%), Hyundai (13,1%) e Renault (8,2%) \u2013 e tamb\u00e9m no mercado em geral. Registrou participa\u00e7\u00e3o total de 28,1%, superando S\u00e3o Paulo, com 26,5%.<\/p>\n<p>&nbsp;<\/p>\n<p>\u201cNo dia 14 de novembro, o estado mineiro representou 48% dos emplacamentos totais\u201d, informa a consultoria.<\/p>\n<p>&nbsp;<\/p>\n<p>O mercado de eletrificados somou 6.816 ve\u00edculos, representando 5,7% das vendas totais de autom\u00f3veis e comerciais leves. Desses, 36,8% s\u00e3o ve\u00edculos el\u00e9tricos, 35% plug-in e 28,2% h\u00edbridos HEV\/MHEV.<\/p>\n<p>&nbsp;<\/p>\n<p>A BYD segue na lideran\u00e7a dos el\u00e9tricos puros, com fatia de 64,4%, seguida pela JAC, estreando com 11,1%, e pela GWM com 8,4%. Para ve\u00edculos plug-in, o Top 5 \u00e9 formado por BYD, GWM e Volvo. No caso dos os HEV\/MHEV, os destaques foram<\/p>\n<p>&nbsp;<\/p>\n<p>De acordo com a Bright Consulting, General Motors, Volkswagen e Renault apresentaram ganhos de participa\u00e7\u00e3o no comparativo mensal de 1,4, 1,1 e 1 ponto porcentual, respectivamente. J\u00e1 a Fiat, Toyota e Nissan tiveram quedas de 1%, 0,9% e 0,8%, pela ordem. (AutoInd\u00fastria\/Alzira Rodrigues)<\/p>\n","protected":false},"excerpt":{"rendered":"<p>AutoInd\u00fastria &nbsp; J\u00e1 de olho no aumento da demanda por aluguel de carros no final de ano, as locadoras ampliaram compras na primeira quinzena deste m\u00eas e, com isso, contribu\u00edram para a continuidade do desempenho positivo do mercado de ve\u00edculos leves neste m\u00eas de novembro. &nbsp; Balan\u00e7o divulgado pela Bright Consulting indica crescimento de 4,7%\u2026 <a class=\"readmore\" href=\"https:\/\/dana.com.br\/canaldana\/2024\/11\/19\/locadoras-garantem-alta-no-mercado-automotivo-em-novembro\/\">Leia mais \u00bb<\/a><\/p>\n","protected":false},"author":3,"featured_media":0,"comment_status":"closed","ping_status":"closed","sticky":false,"template":"","format":"standard","meta":{"_acf_changed":false,"footnotes":""},"categories":[61],"tags":[],"class_list":["post-77973","post","type-post","status-publish","format-standard","hentry","category-destaques"],"acf":[],"yoast_head":"<!-- This site is optimized with the Yoast SEO plugin v27.3 - https:\/\/yoast.com\/product\/yoast-seo-wordpress\/ -->\n<title>Locadoras garantem alta no mercado automotivo em novembro - Canal Dana<\/title>\n<meta name=\"robots\" content=\"index, follow, max-snippet:-1, max-image-preview:large, max-video-preview:-1\" \/>\n<link rel=\"canonical\" href=\"https:\/\/dana.com.br\/canaldana\/2024\/11\/19\/locadoras-garantem-alta-no-mercado-automotivo-em-novembro\/\" \/>\n<meta property=\"og:locale\" content=\"pt_BR\" \/>\n<meta property=\"og:type\" content=\"article\" \/>\n<meta property=\"og:title\" content=\"Locadoras garantem alta no mercado automotivo em novembro - Canal Dana\" \/>\n<meta property=\"og:description\" content=\"AutoInd\u00fastria &nbsp; J\u00e1 de olho no aumento da demanda por aluguel de carros no final de ano, as locadoras ampliaram compras na primeira quinzena deste m\u00eas e, com isso, contribu\u00edram para a continuidade do desempenho positivo do mercado de ve\u00edculos leves neste m\u00eas de novembro. &nbsp; Balan\u00e7o divulgado pela Bright Consulting indica crescimento de 4,7%\u2026 Leia mais \u00bb\" \/>\n<meta property=\"og:url\" content=\"https:\/\/dana.com.br\/canaldana\/2024\/11\/19\/locadoras-garantem-alta-no-mercado-automotivo-em-novembro\/\" \/>\n<meta property=\"og:site_name\" content=\"Canal Dana\" \/>\n<meta property=\"article:published_time\" content=\"2024-11-19T11:25:32+00:00\" \/>\n<meta name=\"author\" content=\"Canal Dana\" \/>\n<meta name=\"twitter:card\" content=\"summary_large_image\" \/>\n<meta name=\"twitter:label1\" content=\"Escrito por\" \/>\n\t<meta name=\"twitter:data1\" content=\"Canal Dana\" \/>\n\t<meta name=\"twitter:label2\" content=\"Est. tempo de leitura\" \/>\n\t<meta name=\"twitter:data2\" content=\"2 minutos\" \/>\n<script type=\"application\/ld+json\" class=\"yoast-schema-graph\">{\"@context\":\"https:\\\/\\\/schema.org\",\"@graph\":[{\"@type\":\"Article\",\"@id\":\"https:\\\/\\\/dana.com.br\\\/canaldana\\\/2024\\\/11\\\/19\\\/locadoras-garantem-alta-no-mercado-automotivo-em-novembro\\\/#article\",\"isPartOf\":{\"@id\":\"https:\\\/\\\/dana.com.br\\\/canaldana\\\/2024\\\/11\\\/19\\\/locadoras-garantem-alta-no-mercado-automotivo-em-novembro\\\/\"},\"author\":{\"name\":\"Canal Dana\",\"@id\":\"https:\\\/\\\/dana.com.br\\\/canaldana\\\/#\\\/schema\\\/person\\\/3c21f22f56fcf3bc46b94bc60ea4fef6\"},\"headline\":\"Locadoras garantem alta no mercado automotivo em novembro\",\"datePublished\":\"2024-11-19T11:25:32+00:00\",\"mainEntityOfPage\":{\"@id\":\"https:\\\/\\\/dana.com.br\\\/canaldana\\\/2024\\\/11\\\/19\\\/locadoras-garantem-alta-no-mercado-automotivo-em-novembro\\\/\"},\"wordCount\":346,\"articleSection\":[\"Destaques\"],\"inLanguage\":\"pt-BR\"},{\"@type\":\"WebPage\",\"@id\":\"https:\\\/\\\/dana.com.br\\\/canaldana\\\/2024\\\/11\\\/19\\\/locadoras-garantem-alta-no-mercado-automotivo-em-novembro\\\/\",\"url\":\"https:\\\/\\\/dana.com.br\\\/canaldana\\\/2024\\\/11\\\/19\\\/locadoras-garantem-alta-no-mercado-automotivo-em-novembro\\\/\",\"name\":\"Locadoras garantem alta no mercado automotivo em novembro - Canal Dana\",\"isPartOf\":{\"@id\":\"https:\\\/\\\/dana.com.br\\\/canaldana\\\/#website\"},\"datePublished\":\"2024-11-19T11:25:32+00:00\",\"author\":{\"@id\":\"https:\\\/\\\/dana.com.br\\\/canaldana\\\/#\\\/schema\\\/person\\\/3c21f22f56fcf3bc46b94bc60ea4fef6\"},\"breadcrumb\":{\"@id\":\"https:\\\/\\\/dana.com.br\\\/canaldana\\\/2024\\\/11\\\/19\\\/locadoras-garantem-alta-no-mercado-automotivo-em-novembro\\\/#breadcrumb\"},\"inLanguage\":\"pt-BR\",\"potentialAction\":[{\"@type\":\"ReadAction\",\"target\":[\"https:\\\/\\\/dana.com.br\\\/canaldana\\\/2024\\\/11\\\/19\\\/locadoras-garantem-alta-no-mercado-automotivo-em-novembro\\\/\"]}]},{\"@type\":\"BreadcrumbList\",\"@id\":\"https:\\\/\\\/dana.com.br\\\/canaldana\\\/2024\\\/11\\\/19\\\/locadoras-garantem-alta-no-mercado-automotivo-em-novembro\\\/#breadcrumb\",\"itemListElement\":[{\"@type\":\"ListItem\",\"position\":1,\"name\":\"Home\",\"item\":\"https:\\\/\\\/dana.com.br\\\/canaldana\\\/\"},{\"@type\":\"ListItem\",\"position\":2,\"name\":\"Destaques\",\"item\":\"https:\\\/\\\/dana.com.br\\\/canaldana\\\/destaques\\\/\"},{\"@type\":\"ListItem\",\"position\":3,\"name\":\"Locadoras garantem alta no mercado automotivo em novembro\"}]},{\"@type\":\"WebSite\",\"@id\":\"https:\\\/\\\/dana.com.br\\\/canaldana\\\/#website\",\"url\":\"https:\\\/\\\/dana.com.br\\\/canaldana\\\/\",\"name\":\"Canal Dana\",\"description\":\"Informativo com as principais not\u00edcias da ind\u00fastria automotiva\",\"potentialAction\":[{\"@type\":\"SearchAction\",\"target\":{\"@type\":\"EntryPoint\",\"urlTemplate\":\"https:\\\/\\\/dana.com.br\\\/canaldana\\\/?s={search_term_string}\"},\"query-input\":{\"@type\":\"PropertyValueSpecification\",\"valueRequired\":true,\"valueName\":\"search_term_string\"}}],\"inLanguage\":\"pt-BR\"},{\"@type\":\"Person\",\"@id\":\"https:\\\/\\\/dana.com.br\\\/canaldana\\\/#\\\/schema\\\/person\\\/3c21f22f56fcf3bc46b94bc60ea4fef6\",\"name\":\"Canal Dana\",\"image\":{\"@type\":\"ImageObject\",\"inLanguage\":\"pt-BR\",\"@id\":\"https:\\\/\\\/secure.gravatar.com\\\/avatar\\\/420aaf9278582877d9018637c6817617705899d2858d7572ef0fe59a6b6454b4?s=96&d=mm&r=g\",\"url\":\"https:\\\/\\\/secure.gravatar.com\\\/avatar\\\/420aaf9278582877d9018637c6817617705899d2858d7572ef0fe59a6b6454b4?s=96&d=mm&r=g\",\"contentUrl\":\"https:\\\/\\\/secure.gravatar.com\\\/avatar\\\/420aaf9278582877d9018637c6817617705899d2858d7572ef0fe59a6b6454b4?s=96&d=mm&r=g\",\"caption\":\"Canal Dana\"},\"url\":\"https:\\\/\\\/dana.com.br\\\/canaldana\\\/author\\\/cdeditor\\\/\"}]}<\/script>\n<!-- \/ Yoast SEO plugin. -->","yoast_head_json":{"title":"Locadoras garantem alta no mercado automotivo em novembro - Canal Dana","robots":{"index":"index","follow":"follow","max-snippet":"max-snippet:-1","max-image-preview":"max-image-preview:large","max-video-preview":"max-video-preview:-1"},"canonical":"https:\/\/dana.com.br\/canaldana\/2024\/11\/19\/locadoras-garantem-alta-no-mercado-automotivo-em-novembro\/","og_locale":"pt_BR","og_type":"article","og_title":"Locadoras garantem alta no mercado automotivo em novembro - Canal Dana","og_description":"AutoInd\u00fastria &nbsp; J\u00e1 de olho no aumento da demanda por aluguel de carros no final de ano, as locadoras ampliaram compras na primeira quinzena deste m\u00eas e, com isso, contribu\u00edram para a continuidade do desempenho positivo do mercado de ve\u00edculos leves neste m\u00eas de novembro. &nbsp; Balan\u00e7o divulgado pela Bright Consulting indica crescimento de 4,7%\u2026 Leia mais \u00bb","og_url":"https:\/\/dana.com.br\/canaldana\/2024\/11\/19\/locadoras-garantem-alta-no-mercado-automotivo-em-novembro\/","og_site_name":"Canal Dana","article_published_time":"2024-11-19T11:25:32+00:00","author":"Canal Dana","twitter_card":"summary_large_image","twitter_misc":{"Escrito por":"Canal Dana","Est. tempo de leitura":"2 minutos"},"schema":{"@context":"https:\/\/schema.org","@graph":[{"@type":"Article","@id":"https:\/\/dana.com.br\/canaldana\/2024\/11\/19\/locadoras-garantem-alta-no-mercado-automotivo-em-novembro\/#article","isPartOf":{"@id":"https:\/\/dana.com.br\/canaldana\/2024\/11\/19\/locadoras-garantem-alta-no-mercado-automotivo-em-novembro\/"},"author":{"name":"Canal Dana","@id":"https:\/\/dana.com.br\/canaldana\/#\/schema\/person\/3c21f22f56fcf3bc46b94bc60ea4fef6"},"headline":"Locadoras garantem alta no mercado automotivo em novembro","datePublished":"2024-11-19T11:25:32+00:00","mainEntityOfPage":{"@id":"https:\/\/dana.com.br\/canaldana\/2024\/11\/19\/locadoras-garantem-alta-no-mercado-automotivo-em-novembro\/"},"wordCount":346,"articleSection":["Destaques"],"inLanguage":"pt-BR"},{"@type":"WebPage","@id":"https:\/\/dana.com.br\/canaldana\/2024\/11\/19\/locadoras-garantem-alta-no-mercado-automotivo-em-novembro\/","url":"https:\/\/dana.com.br\/canaldana\/2024\/11\/19\/locadoras-garantem-alta-no-mercado-automotivo-em-novembro\/","name":"Locadoras garantem alta no mercado automotivo em novembro - Canal Dana","isPartOf":{"@id":"https:\/\/dana.com.br\/canaldana\/#website"},"datePublished":"2024-11-19T11:25:32+00:00","author":{"@id":"https:\/\/dana.com.br\/canaldana\/#\/schema\/person\/3c21f22f56fcf3bc46b94bc60ea4fef6"},"breadcrumb":{"@id":"https:\/\/dana.com.br\/canaldana\/2024\/11\/19\/locadoras-garantem-alta-no-mercado-automotivo-em-novembro\/#breadcrumb"},"inLanguage":"pt-BR","potentialAction":[{"@type":"ReadAction","target":["https:\/\/dana.com.br\/canaldana\/2024\/11\/19\/locadoras-garantem-alta-no-mercado-automotivo-em-novembro\/"]}]},{"@type":"BreadcrumbList","@id":"https:\/\/dana.com.br\/canaldana\/2024\/11\/19\/locadoras-garantem-alta-no-mercado-automotivo-em-novembro\/#breadcrumb","itemListElement":[{"@type":"ListItem","position":1,"name":"Home","item":"https:\/\/dana.com.br\/canaldana\/"},{"@type":"ListItem","position":2,"name":"Destaques","item":"https:\/\/dana.com.br\/canaldana\/destaques\/"},{"@type":"ListItem","position":3,"name":"Locadoras garantem alta no mercado automotivo em novembro"}]},{"@type":"WebSite","@id":"https:\/\/dana.com.br\/canaldana\/#website","url":"https:\/\/dana.com.br\/canaldana\/","name":"Canal Dana","description":"Informativo com as principais not\u00edcias da ind\u00fastria automotiva","potentialAction":[{"@type":"SearchAction","target":{"@type":"EntryPoint","urlTemplate":"https:\/\/dana.com.br\/canaldana\/?s={search_term_string}"},"query-input":{"@type":"PropertyValueSpecification","valueRequired":true,"valueName":"search_term_string"}}],"inLanguage":"pt-BR"},{"@type":"Person","@id":"https:\/\/dana.com.br\/canaldana\/#\/schema\/person\/3c21f22f56fcf3bc46b94bc60ea4fef6","name":"Canal Dana","image":{"@type":"ImageObject","inLanguage":"pt-BR","@id":"https:\/\/secure.gravatar.com\/avatar\/420aaf9278582877d9018637c6817617705899d2858d7572ef0fe59a6b6454b4?s=96&d=mm&r=g","url":"https:\/\/secure.gravatar.com\/avatar\/420aaf9278582877d9018637c6817617705899d2858d7572ef0fe59a6b6454b4?s=96&d=mm&r=g","contentUrl":"https:\/\/secure.gravatar.com\/avatar\/420aaf9278582877d9018637c6817617705899d2858d7572ef0fe59a6b6454b4?s=96&d=mm&r=g","caption":"Canal Dana"},"url":"https:\/\/dana.com.br\/canaldana\/author\/cdeditor\/"}]}},"_links":{"self":[{"href":"https:\/\/dana.com.br\/canaldana\/wp-json\/wp\/v2\/posts\/77973","targetHints":{"allow":["GET"]}}],"collection":[{"href":"https:\/\/dana.com.br\/canaldana\/wp-json\/wp\/v2\/posts"}],"about":[{"href":"https:\/\/dana.com.br\/canaldana\/wp-json\/wp\/v2\/types\/post"}],"author":[{"embeddable":true,"href":"https:\/\/dana.com.br\/canaldana\/wp-json\/wp\/v2\/users\/3"}],"replies":[{"embeddable":true,"href":"https:\/\/dana.com.br\/canaldana\/wp-json\/wp\/v2\/comments?post=77973"}],"version-history":[{"count":1,"href":"https:\/\/dana.com.br\/canaldana\/wp-json\/wp\/v2\/posts\/77973\/revisions"}],"predecessor-version":[{"id":77974,"href":"https:\/\/dana.com.br\/canaldana\/wp-json\/wp\/v2\/posts\/77973\/revisions\/77974"}],"wp:attachment":[{"href":"https:\/\/dana.com.br\/canaldana\/wp-json\/wp\/v2\/media?parent=77973"}],"wp:term":[{"taxonomy":"category","embeddable":true,"href":"https:\/\/dana.com.br\/canaldana\/wp-json\/wp\/v2\/categories?post=77973"},{"taxonomy":"post_tag","embeddable":true,"href":"https:\/\/dana.com.br\/canaldana\/wp-json\/wp\/v2\/tags?post=77973"}],"curies":[{"name":"wp","href":"https:\/\/api.w.org\/{rel}","templated":true}]}}