{"id":77912,"date":"2024-11-14T09:22:14","date_gmt":"2024-11-14T12:22:14","guid":{"rendered":"https:\/\/dana.com.br\/canaldana\/?p=77912"},"modified":"2024-11-14T09:22:14","modified_gmt":"2024-11-14T12:22:14","slug":"exportacoes-do-kardian-surpreendem-positivamente-a-renault","status":"publish","type":"post","link":"https:\/\/dana.com.br\/canaldana\/2024\/11\/14\/exportacoes-do-kardian-surpreendem-positivamente-a-renault\/","title":{"rendered":"Exporta\u00e7\u00f5es do Kardian surpreendem positivamente a Renault"},"content":{"rendered":"<p><em>AutoInd\u00fastria<\/em><\/p>\n<p>&nbsp;<\/p>\n<p>Primeiro ve\u00edculo do plano estrat\u00e9gico para os mercados internacionais anunciado pelo CEO global da Renault, Fabrice Cambolive, em outubro de 2023, o Kardian brasileiro est\u00e1 superando as metas de exporta\u00e7\u00e3o anunciadas por ocasi\u00e3o do seu lan\u00e7amento em fevereiro deste ano.<\/p>\n<p>&nbsp;<\/p>\n<p>A montadora anunciou na ter\u00e7a-feira, 12, que o SUV atingir\u00e1 vendas externas acima de 12 mil unidades at\u00e9 o final de dezembro, superando em 31% as suas proje\u00e7\u00f5es iniciais que eram, portanto, em torno de 8,4 mil ve\u00edculos.<\/p>\n<p>&nbsp;<\/p>\n<p>Produzido no Complexo Ayrton Senna, localizado em S\u00e3o Jos\u00e9 dos Pinhais, PR, o modelo j\u00e1 est\u00e1 \u00e0 venda na Argentina, Col\u00f4mbia, M\u00e9xico, Uruguai, Paraguai, Guatemala, Costa Rica, Equador e Peru.<\/p>\n<p>&nbsp;<\/p>\n<p>\u201cO consumidor da Am\u00e9rica Latina est\u00e1 reconhecendo os atributos inovadores do Renault Kardian e, atualmente, a participa\u00e7\u00e3o das exporta\u00e7\u00f5es no total produzido no Paran\u00e1 j\u00e1 \u00e9 de 28%\u201d, informa Ricardo Gondo, presidente da Renault do Brasil.<\/p>\n<p>&nbsp;<\/p>\n<p>O executivo destaca a boa aceita\u00e7\u00e3o do SUV na Argentina, fator decisivo para que a montadora tenha resultado em vendas externas 75% superior ao projetado no in\u00edcio do ano.<\/p>\n<p>&nbsp;<\/p>\n<p>Contemplado no Renault International Game Plan 2027, o Kardian \u00e9 apenas um dos oito modelos que a marca francesa lan\u00e7ar\u00e1 no mercado internacional at\u00e9 2027.<\/p>\n<p>&nbsp;<\/p>\n<p>O modelo estreou a PGMP, Renault Group Modular Platform, sendo o primeiro ve\u00edculo produzido no Brasil com a nova identidade visual de marca, assim como tamb\u00e9m com o novo motor turbo TCe de 125 cv com 220 Nm e o novo c\u00e2mbio autom\u00e1tico de dupla embreagem \u00famida.<\/p>\n<p>&nbsp;<\/p>\n<p>Com queda da ordem de 7% nas exporta\u00e7\u00f5es do setor como um tudo, tamb\u00e9m a Volkswagen anunciou na semana passada resultados positivos este ano. Com as informa\u00e7\u00f5es agora divulgadas pela Renault, talvez um ind\u00edcio de dias melhores na \u00e1rea a partir da renova\u00e7\u00e3o de produtos pela ind\u00fastria brasileira. (AutoInd\u00fastria)<\/p>\n","protected":false},"excerpt":{"rendered":"<p>AutoInd\u00fastria &nbsp; Primeiro ve\u00edculo do plano estrat\u00e9gico para os mercados internacionais anunciado pelo CEO global da Renault, Fabrice Cambolive, em outubro de 2023, o Kardian brasileiro est\u00e1 superando as metas de exporta\u00e7\u00e3o anunciadas por ocasi\u00e3o do seu lan\u00e7amento em fevereiro deste ano. &nbsp; A montadora anunciou na ter\u00e7a-feira, 12, que o SUV atingir\u00e1 vendas externas\u2026 <a class=\"readmore\" href=\"https:\/\/dana.com.br\/canaldana\/2024\/11\/14\/exportacoes-do-kardian-surpreendem-positivamente-a-renault\/\">Leia mais \u00bb<\/a><\/p>\n","protected":false},"author":3,"featured_media":0,"comment_status":"closed","ping_status":"closed","sticky":false,"template":"","format":"standard","meta":{"_acf_changed":false,"footnotes":""},"categories":[61],"tags":[],"class_list":["post-77912","post","type-post","status-publish","format-standard","hentry","category-destaques"],"acf":[],"yoast_head":"<!-- This site is optimized with the Yoast SEO plugin v27.3 - https:\/\/yoast.com\/product\/yoast-seo-wordpress\/ -->\n<title>Exporta\u00e7\u00f5es do Kardian surpreendem positivamente a Renault - Canal Dana<\/title>\n<meta name=\"robots\" content=\"index, follow, max-snippet:-1, max-image-preview:large, max-video-preview:-1\" \/>\n<link rel=\"canonical\" href=\"https:\/\/dana.com.br\/canaldana\/2024\/11\/14\/exportacoes-do-kardian-surpreendem-positivamente-a-renault\/\" \/>\n<meta property=\"og:locale\" content=\"pt_BR\" \/>\n<meta property=\"og:type\" content=\"article\" \/>\n<meta property=\"og:title\" content=\"Exporta\u00e7\u00f5es do Kardian surpreendem positivamente a Renault - Canal Dana\" \/>\n<meta property=\"og:description\" content=\"AutoInd\u00fastria &nbsp; Primeiro ve\u00edculo do plano estrat\u00e9gico para os mercados internacionais anunciado pelo CEO global da Renault, Fabrice Cambolive, em outubro de 2023, o Kardian brasileiro est\u00e1 superando as metas de exporta\u00e7\u00e3o anunciadas por ocasi\u00e3o do seu lan\u00e7amento em fevereiro deste ano. &nbsp; A montadora anunciou na ter\u00e7a-feira, 12, que o SUV atingir\u00e1 vendas externas\u2026 Leia mais \u00bb\" \/>\n<meta property=\"og:url\" content=\"https:\/\/dana.com.br\/canaldana\/2024\/11\/14\/exportacoes-do-kardian-surpreendem-positivamente-a-renault\/\" \/>\n<meta property=\"og:site_name\" content=\"Canal Dana\" \/>\n<meta property=\"article:published_time\" content=\"2024-11-14T12:22:14+00:00\" \/>\n<meta name=\"author\" content=\"Canal Dana\" \/>\n<meta name=\"twitter:card\" content=\"summary_large_image\" \/>\n<meta name=\"twitter:label1\" content=\"Escrito por\" \/>\n\t<meta name=\"twitter:data1\" content=\"Canal Dana\" \/>\n\t<meta name=\"twitter:label2\" content=\"Est. tempo de leitura\" \/>\n\t<meta name=\"twitter:data2\" content=\"2 minutos\" \/>\n<script type=\"application\/ld+json\" class=\"yoast-schema-graph\">{\"@context\":\"https:\\\/\\\/schema.org\",\"@graph\":[{\"@type\":\"Article\",\"@id\":\"https:\\\/\\\/dana.com.br\\\/canaldana\\\/2024\\\/11\\\/14\\\/exportacoes-do-kardian-surpreendem-positivamente-a-renault\\\/#article\",\"isPartOf\":{\"@id\":\"https:\\\/\\\/dana.com.br\\\/canaldana\\\/2024\\\/11\\\/14\\\/exportacoes-do-kardian-surpreendem-positivamente-a-renault\\\/\"},\"author\":{\"name\":\"Canal Dana\",\"@id\":\"https:\\\/\\\/dana.com.br\\\/canaldana\\\/#\\\/schema\\\/person\\\/3c21f22f56fcf3bc46b94bc60ea4fef6\"},\"headline\":\"Exporta\u00e7\u00f5es do Kardian surpreendem positivamente a Renault\",\"datePublished\":\"2024-11-14T12:22:14+00:00\",\"mainEntityOfPage\":{\"@id\":\"https:\\\/\\\/dana.com.br\\\/canaldana\\\/2024\\\/11\\\/14\\\/exportacoes-do-kardian-surpreendem-positivamente-a-renault\\\/\"},\"wordCount\":325,\"articleSection\":[\"Destaques\"],\"inLanguage\":\"pt-BR\"},{\"@type\":\"WebPage\",\"@id\":\"https:\\\/\\\/dana.com.br\\\/canaldana\\\/2024\\\/11\\\/14\\\/exportacoes-do-kardian-surpreendem-positivamente-a-renault\\\/\",\"url\":\"https:\\\/\\\/dana.com.br\\\/canaldana\\\/2024\\\/11\\\/14\\\/exportacoes-do-kardian-surpreendem-positivamente-a-renault\\\/\",\"name\":\"Exporta\u00e7\u00f5es do Kardian surpreendem positivamente a Renault - Canal Dana\",\"isPartOf\":{\"@id\":\"https:\\\/\\\/dana.com.br\\\/canaldana\\\/#website\"},\"datePublished\":\"2024-11-14T12:22:14+00:00\",\"author\":{\"@id\":\"https:\\\/\\\/dana.com.br\\\/canaldana\\\/#\\\/schema\\\/person\\\/3c21f22f56fcf3bc46b94bc60ea4fef6\"},\"breadcrumb\":{\"@id\":\"https:\\\/\\\/dana.com.br\\\/canaldana\\\/2024\\\/11\\\/14\\\/exportacoes-do-kardian-surpreendem-positivamente-a-renault\\\/#breadcrumb\"},\"inLanguage\":\"pt-BR\",\"potentialAction\":[{\"@type\":\"ReadAction\",\"target\":[\"https:\\\/\\\/dana.com.br\\\/canaldana\\\/2024\\\/11\\\/14\\\/exportacoes-do-kardian-surpreendem-positivamente-a-renault\\\/\"]}]},{\"@type\":\"BreadcrumbList\",\"@id\":\"https:\\\/\\\/dana.com.br\\\/canaldana\\\/2024\\\/11\\\/14\\\/exportacoes-do-kardian-surpreendem-positivamente-a-renault\\\/#breadcrumb\",\"itemListElement\":[{\"@type\":\"ListItem\",\"position\":1,\"name\":\"Home\",\"item\":\"https:\\\/\\\/dana.com.br\\\/canaldana\\\/\"},{\"@type\":\"ListItem\",\"position\":2,\"name\":\"Destaques\",\"item\":\"https:\\\/\\\/dana.com.br\\\/canaldana\\\/destaques\\\/\"},{\"@type\":\"ListItem\",\"position\":3,\"name\":\"Exporta\u00e7\u00f5es do Kardian surpreendem positivamente a Renault\"}]},{\"@type\":\"WebSite\",\"@id\":\"https:\\\/\\\/dana.com.br\\\/canaldana\\\/#website\",\"url\":\"https:\\\/\\\/dana.com.br\\\/canaldana\\\/\",\"name\":\"Canal Dana\",\"description\":\"Informativo com as principais not\u00edcias da ind\u00fastria automotiva\",\"potentialAction\":[{\"@type\":\"SearchAction\",\"target\":{\"@type\":\"EntryPoint\",\"urlTemplate\":\"https:\\\/\\\/dana.com.br\\\/canaldana\\\/?s={search_term_string}\"},\"query-input\":{\"@type\":\"PropertyValueSpecification\",\"valueRequired\":true,\"valueName\":\"search_term_string\"}}],\"inLanguage\":\"pt-BR\"},{\"@type\":\"Person\",\"@id\":\"https:\\\/\\\/dana.com.br\\\/canaldana\\\/#\\\/schema\\\/person\\\/3c21f22f56fcf3bc46b94bc60ea4fef6\",\"name\":\"Canal Dana\",\"image\":{\"@type\":\"ImageObject\",\"inLanguage\":\"pt-BR\",\"@id\":\"https:\\\/\\\/secure.gravatar.com\\\/avatar\\\/420aaf9278582877d9018637c6817617705899d2858d7572ef0fe59a6b6454b4?s=96&d=mm&r=g\",\"url\":\"https:\\\/\\\/secure.gravatar.com\\\/avatar\\\/420aaf9278582877d9018637c6817617705899d2858d7572ef0fe59a6b6454b4?s=96&d=mm&r=g\",\"contentUrl\":\"https:\\\/\\\/secure.gravatar.com\\\/avatar\\\/420aaf9278582877d9018637c6817617705899d2858d7572ef0fe59a6b6454b4?s=96&d=mm&r=g\",\"caption\":\"Canal Dana\"},\"url\":\"https:\\\/\\\/dana.com.br\\\/canaldana\\\/author\\\/cdeditor\\\/\"}]}<\/script>\n<!-- \/ Yoast SEO plugin. -->","yoast_head_json":{"title":"Exporta\u00e7\u00f5es do Kardian surpreendem positivamente a Renault - Canal Dana","robots":{"index":"index","follow":"follow","max-snippet":"max-snippet:-1","max-image-preview":"max-image-preview:large","max-video-preview":"max-video-preview:-1"},"canonical":"https:\/\/dana.com.br\/canaldana\/2024\/11\/14\/exportacoes-do-kardian-surpreendem-positivamente-a-renault\/","og_locale":"pt_BR","og_type":"article","og_title":"Exporta\u00e7\u00f5es do Kardian surpreendem positivamente a Renault - Canal Dana","og_description":"AutoInd\u00fastria &nbsp; Primeiro ve\u00edculo do plano estrat\u00e9gico para os mercados internacionais anunciado pelo CEO global da Renault, Fabrice Cambolive, em outubro de 2023, o Kardian brasileiro est\u00e1 superando as metas de exporta\u00e7\u00e3o anunciadas por ocasi\u00e3o do seu lan\u00e7amento em fevereiro deste ano. &nbsp; A montadora anunciou na ter\u00e7a-feira, 12, que o SUV atingir\u00e1 vendas externas\u2026 Leia mais \u00bb","og_url":"https:\/\/dana.com.br\/canaldana\/2024\/11\/14\/exportacoes-do-kardian-surpreendem-positivamente-a-renault\/","og_site_name":"Canal Dana","article_published_time":"2024-11-14T12:22:14+00:00","author":"Canal Dana","twitter_card":"summary_large_image","twitter_misc":{"Escrito por":"Canal Dana","Est. tempo de leitura":"2 minutos"},"schema":{"@context":"https:\/\/schema.org","@graph":[{"@type":"Article","@id":"https:\/\/dana.com.br\/canaldana\/2024\/11\/14\/exportacoes-do-kardian-surpreendem-positivamente-a-renault\/#article","isPartOf":{"@id":"https:\/\/dana.com.br\/canaldana\/2024\/11\/14\/exportacoes-do-kardian-surpreendem-positivamente-a-renault\/"},"author":{"name":"Canal Dana","@id":"https:\/\/dana.com.br\/canaldana\/#\/schema\/person\/3c21f22f56fcf3bc46b94bc60ea4fef6"},"headline":"Exporta\u00e7\u00f5es do Kardian surpreendem positivamente a Renault","datePublished":"2024-11-14T12:22:14+00:00","mainEntityOfPage":{"@id":"https:\/\/dana.com.br\/canaldana\/2024\/11\/14\/exportacoes-do-kardian-surpreendem-positivamente-a-renault\/"},"wordCount":325,"articleSection":["Destaques"],"inLanguage":"pt-BR"},{"@type":"WebPage","@id":"https:\/\/dana.com.br\/canaldana\/2024\/11\/14\/exportacoes-do-kardian-surpreendem-positivamente-a-renault\/","url":"https:\/\/dana.com.br\/canaldana\/2024\/11\/14\/exportacoes-do-kardian-surpreendem-positivamente-a-renault\/","name":"Exporta\u00e7\u00f5es do Kardian surpreendem positivamente a Renault - Canal Dana","isPartOf":{"@id":"https:\/\/dana.com.br\/canaldana\/#website"},"datePublished":"2024-11-14T12:22:14+00:00","author":{"@id":"https:\/\/dana.com.br\/canaldana\/#\/schema\/person\/3c21f22f56fcf3bc46b94bc60ea4fef6"},"breadcrumb":{"@id":"https:\/\/dana.com.br\/canaldana\/2024\/11\/14\/exportacoes-do-kardian-surpreendem-positivamente-a-renault\/#breadcrumb"},"inLanguage":"pt-BR","potentialAction":[{"@type":"ReadAction","target":["https:\/\/dana.com.br\/canaldana\/2024\/11\/14\/exportacoes-do-kardian-surpreendem-positivamente-a-renault\/"]}]},{"@type":"BreadcrumbList","@id":"https:\/\/dana.com.br\/canaldana\/2024\/11\/14\/exportacoes-do-kardian-surpreendem-positivamente-a-renault\/#breadcrumb","itemListElement":[{"@type":"ListItem","position":1,"name":"Home","item":"https:\/\/dana.com.br\/canaldana\/"},{"@type":"ListItem","position":2,"name":"Destaques","item":"https:\/\/dana.com.br\/canaldana\/destaques\/"},{"@type":"ListItem","position":3,"name":"Exporta\u00e7\u00f5es do Kardian surpreendem positivamente a Renault"}]},{"@type":"WebSite","@id":"https:\/\/dana.com.br\/canaldana\/#website","url":"https:\/\/dana.com.br\/canaldana\/","name":"Canal Dana","description":"Informativo com as principais not\u00edcias da ind\u00fastria automotiva","potentialAction":[{"@type":"SearchAction","target":{"@type":"EntryPoint","urlTemplate":"https:\/\/dana.com.br\/canaldana\/?s={search_term_string}"},"query-input":{"@type":"PropertyValueSpecification","valueRequired":true,"valueName":"search_term_string"}}],"inLanguage":"pt-BR"},{"@type":"Person","@id":"https:\/\/dana.com.br\/canaldana\/#\/schema\/person\/3c21f22f56fcf3bc46b94bc60ea4fef6","name":"Canal Dana","image":{"@type":"ImageObject","inLanguage":"pt-BR","@id":"https:\/\/secure.gravatar.com\/avatar\/420aaf9278582877d9018637c6817617705899d2858d7572ef0fe59a6b6454b4?s=96&d=mm&r=g","url":"https:\/\/secure.gravatar.com\/avatar\/420aaf9278582877d9018637c6817617705899d2858d7572ef0fe59a6b6454b4?s=96&d=mm&r=g","contentUrl":"https:\/\/secure.gravatar.com\/avatar\/420aaf9278582877d9018637c6817617705899d2858d7572ef0fe59a6b6454b4?s=96&d=mm&r=g","caption":"Canal Dana"},"url":"https:\/\/dana.com.br\/canaldana\/author\/cdeditor\/"}]}},"_links":{"self":[{"href":"https:\/\/dana.com.br\/canaldana\/wp-json\/wp\/v2\/posts\/77912","targetHints":{"allow":["GET"]}}],"collection":[{"href":"https:\/\/dana.com.br\/canaldana\/wp-json\/wp\/v2\/posts"}],"about":[{"href":"https:\/\/dana.com.br\/canaldana\/wp-json\/wp\/v2\/types\/post"}],"author":[{"embeddable":true,"href":"https:\/\/dana.com.br\/canaldana\/wp-json\/wp\/v2\/users\/3"}],"replies":[{"embeddable":true,"href":"https:\/\/dana.com.br\/canaldana\/wp-json\/wp\/v2\/comments?post=77912"}],"version-history":[{"count":1,"href":"https:\/\/dana.com.br\/canaldana\/wp-json\/wp\/v2\/posts\/77912\/revisions"}],"predecessor-version":[{"id":77914,"href":"https:\/\/dana.com.br\/canaldana\/wp-json\/wp\/v2\/posts\/77912\/revisions\/77914"}],"wp:attachment":[{"href":"https:\/\/dana.com.br\/canaldana\/wp-json\/wp\/v2\/media?parent=77912"}],"wp:term":[{"taxonomy":"category","embeddable":true,"href":"https:\/\/dana.com.br\/canaldana\/wp-json\/wp\/v2\/categories?post=77912"},{"taxonomy":"post_tag","embeddable":true,"href":"https:\/\/dana.com.br\/canaldana\/wp-json\/wp\/v2\/tags?post=77912"}],"curies":[{"name":"wp","href":"https:\/\/api.w.org\/{rel}","templated":true}]}}