{"id":77751,"date":"2024-11-08T08:47:32","date_gmt":"2024-11-08T11:47:32","guid":{"rendered":"https:\/\/dana.com.br\/canaldana\/?p=77751"},"modified":"2024-11-08T08:47:32","modified_gmt":"2024-11-08T11:47:32","slug":"nao-quero-ter-pressa-diz-cappellano-sobre-a-chegada-da-leapmotor-ao-brasil","status":"publish","type":"post","link":"https:\/\/dana.com.br\/canaldana\/2024\/11\/08\/nao-quero-ter-pressa-diz-cappellano-sobre-a-chegada-da-leapmotor-ao-brasil\/","title":{"rendered":"\u201cN\u00e3o quero ter pressa\u201d, diz Cappellano sobre a chegada da Leapmotor ao Brasil"},"content":{"rendered":"<p><em>AutoInd\u00fastria <\/em><\/p>\n<p>&nbsp;<\/p>\n<p>Previsto inicialmente para este \u00faltimo trimestre de 2024, o lan\u00e7amento da marca de el\u00e9tricos Leapmotor no Brasil foi postergado para o ano que vem, em data ainda n\u00e3o revelada.<\/p>\n<p>&nbsp;<\/p>\n<p>Ao falar sobre o assunto em entrevista que concedeu na quarta-feira, 6, durante apresenta\u00e7\u00e3o dos h\u00edbridos flex da Fiat em Campinas, SP, o presidente da Stellantis para a Am\u00e9rica do Sul, Emanuele Cappellano, revelou que a Leapmotor ter\u00e1 rede pr\u00f3pria por aqui e j\u00e1 est\u00e1 em andamento os devidos contatos com concession\u00e1rios interessados em represent\u00e1-la.<\/p>\n<p>&nbsp;<\/p>\n<p>Sobre a data de chegada da marca chinesa, foi taxativo: \u201cN\u00e3o quero ter pressa\u201d. Ele explicou que o processo envolve etapas variadas, como avalia\u00e7\u00e3o de produtos e a devida escolha dos locais de pontos de vendas com foco no melhor atendimento ao cliente.<\/p>\n<p>&nbsp;<\/p>\n<p>Por tudo isso, explicou, n\u00e3o h\u00e1 raz\u00e3o para ter pressa. Cappellano preferiu n\u00e3o adiantar detalhes sobre as opera\u00e7\u00f5es locais da Leapmotor, como a data do in\u00edcio das vendas ou o n\u00famero inicial de revendas, mas deixou claro que no processo de forma\u00e7\u00e3o da rede a Stellantis tem dado prefer\u00eancia para quem j\u00e1 trabalha com a empresa.<\/p>\n<p>&nbsp;<\/p>\n<p>Vale lembrar que s\u00e3o cinco marcas do grupo atuando no mercado brasileiro: Fiat, Jeep, Peugeot, Citro\u00ebn e Ram, todas com redes pr\u00f3prias.<\/p>\n<p>&nbsp;<\/p>\n<p><strong>51% do capial acion\u00e1rio nas m\u00e3os da Stellantis<\/strong><\/p>\n<p>&nbsp;<\/p>\n<p>Joint venture que tem a Stellantis com 51% do capital acion\u00e1rio, a Leapmotor Internacional foi criada em maio deste ano para responder pelas vendas e produ\u00e7\u00e3o da marca chinesa no exterior.<\/p>\n<p>&nbsp;<\/p>\n<p>A oferta dos seus ve\u00edculos el\u00e9tricos come\u00e7ou na Europa em setembro e o Brasil e Chile est\u00e3o na lista dos pr\u00f3ximos pa\u00edses a receberem os modelos, al\u00e9m de \u00c1frica e \u00c1sia-Pac\u00edfico, no Oriente M\u00e9dio. Conforme revelado anteriormente, os primeiros a desembarcarem no mercado brasileiro s\u00e3o o C10 e T03.<\/p>\n<p>&nbsp;<\/p>\n<p>Produto global da montadora chinesa criada em 2015, o C10 \u00e9 baseado na arquitetura de tecnologia LEAP3. Ve\u00edculo do segmento D para um p\u00fablico familiar, tem autonomia de 420 km ( WLTP\u00a0 )e classifica\u00e7\u00e3o E-NCAP de 5 estrelas. J\u00e1 o compacto T03 do segmento B tem autonomia estimada em 265 km e aplica\u00e7\u00e3o mais urbana.<\/p>\n<p>&nbsp;<\/p>\n<p>A Leapmotors International tem sede em Amsterd\u00e3, Holanda, e tem Tianshu Tianshu Xin, que dirigia a Stellantis na China, como CEO. Para representar a marca na Am\u00e9rica do Sul, a Stellantis nomeou Fernando Varela, que acumula a fun\u00e7\u00e3o com a de vice-presidente da Regi\u00e3o Andina &amp; Am\u00e9rica Central. (AutoInd\u00fastria\/Alzira Rodrigues)<\/p>\n","protected":false},"excerpt":{"rendered":"<p>AutoInd\u00fastria &nbsp; Previsto inicialmente para este \u00faltimo trimestre de 2024, o lan\u00e7amento da marca de el\u00e9tricos Leapmotor no Brasil foi postergado para o ano que vem, em data ainda n\u00e3o revelada. &nbsp; Ao falar sobre o assunto em entrevista que concedeu na quarta-feira, 6, durante apresenta\u00e7\u00e3o dos h\u00edbridos flex da Fiat em Campinas, SP, o\u2026 <a class=\"readmore\" href=\"https:\/\/dana.com.br\/canaldana\/2024\/11\/08\/nao-quero-ter-pressa-diz-cappellano-sobre-a-chegada-da-leapmotor-ao-brasil\/\">Leia mais \u00bb<\/a><\/p>\n","protected":false},"author":3,"featured_media":0,"comment_status":"closed","ping_status":"closed","sticky":false,"template":"","format":"standard","meta":{"_acf_changed":false,"footnotes":""},"categories":[79],"tags":[],"class_list":["post-77751","post","type-post","status-publish","format-standard","hentry","category-mercado"],"acf":[],"yoast_head":"<!-- This site is optimized with the Yoast SEO plugin v27.5 - https:\/\/yoast.com\/product\/yoast-seo-wordpress\/ -->\n<title>\u201cN\u00e3o quero ter pressa\u201d, diz Cappellano sobre a chegada da Leapmotor ao Brasil - Canal Dana<\/title>\n<meta name=\"robots\" content=\"index, follow, max-snippet:-1, max-image-preview:large, max-video-preview:-1\" \/>\n<link rel=\"canonical\" href=\"https:\/\/dana.com.br\/canaldana\/2024\/11\/08\/nao-quero-ter-pressa-diz-cappellano-sobre-a-chegada-da-leapmotor-ao-brasil\/\" \/>\n<meta property=\"og:locale\" content=\"pt_BR\" \/>\n<meta property=\"og:type\" content=\"article\" \/>\n<meta property=\"og:title\" content=\"\u201cN\u00e3o quero ter pressa\u201d, diz Cappellano sobre a chegada da Leapmotor ao Brasil - Canal Dana\" \/>\n<meta property=\"og:description\" content=\"AutoInd\u00fastria &nbsp; Previsto inicialmente para este \u00faltimo trimestre de 2024, o lan\u00e7amento da marca de el\u00e9tricos Leapmotor no Brasil foi postergado para o ano que vem, em data ainda n\u00e3o revelada. &nbsp; Ao falar sobre o assunto em entrevista que concedeu na quarta-feira, 6, durante apresenta\u00e7\u00e3o dos h\u00edbridos flex da Fiat em Campinas, SP, o\u2026 Leia mais \u00bb\" \/>\n<meta property=\"og:url\" content=\"https:\/\/dana.com.br\/canaldana\/2024\/11\/08\/nao-quero-ter-pressa-diz-cappellano-sobre-a-chegada-da-leapmotor-ao-brasil\/\" \/>\n<meta property=\"og:site_name\" content=\"Canal Dana\" \/>\n<meta property=\"article:published_time\" content=\"2024-11-08T11:47:32+00:00\" \/>\n<meta name=\"author\" content=\"Canal Dana\" \/>\n<meta name=\"twitter:card\" content=\"summary_large_image\" \/>\n<meta name=\"twitter:label1\" content=\"Escrito por\" \/>\n\t<meta name=\"twitter:data1\" content=\"Canal Dana\" \/>\n\t<meta name=\"twitter:label2\" content=\"Est. tempo de leitura\" \/>\n\t<meta name=\"twitter:data2\" content=\"3 minutos\" \/>\n<script type=\"application\/ld+json\" class=\"yoast-schema-graph\">{\"@context\":\"https:\\\/\\\/schema.org\",\"@graph\":[{\"@type\":\"Article\",\"@id\":\"https:\\\/\\\/dana.com.br\\\/canaldana\\\/2024\\\/11\\\/08\\\/nao-quero-ter-pressa-diz-cappellano-sobre-a-chegada-da-leapmotor-ao-brasil\\\/#article\",\"isPartOf\":{\"@id\":\"https:\\\/\\\/dana.com.br\\\/canaldana\\\/2024\\\/11\\\/08\\\/nao-quero-ter-pressa-diz-cappellano-sobre-a-chegada-da-leapmotor-ao-brasil\\\/\"},\"author\":{\"name\":\"Canal Dana\",\"@id\":\"https:\\\/\\\/dana.com.br\\\/canaldana\\\/#\\\/schema\\\/person\\\/3c21f22f56fcf3bc46b94bc60ea4fef6\"},\"headline\":\"\u201cN\u00e3o quero ter pressa\u201d, diz Cappellano sobre a chegada da Leapmotor ao Brasil\",\"datePublished\":\"2024-11-08T11:47:32+00:00\",\"mainEntityOfPage\":{\"@id\":\"https:\\\/\\\/dana.com.br\\\/canaldana\\\/2024\\\/11\\\/08\\\/nao-quero-ter-pressa-diz-cappellano-sobre-a-chegada-da-leapmotor-ao-brasil\\\/\"},\"wordCount\":460,\"articleSection\":[\"Mercado\"],\"inLanguage\":\"pt-BR\"},{\"@type\":\"WebPage\",\"@id\":\"https:\\\/\\\/dana.com.br\\\/canaldana\\\/2024\\\/11\\\/08\\\/nao-quero-ter-pressa-diz-cappellano-sobre-a-chegada-da-leapmotor-ao-brasil\\\/\",\"url\":\"https:\\\/\\\/dana.com.br\\\/canaldana\\\/2024\\\/11\\\/08\\\/nao-quero-ter-pressa-diz-cappellano-sobre-a-chegada-da-leapmotor-ao-brasil\\\/\",\"name\":\"\u201cN\u00e3o quero ter pressa\u201d, diz Cappellano sobre a chegada da Leapmotor ao Brasil - Canal Dana\",\"isPartOf\":{\"@id\":\"https:\\\/\\\/dana.com.br\\\/canaldana\\\/#website\"},\"datePublished\":\"2024-11-08T11:47:32+00:00\",\"author\":{\"@id\":\"https:\\\/\\\/dana.com.br\\\/canaldana\\\/#\\\/schema\\\/person\\\/3c21f22f56fcf3bc46b94bc60ea4fef6\"},\"breadcrumb\":{\"@id\":\"https:\\\/\\\/dana.com.br\\\/canaldana\\\/2024\\\/11\\\/08\\\/nao-quero-ter-pressa-diz-cappellano-sobre-a-chegada-da-leapmotor-ao-brasil\\\/#breadcrumb\"},\"inLanguage\":\"pt-BR\",\"potentialAction\":[{\"@type\":\"ReadAction\",\"target\":[\"https:\\\/\\\/dana.com.br\\\/canaldana\\\/2024\\\/11\\\/08\\\/nao-quero-ter-pressa-diz-cappellano-sobre-a-chegada-da-leapmotor-ao-brasil\\\/\"]}]},{\"@type\":\"BreadcrumbList\",\"@id\":\"https:\\\/\\\/dana.com.br\\\/canaldana\\\/2024\\\/11\\\/08\\\/nao-quero-ter-pressa-diz-cappellano-sobre-a-chegada-da-leapmotor-ao-brasil\\\/#breadcrumb\",\"itemListElement\":[{\"@type\":\"ListItem\",\"position\":1,\"name\":\"Home\",\"item\":\"https:\\\/\\\/dana.com.br\\\/canaldana\\\/\"},{\"@type\":\"ListItem\",\"position\":2,\"name\":\"Mercado\",\"item\":\"https:\\\/\\\/dana.com.br\\\/canaldana\\\/mercado\\\/\"},{\"@type\":\"ListItem\",\"position\":3,\"name\":\"\u201cN\u00e3o quero ter pressa\u201d, diz Cappellano sobre a chegada da Leapmotor ao Brasil\"}]},{\"@type\":\"WebSite\",\"@id\":\"https:\\\/\\\/dana.com.br\\\/canaldana\\\/#website\",\"url\":\"https:\\\/\\\/dana.com.br\\\/canaldana\\\/\",\"name\":\"Canal Dana\",\"description\":\"Informativo com as principais not\u00edcias da ind\u00fastria automotiva\",\"potentialAction\":[{\"@type\":\"SearchAction\",\"target\":{\"@type\":\"EntryPoint\",\"urlTemplate\":\"https:\\\/\\\/dana.com.br\\\/canaldana\\\/?s={search_term_string}\"},\"query-input\":{\"@type\":\"PropertyValueSpecification\",\"valueRequired\":true,\"valueName\":\"search_term_string\"}}],\"inLanguage\":\"pt-BR\"},{\"@type\":\"Person\",\"@id\":\"https:\\\/\\\/dana.com.br\\\/canaldana\\\/#\\\/schema\\\/person\\\/3c21f22f56fcf3bc46b94bc60ea4fef6\",\"name\":\"Canal Dana\",\"image\":{\"@type\":\"ImageObject\",\"inLanguage\":\"pt-BR\",\"@id\":\"https:\\\/\\\/secure.gravatar.com\\\/avatar\\\/420aaf9278582877d9018637c6817617705899d2858d7572ef0fe59a6b6454b4?s=96&d=mm&r=g\",\"url\":\"https:\\\/\\\/secure.gravatar.com\\\/avatar\\\/420aaf9278582877d9018637c6817617705899d2858d7572ef0fe59a6b6454b4?s=96&d=mm&r=g\",\"contentUrl\":\"https:\\\/\\\/secure.gravatar.com\\\/avatar\\\/420aaf9278582877d9018637c6817617705899d2858d7572ef0fe59a6b6454b4?s=96&d=mm&r=g\",\"caption\":\"Canal Dana\"},\"url\":\"https:\\\/\\\/dana.com.br\\\/canaldana\\\/author\\\/cdeditor\\\/\"}]}<\/script>\n<!-- \/ Yoast SEO plugin. -->","yoast_head_json":{"title":"\u201cN\u00e3o quero ter pressa\u201d, diz Cappellano sobre a chegada da Leapmotor ao Brasil - Canal Dana","robots":{"index":"index","follow":"follow","max-snippet":"max-snippet:-1","max-image-preview":"max-image-preview:large","max-video-preview":"max-video-preview:-1"},"canonical":"https:\/\/dana.com.br\/canaldana\/2024\/11\/08\/nao-quero-ter-pressa-diz-cappellano-sobre-a-chegada-da-leapmotor-ao-brasil\/","og_locale":"pt_BR","og_type":"article","og_title":"\u201cN\u00e3o quero ter pressa\u201d, diz Cappellano sobre a chegada da Leapmotor ao Brasil - Canal Dana","og_description":"AutoInd\u00fastria &nbsp; Previsto inicialmente para este \u00faltimo trimestre de 2024, o lan\u00e7amento da marca de el\u00e9tricos Leapmotor no Brasil foi postergado para o ano que vem, em data ainda n\u00e3o revelada. &nbsp; Ao falar sobre o assunto em entrevista que concedeu na quarta-feira, 6, durante apresenta\u00e7\u00e3o dos h\u00edbridos flex da Fiat em Campinas, SP, o\u2026 Leia mais \u00bb","og_url":"https:\/\/dana.com.br\/canaldana\/2024\/11\/08\/nao-quero-ter-pressa-diz-cappellano-sobre-a-chegada-da-leapmotor-ao-brasil\/","og_site_name":"Canal Dana","article_published_time":"2024-11-08T11:47:32+00:00","author":"Canal Dana","twitter_card":"summary_large_image","twitter_misc":{"Escrito por":"Canal Dana","Est. tempo de leitura":"3 minutos"},"schema":{"@context":"https:\/\/schema.org","@graph":[{"@type":"Article","@id":"https:\/\/dana.com.br\/canaldana\/2024\/11\/08\/nao-quero-ter-pressa-diz-cappellano-sobre-a-chegada-da-leapmotor-ao-brasil\/#article","isPartOf":{"@id":"https:\/\/dana.com.br\/canaldana\/2024\/11\/08\/nao-quero-ter-pressa-diz-cappellano-sobre-a-chegada-da-leapmotor-ao-brasil\/"},"author":{"name":"Canal Dana","@id":"https:\/\/dana.com.br\/canaldana\/#\/schema\/person\/3c21f22f56fcf3bc46b94bc60ea4fef6"},"headline":"\u201cN\u00e3o quero ter pressa\u201d, diz Cappellano sobre a chegada da Leapmotor ao Brasil","datePublished":"2024-11-08T11:47:32+00:00","mainEntityOfPage":{"@id":"https:\/\/dana.com.br\/canaldana\/2024\/11\/08\/nao-quero-ter-pressa-diz-cappellano-sobre-a-chegada-da-leapmotor-ao-brasil\/"},"wordCount":460,"articleSection":["Mercado"],"inLanguage":"pt-BR"},{"@type":"WebPage","@id":"https:\/\/dana.com.br\/canaldana\/2024\/11\/08\/nao-quero-ter-pressa-diz-cappellano-sobre-a-chegada-da-leapmotor-ao-brasil\/","url":"https:\/\/dana.com.br\/canaldana\/2024\/11\/08\/nao-quero-ter-pressa-diz-cappellano-sobre-a-chegada-da-leapmotor-ao-brasil\/","name":"\u201cN\u00e3o quero ter pressa\u201d, diz Cappellano sobre a chegada da Leapmotor ao Brasil - Canal Dana","isPartOf":{"@id":"https:\/\/dana.com.br\/canaldana\/#website"},"datePublished":"2024-11-08T11:47:32+00:00","author":{"@id":"https:\/\/dana.com.br\/canaldana\/#\/schema\/person\/3c21f22f56fcf3bc46b94bc60ea4fef6"},"breadcrumb":{"@id":"https:\/\/dana.com.br\/canaldana\/2024\/11\/08\/nao-quero-ter-pressa-diz-cappellano-sobre-a-chegada-da-leapmotor-ao-brasil\/#breadcrumb"},"inLanguage":"pt-BR","potentialAction":[{"@type":"ReadAction","target":["https:\/\/dana.com.br\/canaldana\/2024\/11\/08\/nao-quero-ter-pressa-diz-cappellano-sobre-a-chegada-da-leapmotor-ao-brasil\/"]}]},{"@type":"BreadcrumbList","@id":"https:\/\/dana.com.br\/canaldana\/2024\/11\/08\/nao-quero-ter-pressa-diz-cappellano-sobre-a-chegada-da-leapmotor-ao-brasil\/#breadcrumb","itemListElement":[{"@type":"ListItem","position":1,"name":"Home","item":"https:\/\/dana.com.br\/canaldana\/"},{"@type":"ListItem","position":2,"name":"Mercado","item":"https:\/\/dana.com.br\/canaldana\/mercado\/"},{"@type":"ListItem","position":3,"name":"\u201cN\u00e3o quero ter pressa\u201d, diz Cappellano sobre a chegada da Leapmotor ao Brasil"}]},{"@type":"WebSite","@id":"https:\/\/dana.com.br\/canaldana\/#website","url":"https:\/\/dana.com.br\/canaldana\/","name":"Canal Dana","description":"Informativo com as principais not\u00edcias da ind\u00fastria automotiva","potentialAction":[{"@type":"SearchAction","target":{"@type":"EntryPoint","urlTemplate":"https:\/\/dana.com.br\/canaldana\/?s={search_term_string}"},"query-input":{"@type":"PropertyValueSpecification","valueRequired":true,"valueName":"search_term_string"}}],"inLanguage":"pt-BR"},{"@type":"Person","@id":"https:\/\/dana.com.br\/canaldana\/#\/schema\/person\/3c21f22f56fcf3bc46b94bc60ea4fef6","name":"Canal Dana","image":{"@type":"ImageObject","inLanguage":"pt-BR","@id":"https:\/\/secure.gravatar.com\/avatar\/420aaf9278582877d9018637c6817617705899d2858d7572ef0fe59a6b6454b4?s=96&d=mm&r=g","url":"https:\/\/secure.gravatar.com\/avatar\/420aaf9278582877d9018637c6817617705899d2858d7572ef0fe59a6b6454b4?s=96&d=mm&r=g","contentUrl":"https:\/\/secure.gravatar.com\/avatar\/420aaf9278582877d9018637c6817617705899d2858d7572ef0fe59a6b6454b4?s=96&d=mm&r=g","caption":"Canal Dana"},"url":"https:\/\/dana.com.br\/canaldana\/author\/cdeditor\/"}]}},"_links":{"self":[{"href":"https:\/\/dana.com.br\/canaldana\/wp-json\/wp\/v2\/posts\/77751","targetHints":{"allow":["GET"]}}],"collection":[{"href":"https:\/\/dana.com.br\/canaldana\/wp-json\/wp\/v2\/posts"}],"about":[{"href":"https:\/\/dana.com.br\/canaldana\/wp-json\/wp\/v2\/types\/post"}],"author":[{"embeddable":true,"href":"https:\/\/dana.com.br\/canaldana\/wp-json\/wp\/v2\/users\/3"}],"replies":[{"embeddable":true,"href":"https:\/\/dana.com.br\/canaldana\/wp-json\/wp\/v2\/comments?post=77751"}],"version-history":[{"count":1,"href":"https:\/\/dana.com.br\/canaldana\/wp-json\/wp\/v2\/posts\/77751\/revisions"}],"predecessor-version":[{"id":77752,"href":"https:\/\/dana.com.br\/canaldana\/wp-json\/wp\/v2\/posts\/77751\/revisions\/77752"}],"wp:attachment":[{"href":"https:\/\/dana.com.br\/canaldana\/wp-json\/wp\/v2\/media?parent=77751"}],"wp:term":[{"taxonomy":"category","embeddable":true,"href":"https:\/\/dana.com.br\/canaldana\/wp-json\/wp\/v2\/categories?post=77751"},{"taxonomy":"post_tag","embeddable":true,"href":"https:\/\/dana.com.br\/canaldana\/wp-json\/wp\/v2\/tags?post=77751"}],"curies":[{"name":"wp","href":"https:\/\/api.w.org\/{rel}","templated":true}]}}